{"id":1389,"date":"2020-01-29T13:02:33","date_gmt":"2020-01-29T11:02:33","guid":{"rendered":"http:\/\/igfergon.com.mx\/?p=1389"},"modified":"2020-01-29T13:02:44","modified_gmt":"2020-01-29T11:02:44","slug":"miercoles-de-la-iii-semana-del-tiempo-ordinario","status":"publish","type":"post","link":"http:\/\/igfergon.com.mx\/?p=1389","title":{"rendered":"Mi\u00e9rcoles de la III semana del tiempo ordinario"},"content":{"rendered":"<p><strong>Mc 4, 1-20<\/strong><\/p>\n<p>Hoy hemos iniciado una serie de cinco par\u00e1bolas de Jes\u00fas.<\/p>\n<p>La par\u00e1bola del sembrador, que tal vez habr\u00eda que llamar mejor la de las distintas clases de tierra, nos enfrenta a un cuestionamiento: <strong>\u00bfqu\u00e9 clase de tierra soy yo?<\/strong><strong>\u00a0<\/strong><\/p>\n<p>Jes\u00fas utiliza im\u00e1genes que para el pueblo son conocidas. Todos hab\u00edan experimentado la alegr\u00eda de sembrar. Sembrar es despertar la esperanza, a\u00fan con los riesgos de un mal tiempo o las adversidades que pueden da\u00f1ar las plantas. Sembrar es querer cambiar el destino y forjar un mundo diferente. Sembrar es tener confianza en la tierra que recibe la semilla.<\/p>\n<p>Si hoy nos fijamos en esta bella imagen descubriremos la gran confianza que nos tiene nuestro Padre Dios, que pone en nuestro coraz\u00f3n su Palabra esperando con ilusi\u00f3n que de fruto. No se fija en si somos buenos o malos, simplemente a todos nos da la oportunidad de recibir esa Palabra, hacerla germinar y dar frutos.<\/p>\n<p>Los frutos en el contexto b\u00edblico, desde el Antiguo Testamento, est\u00e1n relacionados directamente con la justicia y la actitud a nuestros hermanos. No se puede decir que se recibe y asimila la Palabra cuando no produce frutos de comprensi\u00f3n, armon\u00eda, reconocimiento y amor por el hermano.<\/p>\n<p>La par\u00e1bola de este d\u00eda nos insiste en la necesidad de dar frutos y en los obst\u00e1culos que se pueden encontrar para hacer germinar esa semilla. Son las dificultades reales del tiempo de Jes\u00fas, pero tambi\u00e9n son las dificultades reales de nuestro tiempo. La superficialidad que no permite la entrada al coraz\u00f3n, que se queda por encima, que aparenta solamente una postura; la inconstancia, la falta de perseverancia; la facilidad con que se cambia de ideales y se deja los verdaderos valores que sostienen la propia decisi\u00f3n.<\/p>\n<p>Las preocupaciones de la vida y el excesivo apego al dinero, que ahogan y hacen est\u00e9ril la Palabra, son problemas reales, muy actuales que debemos enfrentar y tener muy en cuenta para dar fruto.<\/p>\n<p>Finalmente, de modo admirable y con un aire de optimismo, nos presenta a quienes dan fruto. La alegr\u00eda no se basa en la cantidad, sino en que se ha dado fruto.<\/p>\n<p>Hoy es una oportunidad maravillosa, para decir nosotros: \u00bfQu\u00e9 frutos estamos dando? Una ocasi\u00f3n para reflexionar: \u00bfC\u00f3mo estamos dando ese fruto y cu\u00e1les son las dificultades que tenemos para recibir y hacer vida la Palabra?<\/p>\n","protected":false},"excerpt":{"rendered":"<p>Mc 4, 1-20 Hoy hemos iniciado una serie de cinco par\u00e1bolas de Jes\u00fas. La par\u00e1bola del sembrador, que tal vez habr\u00eda que llamar mejor la de las distintas clases de tierra, nos enfrenta a un cuestionamiento: \u00bfqu\u00e9 clase de tierra soy yo?\u00a0 Jes\u00fas utiliza im\u00e1genes que para el pueblo son conocidas. Todos hab\u00edan experimentado la &hellip; <\/p>\n<p class=\"link-more\"><a href=\"http:\/\/igfergon.com.mx\/?p=1389\" class=\"more-link\">Continuar leyendo<span class=\"screen-reader-text\"> \u00abMi\u00e9rcoles de la III semana del tiempo ordinario\u00bb<\/span><\/a><\/p>\n","protected":false},"author":1,"featured_media":0,"comment_status":"open","ping_status":"open","sticky":false,"template":"","format":"standard","meta":{"footnotes":""},"categories":[13,14,10,1],"tags":[12,8,6,7],"class_list":["post-1389","post","type-post","status-publish","format-standard","hentry","category-comentario-al-evangelio","category-homilia","category-homilia-diaria","category-uncategorized","tag-comentario-evangelio","tag-homilia","tag-homilia-diaria","tag-liturgia"],"yoast_head":"<!-- This site is optimized with the Yoast SEO plugin v26.0 - https:\/\/yoast.com\/wordpress\/plugins\/seo\/ -->\n<title>Mi\u00e9rcoles de la III semana del tiempo ordinario - El sitio del P. Ignacio Fern\u00e1ndez Gonz\u00e1lez<\/title>\n<meta name=\"robots\" content=\"index, follow, max-snippet:-1, max-image-preview:large, max-video-preview:-1\" \/>\n<link rel=\"canonical\" href=\"http:\/\/igfergon.com.mx\/?p=1389\" \/>\n<meta property=\"og:locale\" content=\"es_ES\" \/>\n<meta property=\"og:type\" content=\"article\" \/>\n<meta property=\"og:title\" content=\"Mi\u00e9rcoles de la III semana del tiempo ordinario - El sitio del P. Ignacio Fern\u00e1ndez Gonz\u00e1lez\" \/>\n<meta property=\"og:description\" content=\"Mc 4, 1-20 Hoy hemos iniciado una serie de cinco par\u00e1bolas de Jes\u00fas. La par\u00e1bola del sembrador, que tal vez habr\u00eda que llamar mejor la de las distintas clases de tierra, nos enfrenta a un cuestionamiento: \u00bfqu\u00e9 clase de tierra soy yo?\u00a0 Jes\u00fas utiliza im\u00e1genes que para el pueblo son conocidas. Todos hab\u00edan experimentado la &hellip; Continuar leyendo &quot;Mi\u00e9rcoles de la III semana del tiempo ordinario&quot;\" \/>\n<meta property=\"og:url\" content=\"http:\/\/igfergon.com.mx\/?p=1389\" \/>\n<meta property=\"og:site_name\" content=\"El sitio del P. Ignacio Fern\u00e1ndez Gonz\u00e1lez\" \/>\n<meta property=\"article:publisher\" content=\"https:\/\/www.facebook.com\/\" \/>\n<meta property=\"article:published_time\" content=\"2020-01-29T11:02:33+00:00\" \/>\n<meta property=\"article:modified_time\" content=\"2020-01-29T11:02:44+00:00\" \/>\n<meta name=\"author\" content=\"igfergon.com.mx\" \/>\n<meta name=\"twitter:card\" content=\"summary_large_image\" \/>\n<meta name=\"twitter:label1\" content=\"Escrito por\" \/>\n\t<meta name=\"twitter:data1\" content=\"igfergon.com.mx\" \/>\n\t<meta name=\"twitter:label2\" content=\"Tiempo de lectura\" \/>\n\t<meta name=\"twitter:data2\" content=\"2 minutos\" \/>\n<script type=\"application\/ld+json\" class=\"yoast-schema-graph\">{\"@context\":\"https:\/\/schema.org\",\"@graph\":[{\"@type\":\"Article\",\"@id\":\"http:\/\/igfergon.com.mx\/?p=1389#article\",\"isPartOf\":{\"@id\":\"http:\/\/igfergon.com.mx\/?p=1389\"},\"author\":{\"name\":\"igfergon.com.mx\",\"@id\":\"http:\/\/igfergon.com.mx\/#\/schema\/person\/b42517895faefafe2a81218226d90957\"},\"headline\":\"Mi\u00e9rcoles de la III semana del tiempo ordinario\",\"datePublished\":\"2020-01-29T11:02:33+00:00\",\"dateModified\":\"2020-01-29T11:02:44+00:00\",\"mainEntityOfPage\":{\"@id\":\"http:\/\/igfergon.com.mx\/?p=1389\"},\"wordCount\":426,\"commentCount\":0,\"publisher\":{\"@id\":\"http:\/\/igfergon.com.mx\/#organization\"},\"keywords\":[\"comentario evangelio\",\"Homil\u00eda\",\"homil\u00eda diaria\",\"liturgia\"],\"articleSection\":[\"comentario al evangelio\",\"homil\u00eda\",\"homil\u00eda diaria\",\"liturgia\"],\"inLanguage\":\"es\",\"potentialAction\":[{\"@type\":\"CommentAction\",\"name\":\"Comment\",\"target\":[\"http:\/\/igfergon.com.mx\/?p=1389#respond\"]}]},{\"@type\":\"WebPage\",\"@id\":\"http:\/\/igfergon.com.mx\/?p=1389\",\"url\":\"http:\/\/igfergon.com.mx\/?p=1389\",\"name\":\"Mi\u00e9rcoles de la III semana del tiempo ordinario - El sitio del P. Ignacio Fern\u00e1ndez Gonz\u00e1lez\",\"isPartOf\":{\"@id\":\"http:\/\/igfergon.com.mx\/#website\"},\"datePublished\":\"2020-01-29T11:02:33+00:00\",\"dateModified\":\"2020-01-29T11:02:44+00:00\",\"breadcrumb\":{\"@id\":\"http:\/\/igfergon.com.mx\/?p=1389#breadcrumb\"},\"inLanguage\":\"es\",\"potentialAction\":[{\"@type\":\"ReadAction\",\"target\":[\"http:\/\/igfergon.com.mx\/?p=1389\"]}]},{\"@type\":\"BreadcrumbList\",\"@id\":\"http:\/\/igfergon.com.mx\/?p=1389#breadcrumb\",\"itemListElement\":[{\"@type\":\"ListItem\",\"position\":1,\"name\":\"Portada\",\"item\":\"http:\/\/igfergon.com.mx\/\"},{\"@type\":\"ListItem\",\"position\":2,\"name\":\"Mi\u00e9rcoles de la III semana del tiempo ordinario\"}]},{\"@type\":\"WebSite\",\"@id\":\"http:\/\/igfergon.com.mx\/#website\",\"url\":\"http:\/\/igfergon.com.mx\/\",\"name\":\"El sitio del P. Ignacio Fern\u00e1ndez Gonz\u00e1lez\",\"description\":\"Para Ayudarte\",\"publisher\":{\"@id\":\"http:\/\/igfergon.com.mx\/#organization\"},\"potentialAction\":[{\"@type\":\"SearchAction\",\"target\":{\"@type\":\"EntryPoint\",\"urlTemplate\":\"http:\/\/igfergon.com.mx\/?s={search_term_string}\"},\"query-input\":{\"@type\":\"PropertyValueSpecification\",\"valueRequired\":true,\"valueName\":\"search_term_string\"}}],\"inLanguage\":\"es\"},{\"@type\":\"Organization\",\"@id\":\"http:\/\/igfergon.com.mx\/#organization\",\"name\":\"El sitio del P. Ignacio Fern\u00e1ndez Gonz\u00e1lez\",\"url\":\"http:\/\/igfergon.com.mx\/\",\"logo\":{\"@type\":\"ImageObject\",\"inLanguage\":\"es\",\"@id\":\"http:\/\/igfergon.com.mx\/#\/schema\/logo\/image\/\",\"url\":\"http:\/\/igfergon.com.mx\/wp-content\/uploads\/2018\/09\/cropped-ORDNACION02-2.jpg\",\"contentUrl\":\"http:\/\/igfergon.com.mx\/wp-content\/uploads\/2018\/09\/cropped-ORDNACION02-2.jpg\",\"width\":250,\"height\":250,\"caption\":\"El sitio del P. Ignacio Fern\u00e1ndez Gonz\u00e1lez\"},\"image\":{\"@id\":\"http:\/\/igfergon.com.mx\/#\/schema\/logo\/image\/\"},\"sameAs\":[\"https:\/\/www.facebook.com\/\"]},{\"@type\":\"Person\",\"@id\":\"http:\/\/igfergon.com.mx\/#\/schema\/person\/b42517895faefafe2a81218226d90957\",\"name\":\"igfergon.com.mx\",\"image\":{\"@type\":\"ImageObject\",\"inLanguage\":\"es\",\"@id\":\"http:\/\/igfergon.com.mx\/#\/schema\/person\/image\/\",\"url\":\"https:\/\/secure.gravatar.com\/avatar\/9fd60c5591f2c6b18e76a917a69f35b0732f8532b3679d0132b3503b545db7a6?s=96&d=mm&r=g\",\"contentUrl\":\"https:\/\/secure.gravatar.com\/avatar\/9fd60c5591f2c6b18e76a917a69f35b0732f8532b3679d0132b3503b545db7a6?s=96&d=mm&r=g\",\"caption\":\"igfergon.com.mx\"},\"url\":\"http:\/\/igfergon.com.mx\/?author=1\"}]}<\/script>\n<!-- \/ Yoast SEO plugin. -->","yoast_head_json":{"title":"Mi\u00e9rcoles de la III semana del tiempo ordinario - El sitio del P. Ignacio Fern\u00e1ndez Gonz\u00e1lez","robots":{"index":"index","follow":"follow","max-snippet":"max-snippet:-1","max-image-preview":"max-image-preview:large","max-video-preview":"max-video-preview:-1"},"canonical":"http:\/\/igfergon.com.mx\/?p=1389","og_locale":"es_ES","og_type":"article","og_title":"Mi\u00e9rcoles de la III semana del tiempo ordinario - El sitio del P. Ignacio Fern\u00e1ndez Gonz\u00e1lez","og_description":"Mc 4, 1-20 Hoy hemos iniciado una serie de cinco par\u00e1bolas de Jes\u00fas. La par\u00e1bola del sembrador, que tal vez habr\u00eda que llamar mejor la de las distintas clases de tierra, nos enfrenta a un cuestionamiento: \u00bfqu\u00e9 clase de tierra soy yo?\u00a0 Jes\u00fas utiliza im\u00e1genes que para el pueblo son conocidas. Todos hab\u00edan experimentado la &hellip; Continuar leyendo \"Mi\u00e9rcoles de la III semana del tiempo ordinario\"","og_url":"http:\/\/igfergon.com.mx\/?p=1389","og_site_name":"El sitio del P. Ignacio Fern\u00e1ndez Gonz\u00e1lez","article_publisher":"https:\/\/www.facebook.com\/","article_published_time":"2020-01-29T11:02:33+00:00","article_modified_time":"2020-01-29T11:02:44+00:00","author":"igfergon.com.mx","twitter_card":"summary_large_image","twitter_misc":{"Escrito por":"igfergon.com.mx","Tiempo de lectura":"2 minutos"},"schema":{"@context":"https:\/\/schema.org","@graph":[{"@type":"Article","@id":"http:\/\/igfergon.com.mx\/?p=1389#article","isPartOf":{"@id":"http:\/\/igfergon.com.mx\/?p=1389"},"author":{"name":"igfergon.com.mx","@id":"http:\/\/igfergon.com.mx\/#\/schema\/person\/b42517895faefafe2a81218226d90957"},"headline":"Mi\u00e9rcoles de la III semana del tiempo ordinario","datePublished":"2020-01-29T11:02:33+00:00","dateModified":"2020-01-29T11:02:44+00:00","mainEntityOfPage":{"@id":"http:\/\/igfergon.com.mx\/?p=1389"},"wordCount":426,"commentCount":0,"publisher":{"@id":"http:\/\/igfergon.com.mx\/#organization"},"keywords":["comentario evangelio","Homil\u00eda","homil\u00eda diaria","liturgia"],"articleSection":["comentario al evangelio","homil\u00eda","homil\u00eda diaria","liturgia"],"inLanguage":"es","potentialAction":[{"@type":"CommentAction","name":"Comment","target":["http:\/\/igfergon.com.mx\/?p=1389#respond"]}]},{"@type":"WebPage","@id":"http:\/\/igfergon.com.mx\/?p=1389","url":"http:\/\/igfergon.com.mx\/?p=1389","name":"Mi\u00e9rcoles de la III semana del tiempo ordinario - El sitio del P. Ignacio Fern\u00e1ndez Gonz\u00e1lez","isPartOf":{"@id":"http:\/\/igfergon.com.mx\/#website"},"datePublished":"2020-01-29T11:02:33+00:00","dateModified":"2020-01-29T11:02:44+00:00","breadcrumb":{"@id":"http:\/\/igfergon.com.mx\/?p=1389#breadcrumb"},"inLanguage":"es","potentialAction":[{"@type":"ReadAction","target":["http:\/\/igfergon.com.mx\/?p=1389"]}]},{"@type":"BreadcrumbList","@id":"http:\/\/igfergon.com.mx\/?p=1389#breadcrumb","itemListElement":[{"@type":"ListItem","position":1,"name":"Portada","item":"http:\/\/igfergon.com.mx\/"},{"@type":"ListItem","position":2,"name":"Mi\u00e9rcoles de la III semana del tiempo ordinario"}]},{"@type":"WebSite","@id":"http:\/\/igfergon.com.mx\/#website","url":"http:\/\/igfergon.com.mx\/","name":"El sitio del P. Ignacio Fern\u00e1ndez Gonz\u00e1lez","description":"Para Ayudarte","publisher":{"@id":"http:\/\/igfergon.com.mx\/#organization"},"potentialAction":[{"@type":"SearchAction","target":{"@type":"EntryPoint","urlTemplate":"http:\/\/igfergon.com.mx\/?s={search_term_string}"},"query-input":{"@type":"PropertyValueSpecification","valueRequired":true,"valueName":"search_term_string"}}],"inLanguage":"es"},{"@type":"Organization","@id":"http:\/\/igfergon.com.mx\/#organization","name":"El sitio del P. Ignacio Fern\u00e1ndez Gonz\u00e1lez","url":"http:\/\/igfergon.com.mx\/","logo":{"@type":"ImageObject","inLanguage":"es","@id":"http:\/\/igfergon.com.mx\/#\/schema\/logo\/image\/","url":"http:\/\/igfergon.com.mx\/wp-content\/uploads\/2018\/09\/cropped-ORDNACION02-2.jpg","contentUrl":"http:\/\/igfergon.com.mx\/wp-content\/uploads\/2018\/09\/cropped-ORDNACION02-2.jpg","width":250,"height":250,"caption":"El sitio del P. Ignacio Fern\u00e1ndez Gonz\u00e1lez"},"image":{"@id":"http:\/\/igfergon.com.mx\/#\/schema\/logo\/image\/"},"sameAs":["https:\/\/www.facebook.com\/"]},{"@type":"Person","@id":"http:\/\/igfergon.com.mx\/#\/schema\/person\/b42517895faefafe2a81218226d90957","name":"igfergon.com.mx","image":{"@type":"ImageObject","inLanguage":"es","@id":"http:\/\/igfergon.com.mx\/#\/schema\/person\/image\/","url":"https:\/\/secure.gravatar.com\/avatar\/9fd60c5591f2c6b18e76a917a69f35b0732f8532b3679d0132b3503b545db7a6?s=96&d=mm&r=g","contentUrl":"https:\/\/secure.gravatar.com\/avatar\/9fd60c5591f2c6b18e76a917a69f35b0732f8532b3679d0132b3503b545db7a6?s=96&d=mm&r=g","caption":"igfergon.com.mx"},"url":"http:\/\/igfergon.com.mx\/?author=1"}]}},"_links":{"self":[{"href":"http:\/\/igfergon.com.mx\/index.php?rest_route=\/wp\/v2\/posts\/1389","targetHints":{"allow":["GET"]}}],"collection":[{"href":"http:\/\/igfergon.com.mx\/index.php?rest_route=\/wp\/v2\/posts"}],"about":[{"href":"http:\/\/igfergon.com.mx\/index.php?rest_route=\/wp\/v2\/types\/post"}],"author":[{"embeddable":true,"href":"http:\/\/igfergon.com.mx\/index.php?rest_route=\/wp\/v2\/users\/1"}],"replies":[{"embeddable":true,"href":"http:\/\/igfergon.com.mx\/index.php?rest_route=%2Fwp%2Fv2%2Fcomments&post=1389"}],"version-history":[{"count":1,"href":"http:\/\/igfergon.com.mx\/index.php?rest_route=\/wp\/v2\/posts\/1389\/revisions"}],"predecessor-version":[{"id":1390,"href":"http:\/\/igfergon.com.mx\/index.php?rest_route=\/wp\/v2\/posts\/1389\/revisions\/1390"}],"wp:attachment":[{"href":"http:\/\/igfergon.com.mx\/index.php?rest_route=%2Fwp%2Fv2%2Fmedia&parent=1389"}],"wp:term":[{"taxonomy":"category","embeddable":true,"href":"http:\/\/igfergon.com.mx\/index.php?rest_route=%2Fwp%2Fv2%2Fcategories&post=1389"},{"taxonomy":"post_tag","embeddable":true,"href":"http:\/\/igfergon.com.mx\/index.php?rest_route=%2Fwp%2Fv2%2Ftags&post=1389"}],"curies":[{"name":"wp","href":"https:\/\/api.w.org\/{rel}","templated":true}]}}