{"id":1404,"date":"2020-02-05T11:47:22","date_gmt":"2020-02-05T09:47:22","guid":{"rendered":"http:\/\/igfergon.com.mx\/?p=1404"},"modified":"2020-02-05T11:47:39","modified_gmt":"2020-02-05T09:47:39","slug":"miercoles-de-la-iv-semana-del-tiempo-ordinario","status":"publish","type":"post","link":"http:\/\/igfergon.com.mx\/?p=1404","title":{"rendered":"Mi\u00e9rcoles de la IV semana del tiempo ordinario"},"content":{"rendered":"\n<p><strong>Mc 6, 1-6<\/strong><\/p>\n\n\n\n<p>Jes\u00fas nos\nense\u00f1a en este pasaje lo dif\u00edcil que puede ser nuestro trabajo de\nevangelizaci\u00f3n entre los nuestros, en nuestra casa, en nuestro centro de\ntrabajo, incluso en nuestros barrios. <\/p>\n\n\n\n<p>Hay situaciones en nuestra iglesia que parecen cumplir\ncabalmente este proverbio que hoy nos ofrece Jes\u00fas: cuesta trabajo aceptar a\nlos hermanos aun en los m\u00e1s sencillos servicios.&nbsp; Es dif\u00edcil aceptar, por ejemplo, como\nministro de la comuni\u00f3n a quien conocemos de toda la vida y reconocemos sus\ncualidades, pero tambi\u00e9n conocemos sus defectos. En nuestros grupos preferimos\na las religiosas o al sacerdote que a un vecino nuestro aunque est\u00e9 bien\npreparado.&nbsp; <\/p>\n\n\n\n<p>As\u00ed imaginemos a Jes\u00fas que se ha encarnado plenamente en\nsu pueblo, que lo conocen como hijo del carpintero Jos\u00e9 y que han convivido con\n\u00c9l todo el tiempo.&nbsp; Es cierto que un\nprimer momento causa admiraci\u00f3n y todos se preguntan \u00bfc\u00f3mo es posible?, \u00bfD\u00f3nde\nha aprendido?&nbsp; Les llama la atenci\u00f3n el\norigen de sus palabras, la sabidur\u00eda que posee y los prodigios que\nrealiza.&nbsp; Pero todo esto contrasta con la\nfamiliaridad que sus paisanos cre\u00edan tener con \u00c9l, dado que conoc\u00edan a sus\npadres y a sus hermanos.<\/p>\n\n\n\n<p>Para los que se relacionan con Jes\u00fas, tanto en los\ntiempos de la primera comunidad, como para nuestra comunidad actual, resulta\ninquietante y hasta incomprensible la humanidad de Jes\u00fas, tan cercano, tan de\ncasa, tan de familia, lo hemos sentido que hasta podemos quedarnos sin fe, sin\nreconocerlo y sin aceptar su amor.<\/p>\n\n\n\n<p>Hoy, tendremos que dejarnos tocar por este Jes\u00fas tan\ncercano, tan nuestro, pero que quiere establecer y profundizar una relaci\u00f3n con\nnosotros.&nbsp; Quiz\u00e1s, tambi\u00e9n a nosotros,\nnos pase que toda la vida lo hemos visto, hemos vivido en un ambiente de familiaridad\ncon el Evangelio y ya no nos causa sorpresa.&nbsp;\nY si no nos toca en nuestro interior, si no llega a nuestro coraz\u00f3n,\nentonces, tampoco Jes\u00fas podr\u00e1 hacer milagros en medio de nosotros.<\/p>\n\n\n\n<p>Te invito a que este d\u00eda, en las personas, en los\nacontecimientos y en el mismo Evangelio te dejes encontrar por Jes\u00fas y lo\nencuentres como algo novedoso, diferente, inquietante, para que tambi\u00e9n en ti\nhaga milagros.&nbsp; Reconoce al Jes\u00fas que\nest\u00e1 cerca de ti y camina contigo.<\/p>\n","protected":false},"excerpt":{"rendered":"<p>Mc 6, 1-6 Jes\u00fas nos ense\u00f1a en este pasaje lo dif\u00edcil que puede ser nuestro trabajo de evangelizaci\u00f3n entre los nuestros, en nuestra casa, en nuestro centro de trabajo, incluso en nuestros barrios. Hay situaciones en nuestra iglesia que parecen cumplir cabalmente este proverbio que hoy nos ofrece Jes\u00fas: cuesta trabajo aceptar a los hermanos &hellip; <\/p>\n<p class=\"link-more\"><a href=\"http:\/\/igfergon.com.mx\/?p=1404\" class=\"more-link\">Continuar leyendo<span class=\"screen-reader-text\"> \u00abMi\u00e9rcoles de la IV semana del tiempo ordinario\u00bb<\/span><\/a><\/p>\n","protected":false},"author":1,"featured_media":0,"comment_status":"open","ping_status":"open","sticky":false,"template":"","format":"standard","meta":{"footnotes":""},"categories":[13,14,10,1],"tags":[12,8,6,7],"class_list":["post-1404","post","type-post","status-publish","format-standard","hentry","category-comentario-al-evangelio","category-homilia","category-homilia-diaria","category-uncategorized","tag-comentario-evangelio","tag-homilia","tag-homilia-diaria","tag-liturgia"],"yoast_head":"<!-- This site is optimized with the Yoast SEO plugin v26.0 - https:\/\/yoast.com\/wordpress\/plugins\/seo\/ -->\n<title>Mi\u00e9rcoles de la IV semana del tiempo ordinario - El sitio del P. Ignacio Fern\u00e1ndez Gonz\u00e1lez<\/title>\n<meta name=\"robots\" content=\"index, follow, max-snippet:-1, max-image-preview:large, max-video-preview:-1\" \/>\n<link rel=\"canonical\" href=\"http:\/\/igfergon.com.mx\/?p=1404\" \/>\n<meta property=\"og:locale\" content=\"es_ES\" \/>\n<meta property=\"og:type\" content=\"article\" \/>\n<meta property=\"og:title\" content=\"Mi\u00e9rcoles de la IV semana del tiempo ordinario - El sitio del P. Ignacio Fern\u00e1ndez Gonz\u00e1lez\" \/>\n<meta property=\"og:description\" content=\"Mc 6, 1-6 Jes\u00fas nos ense\u00f1a en este pasaje lo dif\u00edcil que puede ser nuestro trabajo de evangelizaci\u00f3n entre los nuestros, en nuestra casa, en nuestro centro de trabajo, incluso en nuestros barrios. Hay situaciones en nuestra iglesia que parecen cumplir cabalmente este proverbio que hoy nos ofrece Jes\u00fas: cuesta trabajo aceptar a los hermanos &hellip; Continuar leyendo &quot;Mi\u00e9rcoles de la IV semana del tiempo ordinario&quot;\" \/>\n<meta property=\"og:url\" content=\"http:\/\/igfergon.com.mx\/?p=1404\" \/>\n<meta property=\"og:site_name\" content=\"El sitio del P. Ignacio Fern\u00e1ndez Gonz\u00e1lez\" \/>\n<meta property=\"article:publisher\" content=\"https:\/\/www.facebook.com\/\" \/>\n<meta property=\"article:published_time\" content=\"2020-02-05T09:47:22+00:00\" \/>\n<meta property=\"article:modified_time\" content=\"2020-02-05T09:47:39+00:00\" \/>\n<meta name=\"author\" content=\"igfergon.com.mx\" \/>\n<meta name=\"twitter:card\" content=\"summary_large_image\" \/>\n<meta name=\"twitter:label1\" content=\"Escrito por\" \/>\n\t<meta name=\"twitter:data1\" content=\"igfergon.com.mx\" \/>\n\t<meta name=\"twitter:label2\" content=\"Tiempo de lectura\" \/>\n\t<meta name=\"twitter:data2\" content=\"2 minutos\" \/>\n<script type=\"application\/ld+json\" class=\"yoast-schema-graph\">{\"@context\":\"https:\/\/schema.org\",\"@graph\":[{\"@type\":\"Article\",\"@id\":\"http:\/\/igfergon.com.mx\/?p=1404#article\",\"isPartOf\":{\"@id\":\"http:\/\/igfergon.com.mx\/?p=1404\"},\"author\":{\"name\":\"igfergon.com.mx\",\"@id\":\"http:\/\/igfergon.com.mx\/#\/schema\/person\/b42517895faefafe2a81218226d90957\"},\"headline\":\"Mi\u00e9rcoles de la IV semana del tiempo ordinario\",\"datePublished\":\"2020-02-05T09:47:22+00:00\",\"dateModified\":\"2020-02-05T09:47:39+00:00\",\"mainEntityOfPage\":{\"@id\":\"http:\/\/igfergon.com.mx\/?p=1404\"},\"wordCount\":416,\"commentCount\":0,\"publisher\":{\"@id\":\"http:\/\/igfergon.com.mx\/#organization\"},\"keywords\":[\"comentario evangelio\",\"Homil\u00eda\",\"homil\u00eda diaria\",\"liturgia\"],\"articleSection\":[\"comentario al evangelio\",\"homil\u00eda\",\"homil\u00eda diaria\",\"liturgia\"],\"inLanguage\":\"es\",\"potentialAction\":[{\"@type\":\"CommentAction\",\"name\":\"Comment\",\"target\":[\"http:\/\/igfergon.com.mx\/?p=1404#respond\"]}]},{\"@type\":\"WebPage\",\"@id\":\"http:\/\/igfergon.com.mx\/?p=1404\",\"url\":\"http:\/\/igfergon.com.mx\/?p=1404\",\"name\":\"Mi\u00e9rcoles de la IV semana del tiempo ordinario - El sitio del P. Ignacio Fern\u00e1ndez Gonz\u00e1lez\",\"isPartOf\":{\"@id\":\"http:\/\/igfergon.com.mx\/#website\"},\"datePublished\":\"2020-02-05T09:47:22+00:00\",\"dateModified\":\"2020-02-05T09:47:39+00:00\",\"breadcrumb\":{\"@id\":\"http:\/\/igfergon.com.mx\/?p=1404#breadcrumb\"},\"inLanguage\":\"es\",\"potentialAction\":[{\"@type\":\"ReadAction\",\"target\":[\"http:\/\/igfergon.com.mx\/?p=1404\"]}]},{\"@type\":\"BreadcrumbList\",\"@id\":\"http:\/\/igfergon.com.mx\/?p=1404#breadcrumb\",\"itemListElement\":[{\"@type\":\"ListItem\",\"position\":1,\"name\":\"Portada\",\"item\":\"http:\/\/igfergon.com.mx\/\"},{\"@type\":\"ListItem\",\"position\":2,\"name\":\"Mi\u00e9rcoles de la IV semana del tiempo ordinario\"}]},{\"@type\":\"WebSite\",\"@id\":\"http:\/\/igfergon.com.mx\/#website\",\"url\":\"http:\/\/igfergon.com.mx\/\",\"name\":\"El sitio del P. Ignacio Fern\u00e1ndez Gonz\u00e1lez\",\"description\":\"Para Ayudarte\",\"publisher\":{\"@id\":\"http:\/\/igfergon.com.mx\/#organization\"},\"potentialAction\":[{\"@type\":\"SearchAction\",\"target\":{\"@type\":\"EntryPoint\",\"urlTemplate\":\"http:\/\/igfergon.com.mx\/?s={search_term_string}\"},\"query-input\":{\"@type\":\"PropertyValueSpecification\",\"valueRequired\":true,\"valueName\":\"search_term_string\"}}],\"inLanguage\":\"es\"},{\"@type\":\"Organization\",\"@id\":\"http:\/\/igfergon.com.mx\/#organization\",\"name\":\"El sitio del P. Ignacio Fern\u00e1ndez Gonz\u00e1lez\",\"url\":\"http:\/\/igfergon.com.mx\/\",\"logo\":{\"@type\":\"ImageObject\",\"inLanguage\":\"es\",\"@id\":\"http:\/\/igfergon.com.mx\/#\/schema\/logo\/image\/\",\"url\":\"http:\/\/igfergon.com.mx\/wp-content\/uploads\/2018\/09\/cropped-ORDNACION02-2.jpg\",\"contentUrl\":\"http:\/\/igfergon.com.mx\/wp-content\/uploads\/2018\/09\/cropped-ORDNACION02-2.jpg\",\"width\":250,\"height\":250,\"caption\":\"El sitio del P. Ignacio Fern\u00e1ndez Gonz\u00e1lez\"},\"image\":{\"@id\":\"http:\/\/igfergon.com.mx\/#\/schema\/logo\/image\/\"},\"sameAs\":[\"https:\/\/www.facebook.com\/\"]},{\"@type\":\"Person\",\"@id\":\"http:\/\/igfergon.com.mx\/#\/schema\/person\/b42517895faefafe2a81218226d90957\",\"name\":\"igfergon.com.mx\",\"image\":{\"@type\":\"ImageObject\",\"inLanguage\":\"es\",\"@id\":\"http:\/\/igfergon.com.mx\/#\/schema\/person\/image\/\",\"url\":\"https:\/\/secure.gravatar.com\/avatar\/9fd60c5591f2c6b18e76a917a69f35b0732f8532b3679d0132b3503b545db7a6?s=96&d=mm&r=g\",\"contentUrl\":\"https:\/\/secure.gravatar.com\/avatar\/9fd60c5591f2c6b18e76a917a69f35b0732f8532b3679d0132b3503b545db7a6?s=96&d=mm&r=g\",\"caption\":\"igfergon.com.mx\"},\"url\":\"http:\/\/igfergon.com.mx\/?author=1\"}]}<\/script>\n<!-- \/ Yoast SEO plugin. -->","yoast_head_json":{"title":"Mi\u00e9rcoles de la IV semana del tiempo ordinario - El sitio del P. Ignacio Fern\u00e1ndez Gonz\u00e1lez","robots":{"index":"index","follow":"follow","max-snippet":"max-snippet:-1","max-image-preview":"max-image-preview:large","max-video-preview":"max-video-preview:-1"},"canonical":"http:\/\/igfergon.com.mx\/?p=1404","og_locale":"es_ES","og_type":"article","og_title":"Mi\u00e9rcoles de la IV semana del tiempo ordinario - El sitio del P. Ignacio Fern\u00e1ndez Gonz\u00e1lez","og_description":"Mc 6, 1-6 Jes\u00fas nos ense\u00f1a en este pasaje lo dif\u00edcil que puede ser nuestro trabajo de evangelizaci\u00f3n entre los nuestros, en nuestra casa, en nuestro centro de trabajo, incluso en nuestros barrios. Hay situaciones en nuestra iglesia que parecen cumplir cabalmente este proverbio que hoy nos ofrece Jes\u00fas: cuesta trabajo aceptar a los hermanos &hellip; Continuar leyendo \"Mi\u00e9rcoles de la IV semana del tiempo ordinario\"","og_url":"http:\/\/igfergon.com.mx\/?p=1404","og_site_name":"El sitio del P. Ignacio Fern\u00e1ndez Gonz\u00e1lez","article_publisher":"https:\/\/www.facebook.com\/","article_published_time":"2020-02-05T09:47:22+00:00","article_modified_time":"2020-02-05T09:47:39+00:00","author":"igfergon.com.mx","twitter_card":"summary_large_image","twitter_misc":{"Escrito por":"igfergon.com.mx","Tiempo de lectura":"2 minutos"},"schema":{"@context":"https:\/\/schema.org","@graph":[{"@type":"Article","@id":"http:\/\/igfergon.com.mx\/?p=1404#article","isPartOf":{"@id":"http:\/\/igfergon.com.mx\/?p=1404"},"author":{"name":"igfergon.com.mx","@id":"http:\/\/igfergon.com.mx\/#\/schema\/person\/b42517895faefafe2a81218226d90957"},"headline":"Mi\u00e9rcoles de la IV semana del tiempo ordinario","datePublished":"2020-02-05T09:47:22+00:00","dateModified":"2020-02-05T09:47:39+00:00","mainEntityOfPage":{"@id":"http:\/\/igfergon.com.mx\/?p=1404"},"wordCount":416,"commentCount":0,"publisher":{"@id":"http:\/\/igfergon.com.mx\/#organization"},"keywords":["comentario evangelio","Homil\u00eda","homil\u00eda diaria","liturgia"],"articleSection":["comentario al evangelio","homil\u00eda","homil\u00eda diaria","liturgia"],"inLanguage":"es","potentialAction":[{"@type":"CommentAction","name":"Comment","target":["http:\/\/igfergon.com.mx\/?p=1404#respond"]}]},{"@type":"WebPage","@id":"http:\/\/igfergon.com.mx\/?p=1404","url":"http:\/\/igfergon.com.mx\/?p=1404","name":"Mi\u00e9rcoles de la IV semana del tiempo ordinario - El sitio del P. Ignacio Fern\u00e1ndez Gonz\u00e1lez","isPartOf":{"@id":"http:\/\/igfergon.com.mx\/#website"},"datePublished":"2020-02-05T09:47:22+00:00","dateModified":"2020-02-05T09:47:39+00:00","breadcrumb":{"@id":"http:\/\/igfergon.com.mx\/?p=1404#breadcrumb"},"inLanguage":"es","potentialAction":[{"@type":"ReadAction","target":["http:\/\/igfergon.com.mx\/?p=1404"]}]},{"@type":"BreadcrumbList","@id":"http:\/\/igfergon.com.mx\/?p=1404#breadcrumb","itemListElement":[{"@type":"ListItem","position":1,"name":"Portada","item":"http:\/\/igfergon.com.mx\/"},{"@type":"ListItem","position":2,"name":"Mi\u00e9rcoles de la IV semana del tiempo ordinario"}]},{"@type":"WebSite","@id":"http:\/\/igfergon.com.mx\/#website","url":"http:\/\/igfergon.com.mx\/","name":"El sitio del P. Ignacio Fern\u00e1ndez Gonz\u00e1lez","description":"Para Ayudarte","publisher":{"@id":"http:\/\/igfergon.com.mx\/#organization"},"potentialAction":[{"@type":"SearchAction","target":{"@type":"EntryPoint","urlTemplate":"http:\/\/igfergon.com.mx\/?s={search_term_string}"},"query-input":{"@type":"PropertyValueSpecification","valueRequired":true,"valueName":"search_term_string"}}],"inLanguage":"es"},{"@type":"Organization","@id":"http:\/\/igfergon.com.mx\/#organization","name":"El sitio del P. Ignacio Fern\u00e1ndez Gonz\u00e1lez","url":"http:\/\/igfergon.com.mx\/","logo":{"@type":"ImageObject","inLanguage":"es","@id":"http:\/\/igfergon.com.mx\/#\/schema\/logo\/image\/","url":"http:\/\/igfergon.com.mx\/wp-content\/uploads\/2018\/09\/cropped-ORDNACION02-2.jpg","contentUrl":"http:\/\/igfergon.com.mx\/wp-content\/uploads\/2018\/09\/cropped-ORDNACION02-2.jpg","width":250,"height":250,"caption":"El sitio del P. Ignacio Fern\u00e1ndez Gonz\u00e1lez"},"image":{"@id":"http:\/\/igfergon.com.mx\/#\/schema\/logo\/image\/"},"sameAs":["https:\/\/www.facebook.com\/"]},{"@type":"Person","@id":"http:\/\/igfergon.com.mx\/#\/schema\/person\/b42517895faefafe2a81218226d90957","name":"igfergon.com.mx","image":{"@type":"ImageObject","inLanguage":"es","@id":"http:\/\/igfergon.com.mx\/#\/schema\/person\/image\/","url":"https:\/\/secure.gravatar.com\/avatar\/9fd60c5591f2c6b18e76a917a69f35b0732f8532b3679d0132b3503b545db7a6?s=96&d=mm&r=g","contentUrl":"https:\/\/secure.gravatar.com\/avatar\/9fd60c5591f2c6b18e76a917a69f35b0732f8532b3679d0132b3503b545db7a6?s=96&d=mm&r=g","caption":"igfergon.com.mx"},"url":"http:\/\/igfergon.com.mx\/?author=1"}]}},"_links":{"self":[{"href":"http:\/\/igfergon.com.mx\/index.php?rest_route=\/wp\/v2\/posts\/1404","targetHints":{"allow":["GET"]}}],"collection":[{"href":"http:\/\/igfergon.com.mx\/index.php?rest_route=\/wp\/v2\/posts"}],"about":[{"href":"http:\/\/igfergon.com.mx\/index.php?rest_route=\/wp\/v2\/types\/post"}],"author":[{"embeddable":true,"href":"http:\/\/igfergon.com.mx\/index.php?rest_route=\/wp\/v2\/users\/1"}],"replies":[{"embeddable":true,"href":"http:\/\/igfergon.com.mx\/index.php?rest_route=%2Fwp%2Fv2%2Fcomments&post=1404"}],"version-history":[{"count":1,"href":"http:\/\/igfergon.com.mx\/index.php?rest_route=\/wp\/v2\/posts\/1404\/revisions"}],"predecessor-version":[{"id":1405,"href":"http:\/\/igfergon.com.mx\/index.php?rest_route=\/wp\/v2\/posts\/1404\/revisions\/1405"}],"wp:attachment":[{"href":"http:\/\/igfergon.com.mx\/index.php?rest_route=%2Fwp%2Fv2%2Fmedia&parent=1404"}],"wp:term":[{"taxonomy":"category","embeddable":true,"href":"http:\/\/igfergon.com.mx\/index.php?rest_route=%2Fwp%2Fv2%2Fcategories&post=1404"},{"taxonomy":"post_tag","embeddable":true,"href":"http:\/\/igfergon.com.mx\/index.php?rest_route=%2Fwp%2Fv2%2Ftags&post=1404"}],"curies":[{"name":"wp","href":"https:\/\/api.w.org\/{rel}","templated":true}]}}