{"id":1511,"date":"2020-03-20T13:47:05","date_gmt":"2020-03-20T11:47:05","guid":{"rendered":"http:\/\/igfergon.com.mx\/?p=1511"},"modified":"2020-03-20T13:47:17","modified_gmt":"2020-03-20T11:47:17","slug":"viernes-de-la-iii-semana-de-cuaresma","status":"publish","type":"post","link":"http:\/\/igfergon.com.mx\/?p=1511","title":{"rendered":"Viernes de la III semana de Cuaresma"},"content":{"rendered":"\n<p><strong>Mc 12,28-34<\/strong><\/p>\n\n\n\n<p> No es extra\u00f1a la pregunta que le hace el escriba a Jes\u00fas, puede resonar como pregunta apremiante para nuestro tiempo, \u00bfqu\u00e9 es lo m\u00e1s importante de nuestra religi\u00f3n? Para ser verdadero cristiano, \u00bfqu\u00e9 debo hacer? <\/p>\n\n\n\n<p>Si hici\u00e9ramos esta pregunta a cualquier persona\nde la calle, de nuestro barrio o a nosotros mismos, descubrir\u00edamos la gran\nvariedad de respuestas y c\u00f3mo muchas de ellas quedan en la ambig\u00fcedad o en\ncosas superficiales. <\/p>\n\n\n\n<p>Jes\u00fas repite los mandamientos al escriba, no\nporque no los conozca, pues es su profesi\u00f3n conocerlos perfectamente, sino\nporque muchas veces aunque los conozcamos no los practicamos. <\/p>\n\n\n\n<p>Los jud\u00edos hab\u00edan multiplicado tanto los\nmandamientos y dec\u00edan que todos se deb\u00edan de cumplir igualmente, por lo tanto\nuna pregunta como la que hemos escuchado en el Evangelio no tendr\u00eda sentido. <\/p>\n\n\n\n<p>Jes\u00fas orienta al escriba, y a cada uno de\nnosotros, a que descubramos qu\u00e9 es lo realmente importante. Algunos se\npreocupan m\u00e1s de los ritos y de lo exterior, de la religi\u00f3n y de los\nmandamientos, que olvidamos el amor a Dios. Quiz\u00e1s deber\u00edamos decir que nos\nolvidamos del amor de Dios, porque lo primero que Jes\u00fas nos pide es que nos\nreconozcamos amados por Dios y que vivamos cada momento de nuestra vida\nsabi\u00e9ndonos amados por Dios, como en la atm\u00f3sfera del amor de Dios. <\/p>\n\n\n\n<p>Claro que si me reconozco amado por Dios, mi\nrespuesta ser\u00e1 el amor, limitado, pero que quiere corresponder. Pero el amor de\nDios y el amor a Dios no pueden estar divorciados del amor al pr\u00f3jimo. <\/p>\n\n\n\n<p>Hay quienes se dicen religiosos y odian a su\npr\u00f3jimo, a su vecina, a su pareja, a los cercanos o a los lejanos y viven tan\ntranquilos, como calmando su conciencia con ritos y oraciones. <\/p>\n\n\n\n<p>Jes\u00fas, hoy nos centra en lo m\u00e1s importante que\nsostiene nuestra vida espiritual, son esos dos ejes sobre los que se desliza\nnuestra existencia. El amor a Dios se hace concreto en las personas m\u00e1s\ncercanas: pareja, hijos, vecinos, compa\u00f1eros, los pobres y necesitados. <\/p>\n\n\n\n<p>No podemos amar a Dios si no se hace concreto\nnuestro amor en los mismos que Dios ama. <strong>No se puede amar a Dios sin amar al\npr\u00f3jimo, y no se puede amar al pr\u00f3jimo sin amar a Dios.<\/strong><\/p>\n\n\n\n<p>\u00bfC\u00f3mo es mi amor a Dios? \u00bfC\u00f3mo es mi amor al\npr\u00f3jimo? Respondamos a Jes\u00fas.<\/p>\n","protected":false},"excerpt":{"rendered":"<p>Mc 12,28-34 No es extra\u00f1a la pregunta que le hace el escriba a Jes\u00fas, puede resonar como pregunta apremiante para nuestro tiempo, \u00bfqu\u00e9 es lo m\u00e1s importante de nuestra religi\u00f3n? Para ser verdadero cristiano, \u00bfqu\u00e9 debo hacer? Si hici\u00e9ramos esta pregunta a cualquier persona de la calle, de nuestro barrio o a nosotros mismos, descubrir\u00edamos &hellip; <\/p>\n<p class=\"link-more\"><a href=\"http:\/\/igfergon.com.mx\/?p=1511\" class=\"more-link\">Continuar leyendo<span class=\"screen-reader-text\"> \u00abViernes de la III semana de Cuaresma\u00bb<\/span><\/a><\/p>\n","protected":false},"author":1,"featured_media":0,"comment_status":"open","ping_status":"open","sticky":false,"template":"","format":"standard","meta":{"footnotes":""},"categories":[13,14,10,1],"tags":[12,8,6,7],"class_list":["post-1511","post","type-post","status-publish","format-standard","hentry","category-comentario-al-evangelio","category-homilia","category-homilia-diaria","category-uncategorized","tag-comentario-evangelio","tag-homilia","tag-homilia-diaria","tag-liturgia"],"yoast_head":"<!-- This site is optimized with the Yoast SEO plugin v26.0 - https:\/\/yoast.com\/wordpress\/plugins\/seo\/ -->\n<title>Viernes de la III semana de Cuaresma - El sitio del P. Ignacio Fern\u00e1ndez Gonz\u00e1lez<\/title>\n<meta name=\"robots\" content=\"index, follow, max-snippet:-1, max-image-preview:large, max-video-preview:-1\" \/>\n<link rel=\"canonical\" href=\"http:\/\/igfergon.com.mx\/?p=1511\" \/>\n<meta property=\"og:locale\" content=\"es_ES\" \/>\n<meta property=\"og:type\" content=\"article\" \/>\n<meta property=\"og:title\" content=\"Viernes de la III semana de Cuaresma - El sitio del P. Ignacio Fern\u00e1ndez Gonz\u00e1lez\" \/>\n<meta property=\"og:description\" content=\"Mc 12,28-34 No es extra\u00f1a la pregunta que le hace el escriba a Jes\u00fas, puede resonar como pregunta apremiante para nuestro tiempo, \u00bfqu\u00e9 es lo m\u00e1s importante de nuestra religi\u00f3n? Para ser verdadero cristiano, \u00bfqu\u00e9 debo hacer? Si hici\u00e9ramos esta pregunta a cualquier persona de la calle, de nuestro barrio o a nosotros mismos, descubrir\u00edamos &hellip; Continuar leyendo &quot;Viernes de la III semana de Cuaresma&quot;\" \/>\n<meta property=\"og:url\" content=\"http:\/\/igfergon.com.mx\/?p=1511\" \/>\n<meta property=\"og:site_name\" content=\"El sitio del P. Ignacio Fern\u00e1ndez Gonz\u00e1lez\" \/>\n<meta property=\"article:publisher\" content=\"https:\/\/www.facebook.com\/\" \/>\n<meta property=\"article:published_time\" content=\"2020-03-20T11:47:05+00:00\" \/>\n<meta property=\"article:modified_time\" content=\"2020-03-20T11:47:17+00:00\" \/>\n<meta name=\"author\" content=\"igfergon.com.mx\" \/>\n<meta name=\"twitter:card\" content=\"summary_large_image\" \/>\n<meta name=\"twitter:label1\" content=\"Escrito por\" \/>\n\t<meta name=\"twitter:data1\" content=\"igfergon.com.mx\" \/>\n\t<meta name=\"twitter:label2\" content=\"Tiempo de lectura\" \/>\n\t<meta name=\"twitter:data2\" content=\"2 minutos\" \/>\n<script type=\"application\/ld+json\" class=\"yoast-schema-graph\">{\"@context\":\"https:\/\/schema.org\",\"@graph\":[{\"@type\":\"Article\",\"@id\":\"http:\/\/igfergon.com.mx\/?p=1511#article\",\"isPartOf\":{\"@id\":\"http:\/\/igfergon.com.mx\/?p=1511\"},\"author\":{\"name\":\"igfergon.com.mx\",\"@id\":\"http:\/\/igfergon.com.mx\/#\/schema\/person\/b42517895faefafe2a81218226d90957\"},\"headline\":\"Viernes de la III semana de Cuaresma\",\"datePublished\":\"2020-03-20T11:47:05+00:00\",\"dateModified\":\"2020-03-20T11:47:17+00:00\",\"mainEntityOfPage\":{\"@id\":\"http:\/\/igfergon.com.mx\/?p=1511\"},\"wordCount\":429,\"commentCount\":0,\"publisher\":{\"@id\":\"http:\/\/igfergon.com.mx\/#organization\"},\"keywords\":[\"comentario evangelio\",\"Homil\u00eda\",\"homil\u00eda diaria\",\"liturgia\"],\"articleSection\":[\"comentario al evangelio\",\"homil\u00eda\",\"homil\u00eda diaria\",\"liturgia\"],\"inLanguage\":\"es\",\"potentialAction\":[{\"@type\":\"CommentAction\",\"name\":\"Comment\",\"target\":[\"http:\/\/igfergon.com.mx\/?p=1511#respond\"]}]},{\"@type\":\"WebPage\",\"@id\":\"http:\/\/igfergon.com.mx\/?p=1511\",\"url\":\"http:\/\/igfergon.com.mx\/?p=1511\",\"name\":\"Viernes de la III semana de Cuaresma - El sitio del P. Ignacio Fern\u00e1ndez Gonz\u00e1lez\",\"isPartOf\":{\"@id\":\"http:\/\/igfergon.com.mx\/#website\"},\"datePublished\":\"2020-03-20T11:47:05+00:00\",\"dateModified\":\"2020-03-20T11:47:17+00:00\",\"breadcrumb\":{\"@id\":\"http:\/\/igfergon.com.mx\/?p=1511#breadcrumb\"},\"inLanguage\":\"es\",\"potentialAction\":[{\"@type\":\"ReadAction\",\"target\":[\"http:\/\/igfergon.com.mx\/?p=1511\"]}]},{\"@type\":\"BreadcrumbList\",\"@id\":\"http:\/\/igfergon.com.mx\/?p=1511#breadcrumb\",\"itemListElement\":[{\"@type\":\"ListItem\",\"position\":1,\"name\":\"Portada\",\"item\":\"http:\/\/igfergon.com.mx\/\"},{\"@type\":\"ListItem\",\"position\":2,\"name\":\"Viernes de la III semana de Cuaresma\"}]},{\"@type\":\"WebSite\",\"@id\":\"http:\/\/igfergon.com.mx\/#website\",\"url\":\"http:\/\/igfergon.com.mx\/\",\"name\":\"El sitio del P. Ignacio Fern\u00e1ndez Gonz\u00e1lez\",\"description\":\"Para Ayudarte\",\"publisher\":{\"@id\":\"http:\/\/igfergon.com.mx\/#organization\"},\"potentialAction\":[{\"@type\":\"SearchAction\",\"target\":{\"@type\":\"EntryPoint\",\"urlTemplate\":\"http:\/\/igfergon.com.mx\/?s={search_term_string}\"},\"query-input\":{\"@type\":\"PropertyValueSpecification\",\"valueRequired\":true,\"valueName\":\"search_term_string\"}}],\"inLanguage\":\"es\"},{\"@type\":\"Organization\",\"@id\":\"http:\/\/igfergon.com.mx\/#organization\",\"name\":\"El sitio del P. Ignacio Fern\u00e1ndez Gonz\u00e1lez\",\"url\":\"http:\/\/igfergon.com.mx\/\",\"logo\":{\"@type\":\"ImageObject\",\"inLanguage\":\"es\",\"@id\":\"http:\/\/igfergon.com.mx\/#\/schema\/logo\/image\/\",\"url\":\"http:\/\/igfergon.com.mx\/wp-content\/uploads\/2018\/09\/cropped-ORDNACION02-2.jpg\",\"contentUrl\":\"http:\/\/igfergon.com.mx\/wp-content\/uploads\/2018\/09\/cropped-ORDNACION02-2.jpg\",\"width\":250,\"height\":250,\"caption\":\"El sitio del P. Ignacio Fern\u00e1ndez Gonz\u00e1lez\"},\"image\":{\"@id\":\"http:\/\/igfergon.com.mx\/#\/schema\/logo\/image\/\"},\"sameAs\":[\"https:\/\/www.facebook.com\/\"]},{\"@type\":\"Person\",\"@id\":\"http:\/\/igfergon.com.mx\/#\/schema\/person\/b42517895faefafe2a81218226d90957\",\"name\":\"igfergon.com.mx\",\"image\":{\"@type\":\"ImageObject\",\"inLanguage\":\"es\",\"@id\":\"http:\/\/igfergon.com.mx\/#\/schema\/person\/image\/\",\"url\":\"https:\/\/secure.gravatar.com\/avatar\/9fd60c5591f2c6b18e76a917a69f35b0732f8532b3679d0132b3503b545db7a6?s=96&d=mm&r=g\",\"contentUrl\":\"https:\/\/secure.gravatar.com\/avatar\/9fd60c5591f2c6b18e76a917a69f35b0732f8532b3679d0132b3503b545db7a6?s=96&d=mm&r=g\",\"caption\":\"igfergon.com.mx\"},\"url\":\"http:\/\/igfergon.com.mx\/?author=1\"}]}<\/script>\n<!-- \/ Yoast SEO plugin. -->","yoast_head_json":{"title":"Viernes de la III semana de Cuaresma - El sitio del P. Ignacio Fern\u00e1ndez Gonz\u00e1lez","robots":{"index":"index","follow":"follow","max-snippet":"max-snippet:-1","max-image-preview":"max-image-preview:large","max-video-preview":"max-video-preview:-1"},"canonical":"http:\/\/igfergon.com.mx\/?p=1511","og_locale":"es_ES","og_type":"article","og_title":"Viernes de la III semana de Cuaresma - El sitio del P. Ignacio Fern\u00e1ndez Gonz\u00e1lez","og_description":"Mc 12,28-34 No es extra\u00f1a la pregunta que le hace el escriba a Jes\u00fas, puede resonar como pregunta apremiante para nuestro tiempo, \u00bfqu\u00e9 es lo m\u00e1s importante de nuestra religi\u00f3n? Para ser verdadero cristiano, \u00bfqu\u00e9 debo hacer? Si hici\u00e9ramos esta pregunta a cualquier persona de la calle, de nuestro barrio o a nosotros mismos, descubrir\u00edamos &hellip; Continuar leyendo \"Viernes de la III semana de Cuaresma\"","og_url":"http:\/\/igfergon.com.mx\/?p=1511","og_site_name":"El sitio del P. Ignacio Fern\u00e1ndez Gonz\u00e1lez","article_publisher":"https:\/\/www.facebook.com\/","article_published_time":"2020-03-20T11:47:05+00:00","article_modified_time":"2020-03-20T11:47:17+00:00","author":"igfergon.com.mx","twitter_card":"summary_large_image","twitter_misc":{"Escrito por":"igfergon.com.mx","Tiempo de lectura":"2 minutos"},"schema":{"@context":"https:\/\/schema.org","@graph":[{"@type":"Article","@id":"http:\/\/igfergon.com.mx\/?p=1511#article","isPartOf":{"@id":"http:\/\/igfergon.com.mx\/?p=1511"},"author":{"name":"igfergon.com.mx","@id":"http:\/\/igfergon.com.mx\/#\/schema\/person\/b42517895faefafe2a81218226d90957"},"headline":"Viernes de la III semana de Cuaresma","datePublished":"2020-03-20T11:47:05+00:00","dateModified":"2020-03-20T11:47:17+00:00","mainEntityOfPage":{"@id":"http:\/\/igfergon.com.mx\/?p=1511"},"wordCount":429,"commentCount":0,"publisher":{"@id":"http:\/\/igfergon.com.mx\/#organization"},"keywords":["comentario evangelio","Homil\u00eda","homil\u00eda diaria","liturgia"],"articleSection":["comentario al evangelio","homil\u00eda","homil\u00eda diaria","liturgia"],"inLanguage":"es","potentialAction":[{"@type":"CommentAction","name":"Comment","target":["http:\/\/igfergon.com.mx\/?p=1511#respond"]}]},{"@type":"WebPage","@id":"http:\/\/igfergon.com.mx\/?p=1511","url":"http:\/\/igfergon.com.mx\/?p=1511","name":"Viernes de la III semana de Cuaresma - El sitio del P. Ignacio Fern\u00e1ndez Gonz\u00e1lez","isPartOf":{"@id":"http:\/\/igfergon.com.mx\/#website"},"datePublished":"2020-03-20T11:47:05+00:00","dateModified":"2020-03-20T11:47:17+00:00","breadcrumb":{"@id":"http:\/\/igfergon.com.mx\/?p=1511#breadcrumb"},"inLanguage":"es","potentialAction":[{"@type":"ReadAction","target":["http:\/\/igfergon.com.mx\/?p=1511"]}]},{"@type":"BreadcrumbList","@id":"http:\/\/igfergon.com.mx\/?p=1511#breadcrumb","itemListElement":[{"@type":"ListItem","position":1,"name":"Portada","item":"http:\/\/igfergon.com.mx\/"},{"@type":"ListItem","position":2,"name":"Viernes de la III semana de Cuaresma"}]},{"@type":"WebSite","@id":"http:\/\/igfergon.com.mx\/#website","url":"http:\/\/igfergon.com.mx\/","name":"El sitio del P. Ignacio Fern\u00e1ndez Gonz\u00e1lez","description":"Para Ayudarte","publisher":{"@id":"http:\/\/igfergon.com.mx\/#organization"},"potentialAction":[{"@type":"SearchAction","target":{"@type":"EntryPoint","urlTemplate":"http:\/\/igfergon.com.mx\/?s={search_term_string}"},"query-input":{"@type":"PropertyValueSpecification","valueRequired":true,"valueName":"search_term_string"}}],"inLanguage":"es"},{"@type":"Organization","@id":"http:\/\/igfergon.com.mx\/#organization","name":"El sitio del P. Ignacio Fern\u00e1ndez Gonz\u00e1lez","url":"http:\/\/igfergon.com.mx\/","logo":{"@type":"ImageObject","inLanguage":"es","@id":"http:\/\/igfergon.com.mx\/#\/schema\/logo\/image\/","url":"http:\/\/igfergon.com.mx\/wp-content\/uploads\/2018\/09\/cropped-ORDNACION02-2.jpg","contentUrl":"http:\/\/igfergon.com.mx\/wp-content\/uploads\/2018\/09\/cropped-ORDNACION02-2.jpg","width":250,"height":250,"caption":"El sitio del P. Ignacio Fern\u00e1ndez Gonz\u00e1lez"},"image":{"@id":"http:\/\/igfergon.com.mx\/#\/schema\/logo\/image\/"},"sameAs":["https:\/\/www.facebook.com\/"]},{"@type":"Person","@id":"http:\/\/igfergon.com.mx\/#\/schema\/person\/b42517895faefafe2a81218226d90957","name":"igfergon.com.mx","image":{"@type":"ImageObject","inLanguage":"es","@id":"http:\/\/igfergon.com.mx\/#\/schema\/person\/image\/","url":"https:\/\/secure.gravatar.com\/avatar\/9fd60c5591f2c6b18e76a917a69f35b0732f8532b3679d0132b3503b545db7a6?s=96&d=mm&r=g","contentUrl":"https:\/\/secure.gravatar.com\/avatar\/9fd60c5591f2c6b18e76a917a69f35b0732f8532b3679d0132b3503b545db7a6?s=96&d=mm&r=g","caption":"igfergon.com.mx"},"url":"http:\/\/igfergon.com.mx\/?author=1"}]}},"_links":{"self":[{"href":"http:\/\/igfergon.com.mx\/index.php?rest_route=\/wp\/v2\/posts\/1511","targetHints":{"allow":["GET"]}}],"collection":[{"href":"http:\/\/igfergon.com.mx\/index.php?rest_route=\/wp\/v2\/posts"}],"about":[{"href":"http:\/\/igfergon.com.mx\/index.php?rest_route=\/wp\/v2\/types\/post"}],"author":[{"embeddable":true,"href":"http:\/\/igfergon.com.mx\/index.php?rest_route=\/wp\/v2\/users\/1"}],"replies":[{"embeddable":true,"href":"http:\/\/igfergon.com.mx\/index.php?rest_route=%2Fwp%2Fv2%2Fcomments&post=1511"}],"version-history":[{"count":1,"href":"http:\/\/igfergon.com.mx\/index.php?rest_route=\/wp\/v2\/posts\/1511\/revisions"}],"predecessor-version":[{"id":1512,"href":"http:\/\/igfergon.com.mx\/index.php?rest_route=\/wp\/v2\/posts\/1511\/revisions\/1512"}],"wp:attachment":[{"href":"http:\/\/igfergon.com.mx\/index.php?rest_route=%2Fwp%2Fv2%2Fmedia&parent=1511"}],"wp:term":[{"taxonomy":"category","embeddable":true,"href":"http:\/\/igfergon.com.mx\/index.php?rest_route=%2Fwp%2Fv2%2Fcategories&post=1511"},{"taxonomy":"post_tag","embeddable":true,"href":"http:\/\/igfergon.com.mx\/index.php?rest_route=%2Fwp%2Fv2%2Ftags&post=1511"}],"curies":[{"name":"wp","href":"https:\/\/api.w.org\/{rel}","templated":true}]}}