{"id":1579,"date":"2020-04-08T10:41:12","date_gmt":"2020-04-08T08:41:12","guid":{"rendered":"http:\/\/igfergon.com.mx\/?p=1579"},"modified":"2020-04-08T10:41:21","modified_gmt":"2020-04-08T08:41:21","slug":"miercoles-santo","status":"publish","type":"post","link":"http:\/\/igfergon.com.mx\/?p=1579","title":{"rendered":"Mi\u00e9rcoles Santo"},"content":{"rendered":"\n<p><strong><em>Mt <\/em>26, 14-25<\/strong><\/p>\n\n\n\n<p>Hemos escuchado hoy en el evangelio, la traici\u00f3n de Judas.&nbsp; La traici\u00f3n acaba con el amor m\u00e1s perfecto: el amor de la amistad.&nbsp; La traici\u00f3n mata el amor, en su ra\u00edz.<\/p>\n\n\n\n<p>\u00bfC\u00f3mo se llega a la traici\u00f3n? Primero por el deseo desmedido de intereses materiales: el dinero, que me lleva al poder y a la vida ego\u00edsta, complaciente y sensual. Y en segundo lugar, por la falta de trato con el amigo, que me deja y me mantiene en la ignorancia, y al no conocer bien el valor del amigo: de lo que es, de lo que vale, de lo que tengo con su trato, de lo que me hace vivir, no le hago aprecio y entonces, sin dificultad, lo vendo o lo abandono.<\/p>\n\n\n\n<p>Hoy vemos a Judas vendiendo a Jes\u00fas por un deseo desmedido de dinero.&nbsp; El dinero y el poder, a Judas le hicieron traici\u00f3n. No lo olvidemos nosotros tampoco: el af\u00e1n desmedido por el dinero, por el tener con avaricia, el gozar materialmente, sin l\u00edmites, el prestigio de marcas en el vestir, me pueden hacer traici\u00f3n, y quedarme como un despojo de un mundo despiadado, sin amistad, y ver c\u00f3mo me quedo solo, marginado, olvidado, cuando mi situaci\u00f3n es adversa.&nbsp;<\/p>\n\n\n\n<p>Que s\u00f3lo se qued\u00f3 Judas, sin el amigo Jes\u00fas, porque el dinero no es amigo, es tirano, y Judas se ahorc\u00f3. Cada d\u00eda hay m\u00e1s personas que se quitan la vida, hay dinero, pero no hay verdaderos amigos, solo compa\u00f1eros de billeteras, tarjetas de cr\u00e9dito.&nbsp; \u201cTanto tienes, tanto vales\u201d.<\/p>\n\n\n\n<p>Jes\u00fas hace un gesto de comuni\u00f3n, de amistad, al pedirle a Judas que sea \u00e9l el primero que moje su pan. Es un gesto simb\u00f3lico de reconocimiento, de aprecio, de amistad. Por parte de Jes\u00fas no hay ninguna condena, sino el ofrecimiento de su amistad, porque \u201c\u00c9l nos am\u00f3 primero\u201d, como dice San Juan. Y nos ama&nbsp; y nos acoge tal como somos y tal como estamos en cada momento; tal como t\u00fa te sientes: mediocre, miserable, marginado, perverso, traidor.&nbsp;<\/p>\n\n\n\n<p>D\u00e9jate perdonar para que empieces a vivir de nuevo, con una mayor realidad y sinceridad la amistad con Jes\u00fas, para que experimentes, para que sientas que te quiere como eres y c\u00f3mo est\u00e1s. Basta ya de traiciones grandes o peque\u00f1as, porque la traici\u00f3n nunca es peque\u00f1a o grande; la traici\u00f3n es siempre traici\u00f3n.<\/p>\n\n\n\n<p>Es Judas el que se cierra al amor y a la amistad, porque el deseo exagerado de dinero ha endurecido su coraz\u00f3n. Es \u00e9l, el que se excluye, al rehusar la mano tendida de su amigo Jes\u00fas. Jes\u00fas estaba habituado a \u201ccomer con pecadores\u201d. Y en esta noche de la cena Pascual, tampoco ha rechazado a un traidor. Es Judas, quien se separa de \u00c9l, porque en realidad de verdad, le conoce poco. Estaba con \u00c9l, pero su coraz\u00f3n estaba muy lejos de \u00c9l. Trabajaba con el grupo de los disc\u00edpulos de Jes\u00fas, pero estaba con ellos con esp\u00edritu y actitud de jornalero.<\/p>\n\n\n\n<p>Judas no conoc\u00eda, ni trataba mucho a Jes\u00fas. Estaba con \u00c9l, pero viv\u00eda lejos de \u00c9l. Esto puede tambi\u00e9n ocurrir en nuestra vida y ser la causa por la que abandonamos o vendemos a Jes\u00fas: la falta de trato y conocimiento del amigo, que me mantiene en la ignorancia y en la falta de experiencia vivida, y al no conocer bien el valor de la amistad: de lo que es, de lo que vale, de lo que me enriquezco en el trato con este&nbsp; amigo, de la vida abierta y esplendorosa que me hace vivir, entonces, sin dificultad lo vendo o lo abandono y lo critico, porque confundo a Jesucristo y su Iglesia, es decir los cristianos, con los judas, que encontramos en medio de la comunidad cristiana, sean padres, laicos u obispos. Y as\u00ed estropeamos y destruimos el buen ambiente y fraternidad de una parroquia y hasta de un pueblo, porque nosotros no entendemos lo que es la amistad, ni de Jes\u00fas somos entonces amigos, pues, si entre sus ap\u00f3stoles, que \u00e9l mismo escogi\u00f3, se dio un ladr\u00f3n y traidor, Judas, \u00bfc\u00f3mo vamos a pretender que en las asambleas cristianas de la di\u00f3cesis o parroquias, no los haya?<\/p>\n\n\n\n<p>Pero Judas, endurecida su mente y su coraz\u00f3n por el dinero y la falta de trato con el amigo, y as\u00ed s\u00f3lo, amargado, decepcionado de s\u00ed mismo, arrojar\u00e1 m\u00e1s tarde las treinta monedas de plata por el suelo del templo y se ahorcar\u00e1, desesperado. No conoci\u00f3 al amigo. No supo lo que era la amistad, que es el amor m\u00e1s perfecto.<\/p>\n\n\n\n<p>Que descubramos nosotros en esta Semana Santo, el amor con que nos ha amado Jesucristo, hasta morir, y su amistad que nos ha ofrecido y que nunca traicionemos ese amor a \u00c9l.<\/p>\n","protected":false},"excerpt":{"rendered":"<p>Mt 26, 14-25 Hemos escuchado hoy en el evangelio, la traici\u00f3n de Judas.&nbsp; La traici\u00f3n acaba con el amor m\u00e1s perfecto: el amor de la amistad.&nbsp; La traici\u00f3n mata el amor, en su ra\u00edz. \u00bfC\u00f3mo se llega a la traici\u00f3n? Primero por el deseo desmedido de intereses materiales: el dinero, que me lleva al poder &hellip; <\/p>\n<p class=\"link-more\"><a href=\"http:\/\/igfergon.com.mx\/?p=1579\" class=\"more-link\">Continuar leyendo<span class=\"screen-reader-text\"> \u00abMi\u00e9rcoles Santo\u00bb<\/span><\/a><\/p>\n","protected":false},"author":1,"featured_media":0,"comment_status":"open","ping_status":"open","sticky":false,"template":"","format":"standard","meta":{"footnotes":""},"categories":[13,14,10,1],"tags":[12,8,6,7,25],"class_list":["post-1579","post","type-post","status-publish","format-standard","hentry","category-comentario-al-evangelio","category-homilia","category-homilia-diaria","category-uncategorized","tag-comentario-evangelio","tag-homilia","tag-homilia-diaria","tag-liturgia","tag-miercoles-santo"],"yoast_head":"<!-- This site is optimized with the Yoast SEO plugin v26.0 - https:\/\/yoast.com\/wordpress\/plugins\/seo\/ -->\n<title>Mi\u00e9rcoles Santo - El sitio del P. Ignacio Fern\u00e1ndez Gonz\u00e1lez<\/title>\n<meta name=\"robots\" content=\"index, follow, max-snippet:-1, max-image-preview:large, max-video-preview:-1\" \/>\n<link rel=\"canonical\" href=\"http:\/\/igfergon.com.mx\/?p=1579\" \/>\n<meta property=\"og:locale\" content=\"es_ES\" \/>\n<meta property=\"og:type\" content=\"article\" \/>\n<meta property=\"og:title\" content=\"Mi\u00e9rcoles Santo - El sitio del P. Ignacio Fern\u00e1ndez Gonz\u00e1lez\" \/>\n<meta property=\"og:description\" content=\"Mt 26, 14-25 Hemos escuchado hoy en el evangelio, la traici\u00f3n de Judas.&nbsp; La traici\u00f3n acaba con el amor m\u00e1s perfecto: el amor de la amistad.&nbsp; La traici\u00f3n mata el amor, en su ra\u00edz. \u00bfC\u00f3mo se llega a la traici\u00f3n? Primero por el deseo desmedido de intereses materiales: el dinero, que me lleva al poder &hellip; Continuar leyendo &quot;Mi\u00e9rcoles Santo&quot;\" \/>\n<meta property=\"og:url\" content=\"http:\/\/igfergon.com.mx\/?p=1579\" \/>\n<meta property=\"og:site_name\" content=\"El sitio del P. Ignacio Fern\u00e1ndez Gonz\u00e1lez\" \/>\n<meta property=\"article:publisher\" content=\"https:\/\/www.facebook.com\/\" \/>\n<meta property=\"article:published_time\" content=\"2020-04-08T08:41:12+00:00\" \/>\n<meta property=\"article:modified_time\" content=\"2020-04-08T08:41:21+00:00\" \/>\n<meta name=\"author\" content=\"igfergon.com.mx\" \/>\n<meta name=\"twitter:card\" content=\"summary_large_image\" \/>\n<meta name=\"twitter:label1\" content=\"Escrito por\" \/>\n\t<meta name=\"twitter:data1\" content=\"igfergon.com.mx\" \/>\n\t<meta name=\"twitter:label2\" content=\"Tiempo de lectura\" \/>\n\t<meta name=\"twitter:data2\" content=\"4 minutos\" \/>\n<script type=\"application\/ld+json\" class=\"yoast-schema-graph\">{\"@context\":\"https:\/\/schema.org\",\"@graph\":[{\"@type\":\"Article\",\"@id\":\"http:\/\/igfergon.com.mx\/?p=1579#article\",\"isPartOf\":{\"@id\":\"http:\/\/igfergon.com.mx\/?p=1579\"},\"author\":{\"name\":\"igfergon.com.mx\",\"@id\":\"http:\/\/igfergon.com.mx\/#\/schema\/person\/b42517895faefafe2a81218226d90957\"},\"headline\":\"Mi\u00e9rcoles Santo\",\"datePublished\":\"2020-04-08T08:41:12+00:00\",\"dateModified\":\"2020-04-08T08:41:21+00:00\",\"mainEntityOfPage\":{\"@id\":\"http:\/\/igfergon.com.mx\/?p=1579\"},\"wordCount\":848,\"commentCount\":0,\"publisher\":{\"@id\":\"http:\/\/igfergon.com.mx\/#organization\"},\"keywords\":[\"comentario evangelio\",\"Homil\u00eda\",\"homil\u00eda diaria\",\"liturgia\",\"Mi\u00e9rcoles Santo\"],\"articleSection\":[\"comentario al evangelio\",\"homil\u00eda\",\"homil\u00eda diaria\",\"liturgia\"],\"inLanguage\":\"es\",\"potentialAction\":[{\"@type\":\"CommentAction\",\"name\":\"Comment\",\"target\":[\"http:\/\/igfergon.com.mx\/?p=1579#respond\"]}]},{\"@type\":\"WebPage\",\"@id\":\"http:\/\/igfergon.com.mx\/?p=1579\",\"url\":\"http:\/\/igfergon.com.mx\/?p=1579\",\"name\":\"Mi\u00e9rcoles Santo - El sitio del P. Ignacio Fern\u00e1ndez Gonz\u00e1lez\",\"isPartOf\":{\"@id\":\"http:\/\/igfergon.com.mx\/#website\"},\"datePublished\":\"2020-04-08T08:41:12+00:00\",\"dateModified\":\"2020-04-08T08:41:21+00:00\",\"breadcrumb\":{\"@id\":\"http:\/\/igfergon.com.mx\/?p=1579#breadcrumb\"},\"inLanguage\":\"es\",\"potentialAction\":[{\"@type\":\"ReadAction\",\"target\":[\"http:\/\/igfergon.com.mx\/?p=1579\"]}]},{\"@type\":\"BreadcrumbList\",\"@id\":\"http:\/\/igfergon.com.mx\/?p=1579#breadcrumb\",\"itemListElement\":[{\"@type\":\"ListItem\",\"position\":1,\"name\":\"Portada\",\"item\":\"http:\/\/igfergon.com.mx\/\"},{\"@type\":\"ListItem\",\"position\":2,\"name\":\"Mi\u00e9rcoles Santo\"}]},{\"@type\":\"WebSite\",\"@id\":\"http:\/\/igfergon.com.mx\/#website\",\"url\":\"http:\/\/igfergon.com.mx\/\",\"name\":\"El sitio del P. Ignacio Fern\u00e1ndez Gonz\u00e1lez\",\"description\":\"Para Ayudarte\",\"publisher\":{\"@id\":\"http:\/\/igfergon.com.mx\/#organization\"},\"potentialAction\":[{\"@type\":\"SearchAction\",\"target\":{\"@type\":\"EntryPoint\",\"urlTemplate\":\"http:\/\/igfergon.com.mx\/?s={search_term_string}\"},\"query-input\":{\"@type\":\"PropertyValueSpecification\",\"valueRequired\":true,\"valueName\":\"search_term_string\"}}],\"inLanguage\":\"es\"},{\"@type\":\"Organization\",\"@id\":\"http:\/\/igfergon.com.mx\/#organization\",\"name\":\"El sitio del P. Ignacio Fern\u00e1ndez Gonz\u00e1lez\",\"url\":\"http:\/\/igfergon.com.mx\/\",\"logo\":{\"@type\":\"ImageObject\",\"inLanguage\":\"es\",\"@id\":\"http:\/\/igfergon.com.mx\/#\/schema\/logo\/image\/\",\"url\":\"http:\/\/igfergon.com.mx\/wp-content\/uploads\/2018\/09\/cropped-ORDNACION02-2.jpg\",\"contentUrl\":\"http:\/\/igfergon.com.mx\/wp-content\/uploads\/2018\/09\/cropped-ORDNACION02-2.jpg\",\"width\":250,\"height\":250,\"caption\":\"El sitio del P. Ignacio Fern\u00e1ndez Gonz\u00e1lez\"},\"image\":{\"@id\":\"http:\/\/igfergon.com.mx\/#\/schema\/logo\/image\/\"},\"sameAs\":[\"https:\/\/www.facebook.com\/\"]},{\"@type\":\"Person\",\"@id\":\"http:\/\/igfergon.com.mx\/#\/schema\/person\/b42517895faefafe2a81218226d90957\",\"name\":\"igfergon.com.mx\",\"image\":{\"@type\":\"ImageObject\",\"inLanguage\":\"es\",\"@id\":\"http:\/\/igfergon.com.mx\/#\/schema\/person\/image\/\",\"url\":\"https:\/\/secure.gravatar.com\/avatar\/9fd60c5591f2c6b18e76a917a69f35b0732f8532b3679d0132b3503b545db7a6?s=96&d=mm&r=g\",\"contentUrl\":\"https:\/\/secure.gravatar.com\/avatar\/9fd60c5591f2c6b18e76a917a69f35b0732f8532b3679d0132b3503b545db7a6?s=96&d=mm&r=g\",\"caption\":\"igfergon.com.mx\"},\"url\":\"http:\/\/igfergon.com.mx\/?author=1\"}]}<\/script>\n<!-- \/ Yoast SEO plugin. -->","yoast_head_json":{"title":"Mi\u00e9rcoles Santo - El sitio del P. Ignacio Fern\u00e1ndez Gonz\u00e1lez","robots":{"index":"index","follow":"follow","max-snippet":"max-snippet:-1","max-image-preview":"max-image-preview:large","max-video-preview":"max-video-preview:-1"},"canonical":"http:\/\/igfergon.com.mx\/?p=1579","og_locale":"es_ES","og_type":"article","og_title":"Mi\u00e9rcoles Santo - El sitio del P. Ignacio Fern\u00e1ndez Gonz\u00e1lez","og_description":"Mt 26, 14-25 Hemos escuchado hoy en el evangelio, la traici\u00f3n de Judas.&nbsp; La traici\u00f3n acaba con el amor m\u00e1s perfecto: el amor de la amistad.&nbsp; La traici\u00f3n mata el amor, en su ra\u00edz. \u00bfC\u00f3mo se llega a la traici\u00f3n? Primero por el deseo desmedido de intereses materiales: el dinero, que me lleva al poder &hellip; Continuar leyendo \"Mi\u00e9rcoles Santo\"","og_url":"http:\/\/igfergon.com.mx\/?p=1579","og_site_name":"El sitio del P. Ignacio Fern\u00e1ndez Gonz\u00e1lez","article_publisher":"https:\/\/www.facebook.com\/","article_published_time":"2020-04-08T08:41:12+00:00","article_modified_time":"2020-04-08T08:41:21+00:00","author":"igfergon.com.mx","twitter_card":"summary_large_image","twitter_misc":{"Escrito por":"igfergon.com.mx","Tiempo de lectura":"4 minutos"},"schema":{"@context":"https:\/\/schema.org","@graph":[{"@type":"Article","@id":"http:\/\/igfergon.com.mx\/?p=1579#article","isPartOf":{"@id":"http:\/\/igfergon.com.mx\/?p=1579"},"author":{"name":"igfergon.com.mx","@id":"http:\/\/igfergon.com.mx\/#\/schema\/person\/b42517895faefafe2a81218226d90957"},"headline":"Mi\u00e9rcoles Santo","datePublished":"2020-04-08T08:41:12+00:00","dateModified":"2020-04-08T08:41:21+00:00","mainEntityOfPage":{"@id":"http:\/\/igfergon.com.mx\/?p=1579"},"wordCount":848,"commentCount":0,"publisher":{"@id":"http:\/\/igfergon.com.mx\/#organization"},"keywords":["comentario evangelio","Homil\u00eda","homil\u00eda diaria","liturgia","Mi\u00e9rcoles Santo"],"articleSection":["comentario al evangelio","homil\u00eda","homil\u00eda diaria","liturgia"],"inLanguage":"es","potentialAction":[{"@type":"CommentAction","name":"Comment","target":["http:\/\/igfergon.com.mx\/?p=1579#respond"]}]},{"@type":"WebPage","@id":"http:\/\/igfergon.com.mx\/?p=1579","url":"http:\/\/igfergon.com.mx\/?p=1579","name":"Mi\u00e9rcoles Santo - El sitio del P. Ignacio Fern\u00e1ndez Gonz\u00e1lez","isPartOf":{"@id":"http:\/\/igfergon.com.mx\/#website"},"datePublished":"2020-04-08T08:41:12+00:00","dateModified":"2020-04-08T08:41:21+00:00","breadcrumb":{"@id":"http:\/\/igfergon.com.mx\/?p=1579#breadcrumb"},"inLanguage":"es","potentialAction":[{"@type":"ReadAction","target":["http:\/\/igfergon.com.mx\/?p=1579"]}]},{"@type":"BreadcrumbList","@id":"http:\/\/igfergon.com.mx\/?p=1579#breadcrumb","itemListElement":[{"@type":"ListItem","position":1,"name":"Portada","item":"http:\/\/igfergon.com.mx\/"},{"@type":"ListItem","position":2,"name":"Mi\u00e9rcoles Santo"}]},{"@type":"WebSite","@id":"http:\/\/igfergon.com.mx\/#website","url":"http:\/\/igfergon.com.mx\/","name":"El sitio del P. Ignacio Fern\u00e1ndez Gonz\u00e1lez","description":"Para Ayudarte","publisher":{"@id":"http:\/\/igfergon.com.mx\/#organization"},"potentialAction":[{"@type":"SearchAction","target":{"@type":"EntryPoint","urlTemplate":"http:\/\/igfergon.com.mx\/?s={search_term_string}"},"query-input":{"@type":"PropertyValueSpecification","valueRequired":true,"valueName":"search_term_string"}}],"inLanguage":"es"},{"@type":"Organization","@id":"http:\/\/igfergon.com.mx\/#organization","name":"El sitio del P. Ignacio Fern\u00e1ndez Gonz\u00e1lez","url":"http:\/\/igfergon.com.mx\/","logo":{"@type":"ImageObject","inLanguage":"es","@id":"http:\/\/igfergon.com.mx\/#\/schema\/logo\/image\/","url":"http:\/\/igfergon.com.mx\/wp-content\/uploads\/2018\/09\/cropped-ORDNACION02-2.jpg","contentUrl":"http:\/\/igfergon.com.mx\/wp-content\/uploads\/2018\/09\/cropped-ORDNACION02-2.jpg","width":250,"height":250,"caption":"El sitio del P. Ignacio Fern\u00e1ndez Gonz\u00e1lez"},"image":{"@id":"http:\/\/igfergon.com.mx\/#\/schema\/logo\/image\/"},"sameAs":["https:\/\/www.facebook.com\/"]},{"@type":"Person","@id":"http:\/\/igfergon.com.mx\/#\/schema\/person\/b42517895faefafe2a81218226d90957","name":"igfergon.com.mx","image":{"@type":"ImageObject","inLanguage":"es","@id":"http:\/\/igfergon.com.mx\/#\/schema\/person\/image\/","url":"https:\/\/secure.gravatar.com\/avatar\/9fd60c5591f2c6b18e76a917a69f35b0732f8532b3679d0132b3503b545db7a6?s=96&d=mm&r=g","contentUrl":"https:\/\/secure.gravatar.com\/avatar\/9fd60c5591f2c6b18e76a917a69f35b0732f8532b3679d0132b3503b545db7a6?s=96&d=mm&r=g","caption":"igfergon.com.mx"},"url":"http:\/\/igfergon.com.mx\/?author=1"}]}},"_links":{"self":[{"href":"http:\/\/igfergon.com.mx\/index.php?rest_route=\/wp\/v2\/posts\/1579","targetHints":{"allow":["GET"]}}],"collection":[{"href":"http:\/\/igfergon.com.mx\/index.php?rest_route=\/wp\/v2\/posts"}],"about":[{"href":"http:\/\/igfergon.com.mx\/index.php?rest_route=\/wp\/v2\/types\/post"}],"author":[{"embeddable":true,"href":"http:\/\/igfergon.com.mx\/index.php?rest_route=\/wp\/v2\/users\/1"}],"replies":[{"embeddable":true,"href":"http:\/\/igfergon.com.mx\/index.php?rest_route=%2Fwp%2Fv2%2Fcomments&post=1579"}],"version-history":[{"count":1,"href":"http:\/\/igfergon.com.mx\/index.php?rest_route=\/wp\/v2\/posts\/1579\/revisions"}],"predecessor-version":[{"id":1580,"href":"http:\/\/igfergon.com.mx\/index.php?rest_route=\/wp\/v2\/posts\/1579\/revisions\/1580"}],"wp:attachment":[{"href":"http:\/\/igfergon.com.mx\/index.php?rest_route=%2Fwp%2Fv2%2Fmedia&parent=1579"}],"wp:term":[{"taxonomy":"category","embeddable":true,"href":"http:\/\/igfergon.com.mx\/index.php?rest_route=%2Fwp%2Fv2%2Fcategories&post=1579"},{"taxonomy":"post_tag","embeddable":true,"href":"http:\/\/igfergon.com.mx\/index.php?rest_route=%2Fwp%2Fv2%2Ftags&post=1579"}],"curies":[{"name":"wp","href":"https:\/\/api.w.org\/{rel}","templated":true}]}}