{"id":1659,"date":"2020-05-06T10:17:12","date_gmt":"2020-05-06T08:17:12","guid":{"rendered":"http:\/\/igfergon.com.mx\/?p=1659"},"modified":"2020-05-06T10:17:23","modified_gmt":"2020-05-06T08:17:23","slug":"miercoles-de-la-iv-semana-de-pascua","status":"publish","type":"post","link":"http:\/\/igfergon.com.mx\/?p=1659","title":{"rendered":"Mi\u00e9rcoles de la IV semana de Pascua"},"content":{"rendered":"\n<p><strong>Jn 12,44-50<\/strong><\/p>\n\n\n\n<p>Ahora hay luces potentes que nos ciegan y deslumbran, en tiempos de Jes\u00fas las luces eran mucho m\u00e1s d\u00e9biles, pero mucho m\u00e1s necesarias. Ahora nos hemos acostumbrado a las luces artificiales y vivimos mucho m\u00e1s tiempo\u00a0 alumbrados por ellas que por la luz natural. Quiz\u00e1s por eso mismo no le damos importancia. Pero el d\u00eda que por cualquier motivo se \u201cha ido la luz\u201d, nos sentimos in\u00fatiles, pues casi nada puede funcionar: ordenadores, aparatos, cocina, tel\u00e9fonos, motores, nos sentimos perdidos.\u00a0<\/p>\n\n\n\n<p>Quiz\u00e1s esto nos ayude a entender porque Cristo nos dice que \u00c9l es la luz y que ha venido para que todo el que crea en \u00c9l no viva en tinieblas. Sin \u00c9l nada podemos hacer. La luz manifiesta las obras.&nbsp;<\/p>\n\n\n\n<p>Cuando caminamos en la oscuridad tropezamos con todos los objetos y nos produce temor. Cuando caminamos en la luz, aunque haya los mismos o peores obst\u00e1culos, podemos esquivarlos sin tropezar. Con Cristo podemos caminar y avanzar a pesar de que haya problemas y dificultades. Con Cristo no tememos aunque estemos amenazados. Claro que hay quien prefiere vivir en las tinieblas.&nbsp;<\/p>\n\n\n\n<p>Al amparo de la oscuridad se dice la mentira, se roba, se enga\u00f1a, se vive una vida falsa y doble. La luz viene a descubrir todas estas falsedades y descubre a quien hace el mal o vive en la mentira. No es que la luz condene, sino que la luz pone en evidencia a quien hace el mal.&nbsp;<\/p>\n\n\n\n<p>La luz fortalece, esclarece y ayuda, pero necesitamos dejarnos iluminar. Hoy pensemos en Cristo como luz que nos ilumina a cada uno de nosotros. Donde quiera que este d\u00eda vayamos sintamos ese resplandor que nos acompa\u00f1a, que nos ilumina y que nos hace discernir lo bueno de lo malo, lo que ayuda, une y fortalece. \u00a1Que Cristo sea verdaderamente nuestra luz!&nbsp;<\/p>\n","protected":false},"excerpt":{"rendered":"<p>Jn 12,44-50 Ahora hay luces potentes que nos ciegan y deslumbran, en tiempos de Jes\u00fas las luces eran mucho m\u00e1s d\u00e9biles, pero mucho m\u00e1s necesarias. Ahora nos hemos acostumbrado a las luces artificiales y vivimos mucho m\u00e1s tiempo\u00a0 alumbrados por ellas que por la luz natural. Quiz\u00e1s por eso mismo no le damos importancia. Pero &hellip; <\/p>\n<p class=\"link-more\"><a href=\"http:\/\/igfergon.com.mx\/?p=1659\" class=\"more-link\">Continuar leyendo<span class=\"screen-reader-text\"> \u00abMi\u00e9rcoles de la IV semana de Pascua\u00bb<\/span><\/a><\/p>\n","protected":false},"author":1,"featured_media":0,"comment_status":"open","ping_status":"open","sticky":false,"template":"","format":"standard","meta":{"footnotes":""},"categories":[13,14,10,1],"tags":[21,8,6,42,7],"class_list":["post-1659","post","type-post","status-publish","format-standard","hentry","category-comentario-al-evangelio","category-homilia","category-homilia-diaria","category-uncategorized","tag-comentario-al-evangelio","tag-homilia","tag-homilia-diaria","tag-jueves-de-la-iv-semana-de-pascua","tag-liturgia"],"yoast_head":"<!-- This site is optimized with the Yoast SEO plugin v26.0 - https:\/\/yoast.com\/wordpress\/plugins\/seo\/ -->\n<title>Mi\u00e9rcoles de la IV semana de Pascua - El sitio del P. Ignacio Fern\u00e1ndez Gonz\u00e1lez<\/title>\n<meta name=\"robots\" content=\"index, follow, max-snippet:-1, max-image-preview:large, max-video-preview:-1\" \/>\n<link rel=\"canonical\" href=\"http:\/\/igfergon.com.mx\/?p=1659\" \/>\n<meta property=\"og:locale\" content=\"es_ES\" \/>\n<meta property=\"og:type\" content=\"article\" \/>\n<meta property=\"og:title\" content=\"Mi\u00e9rcoles de la IV semana de Pascua - El sitio del P. Ignacio Fern\u00e1ndez Gonz\u00e1lez\" \/>\n<meta property=\"og:description\" content=\"Jn 12,44-50 Ahora hay luces potentes que nos ciegan y deslumbran, en tiempos de Jes\u00fas las luces eran mucho m\u00e1s d\u00e9biles, pero mucho m\u00e1s necesarias. Ahora nos hemos acostumbrado a las luces artificiales y vivimos mucho m\u00e1s tiempo\u00a0 alumbrados por ellas que por la luz natural. Quiz\u00e1s por eso mismo no le damos importancia. Pero &hellip; Continuar leyendo &quot;Mi\u00e9rcoles de la IV semana de Pascua&quot;\" \/>\n<meta property=\"og:url\" content=\"http:\/\/igfergon.com.mx\/?p=1659\" \/>\n<meta property=\"og:site_name\" content=\"El sitio del P. Ignacio Fern\u00e1ndez Gonz\u00e1lez\" \/>\n<meta property=\"article:publisher\" content=\"https:\/\/www.facebook.com\/\" \/>\n<meta property=\"article:published_time\" content=\"2020-05-06T08:17:12+00:00\" \/>\n<meta property=\"article:modified_time\" content=\"2020-05-06T08:17:23+00:00\" \/>\n<meta name=\"author\" content=\"igfergon.com.mx\" \/>\n<meta name=\"twitter:card\" content=\"summary_large_image\" \/>\n<meta name=\"twitter:label1\" content=\"Escrito por\" \/>\n\t<meta name=\"twitter:data1\" content=\"igfergon.com.mx\" \/>\n\t<meta name=\"twitter:label2\" content=\"Tiempo de lectura\" \/>\n\t<meta name=\"twitter:data2\" content=\"2 minutos\" \/>\n<script type=\"application\/ld+json\" class=\"yoast-schema-graph\">{\"@context\":\"https:\/\/schema.org\",\"@graph\":[{\"@type\":\"Article\",\"@id\":\"http:\/\/igfergon.com.mx\/?p=1659#article\",\"isPartOf\":{\"@id\":\"http:\/\/igfergon.com.mx\/?p=1659\"},\"author\":{\"name\":\"igfergon.com.mx\",\"@id\":\"http:\/\/igfergon.com.mx\/#\/schema\/person\/b42517895faefafe2a81218226d90957\"},\"headline\":\"Mi\u00e9rcoles de la IV semana de Pascua\",\"datePublished\":\"2020-05-06T08:17:12+00:00\",\"dateModified\":\"2020-05-06T08:17:23+00:00\",\"mainEntityOfPage\":{\"@id\":\"http:\/\/igfergon.com.mx\/?p=1659\"},\"wordCount\":328,\"commentCount\":0,\"publisher\":{\"@id\":\"http:\/\/igfergon.com.mx\/#organization\"},\"keywords\":[\"\u00b4comentario al evangelio\",\"Homil\u00eda\",\"homil\u00eda diaria\",\"jueves de la IV semana de pascua\",\"liturgia\"],\"articleSection\":[\"comentario al evangelio\",\"homil\u00eda\",\"homil\u00eda diaria\",\"liturgia\"],\"inLanguage\":\"es\",\"potentialAction\":[{\"@type\":\"CommentAction\",\"name\":\"Comment\",\"target\":[\"http:\/\/igfergon.com.mx\/?p=1659#respond\"]}]},{\"@type\":\"WebPage\",\"@id\":\"http:\/\/igfergon.com.mx\/?p=1659\",\"url\":\"http:\/\/igfergon.com.mx\/?p=1659\",\"name\":\"Mi\u00e9rcoles de la IV semana de Pascua - El sitio del P. Ignacio Fern\u00e1ndez Gonz\u00e1lez\",\"isPartOf\":{\"@id\":\"http:\/\/igfergon.com.mx\/#website\"},\"datePublished\":\"2020-05-06T08:17:12+00:00\",\"dateModified\":\"2020-05-06T08:17:23+00:00\",\"breadcrumb\":{\"@id\":\"http:\/\/igfergon.com.mx\/?p=1659#breadcrumb\"},\"inLanguage\":\"es\",\"potentialAction\":[{\"@type\":\"ReadAction\",\"target\":[\"http:\/\/igfergon.com.mx\/?p=1659\"]}]},{\"@type\":\"BreadcrumbList\",\"@id\":\"http:\/\/igfergon.com.mx\/?p=1659#breadcrumb\",\"itemListElement\":[{\"@type\":\"ListItem\",\"position\":1,\"name\":\"Portada\",\"item\":\"http:\/\/igfergon.com.mx\/\"},{\"@type\":\"ListItem\",\"position\":2,\"name\":\"Mi\u00e9rcoles de la IV semana de Pascua\"}]},{\"@type\":\"WebSite\",\"@id\":\"http:\/\/igfergon.com.mx\/#website\",\"url\":\"http:\/\/igfergon.com.mx\/\",\"name\":\"El sitio del P. Ignacio Fern\u00e1ndez Gonz\u00e1lez\",\"description\":\"Para Ayudarte\",\"publisher\":{\"@id\":\"http:\/\/igfergon.com.mx\/#organization\"},\"potentialAction\":[{\"@type\":\"SearchAction\",\"target\":{\"@type\":\"EntryPoint\",\"urlTemplate\":\"http:\/\/igfergon.com.mx\/?s={search_term_string}\"},\"query-input\":{\"@type\":\"PropertyValueSpecification\",\"valueRequired\":true,\"valueName\":\"search_term_string\"}}],\"inLanguage\":\"es\"},{\"@type\":\"Organization\",\"@id\":\"http:\/\/igfergon.com.mx\/#organization\",\"name\":\"El sitio del P. Ignacio Fern\u00e1ndez Gonz\u00e1lez\",\"url\":\"http:\/\/igfergon.com.mx\/\",\"logo\":{\"@type\":\"ImageObject\",\"inLanguage\":\"es\",\"@id\":\"http:\/\/igfergon.com.mx\/#\/schema\/logo\/image\/\",\"url\":\"http:\/\/igfergon.com.mx\/wp-content\/uploads\/2018\/09\/cropped-ORDNACION02-2.jpg\",\"contentUrl\":\"http:\/\/igfergon.com.mx\/wp-content\/uploads\/2018\/09\/cropped-ORDNACION02-2.jpg\",\"width\":250,\"height\":250,\"caption\":\"El sitio del P. Ignacio Fern\u00e1ndez Gonz\u00e1lez\"},\"image\":{\"@id\":\"http:\/\/igfergon.com.mx\/#\/schema\/logo\/image\/\"},\"sameAs\":[\"https:\/\/www.facebook.com\/\"]},{\"@type\":\"Person\",\"@id\":\"http:\/\/igfergon.com.mx\/#\/schema\/person\/b42517895faefafe2a81218226d90957\",\"name\":\"igfergon.com.mx\",\"image\":{\"@type\":\"ImageObject\",\"inLanguage\":\"es\",\"@id\":\"http:\/\/igfergon.com.mx\/#\/schema\/person\/image\/\",\"url\":\"https:\/\/secure.gravatar.com\/avatar\/9fd60c5591f2c6b18e76a917a69f35b0732f8532b3679d0132b3503b545db7a6?s=96&d=mm&r=g\",\"contentUrl\":\"https:\/\/secure.gravatar.com\/avatar\/9fd60c5591f2c6b18e76a917a69f35b0732f8532b3679d0132b3503b545db7a6?s=96&d=mm&r=g\",\"caption\":\"igfergon.com.mx\"},\"url\":\"http:\/\/igfergon.com.mx\/?author=1\"}]}<\/script>\n<!-- \/ Yoast SEO plugin. -->","yoast_head_json":{"title":"Mi\u00e9rcoles de la IV semana de Pascua - El sitio del P. Ignacio Fern\u00e1ndez Gonz\u00e1lez","robots":{"index":"index","follow":"follow","max-snippet":"max-snippet:-1","max-image-preview":"max-image-preview:large","max-video-preview":"max-video-preview:-1"},"canonical":"http:\/\/igfergon.com.mx\/?p=1659","og_locale":"es_ES","og_type":"article","og_title":"Mi\u00e9rcoles de la IV semana de Pascua - El sitio del P. Ignacio Fern\u00e1ndez Gonz\u00e1lez","og_description":"Jn 12,44-50 Ahora hay luces potentes que nos ciegan y deslumbran, en tiempos de Jes\u00fas las luces eran mucho m\u00e1s d\u00e9biles, pero mucho m\u00e1s necesarias. Ahora nos hemos acostumbrado a las luces artificiales y vivimos mucho m\u00e1s tiempo\u00a0 alumbrados por ellas que por la luz natural. Quiz\u00e1s por eso mismo no le damos importancia. Pero &hellip; Continuar leyendo \"Mi\u00e9rcoles de la IV semana de Pascua\"","og_url":"http:\/\/igfergon.com.mx\/?p=1659","og_site_name":"El sitio del P. Ignacio Fern\u00e1ndez Gonz\u00e1lez","article_publisher":"https:\/\/www.facebook.com\/","article_published_time":"2020-05-06T08:17:12+00:00","article_modified_time":"2020-05-06T08:17:23+00:00","author":"igfergon.com.mx","twitter_card":"summary_large_image","twitter_misc":{"Escrito por":"igfergon.com.mx","Tiempo de lectura":"2 minutos"},"schema":{"@context":"https:\/\/schema.org","@graph":[{"@type":"Article","@id":"http:\/\/igfergon.com.mx\/?p=1659#article","isPartOf":{"@id":"http:\/\/igfergon.com.mx\/?p=1659"},"author":{"name":"igfergon.com.mx","@id":"http:\/\/igfergon.com.mx\/#\/schema\/person\/b42517895faefafe2a81218226d90957"},"headline":"Mi\u00e9rcoles de la IV semana de Pascua","datePublished":"2020-05-06T08:17:12+00:00","dateModified":"2020-05-06T08:17:23+00:00","mainEntityOfPage":{"@id":"http:\/\/igfergon.com.mx\/?p=1659"},"wordCount":328,"commentCount":0,"publisher":{"@id":"http:\/\/igfergon.com.mx\/#organization"},"keywords":["\u00b4comentario al evangelio","Homil\u00eda","homil\u00eda diaria","jueves de la IV semana de pascua","liturgia"],"articleSection":["comentario al evangelio","homil\u00eda","homil\u00eda diaria","liturgia"],"inLanguage":"es","potentialAction":[{"@type":"CommentAction","name":"Comment","target":["http:\/\/igfergon.com.mx\/?p=1659#respond"]}]},{"@type":"WebPage","@id":"http:\/\/igfergon.com.mx\/?p=1659","url":"http:\/\/igfergon.com.mx\/?p=1659","name":"Mi\u00e9rcoles de la IV semana de Pascua - El sitio del P. Ignacio Fern\u00e1ndez Gonz\u00e1lez","isPartOf":{"@id":"http:\/\/igfergon.com.mx\/#website"},"datePublished":"2020-05-06T08:17:12+00:00","dateModified":"2020-05-06T08:17:23+00:00","breadcrumb":{"@id":"http:\/\/igfergon.com.mx\/?p=1659#breadcrumb"},"inLanguage":"es","potentialAction":[{"@type":"ReadAction","target":["http:\/\/igfergon.com.mx\/?p=1659"]}]},{"@type":"BreadcrumbList","@id":"http:\/\/igfergon.com.mx\/?p=1659#breadcrumb","itemListElement":[{"@type":"ListItem","position":1,"name":"Portada","item":"http:\/\/igfergon.com.mx\/"},{"@type":"ListItem","position":2,"name":"Mi\u00e9rcoles de la IV semana de Pascua"}]},{"@type":"WebSite","@id":"http:\/\/igfergon.com.mx\/#website","url":"http:\/\/igfergon.com.mx\/","name":"El sitio del P. Ignacio Fern\u00e1ndez Gonz\u00e1lez","description":"Para Ayudarte","publisher":{"@id":"http:\/\/igfergon.com.mx\/#organization"},"potentialAction":[{"@type":"SearchAction","target":{"@type":"EntryPoint","urlTemplate":"http:\/\/igfergon.com.mx\/?s={search_term_string}"},"query-input":{"@type":"PropertyValueSpecification","valueRequired":true,"valueName":"search_term_string"}}],"inLanguage":"es"},{"@type":"Organization","@id":"http:\/\/igfergon.com.mx\/#organization","name":"El sitio del P. Ignacio Fern\u00e1ndez Gonz\u00e1lez","url":"http:\/\/igfergon.com.mx\/","logo":{"@type":"ImageObject","inLanguage":"es","@id":"http:\/\/igfergon.com.mx\/#\/schema\/logo\/image\/","url":"http:\/\/igfergon.com.mx\/wp-content\/uploads\/2018\/09\/cropped-ORDNACION02-2.jpg","contentUrl":"http:\/\/igfergon.com.mx\/wp-content\/uploads\/2018\/09\/cropped-ORDNACION02-2.jpg","width":250,"height":250,"caption":"El sitio del P. Ignacio Fern\u00e1ndez Gonz\u00e1lez"},"image":{"@id":"http:\/\/igfergon.com.mx\/#\/schema\/logo\/image\/"},"sameAs":["https:\/\/www.facebook.com\/"]},{"@type":"Person","@id":"http:\/\/igfergon.com.mx\/#\/schema\/person\/b42517895faefafe2a81218226d90957","name":"igfergon.com.mx","image":{"@type":"ImageObject","inLanguage":"es","@id":"http:\/\/igfergon.com.mx\/#\/schema\/person\/image\/","url":"https:\/\/secure.gravatar.com\/avatar\/9fd60c5591f2c6b18e76a917a69f35b0732f8532b3679d0132b3503b545db7a6?s=96&d=mm&r=g","contentUrl":"https:\/\/secure.gravatar.com\/avatar\/9fd60c5591f2c6b18e76a917a69f35b0732f8532b3679d0132b3503b545db7a6?s=96&d=mm&r=g","caption":"igfergon.com.mx"},"url":"http:\/\/igfergon.com.mx\/?author=1"}]}},"_links":{"self":[{"href":"http:\/\/igfergon.com.mx\/index.php?rest_route=\/wp\/v2\/posts\/1659","targetHints":{"allow":["GET"]}}],"collection":[{"href":"http:\/\/igfergon.com.mx\/index.php?rest_route=\/wp\/v2\/posts"}],"about":[{"href":"http:\/\/igfergon.com.mx\/index.php?rest_route=\/wp\/v2\/types\/post"}],"author":[{"embeddable":true,"href":"http:\/\/igfergon.com.mx\/index.php?rest_route=\/wp\/v2\/users\/1"}],"replies":[{"embeddable":true,"href":"http:\/\/igfergon.com.mx\/index.php?rest_route=%2Fwp%2Fv2%2Fcomments&post=1659"}],"version-history":[{"count":1,"href":"http:\/\/igfergon.com.mx\/index.php?rest_route=\/wp\/v2\/posts\/1659\/revisions"}],"predecessor-version":[{"id":1660,"href":"http:\/\/igfergon.com.mx\/index.php?rest_route=\/wp\/v2\/posts\/1659\/revisions\/1660"}],"wp:attachment":[{"href":"http:\/\/igfergon.com.mx\/index.php?rest_route=%2Fwp%2Fv2%2Fmedia&parent=1659"}],"wp:term":[{"taxonomy":"category","embeddable":true,"href":"http:\/\/igfergon.com.mx\/index.php?rest_route=%2Fwp%2Fv2%2Fcategories&post=1659"},{"taxonomy":"post_tag","embeddable":true,"href":"http:\/\/igfergon.com.mx\/index.php?rest_route=%2Fwp%2Fv2%2Ftags&post=1659"}],"curies":[{"name":"wp","href":"https:\/\/api.w.org\/{rel}","templated":true}]}}