{"id":1705,"date":"2020-05-26T12:16:49","date_gmt":"2020-05-26T10:16:49","guid":{"rendered":"http:\/\/igfergon.com.mx\/?p=1705"},"modified":"2020-05-26T12:16:57","modified_gmt":"2020-05-26T10:16:57","slug":"martes-de-la-vii-semana-de-pascua","status":"publish","type":"post","link":"http:\/\/igfergon.com.mx\/?p=1705","title":{"rendered":"Martes de la VII semana de Pascua"},"content":{"rendered":"\n<p><strong>Jn 17, 1-11<\/strong><\/p>\n\n\n\n<p>Hay momentos que se prestan para hablar de intimidad, hay momentos en el que el coraz\u00f3n habla libremente y hace confesiones.<\/p>\n\n\n\n<p>Hoy nos encontramos tanto a Jes\u00fas como a Pablo en situaciones parecidas. Despedidas muy emotivas que se prestan para dar consejos, para dejar hablar al coraz\u00f3n.<\/p>\n\n\n\n<p>San Juan presenta una escena donde Jes\u00fas se encuentra en este ambiente de despedida y de nostalgia y hace una oraci\u00f3n a su Padre Dios, una oraci\u00f3n de agradecimiento, de reconocimiento y tambi\u00e9n de s\u00faplica. Todo en un ambiente de mucha intimidad.<\/p>\n\n\n\n<p>Manifiesta las razones profundas de todo su actuar y anuncia el momento culminante que ya se acerca.<\/p>\n\n\n\n<p>\u00bfQu\u00e9 es lo que m\u00e1s resalta? Primeramente habla de la glorificaci\u00f3n del Padre. Toda la actuaci\u00f3n de Jes\u00fas tiene como objeto la glorificaci\u00f3n del Padre y la vida de quienes les ha sido confiados. Al acercarse al final, quiere llevar a plenitud esa misi\u00f3n y manifiesta la estrecha uni\u00f3n que hay entre \u00c9l y su Padre. De esa uni\u00f3n participan tambi\u00e9n todos sus disc\u00edpulos. La glorificaci\u00f3n del Padre ser\u00e1 tambi\u00e9n la principal tarea de cada uno de nosotros, porque la glorificaci\u00f3n del Padre ser\u00e1 tambi\u00e9n nuestra felicidad.<\/p>\n\n\n\n<p>La gloria del Padre, la gloria del Hijo ser\u00e1 tambi\u00e9n nuestra tarea. \u201cHe manifestado tu nombre\u00bb. El nombre en la experiencia b\u00edblica representa e indica toda la persona.<\/p>\n\n\n\n<p>Jes\u00fas nos ha manifestado y ha dado a conocer el nombre de Dios, nos ha dado a conocer al mismo Padre y nos invita a participar de su misma vida.<\/p>\n\n\n\n<p>Muy tierna y profunda la oraci\u00f3n con que termina el Evangelio, \u00bb te pido por ellos que t\u00fa me diste y son tuyos\u00bb y los pone en las manos del mismo Padre.<\/p>\n\n\n\n<p>Hoy, acerqu\u00e9monos todos a Jes\u00fas, dejemos que sus palabras de confidencia entren en nuestros corazones y despertemos el deseo de participar en esa misma vida divina a la que nos ha llamado.<\/p>\n","protected":false},"excerpt":{"rendered":"<p>Jn 17, 1-11 Hay momentos que se prestan para hablar de intimidad, hay momentos en el que el coraz\u00f3n habla libremente y hace confesiones. Hoy nos encontramos tanto a Jes\u00fas como a Pablo en situaciones parecidas. Despedidas muy emotivas que se prestan para dar consejos, para dejar hablar al coraz\u00f3n. San Juan presenta una escena &hellip; <\/p>\n<p class=\"link-more\"><a href=\"http:\/\/igfergon.com.mx\/?p=1705\" class=\"more-link\">Continuar leyendo<span class=\"screen-reader-text\"> \u00abMartes de la VII semana de Pascua\u00bb<\/span><\/a><\/p>\n","protected":false},"author":1,"featured_media":0,"comment_status":"open","ping_status":"open","sticky":false,"template":"","format":"standard","meta":{"footnotes":""},"categories":[13,14,10,1],"tags":[21,8,6,7,54],"class_list":["post-1705","post","type-post","status-publish","format-standard","hentry","category-comentario-al-evangelio","category-homilia","category-homilia-diaria","category-uncategorized","tag-comentario-al-evangelio","tag-homilia","tag-homilia-diaria","tag-liturgia","tag-martes-de-la-vii-semana-de-pascua"],"yoast_head":"<!-- This site is optimized with the Yoast SEO plugin v26.0 - https:\/\/yoast.com\/wordpress\/plugins\/seo\/ -->\n<title>Martes de la VII semana de Pascua - El sitio del P. Ignacio Fern\u00e1ndez Gonz\u00e1lez<\/title>\n<meta name=\"robots\" content=\"index, follow, max-snippet:-1, max-image-preview:large, max-video-preview:-1\" \/>\n<link rel=\"canonical\" href=\"http:\/\/igfergon.com.mx\/?p=1705\" \/>\n<meta property=\"og:locale\" content=\"es_ES\" \/>\n<meta property=\"og:type\" content=\"article\" \/>\n<meta property=\"og:title\" content=\"Martes de la VII semana de Pascua - El sitio del P. Ignacio Fern\u00e1ndez Gonz\u00e1lez\" \/>\n<meta property=\"og:description\" content=\"Jn 17, 1-11 Hay momentos que se prestan para hablar de intimidad, hay momentos en el que el coraz\u00f3n habla libremente y hace confesiones. Hoy nos encontramos tanto a Jes\u00fas como a Pablo en situaciones parecidas. Despedidas muy emotivas que se prestan para dar consejos, para dejar hablar al coraz\u00f3n. San Juan presenta una escena &hellip; Continuar leyendo &quot;Martes de la VII semana de Pascua&quot;\" \/>\n<meta property=\"og:url\" content=\"http:\/\/igfergon.com.mx\/?p=1705\" \/>\n<meta property=\"og:site_name\" content=\"El sitio del P. Ignacio Fern\u00e1ndez Gonz\u00e1lez\" \/>\n<meta property=\"article:publisher\" content=\"https:\/\/www.facebook.com\/\" \/>\n<meta property=\"article:published_time\" content=\"2020-05-26T10:16:49+00:00\" \/>\n<meta property=\"article:modified_time\" content=\"2020-05-26T10:16:57+00:00\" \/>\n<meta name=\"author\" content=\"igfergon.com.mx\" \/>\n<meta name=\"twitter:card\" content=\"summary_large_image\" \/>\n<meta name=\"twitter:label1\" content=\"Escrito por\" \/>\n\t<meta name=\"twitter:data1\" content=\"igfergon.com.mx\" \/>\n\t<meta name=\"twitter:label2\" content=\"Tiempo de lectura\" \/>\n\t<meta name=\"twitter:data2\" content=\"2 minutos\" \/>\n<script type=\"application\/ld+json\" class=\"yoast-schema-graph\">{\"@context\":\"https:\/\/schema.org\",\"@graph\":[{\"@type\":\"Article\",\"@id\":\"http:\/\/igfergon.com.mx\/?p=1705#article\",\"isPartOf\":{\"@id\":\"http:\/\/igfergon.com.mx\/?p=1705\"},\"author\":{\"name\":\"igfergon.com.mx\",\"@id\":\"http:\/\/igfergon.com.mx\/#\/schema\/person\/b42517895faefafe2a81218226d90957\"},\"headline\":\"Martes de la VII semana de Pascua\",\"datePublished\":\"2020-05-26T10:16:49+00:00\",\"dateModified\":\"2020-05-26T10:16:57+00:00\",\"mainEntityOfPage\":{\"@id\":\"http:\/\/igfergon.com.mx\/?p=1705\"},\"wordCount\":351,\"commentCount\":0,\"publisher\":{\"@id\":\"http:\/\/igfergon.com.mx\/#organization\"},\"keywords\":[\"\u00b4comentario al evangelio\",\"Homil\u00eda\",\"homil\u00eda diaria\",\"liturgia\",\"martes de la VII semana de pascua\"],\"articleSection\":[\"comentario al evangelio\",\"homil\u00eda\",\"homil\u00eda diaria\",\"liturgia\"],\"inLanguage\":\"es\",\"potentialAction\":[{\"@type\":\"CommentAction\",\"name\":\"Comment\",\"target\":[\"http:\/\/igfergon.com.mx\/?p=1705#respond\"]}]},{\"@type\":\"WebPage\",\"@id\":\"http:\/\/igfergon.com.mx\/?p=1705\",\"url\":\"http:\/\/igfergon.com.mx\/?p=1705\",\"name\":\"Martes de la VII semana de Pascua - El sitio del P. Ignacio Fern\u00e1ndez Gonz\u00e1lez\",\"isPartOf\":{\"@id\":\"http:\/\/igfergon.com.mx\/#website\"},\"datePublished\":\"2020-05-26T10:16:49+00:00\",\"dateModified\":\"2020-05-26T10:16:57+00:00\",\"breadcrumb\":{\"@id\":\"http:\/\/igfergon.com.mx\/?p=1705#breadcrumb\"},\"inLanguage\":\"es\",\"potentialAction\":[{\"@type\":\"ReadAction\",\"target\":[\"http:\/\/igfergon.com.mx\/?p=1705\"]}]},{\"@type\":\"BreadcrumbList\",\"@id\":\"http:\/\/igfergon.com.mx\/?p=1705#breadcrumb\",\"itemListElement\":[{\"@type\":\"ListItem\",\"position\":1,\"name\":\"Portada\",\"item\":\"http:\/\/igfergon.com.mx\/\"},{\"@type\":\"ListItem\",\"position\":2,\"name\":\"Martes de la VII semana de Pascua\"}]},{\"@type\":\"WebSite\",\"@id\":\"http:\/\/igfergon.com.mx\/#website\",\"url\":\"http:\/\/igfergon.com.mx\/\",\"name\":\"El sitio del P. Ignacio Fern\u00e1ndez Gonz\u00e1lez\",\"description\":\"Para Ayudarte\",\"publisher\":{\"@id\":\"http:\/\/igfergon.com.mx\/#organization\"},\"potentialAction\":[{\"@type\":\"SearchAction\",\"target\":{\"@type\":\"EntryPoint\",\"urlTemplate\":\"http:\/\/igfergon.com.mx\/?s={search_term_string}\"},\"query-input\":{\"@type\":\"PropertyValueSpecification\",\"valueRequired\":true,\"valueName\":\"search_term_string\"}}],\"inLanguage\":\"es\"},{\"@type\":\"Organization\",\"@id\":\"http:\/\/igfergon.com.mx\/#organization\",\"name\":\"El sitio del P. Ignacio Fern\u00e1ndez Gonz\u00e1lez\",\"url\":\"http:\/\/igfergon.com.mx\/\",\"logo\":{\"@type\":\"ImageObject\",\"inLanguage\":\"es\",\"@id\":\"http:\/\/igfergon.com.mx\/#\/schema\/logo\/image\/\",\"url\":\"http:\/\/igfergon.com.mx\/wp-content\/uploads\/2018\/09\/cropped-ORDNACION02-2.jpg\",\"contentUrl\":\"http:\/\/igfergon.com.mx\/wp-content\/uploads\/2018\/09\/cropped-ORDNACION02-2.jpg\",\"width\":250,\"height\":250,\"caption\":\"El sitio del P. Ignacio Fern\u00e1ndez Gonz\u00e1lez\"},\"image\":{\"@id\":\"http:\/\/igfergon.com.mx\/#\/schema\/logo\/image\/\"},\"sameAs\":[\"https:\/\/www.facebook.com\/\"]},{\"@type\":\"Person\",\"@id\":\"http:\/\/igfergon.com.mx\/#\/schema\/person\/b42517895faefafe2a81218226d90957\",\"name\":\"igfergon.com.mx\",\"image\":{\"@type\":\"ImageObject\",\"inLanguage\":\"es\",\"@id\":\"http:\/\/igfergon.com.mx\/#\/schema\/person\/image\/\",\"url\":\"https:\/\/secure.gravatar.com\/avatar\/9fd60c5591f2c6b18e76a917a69f35b0732f8532b3679d0132b3503b545db7a6?s=96&d=mm&r=g\",\"contentUrl\":\"https:\/\/secure.gravatar.com\/avatar\/9fd60c5591f2c6b18e76a917a69f35b0732f8532b3679d0132b3503b545db7a6?s=96&d=mm&r=g\",\"caption\":\"igfergon.com.mx\"},\"url\":\"http:\/\/igfergon.com.mx\/?author=1\"}]}<\/script>\n<!-- \/ Yoast SEO plugin. -->","yoast_head_json":{"title":"Martes de la VII semana de Pascua - El sitio del P. Ignacio Fern\u00e1ndez Gonz\u00e1lez","robots":{"index":"index","follow":"follow","max-snippet":"max-snippet:-1","max-image-preview":"max-image-preview:large","max-video-preview":"max-video-preview:-1"},"canonical":"http:\/\/igfergon.com.mx\/?p=1705","og_locale":"es_ES","og_type":"article","og_title":"Martes de la VII semana de Pascua - El sitio del P. Ignacio Fern\u00e1ndez Gonz\u00e1lez","og_description":"Jn 17, 1-11 Hay momentos que se prestan para hablar de intimidad, hay momentos en el que el coraz\u00f3n habla libremente y hace confesiones. Hoy nos encontramos tanto a Jes\u00fas como a Pablo en situaciones parecidas. Despedidas muy emotivas que se prestan para dar consejos, para dejar hablar al coraz\u00f3n. San Juan presenta una escena &hellip; Continuar leyendo \"Martes de la VII semana de Pascua\"","og_url":"http:\/\/igfergon.com.mx\/?p=1705","og_site_name":"El sitio del P. Ignacio Fern\u00e1ndez Gonz\u00e1lez","article_publisher":"https:\/\/www.facebook.com\/","article_published_time":"2020-05-26T10:16:49+00:00","article_modified_time":"2020-05-26T10:16:57+00:00","author":"igfergon.com.mx","twitter_card":"summary_large_image","twitter_misc":{"Escrito por":"igfergon.com.mx","Tiempo de lectura":"2 minutos"},"schema":{"@context":"https:\/\/schema.org","@graph":[{"@type":"Article","@id":"http:\/\/igfergon.com.mx\/?p=1705#article","isPartOf":{"@id":"http:\/\/igfergon.com.mx\/?p=1705"},"author":{"name":"igfergon.com.mx","@id":"http:\/\/igfergon.com.mx\/#\/schema\/person\/b42517895faefafe2a81218226d90957"},"headline":"Martes de la VII semana de Pascua","datePublished":"2020-05-26T10:16:49+00:00","dateModified":"2020-05-26T10:16:57+00:00","mainEntityOfPage":{"@id":"http:\/\/igfergon.com.mx\/?p=1705"},"wordCount":351,"commentCount":0,"publisher":{"@id":"http:\/\/igfergon.com.mx\/#organization"},"keywords":["\u00b4comentario al evangelio","Homil\u00eda","homil\u00eda diaria","liturgia","martes de la VII semana de pascua"],"articleSection":["comentario al evangelio","homil\u00eda","homil\u00eda diaria","liturgia"],"inLanguage":"es","potentialAction":[{"@type":"CommentAction","name":"Comment","target":["http:\/\/igfergon.com.mx\/?p=1705#respond"]}]},{"@type":"WebPage","@id":"http:\/\/igfergon.com.mx\/?p=1705","url":"http:\/\/igfergon.com.mx\/?p=1705","name":"Martes de la VII semana de Pascua - El sitio del P. Ignacio Fern\u00e1ndez Gonz\u00e1lez","isPartOf":{"@id":"http:\/\/igfergon.com.mx\/#website"},"datePublished":"2020-05-26T10:16:49+00:00","dateModified":"2020-05-26T10:16:57+00:00","breadcrumb":{"@id":"http:\/\/igfergon.com.mx\/?p=1705#breadcrumb"},"inLanguage":"es","potentialAction":[{"@type":"ReadAction","target":["http:\/\/igfergon.com.mx\/?p=1705"]}]},{"@type":"BreadcrumbList","@id":"http:\/\/igfergon.com.mx\/?p=1705#breadcrumb","itemListElement":[{"@type":"ListItem","position":1,"name":"Portada","item":"http:\/\/igfergon.com.mx\/"},{"@type":"ListItem","position":2,"name":"Martes de la VII semana de Pascua"}]},{"@type":"WebSite","@id":"http:\/\/igfergon.com.mx\/#website","url":"http:\/\/igfergon.com.mx\/","name":"El sitio del P. Ignacio Fern\u00e1ndez Gonz\u00e1lez","description":"Para Ayudarte","publisher":{"@id":"http:\/\/igfergon.com.mx\/#organization"},"potentialAction":[{"@type":"SearchAction","target":{"@type":"EntryPoint","urlTemplate":"http:\/\/igfergon.com.mx\/?s={search_term_string}"},"query-input":{"@type":"PropertyValueSpecification","valueRequired":true,"valueName":"search_term_string"}}],"inLanguage":"es"},{"@type":"Organization","@id":"http:\/\/igfergon.com.mx\/#organization","name":"El sitio del P. Ignacio Fern\u00e1ndez Gonz\u00e1lez","url":"http:\/\/igfergon.com.mx\/","logo":{"@type":"ImageObject","inLanguage":"es","@id":"http:\/\/igfergon.com.mx\/#\/schema\/logo\/image\/","url":"http:\/\/igfergon.com.mx\/wp-content\/uploads\/2018\/09\/cropped-ORDNACION02-2.jpg","contentUrl":"http:\/\/igfergon.com.mx\/wp-content\/uploads\/2018\/09\/cropped-ORDNACION02-2.jpg","width":250,"height":250,"caption":"El sitio del P. Ignacio Fern\u00e1ndez Gonz\u00e1lez"},"image":{"@id":"http:\/\/igfergon.com.mx\/#\/schema\/logo\/image\/"},"sameAs":["https:\/\/www.facebook.com\/"]},{"@type":"Person","@id":"http:\/\/igfergon.com.mx\/#\/schema\/person\/b42517895faefafe2a81218226d90957","name":"igfergon.com.mx","image":{"@type":"ImageObject","inLanguage":"es","@id":"http:\/\/igfergon.com.mx\/#\/schema\/person\/image\/","url":"https:\/\/secure.gravatar.com\/avatar\/9fd60c5591f2c6b18e76a917a69f35b0732f8532b3679d0132b3503b545db7a6?s=96&d=mm&r=g","contentUrl":"https:\/\/secure.gravatar.com\/avatar\/9fd60c5591f2c6b18e76a917a69f35b0732f8532b3679d0132b3503b545db7a6?s=96&d=mm&r=g","caption":"igfergon.com.mx"},"url":"http:\/\/igfergon.com.mx\/?author=1"}]}},"_links":{"self":[{"href":"http:\/\/igfergon.com.mx\/index.php?rest_route=\/wp\/v2\/posts\/1705","targetHints":{"allow":["GET"]}}],"collection":[{"href":"http:\/\/igfergon.com.mx\/index.php?rest_route=\/wp\/v2\/posts"}],"about":[{"href":"http:\/\/igfergon.com.mx\/index.php?rest_route=\/wp\/v2\/types\/post"}],"author":[{"embeddable":true,"href":"http:\/\/igfergon.com.mx\/index.php?rest_route=\/wp\/v2\/users\/1"}],"replies":[{"embeddable":true,"href":"http:\/\/igfergon.com.mx\/index.php?rest_route=%2Fwp%2Fv2%2Fcomments&post=1705"}],"version-history":[{"count":1,"href":"http:\/\/igfergon.com.mx\/index.php?rest_route=\/wp\/v2\/posts\/1705\/revisions"}],"predecessor-version":[{"id":1706,"href":"http:\/\/igfergon.com.mx\/index.php?rest_route=\/wp\/v2\/posts\/1705\/revisions\/1706"}],"wp:attachment":[{"href":"http:\/\/igfergon.com.mx\/index.php?rest_route=%2Fwp%2Fv2%2Fmedia&parent=1705"}],"wp:term":[{"taxonomy":"category","embeddable":true,"href":"http:\/\/igfergon.com.mx\/index.php?rest_route=%2Fwp%2Fv2%2Fcategories&post=1705"},{"taxonomy":"post_tag","embeddable":true,"href":"http:\/\/igfergon.com.mx\/index.php?rest_route=%2Fwp%2Fv2%2Ftags&post=1705"}],"curies":[{"name":"wp","href":"https:\/\/api.w.org\/{rel}","templated":true}]}}