{"id":1890,"date":"2020-08-10T11:37:01","date_gmt":"2020-08-10T09:37:01","guid":{"rendered":"http:\/\/igfergon.com.mx\/?p=1890"},"modified":"2020-08-10T11:37:08","modified_gmt":"2020-08-10T09:37:08","slug":"lunes-de-la-xix-semana-del-tiempo-ordinario","status":"publish","type":"post","link":"http:\/\/igfergon.com.mx\/?p=1890","title":{"rendered":"Lunes de la XIX Semana del Tiempo Ordinario"},"content":{"rendered":"\n<p>Celebra la Iglesia el d\u00eda de hoy la fiesta del di\u00e1cono y m\u00e1rtir San Lorenzo.<\/p>\n\n\n\n<p>Este famoso di\u00e1cono, miembro de la Iglesia de Roma, realmente llev\u00f3 a plenitud lo que significa la palabra di\u00e1cono, esto es, servidor.<\/p>\n\n\n\n<p>Cumpli\u00f3 su servicio haciendo bien a los pobres, cumpli\u00f3 su servicio atendiendo al altar, cumpli\u00f3 su servicio exponiendo la Palabra y cumpli\u00f3 su servicio entregando su propia vida en un martirio cruel: fue asado vivo. De esta manera, Lorenzo es como una imagen completa de los que significa el servicio en la Iglesia.<\/p>\n\n\n\n<p><em>Las autoridades del Imperio, \u00e1vidas de riqueza, sospechaban de este hombre. Y una vez apresado, le pidieron que entregara los tesoros de la Iglesia; Lorenzo no se resisti\u00f3, condujo a los que tales improperios e imprecaciones le dec\u00edan, a una sala donde se encontraba un buen n\u00famero de pobres de los que \u00e9l atend\u00eda diariamente, y les dijo: \u00abEstos son los tesoros de la Iglesia\u00bb. La respuesta es infinita en su sabidur\u00eda a poco que uno la piense<\/em>.<\/p>\n\n\n\n<p>Pero no bast\u00f3 y no gust\u00f3 a sus detractores que, a\u00f1adieron este motivo a los otros que ten\u00edan para enemistarse con \u00e9l, y lo condujeron finalmente a la horrible muerte que nos recuerda la historia. Y sin embargo, era Cristo a quien serv\u00eda en la persona de esos pobres, y era el pobre entre los pobres Aquel que por nosotros se hizo pobre para enriqueci\u00e9ramos con su pobreza; era a ese Pobre al que Lorenzo ofrec\u00eda, cuando daba la Sagrada Comuni\u00f3n, y era de ese Pobre de quien hablaba cuando expon\u00eda la Escritura.<\/p>\n\n\n\n<p>De esta manera, Lorenzo, siendo de todos, era s\u00f3lo de Cristo, y siendo s\u00f3lo de Cristo, era servidor de todos. En realidad, \u00e9l se hab\u00eda hecho esclavo de Cristo, y por eso no pod\u00eda alejarse de los pobres, que son como un sacramento permanente de Jes\u00fas en la sociedad.<\/p>\n\n\n\n<p><em>Se hab\u00eda hecho servidor de Cristo, y no pod\u00eda entonces apartarse de la Eucarist\u00eda en la que Cristo presta el mayor servicio al coraz\u00f3n humano y a la vida del Universo; se hab\u00eda hecho esclavo y servidor de Cristo, y entonces no pod\u00eda apartarse de la Palabra porque, aunque no lo supiera, ya \u00e9l cumpl\u00eda lo que despu\u00e9s dijo San Jer\u00f3nimo: \u00abDesconocer las Escrituras es desconocer a Cristo\u00bb<\/em>.<\/p>\n\n\n\n<p>Lorenzo, siervo y esclavo de Jesucristo, sigui\u00f3 tan de cerca a su Se\u00f1or, que lo mismo que le pas\u00f3 al Se\u00f1or, le pas\u00f3 a su siervo. Y as\u00ed como Jes\u00fas entreg\u00f3 su vida para la salvaci\u00f3n del mundo, Lorenzo, unido a Cristo, sepult\u00f3 con su terrible martirio la vida de la Iglesia.<\/p>\n\n\n\n<p>Llena de admiraci\u00f3n la Iglesia de Roma reconoci\u00f3 prontamente la inmensa santidad de este hombre y quiso que fuera incluido en el c\u00e1non de la Santa Misa. De este modo, los cristianos de Roma de aquella \u00e9poca, pero todos los cristianos de todas las \u00e9pocas tambi\u00e9n, reconocemos que siempre que se celebra este Sacrificio hay un di\u00e1cono quiz\u00e1 invisible, un di\u00e1cono que sigue ofreciendo a Cristo, sigue ofreci\u00e9ndose con Cristo, sigue siendo, en Cristo y para Cristo, oblaci\u00f3n grata al Padre.<\/p>\n\n\n\n<p>S\u00e9 entonces que Lorenzo est\u00e1 concelebrando en esta celebraci\u00f3n, s\u00e9 que su servicio diaconal nos ayuda a entender la Escritura, y que sus manos sant\u00edsimas, consagradas por el martirio, ofrecer\u00e1n al Padre la Hostia Santa, y la presentar\u00e1n tambi\u00e9n a nuestros corazones, para que sean altares de alabanza a Dios.<\/p>\n\n\n\n<p>Bendito seas, Lorenzo, que celebras con nosotros este Santo Sacrificio; bendito t\u00fa, que has sido consagrado Eucarist\u00eda en tu martirio.<\/p>\n","protected":false},"excerpt":{"rendered":"<p>Celebra la Iglesia el d\u00eda de hoy la fiesta del di\u00e1cono y m\u00e1rtir San Lorenzo. Este famoso di\u00e1cono, miembro de la Iglesia de Roma, realmente llev\u00f3 a plenitud lo que significa la palabra di\u00e1cono, esto es, servidor. Cumpli\u00f3 su servicio haciendo bien a los pobres, cumpli\u00f3 su servicio atendiendo al altar, cumpli\u00f3 su servicio exponiendo &hellip; <\/p>\n<p class=\"link-more\"><a href=\"http:\/\/igfergon.com.mx\/?p=1890\" class=\"more-link\">Continuar leyendo<span class=\"screen-reader-text\"> \u00abLunes de la XIX Semana del Tiempo Ordinario\u00bb<\/span><\/a><\/p>\n","protected":false},"author":1,"featured_media":0,"comment_status":"open","ping_status":"open","sticky":false,"template":"","format":"standard","meta":{"footnotes":""},"categories":[13,14,10,1],"tags":[69,8,6,7,111],"class_list":["post-1890","post","type-post","status-publish","format-standard","hentry","category-comentario-al-evangelio","category-homilia","category-homilia-diaria","category-uncategorized","tag-comentario-al-evangelio-2","tag-homilia","tag-homilia-diaria","tag-liturgia","tag-san-lorenzo"],"yoast_head":"<!-- This site is optimized with the Yoast SEO plugin v26.0 - https:\/\/yoast.com\/wordpress\/plugins\/seo\/ -->\n<title>Lunes de la XIX Semana del Tiempo Ordinario - El sitio del P. Ignacio Fern\u00e1ndez Gonz\u00e1lez<\/title>\n<meta name=\"robots\" content=\"index, follow, max-snippet:-1, max-image-preview:large, max-video-preview:-1\" \/>\n<link rel=\"canonical\" href=\"http:\/\/igfergon.com.mx\/?p=1890\" \/>\n<meta property=\"og:locale\" content=\"es_ES\" \/>\n<meta property=\"og:type\" content=\"article\" \/>\n<meta property=\"og:title\" content=\"Lunes de la XIX Semana del Tiempo Ordinario - El sitio del P. Ignacio Fern\u00e1ndez Gonz\u00e1lez\" \/>\n<meta property=\"og:description\" content=\"Celebra la Iglesia el d\u00eda de hoy la fiesta del di\u00e1cono y m\u00e1rtir San Lorenzo. Este famoso di\u00e1cono, miembro de la Iglesia de Roma, realmente llev\u00f3 a plenitud lo que significa la palabra di\u00e1cono, esto es, servidor. Cumpli\u00f3 su servicio haciendo bien a los pobres, cumpli\u00f3 su servicio atendiendo al altar, cumpli\u00f3 su servicio exponiendo &hellip; Continuar leyendo &quot;Lunes de la XIX Semana del Tiempo Ordinario&quot;\" \/>\n<meta property=\"og:url\" content=\"http:\/\/igfergon.com.mx\/?p=1890\" \/>\n<meta property=\"og:site_name\" content=\"El sitio del P. Ignacio Fern\u00e1ndez Gonz\u00e1lez\" \/>\n<meta property=\"article:publisher\" content=\"https:\/\/www.facebook.com\/\" \/>\n<meta property=\"article:published_time\" content=\"2020-08-10T09:37:01+00:00\" \/>\n<meta property=\"article:modified_time\" content=\"2020-08-10T09:37:08+00:00\" \/>\n<meta name=\"author\" content=\"igfergon.com.mx\" \/>\n<meta name=\"twitter:card\" content=\"summary_large_image\" \/>\n<meta name=\"twitter:label1\" content=\"Escrito por\" \/>\n\t<meta name=\"twitter:data1\" content=\"igfergon.com.mx\" \/>\n\t<meta name=\"twitter:label2\" content=\"Tiempo de lectura\" \/>\n\t<meta name=\"twitter:data2\" content=\"3 minutos\" \/>\n<script type=\"application\/ld+json\" class=\"yoast-schema-graph\">{\"@context\":\"https:\/\/schema.org\",\"@graph\":[{\"@type\":\"Article\",\"@id\":\"http:\/\/igfergon.com.mx\/?p=1890#article\",\"isPartOf\":{\"@id\":\"http:\/\/igfergon.com.mx\/?p=1890\"},\"author\":{\"name\":\"igfergon.com.mx\",\"@id\":\"http:\/\/igfergon.com.mx\/#\/schema\/person\/b42517895faefafe2a81218226d90957\"},\"headline\":\"Lunes de la XIX Semana del Tiempo Ordinario\",\"datePublished\":\"2020-08-10T09:37:01+00:00\",\"dateModified\":\"2020-08-10T09:37:08+00:00\",\"mainEntityOfPage\":{\"@id\":\"http:\/\/igfergon.com.mx\/?p=1890\"},\"wordCount\":636,\"commentCount\":0,\"publisher\":{\"@id\":\"http:\/\/igfergon.com.mx\/#organization\"},\"keywords\":[\"comentario al evangelio\",\"Homil\u00eda\",\"homil\u00eda diaria\",\"liturgia\",\"San Lorenzo\"],\"articleSection\":[\"comentario al evangelio\",\"homil\u00eda\",\"homil\u00eda diaria\",\"liturgia\"],\"inLanguage\":\"es\",\"potentialAction\":[{\"@type\":\"CommentAction\",\"name\":\"Comment\",\"target\":[\"http:\/\/igfergon.com.mx\/?p=1890#respond\"]}]},{\"@type\":\"WebPage\",\"@id\":\"http:\/\/igfergon.com.mx\/?p=1890\",\"url\":\"http:\/\/igfergon.com.mx\/?p=1890\",\"name\":\"Lunes de la XIX Semana del Tiempo Ordinario - El sitio del P. Ignacio Fern\u00e1ndez Gonz\u00e1lez\",\"isPartOf\":{\"@id\":\"http:\/\/igfergon.com.mx\/#website\"},\"datePublished\":\"2020-08-10T09:37:01+00:00\",\"dateModified\":\"2020-08-10T09:37:08+00:00\",\"breadcrumb\":{\"@id\":\"http:\/\/igfergon.com.mx\/?p=1890#breadcrumb\"},\"inLanguage\":\"es\",\"potentialAction\":[{\"@type\":\"ReadAction\",\"target\":[\"http:\/\/igfergon.com.mx\/?p=1890\"]}]},{\"@type\":\"BreadcrumbList\",\"@id\":\"http:\/\/igfergon.com.mx\/?p=1890#breadcrumb\",\"itemListElement\":[{\"@type\":\"ListItem\",\"position\":1,\"name\":\"Portada\",\"item\":\"http:\/\/igfergon.com.mx\/\"},{\"@type\":\"ListItem\",\"position\":2,\"name\":\"Lunes de la XIX Semana del Tiempo Ordinario\"}]},{\"@type\":\"WebSite\",\"@id\":\"http:\/\/igfergon.com.mx\/#website\",\"url\":\"http:\/\/igfergon.com.mx\/\",\"name\":\"El sitio del P. Ignacio Fern\u00e1ndez Gonz\u00e1lez\",\"description\":\"Para Ayudarte\",\"publisher\":{\"@id\":\"http:\/\/igfergon.com.mx\/#organization\"},\"potentialAction\":[{\"@type\":\"SearchAction\",\"target\":{\"@type\":\"EntryPoint\",\"urlTemplate\":\"http:\/\/igfergon.com.mx\/?s={search_term_string}\"},\"query-input\":{\"@type\":\"PropertyValueSpecification\",\"valueRequired\":true,\"valueName\":\"search_term_string\"}}],\"inLanguage\":\"es\"},{\"@type\":\"Organization\",\"@id\":\"http:\/\/igfergon.com.mx\/#organization\",\"name\":\"El sitio del P. Ignacio Fern\u00e1ndez Gonz\u00e1lez\",\"url\":\"http:\/\/igfergon.com.mx\/\",\"logo\":{\"@type\":\"ImageObject\",\"inLanguage\":\"es\",\"@id\":\"http:\/\/igfergon.com.mx\/#\/schema\/logo\/image\/\",\"url\":\"http:\/\/igfergon.com.mx\/wp-content\/uploads\/2018\/09\/cropped-ORDNACION02-2.jpg\",\"contentUrl\":\"http:\/\/igfergon.com.mx\/wp-content\/uploads\/2018\/09\/cropped-ORDNACION02-2.jpg\",\"width\":250,\"height\":250,\"caption\":\"El sitio del P. Ignacio Fern\u00e1ndez Gonz\u00e1lez\"},\"image\":{\"@id\":\"http:\/\/igfergon.com.mx\/#\/schema\/logo\/image\/\"},\"sameAs\":[\"https:\/\/www.facebook.com\/\"]},{\"@type\":\"Person\",\"@id\":\"http:\/\/igfergon.com.mx\/#\/schema\/person\/b42517895faefafe2a81218226d90957\",\"name\":\"igfergon.com.mx\",\"image\":{\"@type\":\"ImageObject\",\"inLanguage\":\"es\",\"@id\":\"http:\/\/igfergon.com.mx\/#\/schema\/person\/image\/\",\"url\":\"https:\/\/secure.gravatar.com\/avatar\/9fd60c5591f2c6b18e76a917a69f35b0732f8532b3679d0132b3503b545db7a6?s=96&d=mm&r=g\",\"contentUrl\":\"https:\/\/secure.gravatar.com\/avatar\/9fd60c5591f2c6b18e76a917a69f35b0732f8532b3679d0132b3503b545db7a6?s=96&d=mm&r=g\",\"caption\":\"igfergon.com.mx\"},\"url\":\"http:\/\/igfergon.com.mx\/?author=1\"}]}<\/script>\n<!-- \/ Yoast SEO plugin. -->","yoast_head_json":{"title":"Lunes de la XIX Semana del Tiempo Ordinario - El sitio del P. Ignacio Fern\u00e1ndez Gonz\u00e1lez","robots":{"index":"index","follow":"follow","max-snippet":"max-snippet:-1","max-image-preview":"max-image-preview:large","max-video-preview":"max-video-preview:-1"},"canonical":"http:\/\/igfergon.com.mx\/?p=1890","og_locale":"es_ES","og_type":"article","og_title":"Lunes de la XIX Semana del Tiempo Ordinario - El sitio del P. Ignacio Fern\u00e1ndez Gonz\u00e1lez","og_description":"Celebra la Iglesia el d\u00eda de hoy la fiesta del di\u00e1cono y m\u00e1rtir San Lorenzo. Este famoso di\u00e1cono, miembro de la Iglesia de Roma, realmente llev\u00f3 a plenitud lo que significa la palabra di\u00e1cono, esto es, servidor. Cumpli\u00f3 su servicio haciendo bien a los pobres, cumpli\u00f3 su servicio atendiendo al altar, cumpli\u00f3 su servicio exponiendo &hellip; Continuar leyendo \"Lunes de la XIX Semana del Tiempo Ordinario\"","og_url":"http:\/\/igfergon.com.mx\/?p=1890","og_site_name":"El sitio del P. Ignacio Fern\u00e1ndez Gonz\u00e1lez","article_publisher":"https:\/\/www.facebook.com\/","article_published_time":"2020-08-10T09:37:01+00:00","article_modified_time":"2020-08-10T09:37:08+00:00","author":"igfergon.com.mx","twitter_card":"summary_large_image","twitter_misc":{"Escrito por":"igfergon.com.mx","Tiempo de lectura":"3 minutos"},"schema":{"@context":"https:\/\/schema.org","@graph":[{"@type":"Article","@id":"http:\/\/igfergon.com.mx\/?p=1890#article","isPartOf":{"@id":"http:\/\/igfergon.com.mx\/?p=1890"},"author":{"name":"igfergon.com.mx","@id":"http:\/\/igfergon.com.mx\/#\/schema\/person\/b42517895faefafe2a81218226d90957"},"headline":"Lunes de la XIX Semana del Tiempo Ordinario","datePublished":"2020-08-10T09:37:01+00:00","dateModified":"2020-08-10T09:37:08+00:00","mainEntityOfPage":{"@id":"http:\/\/igfergon.com.mx\/?p=1890"},"wordCount":636,"commentCount":0,"publisher":{"@id":"http:\/\/igfergon.com.mx\/#organization"},"keywords":["comentario al evangelio","Homil\u00eda","homil\u00eda diaria","liturgia","San Lorenzo"],"articleSection":["comentario al evangelio","homil\u00eda","homil\u00eda diaria","liturgia"],"inLanguage":"es","potentialAction":[{"@type":"CommentAction","name":"Comment","target":["http:\/\/igfergon.com.mx\/?p=1890#respond"]}]},{"@type":"WebPage","@id":"http:\/\/igfergon.com.mx\/?p=1890","url":"http:\/\/igfergon.com.mx\/?p=1890","name":"Lunes de la XIX Semana del Tiempo Ordinario - El sitio del P. Ignacio Fern\u00e1ndez Gonz\u00e1lez","isPartOf":{"@id":"http:\/\/igfergon.com.mx\/#website"},"datePublished":"2020-08-10T09:37:01+00:00","dateModified":"2020-08-10T09:37:08+00:00","breadcrumb":{"@id":"http:\/\/igfergon.com.mx\/?p=1890#breadcrumb"},"inLanguage":"es","potentialAction":[{"@type":"ReadAction","target":["http:\/\/igfergon.com.mx\/?p=1890"]}]},{"@type":"BreadcrumbList","@id":"http:\/\/igfergon.com.mx\/?p=1890#breadcrumb","itemListElement":[{"@type":"ListItem","position":1,"name":"Portada","item":"http:\/\/igfergon.com.mx\/"},{"@type":"ListItem","position":2,"name":"Lunes de la XIX Semana del Tiempo Ordinario"}]},{"@type":"WebSite","@id":"http:\/\/igfergon.com.mx\/#website","url":"http:\/\/igfergon.com.mx\/","name":"El sitio del P. Ignacio Fern\u00e1ndez Gonz\u00e1lez","description":"Para Ayudarte","publisher":{"@id":"http:\/\/igfergon.com.mx\/#organization"},"potentialAction":[{"@type":"SearchAction","target":{"@type":"EntryPoint","urlTemplate":"http:\/\/igfergon.com.mx\/?s={search_term_string}"},"query-input":{"@type":"PropertyValueSpecification","valueRequired":true,"valueName":"search_term_string"}}],"inLanguage":"es"},{"@type":"Organization","@id":"http:\/\/igfergon.com.mx\/#organization","name":"El sitio del P. Ignacio Fern\u00e1ndez Gonz\u00e1lez","url":"http:\/\/igfergon.com.mx\/","logo":{"@type":"ImageObject","inLanguage":"es","@id":"http:\/\/igfergon.com.mx\/#\/schema\/logo\/image\/","url":"http:\/\/igfergon.com.mx\/wp-content\/uploads\/2018\/09\/cropped-ORDNACION02-2.jpg","contentUrl":"http:\/\/igfergon.com.mx\/wp-content\/uploads\/2018\/09\/cropped-ORDNACION02-2.jpg","width":250,"height":250,"caption":"El sitio del P. Ignacio Fern\u00e1ndez Gonz\u00e1lez"},"image":{"@id":"http:\/\/igfergon.com.mx\/#\/schema\/logo\/image\/"},"sameAs":["https:\/\/www.facebook.com\/"]},{"@type":"Person","@id":"http:\/\/igfergon.com.mx\/#\/schema\/person\/b42517895faefafe2a81218226d90957","name":"igfergon.com.mx","image":{"@type":"ImageObject","inLanguage":"es","@id":"http:\/\/igfergon.com.mx\/#\/schema\/person\/image\/","url":"https:\/\/secure.gravatar.com\/avatar\/9fd60c5591f2c6b18e76a917a69f35b0732f8532b3679d0132b3503b545db7a6?s=96&d=mm&r=g","contentUrl":"https:\/\/secure.gravatar.com\/avatar\/9fd60c5591f2c6b18e76a917a69f35b0732f8532b3679d0132b3503b545db7a6?s=96&d=mm&r=g","caption":"igfergon.com.mx"},"url":"http:\/\/igfergon.com.mx\/?author=1"}]}},"_links":{"self":[{"href":"http:\/\/igfergon.com.mx\/index.php?rest_route=\/wp\/v2\/posts\/1890","targetHints":{"allow":["GET"]}}],"collection":[{"href":"http:\/\/igfergon.com.mx\/index.php?rest_route=\/wp\/v2\/posts"}],"about":[{"href":"http:\/\/igfergon.com.mx\/index.php?rest_route=\/wp\/v2\/types\/post"}],"author":[{"embeddable":true,"href":"http:\/\/igfergon.com.mx\/index.php?rest_route=\/wp\/v2\/users\/1"}],"replies":[{"embeddable":true,"href":"http:\/\/igfergon.com.mx\/index.php?rest_route=%2Fwp%2Fv2%2Fcomments&post=1890"}],"version-history":[{"count":1,"href":"http:\/\/igfergon.com.mx\/index.php?rest_route=\/wp\/v2\/posts\/1890\/revisions"}],"predecessor-version":[{"id":1891,"href":"http:\/\/igfergon.com.mx\/index.php?rest_route=\/wp\/v2\/posts\/1890\/revisions\/1891"}],"wp:attachment":[{"href":"http:\/\/igfergon.com.mx\/index.php?rest_route=%2Fwp%2Fv2%2Fmedia&parent=1890"}],"wp:term":[{"taxonomy":"category","embeddable":true,"href":"http:\/\/igfergon.com.mx\/index.php?rest_route=%2Fwp%2Fv2%2Fcategories&post=1890"},{"taxonomy":"post_tag","embeddable":true,"href":"http:\/\/igfergon.com.mx\/index.php?rest_route=%2Fwp%2Fv2%2Ftags&post=1890"}],"curies":[{"name":"wp","href":"https:\/\/api.w.org\/{rel}","templated":true}]}}