{"id":2429,"date":"2021-02-04T10:41:49","date_gmt":"2021-02-04T08:41:49","guid":{"rendered":"http:\/\/igfergon.com.mx\/?p=2429"},"modified":"2021-02-04T10:41:58","modified_gmt":"2021-02-04T08:41:58","slug":"jueves-de-la-iv-semana-del-tiempo-ordinario-2","status":"publish","type":"post","link":"http:\/\/igfergon.com.mx\/?p=2429","title":{"rendered":"Jueves de la IV Semana del Tiempo Ordinario"},"content":{"rendered":"\n<h4 class=\"wp-block-heading\"><strong>Mc 6, 7-13<\/strong><\/h4>\n\n\n\n<p>Descubrir a Jes\u00fas, acercarse a \u00c9l, compartir su vida, siempre tendr\u00e1 una consecuencia l\u00f3gica: llevar su Evangelio. Despu\u00e9s de que Jes\u00fas ha escogido a los doce los env\u00eda con sus instrucciones muy claras: de dos en dos; para expulsar demonios; para sanar y con el coraz\u00f3n limpio, pr\u00e1cticamente sin ning\u00fan recurso.<\/p>\n\n\n\n<p>El que vaya de dos en dos nos recuerda su sentido de comunidad. El Evangelio es para vivirse en comunidad, para compartirse, para integrarse, no para vivirlo en soledad. Pienso en estos momentos en cuantas parejas est\u00e1n viviendo su experiencia de verdadero amor y pueden compartir f\u00e1cilmente su alegr\u00eda.<\/p>\n\n\n\n<p>Los disc\u00edpulos son enviados a formar comunidad. Tendr\u00e1n que expulsar demonios. Esto parecer\u00eda atractivo para muchos: hacer alarde de poder y en medio de actos portentosos, gritar a Satan\u00e1s que salga de los recintos. Pero es mucho m\u00e1s complicado que eso: la maldad se ha metido en el coraz\u00f3n, muchas veces en nuestro propio coraz\u00f3n, y de ah\u00ed es de donde tenemos que sacarlo. No se trata de exorcismos, no se trata de aspavientos, sino de una lucha seria contra toda la cultura de muerte, de ego\u00edsmo y de injusticia que se mete en nuestras vidas. Y esto es m\u00e1s dif\u00edcil porque tambi\u00e9n nosotros hemos ca\u00eddo en pecado, en mentira y en injusticia.<\/p>\n\n\n\n<p>Para predicar arrepentimiento, debemos nosotros tener conversi\u00f3n. La lucha no s\u00f3lo es externa, sino interna y dolorosa. El camino para lograrlo es ponerse en manos de Dios, no en manos del dinero ni del poder; saberse amados por Dios como nos dice el salmo: \u201cRecordamos, Se\u00f1or, tu gran amor\u201d. Y caminar con las manos y el coraz\u00f3n vac\u00edo.<\/p>\n\n\n\n<p>La se\u00f1al de que hemos expulsado el demonio del coraz\u00f3n se ver\u00e1 en el amor que tengamos a los hermanos. Por eso los ap\u00f3stoles son enviados a sanar, a ungir con el aceite de la misericordia, a curar a todos los enfermos. Descubrir el rostro de Dios en Jes\u00fas que nos ama, nos impulsa a seguir sus instrucciones.<\/p>\n\n\n\n<p>Que hoy tambi\u00e9n nosotros hagamos comunidad, sanemos corazones y expulsemos demonios.<\/p>\n","protected":false},"excerpt":{"rendered":"<p>Mc 6, 7-13 Descubrir a Jes\u00fas, acercarse a \u00c9l, compartir su vida, siempre tendr\u00e1 una consecuencia l\u00f3gica: llevar su Evangelio. Despu\u00e9s de que Jes\u00fas ha escogido a los doce los env\u00eda con sus instrucciones muy claras: de dos en dos; para expulsar demonios; para sanar y con el coraz\u00f3n limpio, pr\u00e1cticamente sin ning\u00fan recurso. El &hellip; <\/p>\n<p class=\"link-more\"><a href=\"http:\/\/igfergon.com.mx\/?p=2429\" class=\"more-link\">Continuar leyendo<span class=\"screen-reader-text\"> \u00abJueves de la IV Semana del Tiempo Ordinario\u00bb<\/span><\/a><\/p>\n","protected":false},"author":1,"featured_media":0,"comment_status":"open","ping_status":"open","sticky":false,"template":"","format":"standard","meta":{"footnotes":""},"categories":[13,14,10,1],"tags":[69,8,6,262,7],"class_list":["post-2429","post","type-post","status-publish","format-standard","hentry","category-comentario-al-evangelio","category-homilia","category-homilia-diaria","category-uncategorized","tag-comentario-al-evangelio-2","tag-homilia","tag-homilia-diaria","tag-jueves-de-la-iv-semana-del-tiempo-ordinario","tag-liturgia"],"yoast_head":"<!-- This site is optimized with the Yoast SEO plugin v26.0 - https:\/\/yoast.com\/wordpress\/plugins\/seo\/ -->\n<title>Jueves de la IV Semana del Tiempo Ordinario - El sitio del P. Ignacio Fern\u00e1ndez Gonz\u00e1lez<\/title>\n<meta name=\"robots\" content=\"index, follow, max-snippet:-1, max-image-preview:large, max-video-preview:-1\" \/>\n<link rel=\"canonical\" href=\"http:\/\/igfergon.com.mx\/?p=2429\" \/>\n<meta property=\"og:locale\" content=\"es_ES\" \/>\n<meta property=\"og:type\" content=\"article\" \/>\n<meta property=\"og:title\" content=\"Jueves de la IV Semana del Tiempo Ordinario - El sitio del P. Ignacio Fern\u00e1ndez Gonz\u00e1lez\" \/>\n<meta property=\"og:description\" content=\"Mc 6, 7-13 Descubrir a Jes\u00fas, acercarse a \u00c9l, compartir su vida, siempre tendr\u00e1 una consecuencia l\u00f3gica: llevar su Evangelio. Despu\u00e9s de que Jes\u00fas ha escogido a los doce los env\u00eda con sus instrucciones muy claras: de dos en dos; para expulsar demonios; para sanar y con el coraz\u00f3n limpio, pr\u00e1cticamente sin ning\u00fan recurso. El &hellip; Continuar leyendo &quot;Jueves de la IV Semana del Tiempo Ordinario&quot;\" \/>\n<meta property=\"og:url\" content=\"http:\/\/igfergon.com.mx\/?p=2429\" \/>\n<meta property=\"og:site_name\" content=\"El sitio del P. Ignacio Fern\u00e1ndez Gonz\u00e1lez\" \/>\n<meta property=\"article:publisher\" content=\"https:\/\/www.facebook.com\/\" \/>\n<meta property=\"article:published_time\" content=\"2021-02-04T08:41:49+00:00\" \/>\n<meta property=\"article:modified_time\" content=\"2021-02-04T08:41:58+00:00\" \/>\n<meta name=\"author\" content=\"igfergon.com.mx\" \/>\n<meta name=\"twitter:card\" content=\"summary_large_image\" \/>\n<meta name=\"twitter:label1\" content=\"Escrito por\" \/>\n\t<meta name=\"twitter:data1\" content=\"igfergon.com.mx\" \/>\n\t<meta name=\"twitter:label2\" content=\"Tiempo de lectura\" \/>\n\t<meta name=\"twitter:data2\" content=\"2 minutos\" \/>\n<script type=\"application\/ld+json\" class=\"yoast-schema-graph\">{\"@context\":\"https:\/\/schema.org\",\"@graph\":[{\"@type\":\"Article\",\"@id\":\"http:\/\/igfergon.com.mx\/?p=2429#article\",\"isPartOf\":{\"@id\":\"http:\/\/igfergon.com.mx\/?p=2429\"},\"author\":{\"name\":\"igfergon.com.mx\",\"@id\":\"http:\/\/igfergon.com.mx\/#\/schema\/person\/b42517895faefafe2a81218226d90957\"},\"headline\":\"Jueves de la IV Semana del Tiempo Ordinario\",\"datePublished\":\"2021-02-04T08:41:49+00:00\",\"dateModified\":\"2021-02-04T08:41:58+00:00\",\"mainEntityOfPage\":{\"@id\":\"http:\/\/igfergon.com.mx\/?p=2429\"},\"wordCount\":383,\"commentCount\":0,\"publisher\":{\"@id\":\"http:\/\/igfergon.com.mx\/#organization\"},\"keywords\":[\"comentario al evangelio\",\"Homil\u00eda\",\"homil\u00eda diaria\",\"Jueves de la IV Semana del Tiempo Ordinario\",\"liturgia\"],\"articleSection\":[\"comentario al evangelio\",\"homil\u00eda\",\"homil\u00eda diaria\",\"liturgia\"],\"inLanguage\":\"es\",\"potentialAction\":[{\"@type\":\"CommentAction\",\"name\":\"Comment\",\"target\":[\"http:\/\/igfergon.com.mx\/?p=2429#respond\"]}]},{\"@type\":\"WebPage\",\"@id\":\"http:\/\/igfergon.com.mx\/?p=2429\",\"url\":\"http:\/\/igfergon.com.mx\/?p=2429\",\"name\":\"Jueves de la IV Semana del Tiempo Ordinario - El sitio del P. Ignacio Fern\u00e1ndez Gonz\u00e1lez\",\"isPartOf\":{\"@id\":\"http:\/\/igfergon.com.mx\/#website\"},\"datePublished\":\"2021-02-04T08:41:49+00:00\",\"dateModified\":\"2021-02-04T08:41:58+00:00\",\"breadcrumb\":{\"@id\":\"http:\/\/igfergon.com.mx\/?p=2429#breadcrumb\"},\"inLanguage\":\"es\",\"potentialAction\":[{\"@type\":\"ReadAction\",\"target\":[\"http:\/\/igfergon.com.mx\/?p=2429\"]}]},{\"@type\":\"BreadcrumbList\",\"@id\":\"http:\/\/igfergon.com.mx\/?p=2429#breadcrumb\",\"itemListElement\":[{\"@type\":\"ListItem\",\"position\":1,\"name\":\"Portada\",\"item\":\"http:\/\/igfergon.com.mx\/\"},{\"@type\":\"ListItem\",\"position\":2,\"name\":\"Jueves de la IV Semana del Tiempo Ordinario\"}]},{\"@type\":\"WebSite\",\"@id\":\"http:\/\/igfergon.com.mx\/#website\",\"url\":\"http:\/\/igfergon.com.mx\/\",\"name\":\"El sitio del P. Ignacio Fern\u00e1ndez Gonz\u00e1lez\",\"description\":\"Para Ayudarte\",\"publisher\":{\"@id\":\"http:\/\/igfergon.com.mx\/#organization\"},\"potentialAction\":[{\"@type\":\"SearchAction\",\"target\":{\"@type\":\"EntryPoint\",\"urlTemplate\":\"http:\/\/igfergon.com.mx\/?s={search_term_string}\"},\"query-input\":{\"@type\":\"PropertyValueSpecification\",\"valueRequired\":true,\"valueName\":\"search_term_string\"}}],\"inLanguage\":\"es\"},{\"@type\":\"Organization\",\"@id\":\"http:\/\/igfergon.com.mx\/#organization\",\"name\":\"El sitio del P. Ignacio Fern\u00e1ndez Gonz\u00e1lez\",\"url\":\"http:\/\/igfergon.com.mx\/\",\"logo\":{\"@type\":\"ImageObject\",\"inLanguage\":\"es\",\"@id\":\"http:\/\/igfergon.com.mx\/#\/schema\/logo\/image\/\",\"url\":\"http:\/\/igfergon.com.mx\/wp-content\/uploads\/2018\/09\/cropped-ORDNACION02-2.jpg\",\"contentUrl\":\"http:\/\/igfergon.com.mx\/wp-content\/uploads\/2018\/09\/cropped-ORDNACION02-2.jpg\",\"width\":250,\"height\":250,\"caption\":\"El sitio del P. Ignacio Fern\u00e1ndez Gonz\u00e1lez\"},\"image\":{\"@id\":\"http:\/\/igfergon.com.mx\/#\/schema\/logo\/image\/\"},\"sameAs\":[\"https:\/\/www.facebook.com\/\"]},{\"@type\":\"Person\",\"@id\":\"http:\/\/igfergon.com.mx\/#\/schema\/person\/b42517895faefafe2a81218226d90957\",\"name\":\"igfergon.com.mx\",\"image\":{\"@type\":\"ImageObject\",\"inLanguage\":\"es\",\"@id\":\"http:\/\/igfergon.com.mx\/#\/schema\/person\/image\/\",\"url\":\"https:\/\/secure.gravatar.com\/avatar\/9fd60c5591f2c6b18e76a917a69f35b0732f8532b3679d0132b3503b545db7a6?s=96&d=mm&r=g\",\"contentUrl\":\"https:\/\/secure.gravatar.com\/avatar\/9fd60c5591f2c6b18e76a917a69f35b0732f8532b3679d0132b3503b545db7a6?s=96&d=mm&r=g\",\"caption\":\"igfergon.com.mx\"},\"url\":\"http:\/\/igfergon.com.mx\/?author=1\"}]}<\/script>\n<!-- \/ Yoast SEO plugin. -->","yoast_head_json":{"title":"Jueves de la IV Semana del Tiempo Ordinario - El sitio del P. Ignacio Fern\u00e1ndez Gonz\u00e1lez","robots":{"index":"index","follow":"follow","max-snippet":"max-snippet:-1","max-image-preview":"max-image-preview:large","max-video-preview":"max-video-preview:-1"},"canonical":"http:\/\/igfergon.com.mx\/?p=2429","og_locale":"es_ES","og_type":"article","og_title":"Jueves de la IV Semana del Tiempo Ordinario - El sitio del P. Ignacio Fern\u00e1ndez Gonz\u00e1lez","og_description":"Mc 6, 7-13 Descubrir a Jes\u00fas, acercarse a \u00c9l, compartir su vida, siempre tendr\u00e1 una consecuencia l\u00f3gica: llevar su Evangelio. Despu\u00e9s de que Jes\u00fas ha escogido a los doce los env\u00eda con sus instrucciones muy claras: de dos en dos; para expulsar demonios; para sanar y con el coraz\u00f3n limpio, pr\u00e1cticamente sin ning\u00fan recurso. El &hellip; Continuar leyendo \"Jueves de la IV Semana del Tiempo Ordinario\"","og_url":"http:\/\/igfergon.com.mx\/?p=2429","og_site_name":"El sitio del P. Ignacio Fern\u00e1ndez Gonz\u00e1lez","article_publisher":"https:\/\/www.facebook.com\/","article_published_time":"2021-02-04T08:41:49+00:00","article_modified_time":"2021-02-04T08:41:58+00:00","author":"igfergon.com.mx","twitter_card":"summary_large_image","twitter_misc":{"Escrito por":"igfergon.com.mx","Tiempo de lectura":"2 minutos"},"schema":{"@context":"https:\/\/schema.org","@graph":[{"@type":"Article","@id":"http:\/\/igfergon.com.mx\/?p=2429#article","isPartOf":{"@id":"http:\/\/igfergon.com.mx\/?p=2429"},"author":{"name":"igfergon.com.mx","@id":"http:\/\/igfergon.com.mx\/#\/schema\/person\/b42517895faefafe2a81218226d90957"},"headline":"Jueves de la IV Semana del Tiempo Ordinario","datePublished":"2021-02-04T08:41:49+00:00","dateModified":"2021-02-04T08:41:58+00:00","mainEntityOfPage":{"@id":"http:\/\/igfergon.com.mx\/?p=2429"},"wordCount":383,"commentCount":0,"publisher":{"@id":"http:\/\/igfergon.com.mx\/#organization"},"keywords":["comentario al evangelio","Homil\u00eda","homil\u00eda diaria","Jueves de la IV Semana del Tiempo Ordinario","liturgia"],"articleSection":["comentario al evangelio","homil\u00eda","homil\u00eda diaria","liturgia"],"inLanguage":"es","potentialAction":[{"@type":"CommentAction","name":"Comment","target":["http:\/\/igfergon.com.mx\/?p=2429#respond"]}]},{"@type":"WebPage","@id":"http:\/\/igfergon.com.mx\/?p=2429","url":"http:\/\/igfergon.com.mx\/?p=2429","name":"Jueves de la IV Semana del Tiempo Ordinario - El sitio del P. Ignacio Fern\u00e1ndez Gonz\u00e1lez","isPartOf":{"@id":"http:\/\/igfergon.com.mx\/#website"},"datePublished":"2021-02-04T08:41:49+00:00","dateModified":"2021-02-04T08:41:58+00:00","breadcrumb":{"@id":"http:\/\/igfergon.com.mx\/?p=2429#breadcrumb"},"inLanguage":"es","potentialAction":[{"@type":"ReadAction","target":["http:\/\/igfergon.com.mx\/?p=2429"]}]},{"@type":"BreadcrumbList","@id":"http:\/\/igfergon.com.mx\/?p=2429#breadcrumb","itemListElement":[{"@type":"ListItem","position":1,"name":"Portada","item":"http:\/\/igfergon.com.mx\/"},{"@type":"ListItem","position":2,"name":"Jueves de la IV Semana del Tiempo Ordinario"}]},{"@type":"WebSite","@id":"http:\/\/igfergon.com.mx\/#website","url":"http:\/\/igfergon.com.mx\/","name":"El sitio del P. Ignacio Fern\u00e1ndez Gonz\u00e1lez","description":"Para Ayudarte","publisher":{"@id":"http:\/\/igfergon.com.mx\/#organization"},"potentialAction":[{"@type":"SearchAction","target":{"@type":"EntryPoint","urlTemplate":"http:\/\/igfergon.com.mx\/?s={search_term_string}"},"query-input":{"@type":"PropertyValueSpecification","valueRequired":true,"valueName":"search_term_string"}}],"inLanguage":"es"},{"@type":"Organization","@id":"http:\/\/igfergon.com.mx\/#organization","name":"El sitio del P. Ignacio Fern\u00e1ndez Gonz\u00e1lez","url":"http:\/\/igfergon.com.mx\/","logo":{"@type":"ImageObject","inLanguage":"es","@id":"http:\/\/igfergon.com.mx\/#\/schema\/logo\/image\/","url":"http:\/\/igfergon.com.mx\/wp-content\/uploads\/2018\/09\/cropped-ORDNACION02-2.jpg","contentUrl":"http:\/\/igfergon.com.mx\/wp-content\/uploads\/2018\/09\/cropped-ORDNACION02-2.jpg","width":250,"height":250,"caption":"El sitio del P. Ignacio Fern\u00e1ndez Gonz\u00e1lez"},"image":{"@id":"http:\/\/igfergon.com.mx\/#\/schema\/logo\/image\/"},"sameAs":["https:\/\/www.facebook.com\/"]},{"@type":"Person","@id":"http:\/\/igfergon.com.mx\/#\/schema\/person\/b42517895faefafe2a81218226d90957","name":"igfergon.com.mx","image":{"@type":"ImageObject","inLanguage":"es","@id":"http:\/\/igfergon.com.mx\/#\/schema\/person\/image\/","url":"https:\/\/secure.gravatar.com\/avatar\/9fd60c5591f2c6b18e76a917a69f35b0732f8532b3679d0132b3503b545db7a6?s=96&d=mm&r=g","contentUrl":"https:\/\/secure.gravatar.com\/avatar\/9fd60c5591f2c6b18e76a917a69f35b0732f8532b3679d0132b3503b545db7a6?s=96&d=mm&r=g","caption":"igfergon.com.mx"},"url":"http:\/\/igfergon.com.mx\/?author=1"}]}},"_links":{"self":[{"href":"http:\/\/igfergon.com.mx\/index.php?rest_route=\/wp\/v2\/posts\/2429","targetHints":{"allow":["GET"]}}],"collection":[{"href":"http:\/\/igfergon.com.mx\/index.php?rest_route=\/wp\/v2\/posts"}],"about":[{"href":"http:\/\/igfergon.com.mx\/index.php?rest_route=\/wp\/v2\/types\/post"}],"author":[{"embeddable":true,"href":"http:\/\/igfergon.com.mx\/index.php?rest_route=\/wp\/v2\/users\/1"}],"replies":[{"embeddable":true,"href":"http:\/\/igfergon.com.mx\/index.php?rest_route=%2Fwp%2Fv2%2Fcomments&post=2429"}],"version-history":[{"count":1,"href":"http:\/\/igfergon.com.mx\/index.php?rest_route=\/wp\/v2\/posts\/2429\/revisions"}],"predecessor-version":[{"id":2430,"href":"http:\/\/igfergon.com.mx\/index.php?rest_route=\/wp\/v2\/posts\/2429\/revisions\/2430"}],"wp:attachment":[{"href":"http:\/\/igfergon.com.mx\/index.php?rest_route=%2Fwp%2Fv2%2Fmedia&parent=2429"}],"wp:term":[{"taxonomy":"category","embeddable":true,"href":"http:\/\/igfergon.com.mx\/index.php?rest_route=%2Fwp%2Fv2%2Fcategories&post=2429"},{"taxonomy":"post_tag","embeddable":true,"href":"http:\/\/igfergon.com.mx\/index.php?rest_route=%2Fwp%2Fv2%2Ftags&post=2429"}],"curies":[{"name":"wp","href":"https:\/\/api.w.org\/{rel}","templated":true}]}}