{"id":2512,"date":"2021-03-04T10:37:49","date_gmt":"2021-03-04T08:37:49","guid":{"rendered":"http:\/\/igfergon.com.mx\/?p=2512"},"modified":"2021-03-04T10:37:57","modified_gmt":"2021-03-04T08:37:57","slug":"jueves-de-la-ii-semana-de-cuaresma-2","status":"publish","type":"post","link":"http:\/\/igfergon.com.mx\/?p=2512","title":{"rendered":"Jueves de la II Semana de Cuaresma"},"content":{"rendered":"\n<h1 class=\"wp-block-heading\">Lc 16, 19-31<\/h1>\n\n\n\n<p>Hace alg\u00fan tiempo se publicaba el nombre de las personas m\u00e1s ricas del mundo, y aparec\u00eda junto a sus nombres las cantidades fabulosas que ganaban diariamente.&nbsp; A veces nos enteramos de lo que ganan los pol\u00edticos y funcionarios p\u00fablicos, y as\u00ed poder hacer comparaciones con los sueldos de la mayor\u00eda de las personas.<\/p>\n\n\n\n<p>Muchas personas se quedan como L\u00e1zaro, a la espera de las migajas que caen de la mesa, pero nadie se las da.&nbsp; Los poderosos hasta con las migajas quieren hacer negocios.<\/p>\n\n\n\n<p>El problema del hambre en el mundo no es por falta de alimento, es por la mala distribuci\u00f3n.&nbsp; No es que no haya lugar en la mesa de la vida para los pobres, es que se les niega el acceso a ese puesto.<\/p>\n\n\n\n<p>Vivimos en medio de contrastes brutales, donde millones de personas no alcanzan a obtener ni siquiera un euro para pasar el d\u00eda, mientras otros, ciertamente unos cuantos, derrochan sus ganancias.<\/p>\n\n\n\n<p>La par\u00e1bola es una fuerte cr\u00edtica a esta inhumana distribuci\u00f3n de los bienes, a los que todos los hermanos tenemos derecho, pero tambi\u00e9n es una cr\u00edtica fuerte al coraz\u00f3n duro de quien ni siquiera se da cuenta de que su hermano est\u00e1 sufriendo a la puerta.&nbsp;<\/p>\n\n\n\n<p>Es dura la comparaci\u00f3n, pero son m\u00e1s sensibles y humanos los perros que se acercan a lamerle las llagas, que sus hermanos de carne y de sangre rodeados de alimentos y placeres.<\/p>\n\n\n\n<p>La par\u00e1bola no pretende un adormilamiento o un premio de consolaci\u00f3n para el pobre que est\u00e1 sufriendo.&nbsp; Es el reclamo a todos nosotros porque hemos hecho de la casa de todos, el privilegio de unos cuantos; porque hemos roto la hermandad y vivimos en el ego\u00edsmo.&nbsp;<\/p>\n\n\n\n<p>No, despu\u00e9s de muertos no podremos construir la hermandad, con fantas\u00edas y amenazas no se abre el coraz\u00f3n.&nbsp;<\/p>\n\n\n\n<p>Quiz\u00e1s las palabras de Jerem\u00edas en la primera lectura nos den la pauta para entender estas palabras: \u201cMaldito el hombre que conf\u00eda en el hombre y aparta del Se\u00f1or su coraz\u00f3n, ser\u00e1 como un cardo en la estepa\u201d<\/p>\n\n\n\n<p>Que esta par\u00e1bola nos haga reflexionar y nos abra los ojos para descubrir cada uno de nosotros al hermano que sufre y para luchar por unas estructuras m\u00e1s justas y solidarias.<\/p>\n","protected":false},"excerpt":{"rendered":"<p>Lc 16, 19-31 Hace alg\u00fan tiempo se publicaba el nombre de las personas m\u00e1s ricas del mundo, y aparec\u00eda junto a sus nombres las cantidades fabulosas que ganaban diariamente.&nbsp; A veces nos enteramos de lo que ganan los pol\u00edticos y funcionarios p\u00fablicos, y as\u00ed poder hacer comparaciones con los sueldos de la mayor\u00eda de las &hellip; <\/p>\n<p class=\"link-more\"><a href=\"http:\/\/igfergon.com.mx\/?p=2512\" class=\"more-link\">Continuar leyendo<span class=\"screen-reader-text\"> \u00abJueves de la II Semana de Cuaresma\u00bb<\/span><\/a><\/p>\n","protected":false},"author":1,"featured_media":0,"comment_status":"open","ping_status":"open","sticky":false,"template":"","format":"standard","meta":{"footnotes":""},"categories":[13,14,10,1],"tags":[69,8,6,285,7],"class_list":["post-2512","post","type-post","status-publish","format-standard","hentry","category-comentario-al-evangelio","category-homilia","category-homilia-diaria","category-uncategorized","tag-comentario-al-evangelio-2","tag-homilia","tag-homilia-diaria","tag-jueves-de-la-ii-semana-de-cuaresma","tag-liturgia"],"yoast_head":"<!-- This site is optimized with the Yoast SEO plugin v26.0 - https:\/\/yoast.com\/wordpress\/plugins\/seo\/ -->\n<title>Jueves de la II Semana de Cuaresma - El sitio del P. Ignacio Fern\u00e1ndez Gonz\u00e1lez<\/title>\n<meta name=\"robots\" content=\"index, follow, max-snippet:-1, max-image-preview:large, max-video-preview:-1\" \/>\n<link rel=\"canonical\" href=\"http:\/\/igfergon.com.mx\/?p=2512\" \/>\n<meta property=\"og:locale\" content=\"es_ES\" \/>\n<meta property=\"og:type\" content=\"article\" \/>\n<meta property=\"og:title\" content=\"Jueves de la II Semana de Cuaresma - El sitio del P. Ignacio Fern\u00e1ndez Gonz\u00e1lez\" \/>\n<meta property=\"og:description\" content=\"Lc 16, 19-31 Hace alg\u00fan tiempo se publicaba el nombre de las personas m\u00e1s ricas del mundo, y aparec\u00eda junto a sus nombres las cantidades fabulosas que ganaban diariamente.&nbsp; A veces nos enteramos de lo que ganan los pol\u00edticos y funcionarios p\u00fablicos, y as\u00ed poder hacer comparaciones con los sueldos de la mayor\u00eda de las &hellip; Continuar leyendo &quot;Jueves de la II Semana de Cuaresma&quot;\" \/>\n<meta property=\"og:url\" content=\"http:\/\/igfergon.com.mx\/?p=2512\" \/>\n<meta property=\"og:site_name\" content=\"El sitio del P. Ignacio Fern\u00e1ndez Gonz\u00e1lez\" \/>\n<meta property=\"article:publisher\" content=\"https:\/\/www.facebook.com\/\" \/>\n<meta property=\"article:published_time\" content=\"2021-03-04T08:37:49+00:00\" \/>\n<meta property=\"article:modified_time\" content=\"2021-03-04T08:37:57+00:00\" \/>\n<meta name=\"author\" content=\"igfergon.com.mx\" \/>\n<meta name=\"twitter:card\" content=\"summary_large_image\" \/>\n<meta name=\"twitter:label1\" content=\"Escrito por\" \/>\n\t<meta name=\"twitter:data1\" content=\"igfergon.com.mx\" \/>\n\t<meta name=\"twitter:label2\" content=\"Tiempo de lectura\" \/>\n\t<meta name=\"twitter:data2\" content=\"2 minutos\" \/>\n<script type=\"application\/ld+json\" class=\"yoast-schema-graph\">{\"@context\":\"https:\/\/schema.org\",\"@graph\":[{\"@type\":\"Article\",\"@id\":\"http:\/\/igfergon.com.mx\/?p=2512#article\",\"isPartOf\":{\"@id\":\"http:\/\/igfergon.com.mx\/?p=2512\"},\"author\":{\"name\":\"igfergon.com.mx\",\"@id\":\"http:\/\/igfergon.com.mx\/#\/schema\/person\/b42517895faefafe2a81218226d90957\"},\"headline\":\"Jueves de la II Semana de Cuaresma\",\"datePublished\":\"2021-03-04T08:37:49+00:00\",\"dateModified\":\"2021-03-04T08:37:57+00:00\",\"mainEntityOfPage\":{\"@id\":\"http:\/\/igfergon.com.mx\/?p=2512\"},\"wordCount\":414,\"commentCount\":0,\"publisher\":{\"@id\":\"http:\/\/igfergon.com.mx\/#organization\"},\"keywords\":[\"comentario al evangelio\",\"Homil\u00eda\",\"homil\u00eda diaria\",\"Jueves de la II Semana de Cuaresma\",\"liturgia\"],\"articleSection\":[\"comentario al evangelio\",\"homil\u00eda\",\"homil\u00eda diaria\",\"liturgia\"],\"inLanguage\":\"es\",\"potentialAction\":[{\"@type\":\"CommentAction\",\"name\":\"Comment\",\"target\":[\"http:\/\/igfergon.com.mx\/?p=2512#respond\"]}]},{\"@type\":\"WebPage\",\"@id\":\"http:\/\/igfergon.com.mx\/?p=2512\",\"url\":\"http:\/\/igfergon.com.mx\/?p=2512\",\"name\":\"Jueves de la II Semana de Cuaresma - El sitio del P. Ignacio Fern\u00e1ndez Gonz\u00e1lez\",\"isPartOf\":{\"@id\":\"http:\/\/igfergon.com.mx\/#website\"},\"datePublished\":\"2021-03-04T08:37:49+00:00\",\"dateModified\":\"2021-03-04T08:37:57+00:00\",\"breadcrumb\":{\"@id\":\"http:\/\/igfergon.com.mx\/?p=2512#breadcrumb\"},\"inLanguage\":\"es\",\"potentialAction\":[{\"@type\":\"ReadAction\",\"target\":[\"http:\/\/igfergon.com.mx\/?p=2512\"]}]},{\"@type\":\"BreadcrumbList\",\"@id\":\"http:\/\/igfergon.com.mx\/?p=2512#breadcrumb\",\"itemListElement\":[{\"@type\":\"ListItem\",\"position\":1,\"name\":\"Portada\",\"item\":\"http:\/\/igfergon.com.mx\/\"},{\"@type\":\"ListItem\",\"position\":2,\"name\":\"Jueves de la II Semana de Cuaresma\"}]},{\"@type\":\"WebSite\",\"@id\":\"http:\/\/igfergon.com.mx\/#website\",\"url\":\"http:\/\/igfergon.com.mx\/\",\"name\":\"El sitio del P. Ignacio Fern\u00e1ndez Gonz\u00e1lez\",\"description\":\"Para Ayudarte\",\"publisher\":{\"@id\":\"http:\/\/igfergon.com.mx\/#organization\"},\"potentialAction\":[{\"@type\":\"SearchAction\",\"target\":{\"@type\":\"EntryPoint\",\"urlTemplate\":\"http:\/\/igfergon.com.mx\/?s={search_term_string}\"},\"query-input\":{\"@type\":\"PropertyValueSpecification\",\"valueRequired\":true,\"valueName\":\"search_term_string\"}}],\"inLanguage\":\"es\"},{\"@type\":\"Organization\",\"@id\":\"http:\/\/igfergon.com.mx\/#organization\",\"name\":\"El sitio del P. Ignacio Fern\u00e1ndez Gonz\u00e1lez\",\"url\":\"http:\/\/igfergon.com.mx\/\",\"logo\":{\"@type\":\"ImageObject\",\"inLanguage\":\"es\",\"@id\":\"http:\/\/igfergon.com.mx\/#\/schema\/logo\/image\/\",\"url\":\"http:\/\/igfergon.com.mx\/wp-content\/uploads\/2018\/09\/cropped-ORDNACION02-2.jpg\",\"contentUrl\":\"http:\/\/igfergon.com.mx\/wp-content\/uploads\/2018\/09\/cropped-ORDNACION02-2.jpg\",\"width\":250,\"height\":250,\"caption\":\"El sitio del P. Ignacio Fern\u00e1ndez Gonz\u00e1lez\"},\"image\":{\"@id\":\"http:\/\/igfergon.com.mx\/#\/schema\/logo\/image\/\"},\"sameAs\":[\"https:\/\/www.facebook.com\/\"]},{\"@type\":\"Person\",\"@id\":\"http:\/\/igfergon.com.mx\/#\/schema\/person\/b42517895faefafe2a81218226d90957\",\"name\":\"igfergon.com.mx\",\"image\":{\"@type\":\"ImageObject\",\"inLanguage\":\"es\",\"@id\":\"http:\/\/igfergon.com.mx\/#\/schema\/person\/image\/\",\"url\":\"https:\/\/secure.gravatar.com\/avatar\/9fd60c5591f2c6b18e76a917a69f35b0732f8532b3679d0132b3503b545db7a6?s=96&d=mm&r=g\",\"contentUrl\":\"https:\/\/secure.gravatar.com\/avatar\/9fd60c5591f2c6b18e76a917a69f35b0732f8532b3679d0132b3503b545db7a6?s=96&d=mm&r=g\",\"caption\":\"igfergon.com.mx\"},\"url\":\"http:\/\/igfergon.com.mx\/?author=1\"}]}<\/script>\n<!-- \/ Yoast SEO plugin. -->","yoast_head_json":{"title":"Jueves de la II Semana de Cuaresma - El sitio del P. Ignacio Fern\u00e1ndez Gonz\u00e1lez","robots":{"index":"index","follow":"follow","max-snippet":"max-snippet:-1","max-image-preview":"max-image-preview:large","max-video-preview":"max-video-preview:-1"},"canonical":"http:\/\/igfergon.com.mx\/?p=2512","og_locale":"es_ES","og_type":"article","og_title":"Jueves de la II Semana de Cuaresma - El sitio del P. Ignacio Fern\u00e1ndez Gonz\u00e1lez","og_description":"Lc 16, 19-31 Hace alg\u00fan tiempo se publicaba el nombre de las personas m\u00e1s ricas del mundo, y aparec\u00eda junto a sus nombres las cantidades fabulosas que ganaban diariamente.&nbsp; A veces nos enteramos de lo que ganan los pol\u00edticos y funcionarios p\u00fablicos, y as\u00ed poder hacer comparaciones con los sueldos de la mayor\u00eda de las &hellip; Continuar leyendo \"Jueves de la II Semana de Cuaresma\"","og_url":"http:\/\/igfergon.com.mx\/?p=2512","og_site_name":"El sitio del P. Ignacio Fern\u00e1ndez Gonz\u00e1lez","article_publisher":"https:\/\/www.facebook.com\/","article_published_time":"2021-03-04T08:37:49+00:00","article_modified_time":"2021-03-04T08:37:57+00:00","author":"igfergon.com.mx","twitter_card":"summary_large_image","twitter_misc":{"Escrito por":"igfergon.com.mx","Tiempo de lectura":"2 minutos"},"schema":{"@context":"https:\/\/schema.org","@graph":[{"@type":"Article","@id":"http:\/\/igfergon.com.mx\/?p=2512#article","isPartOf":{"@id":"http:\/\/igfergon.com.mx\/?p=2512"},"author":{"name":"igfergon.com.mx","@id":"http:\/\/igfergon.com.mx\/#\/schema\/person\/b42517895faefafe2a81218226d90957"},"headline":"Jueves de la II Semana de Cuaresma","datePublished":"2021-03-04T08:37:49+00:00","dateModified":"2021-03-04T08:37:57+00:00","mainEntityOfPage":{"@id":"http:\/\/igfergon.com.mx\/?p=2512"},"wordCount":414,"commentCount":0,"publisher":{"@id":"http:\/\/igfergon.com.mx\/#organization"},"keywords":["comentario al evangelio","Homil\u00eda","homil\u00eda diaria","Jueves de la II Semana de Cuaresma","liturgia"],"articleSection":["comentario al evangelio","homil\u00eda","homil\u00eda diaria","liturgia"],"inLanguage":"es","potentialAction":[{"@type":"CommentAction","name":"Comment","target":["http:\/\/igfergon.com.mx\/?p=2512#respond"]}]},{"@type":"WebPage","@id":"http:\/\/igfergon.com.mx\/?p=2512","url":"http:\/\/igfergon.com.mx\/?p=2512","name":"Jueves de la II Semana de Cuaresma - El sitio del P. Ignacio Fern\u00e1ndez Gonz\u00e1lez","isPartOf":{"@id":"http:\/\/igfergon.com.mx\/#website"},"datePublished":"2021-03-04T08:37:49+00:00","dateModified":"2021-03-04T08:37:57+00:00","breadcrumb":{"@id":"http:\/\/igfergon.com.mx\/?p=2512#breadcrumb"},"inLanguage":"es","potentialAction":[{"@type":"ReadAction","target":["http:\/\/igfergon.com.mx\/?p=2512"]}]},{"@type":"BreadcrumbList","@id":"http:\/\/igfergon.com.mx\/?p=2512#breadcrumb","itemListElement":[{"@type":"ListItem","position":1,"name":"Portada","item":"http:\/\/igfergon.com.mx\/"},{"@type":"ListItem","position":2,"name":"Jueves de la II Semana de Cuaresma"}]},{"@type":"WebSite","@id":"http:\/\/igfergon.com.mx\/#website","url":"http:\/\/igfergon.com.mx\/","name":"El sitio del P. Ignacio Fern\u00e1ndez Gonz\u00e1lez","description":"Para Ayudarte","publisher":{"@id":"http:\/\/igfergon.com.mx\/#organization"},"potentialAction":[{"@type":"SearchAction","target":{"@type":"EntryPoint","urlTemplate":"http:\/\/igfergon.com.mx\/?s={search_term_string}"},"query-input":{"@type":"PropertyValueSpecification","valueRequired":true,"valueName":"search_term_string"}}],"inLanguage":"es"},{"@type":"Organization","@id":"http:\/\/igfergon.com.mx\/#organization","name":"El sitio del P. Ignacio Fern\u00e1ndez Gonz\u00e1lez","url":"http:\/\/igfergon.com.mx\/","logo":{"@type":"ImageObject","inLanguage":"es","@id":"http:\/\/igfergon.com.mx\/#\/schema\/logo\/image\/","url":"http:\/\/igfergon.com.mx\/wp-content\/uploads\/2018\/09\/cropped-ORDNACION02-2.jpg","contentUrl":"http:\/\/igfergon.com.mx\/wp-content\/uploads\/2018\/09\/cropped-ORDNACION02-2.jpg","width":250,"height":250,"caption":"El sitio del P. Ignacio Fern\u00e1ndez Gonz\u00e1lez"},"image":{"@id":"http:\/\/igfergon.com.mx\/#\/schema\/logo\/image\/"},"sameAs":["https:\/\/www.facebook.com\/"]},{"@type":"Person","@id":"http:\/\/igfergon.com.mx\/#\/schema\/person\/b42517895faefafe2a81218226d90957","name":"igfergon.com.mx","image":{"@type":"ImageObject","inLanguage":"es","@id":"http:\/\/igfergon.com.mx\/#\/schema\/person\/image\/","url":"https:\/\/secure.gravatar.com\/avatar\/9fd60c5591f2c6b18e76a917a69f35b0732f8532b3679d0132b3503b545db7a6?s=96&d=mm&r=g","contentUrl":"https:\/\/secure.gravatar.com\/avatar\/9fd60c5591f2c6b18e76a917a69f35b0732f8532b3679d0132b3503b545db7a6?s=96&d=mm&r=g","caption":"igfergon.com.mx"},"url":"http:\/\/igfergon.com.mx\/?author=1"}]}},"_links":{"self":[{"href":"http:\/\/igfergon.com.mx\/index.php?rest_route=\/wp\/v2\/posts\/2512","targetHints":{"allow":["GET"]}}],"collection":[{"href":"http:\/\/igfergon.com.mx\/index.php?rest_route=\/wp\/v2\/posts"}],"about":[{"href":"http:\/\/igfergon.com.mx\/index.php?rest_route=\/wp\/v2\/types\/post"}],"author":[{"embeddable":true,"href":"http:\/\/igfergon.com.mx\/index.php?rest_route=\/wp\/v2\/users\/1"}],"replies":[{"embeddable":true,"href":"http:\/\/igfergon.com.mx\/index.php?rest_route=%2Fwp%2Fv2%2Fcomments&post=2512"}],"version-history":[{"count":1,"href":"http:\/\/igfergon.com.mx\/index.php?rest_route=\/wp\/v2\/posts\/2512\/revisions"}],"predecessor-version":[{"id":2513,"href":"http:\/\/igfergon.com.mx\/index.php?rest_route=\/wp\/v2\/posts\/2512\/revisions\/2513"}],"wp:attachment":[{"href":"http:\/\/igfergon.com.mx\/index.php?rest_route=%2Fwp%2Fv2%2Fmedia&parent=2512"}],"wp:term":[{"taxonomy":"category","embeddable":true,"href":"http:\/\/igfergon.com.mx\/index.php?rest_route=%2Fwp%2Fv2%2Fcategories&post=2512"},{"taxonomy":"post_tag","embeddable":true,"href":"http:\/\/igfergon.com.mx\/index.php?rest_route=%2Fwp%2Fv2%2Ftags&post=2512"}],"curies":[{"name":"wp","href":"https:\/\/api.w.org\/{rel}","templated":true}]}}