{"id":2654,"date":"2021-04-28T09:37:01","date_gmt":"2021-04-28T07:37:01","guid":{"rendered":"http:\/\/igfergon.com.mx\/?p=2654"},"modified":"2021-04-28T09:37:13","modified_gmt":"2021-04-28T07:37:13","slug":"miercoles-de-la-iv-semana-de-pascua-2","status":"publish","type":"post","link":"http:\/\/igfergon.com.mx\/?p=2654","title":{"rendered":"Mi\u00e9rcoles de la IV Semana de Pascua"},"content":{"rendered":"\n<h1 class=\"wp-block-heading\">Jn 12, 44-50<\/h1>\n\n\n\n<p>\u00bfQui\u00e9n no se ha sentido perdido en la oscuridad?&nbsp; \u00bfQui\u00e9n no se ha sentido desconcertado ante los problemas graves de la vida?&nbsp; Cuando la vida tiene problemas, cuando las cosas no resultan como uno esperaba, cuando todo parece derrumbarse, con frecuencia nos encontramos como en un callej\u00f3n sin salida o vagamos en la oscuridad.&nbsp; \u00bfC\u00f3mo encontrar luz?<\/p>\n\n\n\n<p>Jes\u00fas, hoy nos ofrece el camino: hay que tener fe.&nbsp; Haciendo un paralelismo entre la oscuridad y las tinieblas que aprisionan el coraz\u00f3n, Jes\u00fas se nos presenta como la luz verdadera que ilumina nuestras vidas.<\/p>\n\n\n\n<p>Para san Juan, oscuridad son todos los aspectos del pecado y de la muerte, en cambio, nos presenta a Jes\u00fas como la Luz que puede sacarnos de nuestras tinieblas.<\/p>\n\n\n\n<p>Caminamos en tinieblas cuando nuestros objetivos son tan terrenos y mezquinos que nos oprimen el coraz\u00f3n.&nbsp; Caminamos en tinieblas cuando no somos capaces de mirar m\u00e1s all\u00e1 de nuestro ego\u00edsmo.&nbsp; Caminamos en tinieblas cuando nos dejamos guiar por las venganzas y los odios.&nbsp; Caminamos en tinieblas cuando nuestros afanes son el placer y los vicios, entonces erramos el camino y perdemos el sentido de nuestras vidas.<\/p>\n\n\n\n<p>Jes\u00fas, hoy nos ofrece su luz, pero nos exige creer.&nbsp; Promete que no caminaremos en tinieblas, pero debemos escuchar su Palabra. Nos dice que nos trae la salvaci\u00f3n, pero nos pide que no lo rechacemos ni a \u00c9l ni a su Palabra.<\/p>\n\n\n\n<p>Qu\u00e9 triste el vagar de muchos hermanos que han perdido el sentido de la vida.&nbsp; Son frecuentes los intentos de suicidio y los escapes hacia el alcohol o hacia las drogas, hacia la prostituci\u00f3n o al enajenamiento.<\/p>\n\n\n\n<p>Por eso, pid\u00e1mosle a Jes\u00fas que nos ayude a dejar nuestra oscuridad y nuestro ego\u00edsmo, que \u00c9l nos ayude a descubrir tu Luz.&nbsp; Es dif\u00edcil caminar cuando se ha perdido la esperanza, es triste tener que levantarse cuando se ha fracasado, pero sabemos que Jes\u00fas es la Luz y la salvaci\u00f3n, y hoy queremos ponernos en sus manos.<\/p>\n\n\n\n<p>Que Jes\u00fas nos de su Luz, que aumente nuestra fe.&nbsp; Esa &nbsp;fe, que es como una semilla en lo profundo del coraz\u00f3n, que florece cuando nos dejamos \u201catraer\u201d por el Padre hacia Jes\u00fas, y \u201cvamos a \u00c9l\u201d con \u00e1nimo abierto, con coraz\u00f3n abierto, sin prejuicios; entonces<strong> reconocemos en su rostro el Rostro de Dios y en sus palabras la Palabra de Dios<\/strong>, porque el Esp\u00edritu Santo nos ha hecho entrar en la relaci\u00f3n de amor y de vida que hay entre Jes\u00fas y Dios Padre. Y all\u00ed nosotros recibimos el don, el regalo de la fe.<\/p>\n","protected":false},"excerpt":{"rendered":"<p>Jn 12, 44-50 \u00bfQui\u00e9n no se ha sentido perdido en la oscuridad?&nbsp; \u00bfQui\u00e9n no se ha sentido desconcertado ante los problemas graves de la vida?&nbsp; Cuando la vida tiene problemas, cuando las cosas no resultan como uno esperaba, cuando todo parece derrumbarse, con frecuencia nos encontramos como en un callej\u00f3n sin salida o vagamos en &hellip; <\/p>\n<p class=\"link-more\"><a href=\"http:\/\/igfergon.com.mx\/?p=2654\" class=\"more-link\">Continuar leyendo<span class=\"screen-reader-text\"> \u00abMi\u00e9rcoles de la IV Semana de Pascua\u00bb<\/span><\/a><\/p>\n","protected":false},"author":1,"featured_media":0,"comment_status":"open","ping_status":"open","sticky":false,"template":"","format":"standard","meta":{"footnotes":""},"categories":[13,14,10,1],"tags":[69,8,6,7,41],"class_list":["post-2654","post","type-post","status-publish","format-standard","hentry","category-comentario-al-evangelio","category-homilia","category-homilia-diaria","category-uncategorized","tag-comentario-al-evangelio-2","tag-homilia","tag-homilia-diaria","tag-liturgia","tag-miercoles-de-la-iv-semana-de-pascua"],"yoast_head":"<!-- This site is optimized with the Yoast SEO plugin v26.0 - https:\/\/yoast.com\/wordpress\/plugins\/seo\/ -->\n<title>Mi\u00e9rcoles de la IV Semana de Pascua - El sitio del P. Ignacio Fern\u00e1ndez Gonz\u00e1lez<\/title>\n<meta name=\"robots\" content=\"index, follow, max-snippet:-1, max-image-preview:large, max-video-preview:-1\" \/>\n<link rel=\"canonical\" href=\"http:\/\/igfergon.com.mx\/?p=2654\" \/>\n<meta property=\"og:locale\" content=\"es_ES\" \/>\n<meta property=\"og:type\" content=\"article\" \/>\n<meta property=\"og:title\" content=\"Mi\u00e9rcoles de la IV Semana de Pascua - El sitio del P. Ignacio Fern\u00e1ndez Gonz\u00e1lez\" \/>\n<meta property=\"og:description\" content=\"Jn 12, 44-50 \u00bfQui\u00e9n no se ha sentido perdido en la oscuridad?&nbsp; \u00bfQui\u00e9n no se ha sentido desconcertado ante los problemas graves de la vida?&nbsp; Cuando la vida tiene problemas, cuando las cosas no resultan como uno esperaba, cuando todo parece derrumbarse, con frecuencia nos encontramos como en un callej\u00f3n sin salida o vagamos en &hellip; Continuar leyendo &quot;Mi\u00e9rcoles de la IV Semana de Pascua&quot;\" \/>\n<meta property=\"og:url\" content=\"http:\/\/igfergon.com.mx\/?p=2654\" \/>\n<meta property=\"og:site_name\" content=\"El sitio del P. Ignacio Fern\u00e1ndez Gonz\u00e1lez\" \/>\n<meta property=\"article:publisher\" content=\"https:\/\/www.facebook.com\/\" \/>\n<meta property=\"article:published_time\" content=\"2021-04-28T07:37:01+00:00\" \/>\n<meta property=\"article:modified_time\" content=\"2021-04-28T07:37:13+00:00\" \/>\n<meta name=\"author\" content=\"igfergon.com.mx\" \/>\n<meta name=\"twitter:card\" content=\"summary_large_image\" \/>\n<meta name=\"twitter:label1\" content=\"Escrito por\" \/>\n\t<meta name=\"twitter:data1\" content=\"igfergon.com.mx\" \/>\n\t<meta name=\"twitter:label2\" content=\"Tiempo de lectura\" \/>\n\t<meta name=\"twitter:data2\" content=\"2 minutos\" \/>\n<script type=\"application\/ld+json\" class=\"yoast-schema-graph\">{\"@context\":\"https:\/\/schema.org\",\"@graph\":[{\"@type\":\"Article\",\"@id\":\"http:\/\/igfergon.com.mx\/?p=2654#article\",\"isPartOf\":{\"@id\":\"http:\/\/igfergon.com.mx\/?p=2654\"},\"author\":{\"name\":\"igfergon.com.mx\",\"@id\":\"http:\/\/igfergon.com.mx\/#\/schema\/person\/b42517895faefafe2a81218226d90957\"},\"headline\":\"Mi\u00e9rcoles de la IV Semana de Pascua\",\"datePublished\":\"2021-04-28T07:37:01+00:00\",\"dateModified\":\"2021-04-28T07:37:13+00:00\",\"mainEntityOfPage\":{\"@id\":\"http:\/\/igfergon.com.mx\/?p=2654\"},\"wordCount\":469,\"commentCount\":0,\"publisher\":{\"@id\":\"http:\/\/igfergon.com.mx\/#organization\"},\"keywords\":[\"comentario al evangelio\",\"Homil\u00eda\",\"homil\u00eda diaria\",\"liturgia\",\"mi\u00e9rcoles de la IV semana de pascua\"],\"articleSection\":[\"comentario al evangelio\",\"homil\u00eda\",\"homil\u00eda diaria\",\"liturgia\"],\"inLanguage\":\"es\",\"potentialAction\":[{\"@type\":\"CommentAction\",\"name\":\"Comment\",\"target\":[\"http:\/\/igfergon.com.mx\/?p=2654#respond\"]}]},{\"@type\":\"WebPage\",\"@id\":\"http:\/\/igfergon.com.mx\/?p=2654\",\"url\":\"http:\/\/igfergon.com.mx\/?p=2654\",\"name\":\"Mi\u00e9rcoles de la IV Semana de Pascua - El sitio del P. Ignacio Fern\u00e1ndez Gonz\u00e1lez\",\"isPartOf\":{\"@id\":\"http:\/\/igfergon.com.mx\/#website\"},\"datePublished\":\"2021-04-28T07:37:01+00:00\",\"dateModified\":\"2021-04-28T07:37:13+00:00\",\"breadcrumb\":{\"@id\":\"http:\/\/igfergon.com.mx\/?p=2654#breadcrumb\"},\"inLanguage\":\"es\",\"potentialAction\":[{\"@type\":\"ReadAction\",\"target\":[\"http:\/\/igfergon.com.mx\/?p=2654\"]}]},{\"@type\":\"BreadcrumbList\",\"@id\":\"http:\/\/igfergon.com.mx\/?p=2654#breadcrumb\",\"itemListElement\":[{\"@type\":\"ListItem\",\"position\":1,\"name\":\"Portada\",\"item\":\"http:\/\/igfergon.com.mx\/\"},{\"@type\":\"ListItem\",\"position\":2,\"name\":\"Mi\u00e9rcoles de la IV Semana de Pascua\"}]},{\"@type\":\"WebSite\",\"@id\":\"http:\/\/igfergon.com.mx\/#website\",\"url\":\"http:\/\/igfergon.com.mx\/\",\"name\":\"El sitio del P. Ignacio Fern\u00e1ndez Gonz\u00e1lez\",\"description\":\"Para Ayudarte\",\"publisher\":{\"@id\":\"http:\/\/igfergon.com.mx\/#organization\"},\"potentialAction\":[{\"@type\":\"SearchAction\",\"target\":{\"@type\":\"EntryPoint\",\"urlTemplate\":\"http:\/\/igfergon.com.mx\/?s={search_term_string}\"},\"query-input\":{\"@type\":\"PropertyValueSpecification\",\"valueRequired\":true,\"valueName\":\"search_term_string\"}}],\"inLanguage\":\"es\"},{\"@type\":\"Organization\",\"@id\":\"http:\/\/igfergon.com.mx\/#organization\",\"name\":\"El sitio del P. Ignacio Fern\u00e1ndez Gonz\u00e1lez\",\"url\":\"http:\/\/igfergon.com.mx\/\",\"logo\":{\"@type\":\"ImageObject\",\"inLanguage\":\"es\",\"@id\":\"http:\/\/igfergon.com.mx\/#\/schema\/logo\/image\/\",\"url\":\"http:\/\/igfergon.com.mx\/wp-content\/uploads\/2018\/09\/cropped-ORDNACION02-2.jpg\",\"contentUrl\":\"http:\/\/igfergon.com.mx\/wp-content\/uploads\/2018\/09\/cropped-ORDNACION02-2.jpg\",\"width\":250,\"height\":250,\"caption\":\"El sitio del P. Ignacio Fern\u00e1ndez Gonz\u00e1lez\"},\"image\":{\"@id\":\"http:\/\/igfergon.com.mx\/#\/schema\/logo\/image\/\"},\"sameAs\":[\"https:\/\/www.facebook.com\/\"]},{\"@type\":\"Person\",\"@id\":\"http:\/\/igfergon.com.mx\/#\/schema\/person\/b42517895faefafe2a81218226d90957\",\"name\":\"igfergon.com.mx\",\"image\":{\"@type\":\"ImageObject\",\"inLanguage\":\"es\",\"@id\":\"http:\/\/igfergon.com.mx\/#\/schema\/person\/image\/\",\"url\":\"https:\/\/secure.gravatar.com\/avatar\/9fd60c5591f2c6b18e76a917a69f35b0732f8532b3679d0132b3503b545db7a6?s=96&d=mm&r=g\",\"contentUrl\":\"https:\/\/secure.gravatar.com\/avatar\/9fd60c5591f2c6b18e76a917a69f35b0732f8532b3679d0132b3503b545db7a6?s=96&d=mm&r=g\",\"caption\":\"igfergon.com.mx\"},\"url\":\"http:\/\/igfergon.com.mx\/?author=1\"}]}<\/script>\n<!-- \/ Yoast SEO plugin. -->","yoast_head_json":{"title":"Mi\u00e9rcoles de la IV Semana de Pascua - El sitio del P. Ignacio Fern\u00e1ndez Gonz\u00e1lez","robots":{"index":"index","follow":"follow","max-snippet":"max-snippet:-1","max-image-preview":"max-image-preview:large","max-video-preview":"max-video-preview:-1"},"canonical":"http:\/\/igfergon.com.mx\/?p=2654","og_locale":"es_ES","og_type":"article","og_title":"Mi\u00e9rcoles de la IV Semana de Pascua - El sitio del P. Ignacio Fern\u00e1ndez Gonz\u00e1lez","og_description":"Jn 12, 44-50 \u00bfQui\u00e9n no se ha sentido perdido en la oscuridad?&nbsp; \u00bfQui\u00e9n no se ha sentido desconcertado ante los problemas graves de la vida?&nbsp; Cuando la vida tiene problemas, cuando las cosas no resultan como uno esperaba, cuando todo parece derrumbarse, con frecuencia nos encontramos como en un callej\u00f3n sin salida o vagamos en &hellip; Continuar leyendo \"Mi\u00e9rcoles de la IV Semana de Pascua\"","og_url":"http:\/\/igfergon.com.mx\/?p=2654","og_site_name":"El sitio del P. Ignacio Fern\u00e1ndez Gonz\u00e1lez","article_publisher":"https:\/\/www.facebook.com\/","article_published_time":"2021-04-28T07:37:01+00:00","article_modified_time":"2021-04-28T07:37:13+00:00","author":"igfergon.com.mx","twitter_card":"summary_large_image","twitter_misc":{"Escrito por":"igfergon.com.mx","Tiempo de lectura":"2 minutos"},"schema":{"@context":"https:\/\/schema.org","@graph":[{"@type":"Article","@id":"http:\/\/igfergon.com.mx\/?p=2654#article","isPartOf":{"@id":"http:\/\/igfergon.com.mx\/?p=2654"},"author":{"name":"igfergon.com.mx","@id":"http:\/\/igfergon.com.mx\/#\/schema\/person\/b42517895faefafe2a81218226d90957"},"headline":"Mi\u00e9rcoles de la IV Semana de Pascua","datePublished":"2021-04-28T07:37:01+00:00","dateModified":"2021-04-28T07:37:13+00:00","mainEntityOfPage":{"@id":"http:\/\/igfergon.com.mx\/?p=2654"},"wordCount":469,"commentCount":0,"publisher":{"@id":"http:\/\/igfergon.com.mx\/#organization"},"keywords":["comentario al evangelio","Homil\u00eda","homil\u00eda diaria","liturgia","mi\u00e9rcoles de la IV semana de pascua"],"articleSection":["comentario al evangelio","homil\u00eda","homil\u00eda diaria","liturgia"],"inLanguage":"es","potentialAction":[{"@type":"CommentAction","name":"Comment","target":["http:\/\/igfergon.com.mx\/?p=2654#respond"]}]},{"@type":"WebPage","@id":"http:\/\/igfergon.com.mx\/?p=2654","url":"http:\/\/igfergon.com.mx\/?p=2654","name":"Mi\u00e9rcoles de la IV Semana de Pascua - El sitio del P. Ignacio Fern\u00e1ndez Gonz\u00e1lez","isPartOf":{"@id":"http:\/\/igfergon.com.mx\/#website"},"datePublished":"2021-04-28T07:37:01+00:00","dateModified":"2021-04-28T07:37:13+00:00","breadcrumb":{"@id":"http:\/\/igfergon.com.mx\/?p=2654#breadcrumb"},"inLanguage":"es","potentialAction":[{"@type":"ReadAction","target":["http:\/\/igfergon.com.mx\/?p=2654"]}]},{"@type":"BreadcrumbList","@id":"http:\/\/igfergon.com.mx\/?p=2654#breadcrumb","itemListElement":[{"@type":"ListItem","position":1,"name":"Portada","item":"http:\/\/igfergon.com.mx\/"},{"@type":"ListItem","position":2,"name":"Mi\u00e9rcoles de la IV Semana de Pascua"}]},{"@type":"WebSite","@id":"http:\/\/igfergon.com.mx\/#website","url":"http:\/\/igfergon.com.mx\/","name":"El sitio del P. Ignacio Fern\u00e1ndez Gonz\u00e1lez","description":"Para Ayudarte","publisher":{"@id":"http:\/\/igfergon.com.mx\/#organization"},"potentialAction":[{"@type":"SearchAction","target":{"@type":"EntryPoint","urlTemplate":"http:\/\/igfergon.com.mx\/?s={search_term_string}"},"query-input":{"@type":"PropertyValueSpecification","valueRequired":true,"valueName":"search_term_string"}}],"inLanguage":"es"},{"@type":"Organization","@id":"http:\/\/igfergon.com.mx\/#organization","name":"El sitio del P. Ignacio Fern\u00e1ndez Gonz\u00e1lez","url":"http:\/\/igfergon.com.mx\/","logo":{"@type":"ImageObject","inLanguage":"es","@id":"http:\/\/igfergon.com.mx\/#\/schema\/logo\/image\/","url":"http:\/\/igfergon.com.mx\/wp-content\/uploads\/2018\/09\/cropped-ORDNACION02-2.jpg","contentUrl":"http:\/\/igfergon.com.mx\/wp-content\/uploads\/2018\/09\/cropped-ORDNACION02-2.jpg","width":250,"height":250,"caption":"El sitio del P. Ignacio Fern\u00e1ndez Gonz\u00e1lez"},"image":{"@id":"http:\/\/igfergon.com.mx\/#\/schema\/logo\/image\/"},"sameAs":["https:\/\/www.facebook.com\/"]},{"@type":"Person","@id":"http:\/\/igfergon.com.mx\/#\/schema\/person\/b42517895faefafe2a81218226d90957","name":"igfergon.com.mx","image":{"@type":"ImageObject","inLanguage":"es","@id":"http:\/\/igfergon.com.mx\/#\/schema\/person\/image\/","url":"https:\/\/secure.gravatar.com\/avatar\/9fd60c5591f2c6b18e76a917a69f35b0732f8532b3679d0132b3503b545db7a6?s=96&d=mm&r=g","contentUrl":"https:\/\/secure.gravatar.com\/avatar\/9fd60c5591f2c6b18e76a917a69f35b0732f8532b3679d0132b3503b545db7a6?s=96&d=mm&r=g","caption":"igfergon.com.mx"},"url":"http:\/\/igfergon.com.mx\/?author=1"}]}},"_links":{"self":[{"href":"http:\/\/igfergon.com.mx\/index.php?rest_route=\/wp\/v2\/posts\/2654","targetHints":{"allow":["GET"]}}],"collection":[{"href":"http:\/\/igfergon.com.mx\/index.php?rest_route=\/wp\/v2\/posts"}],"about":[{"href":"http:\/\/igfergon.com.mx\/index.php?rest_route=\/wp\/v2\/types\/post"}],"author":[{"embeddable":true,"href":"http:\/\/igfergon.com.mx\/index.php?rest_route=\/wp\/v2\/users\/1"}],"replies":[{"embeddable":true,"href":"http:\/\/igfergon.com.mx\/index.php?rest_route=%2Fwp%2Fv2%2Fcomments&post=2654"}],"version-history":[{"count":1,"href":"http:\/\/igfergon.com.mx\/index.php?rest_route=\/wp\/v2\/posts\/2654\/revisions"}],"predecessor-version":[{"id":2655,"href":"http:\/\/igfergon.com.mx\/index.php?rest_route=\/wp\/v2\/posts\/2654\/revisions\/2655"}],"wp:attachment":[{"href":"http:\/\/igfergon.com.mx\/index.php?rest_route=%2Fwp%2Fv2%2Fmedia&parent=2654"}],"wp:term":[{"taxonomy":"category","embeddable":true,"href":"http:\/\/igfergon.com.mx\/index.php?rest_route=%2Fwp%2Fv2%2Fcategories&post=2654"},{"taxonomy":"post_tag","embeddable":true,"href":"http:\/\/igfergon.com.mx\/index.php?rest_route=%2Fwp%2Fv2%2Ftags&post=2654"}],"curies":[{"name":"wp","href":"https:\/\/api.w.org\/{rel}","templated":true}]}}