{"id":2809,"date":"2021-06-16T08:46:08","date_gmt":"2021-06-16T06:46:08","guid":{"rendered":"http:\/\/igfergon.com.mx\/?p=2809"},"modified":"2021-06-16T08:46:15","modified_gmt":"2021-06-16T06:46:15","slug":"miercoles-de-la-xi-semana-del-tiempo-ordinario-3","status":"publish","type":"post","link":"http:\/\/igfergon.com.mx\/?p=2809","title":{"rendered":"Mi\u00e9rcoles de la XI Semana del Tiempo Ordinario"},"content":{"rendered":"\n<p><strong>Mt 6, 1-6. 16-18<\/strong><\/p>\n\n\n\n<p>Unos de los peligros que nos ofrece la sociedad moderna es la superficialidad. Las relaciones se han vuelto tan r\u00e1pidas, tan distantes y tan ocasionales que dan la oportunidad de aparecer como lo que uno no es.&nbsp; No es raro que en los datos que se ofrecen a trav\u00e9s del internet se cambie la personalidad, las fechas y hasta el nombre.<\/p>\n\n\n\n<p>Se vive de ilusi\u00f3n y de fantas\u00eda, se teme aparecer como realmente es uno.&nbsp; Esto se da sobre todo en el mundo de los j\u00f3venes y a trav\u00e9s de las redes del internet,&nbsp; pero tambi\u00e9n se da en todos los \u00e1mbitos.&nbsp; Hemos hecho de la vida una apariencia.<\/p>\n\n\n\n<p>Jes\u00fas, hoy, nos invita a buscar lo que es valioso y a que miremos en lo profundo de nuestro coraz\u00f3n.&nbsp; No importa nuestra apariencia, ni de los antiguos fariseos que ostentaban falsedades ni de los modernos personajes huecos que no aparecen como lo que son.&nbsp; Lo importante es lo que Dios ve: el interior de cada persona.<\/p>\n\n\n\n<p>\u00bfQu\u00e9 hay en tu interior?&nbsp; Quiz\u00e1s frente a los dem\u00e1s luzcas como una persona de \u00e9xito y lleno de felicidad, pero \u00bfeso es lo que hay en tu coraz\u00f3n?<\/p>\n\n\n\n<p>Para los fariseos, era la apariencia de la bondad, del ayuno y de la oraci\u00f3n.&nbsp; Hoy, quiz\u00e1s esos valores quedan atr\u00e1s, pero no ha quedado atr\u00e1s la hipocres\u00eda y el querer manifestarse como lo que no se es.<\/p>\n\n\n\n<p>San Pablo le recuerda a los Corintios que para poder dar algo se necesita sembrar, que el que siembra poco, cosecha poco.&nbsp; Y este ejemplo que parecer\u00eda s\u00f3lo del campo, tiene su actualidad en medio de nosotros, tambi\u00e9n hoy hay quien s\u00f3lo es hoja y no tiene fruto; tambi\u00e9n hoy hay quien hace ruido y no tiene sustancia.&nbsp; Pero san Pablo a\u00f1ade algo importante: la alegr\u00eda verdadera.<\/p>\n\n\n\n<p>\u00bfC\u00f3mo est\u00e1n tan contentos los j\u00f3venes comunic\u00e1ndose con personas que ni conocen y viven a kil\u00f3metros de distancia?&nbsp; En cambio son fr\u00edos y calculadores con su propia familia y con quienes est\u00e1n cerca.&nbsp; Es que es m\u00e1s f\u00e1cil aparentar.<\/p>\n\n\n\n<p>San Pablo insiste en que debemos dar, y dar con alegr\u00eda y prontitud y de buena gana.&nbsp; Que esta alegr\u00eda y generosidad sean el distintivo del disc\u00edpulo de Jes\u00fas y dejemos a un lado las apariencias.<\/p>\n","protected":false},"excerpt":{"rendered":"<p>Mt 6, 1-6. 16-18 Unos de los peligros que nos ofrece la sociedad moderna es la superficialidad. Las relaciones se han vuelto tan r\u00e1pidas, tan distantes y tan ocasionales que dan la oportunidad de aparecer como lo que uno no es.&nbsp; No es raro que en los datos que se ofrecen a trav\u00e9s del internet &hellip; <\/p>\n<p class=\"link-more\"><a href=\"http:\/\/igfergon.com.mx\/?p=2809\" class=\"more-link\">Continuar leyendo<span class=\"screen-reader-text\"> \u00abMi\u00e9rcoles de la XI Semana del Tiempo Ordinario\u00bb<\/span><\/a><\/p>\n","protected":false},"author":1,"featured_media":0,"comment_status":"open","ping_status":"open","sticky":false,"template":"","format":"standard","meta":{"footnotes":""},"categories":[13,14,10,1],"tags":[69,8,6,7,71],"class_list":["post-2809","post","type-post","status-publish","format-standard","hentry","category-comentario-al-evangelio","category-homilia","category-homilia-diaria","category-uncategorized","tag-comentario-al-evangelio-2","tag-homilia","tag-homilia-diaria","tag-liturgia","tag-miercoles-de-la-xi-semana-del-tiempo-ordinario"],"yoast_head":"<!-- This site is optimized with the Yoast SEO plugin v26.0 - https:\/\/yoast.com\/wordpress\/plugins\/seo\/ -->\n<title>Mi\u00e9rcoles de la XI Semana del Tiempo Ordinario - El sitio del P. Ignacio Fern\u00e1ndez Gonz\u00e1lez<\/title>\n<meta name=\"robots\" content=\"index, follow, max-snippet:-1, max-image-preview:large, max-video-preview:-1\" \/>\n<link rel=\"canonical\" href=\"http:\/\/igfergon.com.mx\/?p=2809\" \/>\n<meta property=\"og:locale\" content=\"es_ES\" \/>\n<meta property=\"og:type\" content=\"article\" \/>\n<meta property=\"og:title\" content=\"Mi\u00e9rcoles de la XI Semana del Tiempo Ordinario - El sitio del P. Ignacio Fern\u00e1ndez Gonz\u00e1lez\" \/>\n<meta property=\"og:description\" content=\"Mt 6, 1-6. 16-18 Unos de los peligros que nos ofrece la sociedad moderna es la superficialidad. Las relaciones se han vuelto tan r\u00e1pidas, tan distantes y tan ocasionales que dan la oportunidad de aparecer como lo que uno no es.&nbsp; No es raro que en los datos que se ofrecen a trav\u00e9s del internet &hellip; Continuar leyendo &quot;Mi\u00e9rcoles de la XI Semana del Tiempo Ordinario&quot;\" \/>\n<meta property=\"og:url\" content=\"http:\/\/igfergon.com.mx\/?p=2809\" \/>\n<meta property=\"og:site_name\" content=\"El sitio del P. Ignacio Fern\u00e1ndez Gonz\u00e1lez\" \/>\n<meta property=\"article:publisher\" content=\"https:\/\/www.facebook.com\/\" \/>\n<meta property=\"article:published_time\" content=\"2021-06-16T06:46:08+00:00\" \/>\n<meta property=\"article:modified_time\" content=\"2021-06-16T06:46:15+00:00\" \/>\n<meta name=\"author\" content=\"igfergon.com.mx\" \/>\n<meta name=\"twitter:card\" content=\"summary_large_image\" \/>\n<meta name=\"twitter:label1\" content=\"Escrito por\" \/>\n\t<meta name=\"twitter:data1\" content=\"igfergon.com.mx\" \/>\n\t<meta name=\"twitter:label2\" content=\"Tiempo de lectura\" \/>\n\t<meta name=\"twitter:data2\" content=\"2 minutos\" \/>\n<script type=\"application\/ld+json\" class=\"yoast-schema-graph\">{\"@context\":\"https:\/\/schema.org\",\"@graph\":[{\"@type\":\"Article\",\"@id\":\"http:\/\/igfergon.com.mx\/?p=2809#article\",\"isPartOf\":{\"@id\":\"http:\/\/igfergon.com.mx\/?p=2809\"},\"author\":{\"name\":\"igfergon.com.mx\",\"@id\":\"http:\/\/igfergon.com.mx\/#\/schema\/person\/b42517895faefafe2a81218226d90957\"},\"headline\":\"Mi\u00e9rcoles de la XI Semana del Tiempo Ordinario\",\"datePublished\":\"2021-06-16T06:46:08+00:00\",\"dateModified\":\"2021-06-16T06:46:15+00:00\",\"mainEntityOfPage\":{\"@id\":\"http:\/\/igfergon.com.mx\/?p=2809\"},\"wordCount\":437,\"commentCount\":0,\"publisher\":{\"@id\":\"http:\/\/igfergon.com.mx\/#organization\"},\"keywords\":[\"comentario al evangelio\",\"Homil\u00eda\",\"homil\u00eda diaria\",\"liturgia\",\"mi\u00e9rcoles de la XI semana del tiempo ordinario\"],\"articleSection\":[\"comentario al evangelio\",\"homil\u00eda\",\"homil\u00eda diaria\",\"liturgia\"],\"inLanguage\":\"es\",\"potentialAction\":[{\"@type\":\"CommentAction\",\"name\":\"Comment\",\"target\":[\"http:\/\/igfergon.com.mx\/?p=2809#respond\"]}]},{\"@type\":\"WebPage\",\"@id\":\"http:\/\/igfergon.com.mx\/?p=2809\",\"url\":\"http:\/\/igfergon.com.mx\/?p=2809\",\"name\":\"Mi\u00e9rcoles de la XI Semana del Tiempo Ordinario - El sitio del P. Ignacio Fern\u00e1ndez Gonz\u00e1lez\",\"isPartOf\":{\"@id\":\"http:\/\/igfergon.com.mx\/#website\"},\"datePublished\":\"2021-06-16T06:46:08+00:00\",\"dateModified\":\"2021-06-16T06:46:15+00:00\",\"breadcrumb\":{\"@id\":\"http:\/\/igfergon.com.mx\/?p=2809#breadcrumb\"},\"inLanguage\":\"es\",\"potentialAction\":[{\"@type\":\"ReadAction\",\"target\":[\"http:\/\/igfergon.com.mx\/?p=2809\"]}]},{\"@type\":\"BreadcrumbList\",\"@id\":\"http:\/\/igfergon.com.mx\/?p=2809#breadcrumb\",\"itemListElement\":[{\"@type\":\"ListItem\",\"position\":1,\"name\":\"Portada\",\"item\":\"http:\/\/igfergon.com.mx\/\"},{\"@type\":\"ListItem\",\"position\":2,\"name\":\"Mi\u00e9rcoles de la XI Semana del Tiempo Ordinario\"}]},{\"@type\":\"WebSite\",\"@id\":\"http:\/\/igfergon.com.mx\/#website\",\"url\":\"http:\/\/igfergon.com.mx\/\",\"name\":\"El sitio del P. Ignacio Fern\u00e1ndez Gonz\u00e1lez\",\"description\":\"Para Ayudarte\",\"publisher\":{\"@id\":\"http:\/\/igfergon.com.mx\/#organization\"},\"potentialAction\":[{\"@type\":\"SearchAction\",\"target\":{\"@type\":\"EntryPoint\",\"urlTemplate\":\"http:\/\/igfergon.com.mx\/?s={search_term_string}\"},\"query-input\":{\"@type\":\"PropertyValueSpecification\",\"valueRequired\":true,\"valueName\":\"search_term_string\"}}],\"inLanguage\":\"es\"},{\"@type\":\"Organization\",\"@id\":\"http:\/\/igfergon.com.mx\/#organization\",\"name\":\"El sitio del P. Ignacio Fern\u00e1ndez Gonz\u00e1lez\",\"url\":\"http:\/\/igfergon.com.mx\/\",\"logo\":{\"@type\":\"ImageObject\",\"inLanguage\":\"es\",\"@id\":\"http:\/\/igfergon.com.mx\/#\/schema\/logo\/image\/\",\"url\":\"http:\/\/igfergon.com.mx\/wp-content\/uploads\/2018\/09\/cropped-ORDNACION02-2.jpg\",\"contentUrl\":\"http:\/\/igfergon.com.mx\/wp-content\/uploads\/2018\/09\/cropped-ORDNACION02-2.jpg\",\"width\":250,\"height\":250,\"caption\":\"El sitio del P. Ignacio Fern\u00e1ndez Gonz\u00e1lez\"},\"image\":{\"@id\":\"http:\/\/igfergon.com.mx\/#\/schema\/logo\/image\/\"},\"sameAs\":[\"https:\/\/www.facebook.com\/\"]},{\"@type\":\"Person\",\"@id\":\"http:\/\/igfergon.com.mx\/#\/schema\/person\/b42517895faefafe2a81218226d90957\",\"name\":\"igfergon.com.mx\",\"image\":{\"@type\":\"ImageObject\",\"inLanguage\":\"es\",\"@id\":\"http:\/\/igfergon.com.mx\/#\/schema\/person\/image\/\",\"url\":\"https:\/\/secure.gravatar.com\/avatar\/9fd60c5591f2c6b18e76a917a69f35b0732f8532b3679d0132b3503b545db7a6?s=96&d=mm&r=g\",\"contentUrl\":\"https:\/\/secure.gravatar.com\/avatar\/9fd60c5591f2c6b18e76a917a69f35b0732f8532b3679d0132b3503b545db7a6?s=96&d=mm&r=g\",\"caption\":\"igfergon.com.mx\"},\"url\":\"http:\/\/igfergon.com.mx\/?author=1\"}]}<\/script>\n<!-- \/ Yoast SEO plugin. -->","yoast_head_json":{"title":"Mi\u00e9rcoles de la XI Semana del Tiempo Ordinario - El sitio del P. Ignacio Fern\u00e1ndez Gonz\u00e1lez","robots":{"index":"index","follow":"follow","max-snippet":"max-snippet:-1","max-image-preview":"max-image-preview:large","max-video-preview":"max-video-preview:-1"},"canonical":"http:\/\/igfergon.com.mx\/?p=2809","og_locale":"es_ES","og_type":"article","og_title":"Mi\u00e9rcoles de la XI Semana del Tiempo Ordinario - El sitio del P. Ignacio Fern\u00e1ndez Gonz\u00e1lez","og_description":"Mt 6, 1-6. 16-18 Unos de los peligros que nos ofrece la sociedad moderna es la superficialidad. Las relaciones se han vuelto tan r\u00e1pidas, tan distantes y tan ocasionales que dan la oportunidad de aparecer como lo que uno no es.&nbsp; No es raro que en los datos que se ofrecen a trav\u00e9s del internet &hellip; Continuar leyendo \"Mi\u00e9rcoles de la XI Semana del Tiempo Ordinario\"","og_url":"http:\/\/igfergon.com.mx\/?p=2809","og_site_name":"El sitio del P. Ignacio Fern\u00e1ndez Gonz\u00e1lez","article_publisher":"https:\/\/www.facebook.com\/","article_published_time":"2021-06-16T06:46:08+00:00","article_modified_time":"2021-06-16T06:46:15+00:00","author":"igfergon.com.mx","twitter_card":"summary_large_image","twitter_misc":{"Escrito por":"igfergon.com.mx","Tiempo de lectura":"2 minutos"},"schema":{"@context":"https:\/\/schema.org","@graph":[{"@type":"Article","@id":"http:\/\/igfergon.com.mx\/?p=2809#article","isPartOf":{"@id":"http:\/\/igfergon.com.mx\/?p=2809"},"author":{"name":"igfergon.com.mx","@id":"http:\/\/igfergon.com.mx\/#\/schema\/person\/b42517895faefafe2a81218226d90957"},"headline":"Mi\u00e9rcoles de la XI Semana del Tiempo Ordinario","datePublished":"2021-06-16T06:46:08+00:00","dateModified":"2021-06-16T06:46:15+00:00","mainEntityOfPage":{"@id":"http:\/\/igfergon.com.mx\/?p=2809"},"wordCount":437,"commentCount":0,"publisher":{"@id":"http:\/\/igfergon.com.mx\/#organization"},"keywords":["comentario al evangelio","Homil\u00eda","homil\u00eda diaria","liturgia","mi\u00e9rcoles de la XI semana del tiempo ordinario"],"articleSection":["comentario al evangelio","homil\u00eda","homil\u00eda diaria","liturgia"],"inLanguage":"es","potentialAction":[{"@type":"CommentAction","name":"Comment","target":["http:\/\/igfergon.com.mx\/?p=2809#respond"]}]},{"@type":"WebPage","@id":"http:\/\/igfergon.com.mx\/?p=2809","url":"http:\/\/igfergon.com.mx\/?p=2809","name":"Mi\u00e9rcoles de la XI Semana del Tiempo Ordinario - El sitio del P. Ignacio Fern\u00e1ndez Gonz\u00e1lez","isPartOf":{"@id":"http:\/\/igfergon.com.mx\/#website"},"datePublished":"2021-06-16T06:46:08+00:00","dateModified":"2021-06-16T06:46:15+00:00","breadcrumb":{"@id":"http:\/\/igfergon.com.mx\/?p=2809#breadcrumb"},"inLanguage":"es","potentialAction":[{"@type":"ReadAction","target":["http:\/\/igfergon.com.mx\/?p=2809"]}]},{"@type":"BreadcrumbList","@id":"http:\/\/igfergon.com.mx\/?p=2809#breadcrumb","itemListElement":[{"@type":"ListItem","position":1,"name":"Portada","item":"http:\/\/igfergon.com.mx\/"},{"@type":"ListItem","position":2,"name":"Mi\u00e9rcoles de la XI Semana del Tiempo Ordinario"}]},{"@type":"WebSite","@id":"http:\/\/igfergon.com.mx\/#website","url":"http:\/\/igfergon.com.mx\/","name":"El sitio del P. Ignacio Fern\u00e1ndez Gonz\u00e1lez","description":"Para Ayudarte","publisher":{"@id":"http:\/\/igfergon.com.mx\/#organization"},"potentialAction":[{"@type":"SearchAction","target":{"@type":"EntryPoint","urlTemplate":"http:\/\/igfergon.com.mx\/?s={search_term_string}"},"query-input":{"@type":"PropertyValueSpecification","valueRequired":true,"valueName":"search_term_string"}}],"inLanguage":"es"},{"@type":"Organization","@id":"http:\/\/igfergon.com.mx\/#organization","name":"El sitio del P. Ignacio Fern\u00e1ndez Gonz\u00e1lez","url":"http:\/\/igfergon.com.mx\/","logo":{"@type":"ImageObject","inLanguage":"es","@id":"http:\/\/igfergon.com.mx\/#\/schema\/logo\/image\/","url":"http:\/\/igfergon.com.mx\/wp-content\/uploads\/2018\/09\/cropped-ORDNACION02-2.jpg","contentUrl":"http:\/\/igfergon.com.mx\/wp-content\/uploads\/2018\/09\/cropped-ORDNACION02-2.jpg","width":250,"height":250,"caption":"El sitio del P. Ignacio Fern\u00e1ndez Gonz\u00e1lez"},"image":{"@id":"http:\/\/igfergon.com.mx\/#\/schema\/logo\/image\/"},"sameAs":["https:\/\/www.facebook.com\/"]},{"@type":"Person","@id":"http:\/\/igfergon.com.mx\/#\/schema\/person\/b42517895faefafe2a81218226d90957","name":"igfergon.com.mx","image":{"@type":"ImageObject","inLanguage":"es","@id":"http:\/\/igfergon.com.mx\/#\/schema\/person\/image\/","url":"https:\/\/secure.gravatar.com\/avatar\/9fd60c5591f2c6b18e76a917a69f35b0732f8532b3679d0132b3503b545db7a6?s=96&d=mm&r=g","contentUrl":"https:\/\/secure.gravatar.com\/avatar\/9fd60c5591f2c6b18e76a917a69f35b0732f8532b3679d0132b3503b545db7a6?s=96&d=mm&r=g","caption":"igfergon.com.mx"},"url":"http:\/\/igfergon.com.mx\/?author=1"}]}},"_links":{"self":[{"href":"http:\/\/igfergon.com.mx\/index.php?rest_route=\/wp\/v2\/posts\/2809","targetHints":{"allow":["GET"]}}],"collection":[{"href":"http:\/\/igfergon.com.mx\/index.php?rest_route=\/wp\/v2\/posts"}],"about":[{"href":"http:\/\/igfergon.com.mx\/index.php?rest_route=\/wp\/v2\/types\/post"}],"author":[{"embeddable":true,"href":"http:\/\/igfergon.com.mx\/index.php?rest_route=\/wp\/v2\/users\/1"}],"replies":[{"embeddable":true,"href":"http:\/\/igfergon.com.mx\/index.php?rest_route=%2Fwp%2Fv2%2Fcomments&post=2809"}],"version-history":[{"count":1,"href":"http:\/\/igfergon.com.mx\/index.php?rest_route=\/wp\/v2\/posts\/2809\/revisions"}],"predecessor-version":[{"id":2810,"href":"http:\/\/igfergon.com.mx\/index.php?rest_route=\/wp\/v2\/posts\/2809\/revisions\/2810"}],"wp:attachment":[{"href":"http:\/\/igfergon.com.mx\/index.php?rest_route=%2Fwp%2Fv2%2Fmedia&parent=2809"}],"wp:term":[{"taxonomy":"category","embeddable":true,"href":"http:\/\/igfergon.com.mx\/index.php?rest_route=%2Fwp%2Fv2%2Fcategories&post=2809"},{"taxonomy":"post_tag","embeddable":true,"href":"http:\/\/igfergon.com.mx\/index.php?rest_route=%2Fwp%2Fv2%2Ftags&post=2809"}],"curies":[{"name":"wp","href":"https:\/\/api.w.org\/{rel}","templated":true}]}}