{"id":3626,"date":"2022-02-18T10:25:42","date_gmt":"2022-02-18T08:25:42","guid":{"rendered":"http:\/\/igfergon.com.mx\/?p=3626"},"modified":"2022-02-18T10:25:51","modified_gmt":"2022-02-18T08:25:51","slug":"viernes-de-la-vi-semana-del-tiempo-ordinario-2","status":"publish","type":"post","link":"http:\/\/igfergon.com.mx\/?p=3626","title":{"rendered":"Viernes de la VI Semana del Tiempo Ordinario"},"content":{"rendered":"\n<div class=\"wp-block-image\"><figure class=\"aligncenter size-full\"><img loading=\"lazy\" decoding=\"async\" width=\"279\" height=\"181\" src=\"http:\/\/igfergon.com.mx\/wp-content\/uploads\/2022\/02\/cruz.jpg\" alt=\"\" class=\"wp-image-3627\" srcset=\"http:\/\/igfergon.com.mx\/wp-content\/uploads\/2022\/02\/cruz.jpg 279w, http:\/\/igfergon.com.mx\/wp-content\/uploads\/2022\/02\/cruz-200x130.jpg 200w\" sizes=\"auto, (max-width: 279px) 100vw, 279px\" \/><\/figure><\/div>\n\n\n\n<h4 class=\"wp-block-heading\" id=\"mc-8-34-9-1\">Mc 8, 34-9,1<\/h4>\n\n\n\n<p>\u00bfQu\u00e9 significa perder la vida por causa de Jes\u00fas? Esto puede suceder de dos maneras expl\u00edcitamente confesando la fe, o impl\u00edcitamente defendiendo la verdad.<\/p>\n\n\n\n<p>Los m\u00e1rtires son el m\u00e1ximo ejemplo del perder la vida por Cristo. En dos mil a\u00f1os son una fila inmensa de hombres y mujeres que han sacrificado su vida por permanecer fieles a Jesucristo y a su Evangelio.<\/p>\n\n\n\n<p>Hoy, en muchas partes del mundo son tantos, tantos, m\u00e1s que en los primeros siglos, tantos m\u00e1rtires que dan su vida por Cristo. Que son llevados a la muerte por no renegar a Jesucristo. Esta es nuestra Iglesia, hoy tenemos m\u00e1s m\u00e1rtires que en los primeros siglos.<\/p>\n\n\n\n<p>Los tres tipos de martirios de la vida cotidiana hoy en d\u00eda:<\/p>\n\n\n\n<p>Tambi\u00e9n est\u00e1 el martirio cotidiano, que no comporta la muerte pero que tambi\u00e9n es un perder la vida por Cristo, cumpliendo el propio deber con amor, seg\u00fan la l\u00f3gica de Jes\u00fas, la l\u00f3gica de la donaci\u00f3n, del sacrificio. Pensemos:<\/p>\n\n\n\n<ul class=\"wp-block-list\"><li>\u00a1Cu\u00e1ntos pap\u00e1s y mam\u00e1s cada d\u00eda ponen en pr\u00e1ctica su fe ofreciendo concretamente su propia vida por el bien de la familia! Pensemos en esto.<\/li><li>\u00a1Cu\u00e1ntos sacerdotes, religiosos y religiosas desarrollan con generosidad su servicio por el Reino de Dios!<\/li><li>\u00a1Cu\u00e1ntos j\u00f3venes renuncian a sus propios intereses para dedicarse a los ni\u00f1os, a los minusv\u00e1lidos, a los ancianos!<\/li><\/ul>\n\n\n\n<p>Tambi\u00e9n estos son m\u00e1rtires, m\u00e1rtires cotidianos, m\u00e1rtires de la cotidianidad.<\/p>\n\n\n\n<p>Y despu\u00e9s hay tantas personas, cristianos y no cristianos, que pierden su propia vida por la verdad. Y Cristo ha dicho \u00abyo soy la verdad\u00bb, por tanto, quien sirve a la verdad sirve a Cristo.<\/p>\n\n\n\n<p>Cu\u00e1ntas personas pagan a caro precio el compromiso por la verdad. Cu\u00e1ntos hombres rectos prefieren ir contracorriente, con tal de no renegar la voz de la conciencia, la voz de la verdad!<\/p>\n\n\n\n<p>Personas rectas que no tienen miedo de ir contracorriente, y nosotros no debemos tener miedo. Entre ustedes hay tantos j\u00f3venes. Pero a ustedes j\u00f3venes les digo no tengan miedo de ir contracorriente.<\/p>\n\n\n\n<p>Cuando te quieren robar la esperanza, cuando te proponen estos valores que son valores descompuestos, valores como la comida descompuesta, cuando un alimento est\u00e1 mal nos hace mal. Estos valores nos hacen mal por eso debemos ir contracorriente<strong>.<\/strong><\/p>\n\n\n\n<p>Y ustedes j\u00f3venes son los primeros que deben ir contracorriente. Y tener esta dignidad de ir precisamente contracorriente.&nbsp;<\/p>\n","protected":false},"excerpt":{"rendered":"<p>Mc 8, 34-9,1 \u00bfQu\u00e9 significa perder la vida por causa de Jes\u00fas? Esto puede suceder de dos maneras expl\u00edcitamente confesando la fe, o impl\u00edcitamente defendiendo la verdad. Los m\u00e1rtires son el m\u00e1ximo ejemplo del perder la vida por Cristo. En dos mil a\u00f1os son una fila inmensa de hombres y mujeres que han sacrificado su &hellip; <\/p>\n<p class=\"link-more\"><a href=\"http:\/\/igfergon.com.mx\/?p=3626\" class=\"more-link\">Continuar leyendo<span class=\"screen-reader-text\"> \u00abViernes de la VI Semana del Tiempo Ordinario\u00bb<\/span><\/a><\/p>\n","protected":false},"author":1,"featured_media":0,"comment_status":"closed","ping_status":"closed","sticky":false,"template":"","format":"standard","meta":{"footnotes":""},"categories":[13,14,10,1],"tags":[69,8,6,7,418],"class_list":["post-3626","post","type-post","status-publish","format-standard","hentry","category-comentario-al-evangelio","category-homilia","category-homilia-diaria","category-uncategorized","tag-comentario-al-evangelio-2","tag-homilia","tag-homilia-diaria","tag-liturgia","tag-viernes-de-la-vi-semana-del-tiempo-ordinario"],"yoast_head":"<!-- This site is optimized with the Yoast SEO plugin v26.0 - https:\/\/yoast.com\/wordpress\/plugins\/seo\/ -->\n<title>Viernes de la VI Semana del Tiempo Ordinario - El sitio del P. Ignacio Fern\u00e1ndez Gonz\u00e1lez<\/title>\n<meta name=\"robots\" content=\"index, follow, max-snippet:-1, max-image-preview:large, max-video-preview:-1\" \/>\n<link rel=\"canonical\" href=\"http:\/\/igfergon.com.mx\/?p=3626\" \/>\n<meta property=\"og:locale\" content=\"es_ES\" \/>\n<meta property=\"og:type\" content=\"article\" \/>\n<meta property=\"og:title\" content=\"Viernes de la VI Semana del Tiempo Ordinario - El sitio del P. Ignacio Fern\u00e1ndez Gonz\u00e1lez\" \/>\n<meta property=\"og:description\" content=\"Mc 8, 34-9,1 \u00bfQu\u00e9 significa perder la vida por causa de Jes\u00fas? Esto puede suceder de dos maneras expl\u00edcitamente confesando la fe, o impl\u00edcitamente defendiendo la verdad. Los m\u00e1rtires son el m\u00e1ximo ejemplo del perder la vida por Cristo. En dos mil a\u00f1os son una fila inmensa de hombres y mujeres que han sacrificado su &hellip; Continuar leyendo &quot;Viernes de la VI Semana del Tiempo Ordinario&quot;\" \/>\n<meta property=\"og:url\" content=\"http:\/\/igfergon.com.mx\/?p=3626\" \/>\n<meta property=\"og:site_name\" content=\"El sitio del P. Ignacio Fern\u00e1ndez Gonz\u00e1lez\" \/>\n<meta property=\"article:publisher\" content=\"https:\/\/www.facebook.com\/\" \/>\n<meta property=\"article:published_time\" content=\"2022-02-18T08:25:42+00:00\" \/>\n<meta property=\"article:modified_time\" content=\"2022-02-18T08:25:51+00:00\" \/>\n<meta property=\"og:image\" content=\"http:\/\/igfergon.com.mx\/wp-content\/uploads\/2022\/02\/cruz.jpg\" \/>\n<meta name=\"author\" content=\"igfergon.com.mx\" \/>\n<meta name=\"twitter:card\" content=\"summary_large_image\" \/>\n<meta name=\"twitter:label1\" content=\"Escrito por\" \/>\n\t<meta name=\"twitter:data1\" content=\"igfergon.com.mx\" \/>\n\t<meta name=\"twitter:label2\" content=\"Tiempo de lectura\" \/>\n\t<meta name=\"twitter:data2\" content=\"2 minutos\" \/>\n<script type=\"application\/ld+json\" class=\"yoast-schema-graph\">{\"@context\":\"https:\/\/schema.org\",\"@graph\":[{\"@type\":\"Article\",\"@id\":\"http:\/\/igfergon.com.mx\/?p=3626#article\",\"isPartOf\":{\"@id\":\"http:\/\/igfergon.com.mx\/?p=3626\"},\"author\":{\"name\":\"igfergon.com.mx\",\"@id\":\"http:\/\/igfergon.com.mx\/#\/schema\/person\/b42517895faefafe2a81218226d90957\"},\"headline\":\"Viernes de la VI Semana del Tiempo Ordinario\",\"datePublished\":\"2022-02-18T08:25:42+00:00\",\"dateModified\":\"2022-02-18T08:25:51+00:00\",\"mainEntityOfPage\":{\"@id\":\"http:\/\/igfergon.com.mx\/?p=3626\"},\"wordCount\":432,\"publisher\":{\"@id\":\"http:\/\/igfergon.com.mx\/#organization\"},\"image\":{\"@id\":\"http:\/\/igfergon.com.mx\/?p=3626#primaryimage\"},\"thumbnailUrl\":\"http:\/\/igfergon.com.mx\/wp-content\/uploads\/2022\/02\/cruz.jpg\",\"keywords\":[\"comentario al evangelio\",\"Homil\u00eda\",\"homil\u00eda diaria\",\"liturgia\",\"Viernes de la VI Semana del Tiempo Ordinario\"],\"articleSection\":[\"comentario al evangelio\",\"homil\u00eda\",\"homil\u00eda diaria\",\"liturgia\"],\"inLanguage\":\"es\"},{\"@type\":\"WebPage\",\"@id\":\"http:\/\/igfergon.com.mx\/?p=3626\",\"url\":\"http:\/\/igfergon.com.mx\/?p=3626\",\"name\":\"Viernes de la VI Semana del Tiempo Ordinario - El sitio del P. Ignacio Fern\u00e1ndez Gonz\u00e1lez\",\"isPartOf\":{\"@id\":\"http:\/\/igfergon.com.mx\/#website\"},\"primaryImageOfPage\":{\"@id\":\"http:\/\/igfergon.com.mx\/?p=3626#primaryimage\"},\"image\":{\"@id\":\"http:\/\/igfergon.com.mx\/?p=3626#primaryimage\"},\"thumbnailUrl\":\"http:\/\/igfergon.com.mx\/wp-content\/uploads\/2022\/02\/cruz.jpg\",\"datePublished\":\"2022-02-18T08:25:42+00:00\",\"dateModified\":\"2022-02-18T08:25:51+00:00\",\"breadcrumb\":{\"@id\":\"http:\/\/igfergon.com.mx\/?p=3626#breadcrumb\"},\"inLanguage\":\"es\",\"potentialAction\":[{\"@type\":\"ReadAction\",\"target\":[\"http:\/\/igfergon.com.mx\/?p=3626\"]}]},{\"@type\":\"ImageObject\",\"inLanguage\":\"es\",\"@id\":\"http:\/\/igfergon.com.mx\/?p=3626#primaryimage\",\"url\":\"http:\/\/igfergon.com.mx\/wp-content\/uploads\/2022\/02\/cruz.jpg\",\"contentUrl\":\"http:\/\/igfergon.com.mx\/wp-content\/uploads\/2022\/02\/cruz.jpg\",\"width\":279,\"height\":181},{\"@type\":\"BreadcrumbList\",\"@id\":\"http:\/\/igfergon.com.mx\/?p=3626#breadcrumb\",\"itemListElement\":[{\"@type\":\"ListItem\",\"position\":1,\"name\":\"Portada\",\"item\":\"http:\/\/igfergon.com.mx\/\"},{\"@type\":\"ListItem\",\"position\":2,\"name\":\"Viernes de la VI Semana del Tiempo Ordinario\"}]},{\"@type\":\"WebSite\",\"@id\":\"http:\/\/igfergon.com.mx\/#website\",\"url\":\"http:\/\/igfergon.com.mx\/\",\"name\":\"El sitio del P. Ignacio Fern\u00e1ndez Gonz\u00e1lez\",\"description\":\"Para Ayudarte\",\"publisher\":{\"@id\":\"http:\/\/igfergon.com.mx\/#organization\"},\"potentialAction\":[{\"@type\":\"SearchAction\",\"target\":{\"@type\":\"EntryPoint\",\"urlTemplate\":\"http:\/\/igfergon.com.mx\/?s={search_term_string}\"},\"query-input\":{\"@type\":\"PropertyValueSpecification\",\"valueRequired\":true,\"valueName\":\"search_term_string\"}}],\"inLanguage\":\"es\"},{\"@type\":\"Organization\",\"@id\":\"http:\/\/igfergon.com.mx\/#organization\",\"name\":\"El sitio del P. Ignacio Fern\u00e1ndez Gonz\u00e1lez\",\"url\":\"http:\/\/igfergon.com.mx\/\",\"logo\":{\"@type\":\"ImageObject\",\"inLanguage\":\"es\",\"@id\":\"http:\/\/igfergon.com.mx\/#\/schema\/logo\/image\/\",\"url\":\"http:\/\/igfergon.com.mx\/wp-content\/uploads\/2018\/09\/cropped-ORDNACION02-2.jpg\",\"contentUrl\":\"http:\/\/igfergon.com.mx\/wp-content\/uploads\/2018\/09\/cropped-ORDNACION02-2.jpg\",\"width\":250,\"height\":250,\"caption\":\"El sitio del P. Ignacio Fern\u00e1ndez Gonz\u00e1lez\"},\"image\":{\"@id\":\"http:\/\/igfergon.com.mx\/#\/schema\/logo\/image\/\"},\"sameAs\":[\"https:\/\/www.facebook.com\/\"]},{\"@type\":\"Person\",\"@id\":\"http:\/\/igfergon.com.mx\/#\/schema\/person\/b42517895faefafe2a81218226d90957\",\"name\":\"igfergon.com.mx\",\"image\":{\"@type\":\"ImageObject\",\"inLanguage\":\"es\",\"@id\":\"http:\/\/igfergon.com.mx\/#\/schema\/person\/image\/\",\"url\":\"https:\/\/secure.gravatar.com\/avatar\/9fd60c5591f2c6b18e76a917a69f35b0732f8532b3679d0132b3503b545db7a6?s=96&d=mm&r=g\",\"contentUrl\":\"https:\/\/secure.gravatar.com\/avatar\/9fd60c5591f2c6b18e76a917a69f35b0732f8532b3679d0132b3503b545db7a6?s=96&d=mm&r=g\",\"caption\":\"igfergon.com.mx\"},\"url\":\"http:\/\/igfergon.com.mx\/?author=1\"}]}<\/script>\n<!-- \/ Yoast SEO plugin. -->","yoast_head_json":{"title":"Viernes de la VI Semana del Tiempo Ordinario - El sitio del P. Ignacio Fern\u00e1ndez Gonz\u00e1lez","robots":{"index":"index","follow":"follow","max-snippet":"max-snippet:-1","max-image-preview":"max-image-preview:large","max-video-preview":"max-video-preview:-1"},"canonical":"http:\/\/igfergon.com.mx\/?p=3626","og_locale":"es_ES","og_type":"article","og_title":"Viernes de la VI Semana del Tiempo Ordinario - El sitio del P. Ignacio Fern\u00e1ndez Gonz\u00e1lez","og_description":"Mc 8, 34-9,1 \u00bfQu\u00e9 significa perder la vida por causa de Jes\u00fas? Esto puede suceder de dos maneras expl\u00edcitamente confesando la fe, o impl\u00edcitamente defendiendo la verdad. Los m\u00e1rtires son el m\u00e1ximo ejemplo del perder la vida por Cristo. En dos mil a\u00f1os son una fila inmensa de hombres y mujeres que han sacrificado su &hellip; Continuar leyendo \"Viernes de la VI Semana del Tiempo Ordinario\"","og_url":"http:\/\/igfergon.com.mx\/?p=3626","og_site_name":"El sitio del P. Ignacio Fern\u00e1ndez Gonz\u00e1lez","article_publisher":"https:\/\/www.facebook.com\/","article_published_time":"2022-02-18T08:25:42+00:00","article_modified_time":"2022-02-18T08:25:51+00:00","og_image":[{"url":"http:\/\/igfergon.com.mx\/wp-content\/uploads\/2022\/02\/cruz.jpg","type":"","width":"","height":""}],"author":"igfergon.com.mx","twitter_card":"summary_large_image","twitter_misc":{"Escrito por":"igfergon.com.mx","Tiempo de lectura":"2 minutos"},"schema":{"@context":"https:\/\/schema.org","@graph":[{"@type":"Article","@id":"http:\/\/igfergon.com.mx\/?p=3626#article","isPartOf":{"@id":"http:\/\/igfergon.com.mx\/?p=3626"},"author":{"name":"igfergon.com.mx","@id":"http:\/\/igfergon.com.mx\/#\/schema\/person\/b42517895faefafe2a81218226d90957"},"headline":"Viernes de la VI Semana del Tiempo Ordinario","datePublished":"2022-02-18T08:25:42+00:00","dateModified":"2022-02-18T08:25:51+00:00","mainEntityOfPage":{"@id":"http:\/\/igfergon.com.mx\/?p=3626"},"wordCount":432,"publisher":{"@id":"http:\/\/igfergon.com.mx\/#organization"},"image":{"@id":"http:\/\/igfergon.com.mx\/?p=3626#primaryimage"},"thumbnailUrl":"http:\/\/igfergon.com.mx\/wp-content\/uploads\/2022\/02\/cruz.jpg","keywords":["comentario al evangelio","Homil\u00eda","homil\u00eda diaria","liturgia","Viernes de la VI Semana del Tiempo Ordinario"],"articleSection":["comentario al evangelio","homil\u00eda","homil\u00eda diaria","liturgia"],"inLanguage":"es"},{"@type":"WebPage","@id":"http:\/\/igfergon.com.mx\/?p=3626","url":"http:\/\/igfergon.com.mx\/?p=3626","name":"Viernes de la VI Semana del Tiempo Ordinario - El sitio del P. Ignacio Fern\u00e1ndez Gonz\u00e1lez","isPartOf":{"@id":"http:\/\/igfergon.com.mx\/#website"},"primaryImageOfPage":{"@id":"http:\/\/igfergon.com.mx\/?p=3626#primaryimage"},"image":{"@id":"http:\/\/igfergon.com.mx\/?p=3626#primaryimage"},"thumbnailUrl":"http:\/\/igfergon.com.mx\/wp-content\/uploads\/2022\/02\/cruz.jpg","datePublished":"2022-02-18T08:25:42+00:00","dateModified":"2022-02-18T08:25:51+00:00","breadcrumb":{"@id":"http:\/\/igfergon.com.mx\/?p=3626#breadcrumb"},"inLanguage":"es","potentialAction":[{"@type":"ReadAction","target":["http:\/\/igfergon.com.mx\/?p=3626"]}]},{"@type":"ImageObject","inLanguage":"es","@id":"http:\/\/igfergon.com.mx\/?p=3626#primaryimage","url":"http:\/\/igfergon.com.mx\/wp-content\/uploads\/2022\/02\/cruz.jpg","contentUrl":"http:\/\/igfergon.com.mx\/wp-content\/uploads\/2022\/02\/cruz.jpg","width":279,"height":181},{"@type":"BreadcrumbList","@id":"http:\/\/igfergon.com.mx\/?p=3626#breadcrumb","itemListElement":[{"@type":"ListItem","position":1,"name":"Portada","item":"http:\/\/igfergon.com.mx\/"},{"@type":"ListItem","position":2,"name":"Viernes de la VI Semana del Tiempo Ordinario"}]},{"@type":"WebSite","@id":"http:\/\/igfergon.com.mx\/#website","url":"http:\/\/igfergon.com.mx\/","name":"El sitio del P. Ignacio Fern\u00e1ndez Gonz\u00e1lez","description":"Para Ayudarte","publisher":{"@id":"http:\/\/igfergon.com.mx\/#organization"},"potentialAction":[{"@type":"SearchAction","target":{"@type":"EntryPoint","urlTemplate":"http:\/\/igfergon.com.mx\/?s={search_term_string}"},"query-input":{"@type":"PropertyValueSpecification","valueRequired":true,"valueName":"search_term_string"}}],"inLanguage":"es"},{"@type":"Organization","@id":"http:\/\/igfergon.com.mx\/#organization","name":"El sitio del P. Ignacio Fern\u00e1ndez Gonz\u00e1lez","url":"http:\/\/igfergon.com.mx\/","logo":{"@type":"ImageObject","inLanguage":"es","@id":"http:\/\/igfergon.com.mx\/#\/schema\/logo\/image\/","url":"http:\/\/igfergon.com.mx\/wp-content\/uploads\/2018\/09\/cropped-ORDNACION02-2.jpg","contentUrl":"http:\/\/igfergon.com.mx\/wp-content\/uploads\/2018\/09\/cropped-ORDNACION02-2.jpg","width":250,"height":250,"caption":"El sitio del P. Ignacio Fern\u00e1ndez Gonz\u00e1lez"},"image":{"@id":"http:\/\/igfergon.com.mx\/#\/schema\/logo\/image\/"},"sameAs":["https:\/\/www.facebook.com\/"]},{"@type":"Person","@id":"http:\/\/igfergon.com.mx\/#\/schema\/person\/b42517895faefafe2a81218226d90957","name":"igfergon.com.mx","image":{"@type":"ImageObject","inLanguage":"es","@id":"http:\/\/igfergon.com.mx\/#\/schema\/person\/image\/","url":"https:\/\/secure.gravatar.com\/avatar\/9fd60c5591f2c6b18e76a917a69f35b0732f8532b3679d0132b3503b545db7a6?s=96&d=mm&r=g","contentUrl":"https:\/\/secure.gravatar.com\/avatar\/9fd60c5591f2c6b18e76a917a69f35b0732f8532b3679d0132b3503b545db7a6?s=96&d=mm&r=g","caption":"igfergon.com.mx"},"url":"http:\/\/igfergon.com.mx\/?author=1"}]}},"_links":{"self":[{"href":"http:\/\/igfergon.com.mx\/index.php?rest_route=\/wp\/v2\/posts\/3626","targetHints":{"allow":["GET"]}}],"collection":[{"href":"http:\/\/igfergon.com.mx\/index.php?rest_route=\/wp\/v2\/posts"}],"about":[{"href":"http:\/\/igfergon.com.mx\/index.php?rest_route=\/wp\/v2\/types\/post"}],"author":[{"embeddable":true,"href":"http:\/\/igfergon.com.mx\/index.php?rest_route=\/wp\/v2\/users\/1"}],"replies":[{"embeddable":true,"href":"http:\/\/igfergon.com.mx\/index.php?rest_route=%2Fwp%2Fv2%2Fcomments&post=3626"}],"version-history":[{"count":1,"href":"http:\/\/igfergon.com.mx\/index.php?rest_route=\/wp\/v2\/posts\/3626\/revisions"}],"predecessor-version":[{"id":3628,"href":"http:\/\/igfergon.com.mx\/index.php?rest_route=\/wp\/v2\/posts\/3626\/revisions\/3628"}],"wp:attachment":[{"href":"http:\/\/igfergon.com.mx\/index.php?rest_route=%2Fwp%2Fv2%2Fmedia&parent=3626"}],"wp:term":[{"taxonomy":"category","embeddable":true,"href":"http:\/\/igfergon.com.mx\/index.php?rest_route=%2Fwp%2Fv2%2Fcategories&post=3626"},{"taxonomy":"post_tag","embeddable":true,"href":"http:\/\/igfergon.com.mx\/index.php?rest_route=%2Fwp%2Fv2%2Ftags&post=3626"}],"curies":[{"name":"wp","href":"https:\/\/api.w.org\/{rel}","templated":true}]}}