{"id":3649,"date":"2022-02-25T10:24:01","date_gmt":"2022-02-25T08:24:01","guid":{"rendered":"http:\/\/igfergon.com.mx\/?p=3649"},"modified":"2022-02-25T10:24:09","modified_gmt":"2022-02-25T08:24:09","slug":"viernes-de-la-vii-semana-del-tiempo-ordinario","status":"publish","type":"post","link":"http:\/\/igfergon.com.mx\/?p=3649","title":{"rendered":"Viernes de la VII Semana del Tiempo Ordinario"},"content":{"rendered":"\n<div class=\"wp-block-image\"><figure class=\"aligncenter size-full\"><img loading=\"lazy\" decoding=\"async\" width=\"300\" height=\"168\" src=\"http:\/\/igfergon.com.mx\/wp-content\/uploads\/2022\/02\/descargar-2.jpg\" alt=\"\" class=\"wp-image-3650\" srcset=\"http:\/\/igfergon.com.mx\/wp-content\/uploads\/2022\/02\/descargar-2.jpg 300w, http:\/\/igfergon.com.mx\/wp-content\/uploads\/2022\/02\/descargar-2-200x112.jpg 200w\" sizes=\"auto, (max-width: 300px) 100vw, 300px\" \/><\/figure><\/div>\n\n\n\n<h4 class=\"wp-block-heading\">Mc 10, 1-12<\/h4>\n\n\n\n<p>Asunto dif\u00edcil el que le plantean a Jes\u00fas, sobre todo por la legislaci\u00f3n que imperaba en el mundo jud\u00edo. La pregunta no es si puede haber divorcio, sino, si el hombre puede divorciarse de su mujer. Daban por descontado que hab\u00eda divorcio pero solo por parte del var\u00f3n.<\/p>\n\n\n\n<p>Ya desde el Deuteronomio se hablaba de que el hombre pod\u00eda repudiar a su mujer casi por cualquier minucia, aunque despu\u00e9s algunos expertos de la ley discut\u00edan los motivos razonables para abandonar a la mujer.<\/p>\n\n\n\n<p>Jes\u00fas va mucho m\u00e1s all\u00e1, no se engancha en dirimir las interpretaciones de la ley sino que va al fondo de la cuesti\u00f3n. La soluci\u00f3n que ofrece Mois\u00e9s en el Deuteronomio es por la dureza del coraz\u00f3n. Pero el proyecto original de Dios no es una discriminaci\u00f3n hacia la mujer, si no la igualdad de var\u00f3n y mujer para hacerse imagen y semejanza de Dios.<\/p>\n\n\n\n<p>El matrimonio es el sacramento del amor y expresa la presencia viva de Dios en medio de quienes desean compartir sus vidas unificadas por el amor mutuo. Tal relaci\u00f3n se fundamenta en el conocimiento profundo, mutuo, de las dos personas; en la ruptura de los estrechos l\u00edmites del ego\u00edsmo, para dar paso al compartir, a la amistad, al afecto, al encuentro \u00edntimo de los cuerpos. Por ello, Jes\u00fas recuerda a los fariseos el elemento esencial de la uni\u00f3n matrimonial: ser una sola carne, un solo ser, una sola persona.<\/p>\n\n\n\n<p>Ser uno solo significa que los dos son responsables de mantener vivo el amor primero, significa que los dos son iguales, que no hay uno m\u00e1s importante que el otro, sino que cada uno, con su propia identidad, forma parte indispensable de este proyecto de amor. Por tanto, el divorcio es la consecuencia de no comprender el sentido original del matrimonio, de poseer un coraz\u00f3n de piedra incapaz de amar a Dios, quien es el pr\u00f3jimo por excelencia; de no abrir el coraz\u00f3n al perd\u00f3n, a la ternura, a la misericordia con el otro. Es necesario un coraz\u00f3n de carne para que el amor conyugal sea fuerte e indisoluble.<\/p>\n\n\n\n<p>Hoy tambi\u00e9n f\u00e1cilmente se cae en la tentaci\u00f3n de uniones libres, de divorcios al vapor o de actitudes discriminatorias.<\/p>\n\n\n\n<p>\u00bfQu\u00e9 nos dice hoy Jes\u00fas para nuestra sociedad? \u00bfEstamos viviendo el amor de pareja conforme al proyecto original que Dios pens\u00f3 para la humanidad?<\/p>\n\n\n\n<p>Que el Se\u00f1or bendiga los matrimonios y las familias.<\/p>\n","protected":false},"excerpt":{"rendered":"<p>Mc 10, 1-12 Asunto dif\u00edcil el que le plantean a Jes\u00fas, sobre todo por la legislaci\u00f3n que imperaba en el mundo jud\u00edo. La pregunta no es si puede haber divorcio, sino, si el hombre puede divorciarse de su mujer. Daban por descontado que hab\u00eda divorcio pero solo por parte del var\u00f3n. Ya desde el Deuteronomio &hellip; <\/p>\n<p class=\"link-more\"><a href=\"http:\/\/igfergon.com.mx\/?p=3649\" class=\"more-link\">Continuar leyendo<span class=\"screen-reader-text\"> \u00abViernes de la VII Semana del Tiempo Ordinario\u00bb<\/span><\/a><\/p>\n","protected":false},"author":1,"featured_media":0,"comment_status":"closed","ping_status":"closed","sticky":false,"template":"","format":"standard","meta":{"footnotes":""},"categories":[13,14,10,1],"tags":[69,8,6,7,424],"class_list":["post-3649","post","type-post","status-publish","format-standard","hentry","category-comentario-al-evangelio","category-homilia","category-homilia-diaria","category-uncategorized","tag-comentario-al-evangelio-2","tag-homilia","tag-homilia-diaria","tag-liturgia","tag-viernes-de-la-vii-semana-del-tiempo-ordinario"],"yoast_head":"<!-- This site is optimized with the Yoast SEO plugin v26.0 - https:\/\/yoast.com\/wordpress\/plugins\/seo\/ -->\n<title>Viernes de la VII Semana del Tiempo Ordinario - El sitio del P. Ignacio Fern\u00e1ndez Gonz\u00e1lez<\/title>\n<meta name=\"robots\" content=\"index, follow, max-snippet:-1, max-image-preview:large, max-video-preview:-1\" \/>\n<link rel=\"canonical\" href=\"http:\/\/igfergon.com.mx\/?p=3649\" \/>\n<meta property=\"og:locale\" content=\"es_ES\" \/>\n<meta property=\"og:type\" content=\"article\" \/>\n<meta property=\"og:title\" content=\"Viernes de la VII Semana del Tiempo Ordinario - El sitio del P. Ignacio Fern\u00e1ndez Gonz\u00e1lez\" \/>\n<meta property=\"og:description\" content=\"Mc 10, 1-12 Asunto dif\u00edcil el que le plantean a Jes\u00fas, sobre todo por la legislaci\u00f3n que imperaba en el mundo jud\u00edo. La pregunta no es si puede haber divorcio, sino, si el hombre puede divorciarse de su mujer. Daban por descontado que hab\u00eda divorcio pero solo por parte del var\u00f3n. Ya desde el Deuteronomio &hellip; Continuar leyendo &quot;Viernes de la VII Semana del Tiempo Ordinario&quot;\" \/>\n<meta property=\"og:url\" content=\"http:\/\/igfergon.com.mx\/?p=3649\" \/>\n<meta property=\"og:site_name\" content=\"El sitio del P. Ignacio Fern\u00e1ndez Gonz\u00e1lez\" \/>\n<meta property=\"article:publisher\" content=\"https:\/\/www.facebook.com\/\" \/>\n<meta property=\"article:published_time\" content=\"2022-02-25T08:24:01+00:00\" \/>\n<meta property=\"article:modified_time\" content=\"2022-02-25T08:24:09+00:00\" \/>\n<meta property=\"og:image\" content=\"http:\/\/igfergon.com.mx\/wp-content\/uploads\/2022\/02\/descargar-2.jpg\" \/>\n<meta name=\"author\" content=\"igfergon.com.mx\" \/>\n<meta name=\"twitter:card\" content=\"summary_large_image\" \/>\n<meta name=\"twitter:label1\" content=\"Escrito por\" \/>\n\t<meta name=\"twitter:data1\" content=\"igfergon.com.mx\" \/>\n\t<meta name=\"twitter:label2\" content=\"Tiempo de lectura\" \/>\n\t<meta name=\"twitter:data2\" content=\"3 minutos\" \/>\n<script type=\"application\/ld+json\" class=\"yoast-schema-graph\">{\"@context\":\"https:\/\/schema.org\",\"@graph\":[{\"@type\":\"Article\",\"@id\":\"http:\/\/igfergon.com.mx\/?p=3649#article\",\"isPartOf\":{\"@id\":\"http:\/\/igfergon.com.mx\/?p=3649\"},\"author\":{\"name\":\"igfergon.com.mx\",\"@id\":\"http:\/\/igfergon.com.mx\/#\/schema\/person\/b42517895faefafe2a81218226d90957\"},\"headline\":\"Viernes de la VII Semana del Tiempo Ordinario\",\"datePublished\":\"2022-02-25T08:24:01+00:00\",\"dateModified\":\"2022-02-25T08:24:09+00:00\",\"mainEntityOfPage\":{\"@id\":\"http:\/\/igfergon.com.mx\/?p=3649\"},\"wordCount\":441,\"publisher\":{\"@id\":\"http:\/\/igfergon.com.mx\/#organization\"},\"image\":{\"@id\":\"http:\/\/igfergon.com.mx\/?p=3649#primaryimage\"},\"thumbnailUrl\":\"http:\/\/igfergon.com.mx\/wp-content\/uploads\/2022\/02\/descargar-2.jpg\",\"keywords\":[\"comentario al evangelio\",\"Homil\u00eda\",\"homil\u00eda diaria\",\"liturgia\",\"Viernes de la VII Semana del Tiempo Ordinario\"],\"articleSection\":[\"comentario al evangelio\",\"homil\u00eda\",\"homil\u00eda diaria\",\"liturgia\"],\"inLanguage\":\"es\"},{\"@type\":\"WebPage\",\"@id\":\"http:\/\/igfergon.com.mx\/?p=3649\",\"url\":\"http:\/\/igfergon.com.mx\/?p=3649\",\"name\":\"Viernes de la VII Semana del Tiempo Ordinario - El sitio del P. Ignacio Fern\u00e1ndez Gonz\u00e1lez\",\"isPartOf\":{\"@id\":\"http:\/\/igfergon.com.mx\/#website\"},\"primaryImageOfPage\":{\"@id\":\"http:\/\/igfergon.com.mx\/?p=3649#primaryimage\"},\"image\":{\"@id\":\"http:\/\/igfergon.com.mx\/?p=3649#primaryimage\"},\"thumbnailUrl\":\"http:\/\/igfergon.com.mx\/wp-content\/uploads\/2022\/02\/descargar-2.jpg\",\"datePublished\":\"2022-02-25T08:24:01+00:00\",\"dateModified\":\"2022-02-25T08:24:09+00:00\",\"breadcrumb\":{\"@id\":\"http:\/\/igfergon.com.mx\/?p=3649#breadcrumb\"},\"inLanguage\":\"es\",\"potentialAction\":[{\"@type\":\"ReadAction\",\"target\":[\"http:\/\/igfergon.com.mx\/?p=3649\"]}]},{\"@type\":\"ImageObject\",\"inLanguage\":\"es\",\"@id\":\"http:\/\/igfergon.com.mx\/?p=3649#primaryimage\",\"url\":\"http:\/\/igfergon.com.mx\/wp-content\/uploads\/2022\/02\/descargar-2.jpg\",\"contentUrl\":\"http:\/\/igfergon.com.mx\/wp-content\/uploads\/2022\/02\/descargar-2.jpg\",\"width\":300,\"height\":168},{\"@type\":\"BreadcrumbList\",\"@id\":\"http:\/\/igfergon.com.mx\/?p=3649#breadcrumb\",\"itemListElement\":[{\"@type\":\"ListItem\",\"position\":1,\"name\":\"Portada\",\"item\":\"http:\/\/igfergon.com.mx\/\"},{\"@type\":\"ListItem\",\"position\":2,\"name\":\"Viernes de la VII Semana del Tiempo Ordinario\"}]},{\"@type\":\"WebSite\",\"@id\":\"http:\/\/igfergon.com.mx\/#website\",\"url\":\"http:\/\/igfergon.com.mx\/\",\"name\":\"El sitio del P. Ignacio Fern\u00e1ndez Gonz\u00e1lez\",\"description\":\"Para Ayudarte\",\"publisher\":{\"@id\":\"http:\/\/igfergon.com.mx\/#organization\"},\"potentialAction\":[{\"@type\":\"SearchAction\",\"target\":{\"@type\":\"EntryPoint\",\"urlTemplate\":\"http:\/\/igfergon.com.mx\/?s={search_term_string}\"},\"query-input\":{\"@type\":\"PropertyValueSpecification\",\"valueRequired\":true,\"valueName\":\"search_term_string\"}}],\"inLanguage\":\"es\"},{\"@type\":\"Organization\",\"@id\":\"http:\/\/igfergon.com.mx\/#organization\",\"name\":\"El sitio del P. Ignacio Fern\u00e1ndez Gonz\u00e1lez\",\"url\":\"http:\/\/igfergon.com.mx\/\",\"logo\":{\"@type\":\"ImageObject\",\"inLanguage\":\"es\",\"@id\":\"http:\/\/igfergon.com.mx\/#\/schema\/logo\/image\/\",\"url\":\"http:\/\/igfergon.com.mx\/wp-content\/uploads\/2018\/09\/cropped-ORDNACION02-2.jpg\",\"contentUrl\":\"http:\/\/igfergon.com.mx\/wp-content\/uploads\/2018\/09\/cropped-ORDNACION02-2.jpg\",\"width\":250,\"height\":250,\"caption\":\"El sitio del P. Ignacio Fern\u00e1ndez Gonz\u00e1lez\"},\"image\":{\"@id\":\"http:\/\/igfergon.com.mx\/#\/schema\/logo\/image\/\"},\"sameAs\":[\"https:\/\/www.facebook.com\/\"]},{\"@type\":\"Person\",\"@id\":\"http:\/\/igfergon.com.mx\/#\/schema\/person\/b42517895faefafe2a81218226d90957\",\"name\":\"igfergon.com.mx\",\"image\":{\"@type\":\"ImageObject\",\"inLanguage\":\"es\",\"@id\":\"http:\/\/igfergon.com.mx\/#\/schema\/person\/image\/\",\"url\":\"https:\/\/secure.gravatar.com\/avatar\/9fd60c5591f2c6b18e76a917a69f35b0732f8532b3679d0132b3503b545db7a6?s=96&d=mm&r=g\",\"contentUrl\":\"https:\/\/secure.gravatar.com\/avatar\/9fd60c5591f2c6b18e76a917a69f35b0732f8532b3679d0132b3503b545db7a6?s=96&d=mm&r=g\",\"caption\":\"igfergon.com.mx\"},\"url\":\"http:\/\/igfergon.com.mx\/?author=1\"}]}<\/script>\n<!-- \/ Yoast SEO plugin. -->","yoast_head_json":{"title":"Viernes de la VII Semana del Tiempo Ordinario - El sitio del P. Ignacio Fern\u00e1ndez Gonz\u00e1lez","robots":{"index":"index","follow":"follow","max-snippet":"max-snippet:-1","max-image-preview":"max-image-preview:large","max-video-preview":"max-video-preview:-1"},"canonical":"http:\/\/igfergon.com.mx\/?p=3649","og_locale":"es_ES","og_type":"article","og_title":"Viernes de la VII Semana del Tiempo Ordinario - El sitio del P. Ignacio Fern\u00e1ndez Gonz\u00e1lez","og_description":"Mc 10, 1-12 Asunto dif\u00edcil el que le plantean a Jes\u00fas, sobre todo por la legislaci\u00f3n que imperaba en el mundo jud\u00edo. La pregunta no es si puede haber divorcio, sino, si el hombre puede divorciarse de su mujer. Daban por descontado que hab\u00eda divorcio pero solo por parte del var\u00f3n. Ya desde el Deuteronomio &hellip; Continuar leyendo \"Viernes de la VII Semana del Tiempo Ordinario\"","og_url":"http:\/\/igfergon.com.mx\/?p=3649","og_site_name":"El sitio del P. Ignacio Fern\u00e1ndez Gonz\u00e1lez","article_publisher":"https:\/\/www.facebook.com\/","article_published_time":"2022-02-25T08:24:01+00:00","article_modified_time":"2022-02-25T08:24:09+00:00","og_image":[{"url":"http:\/\/igfergon.com.mx\/wp-content\/uploads\/2022\/02\/descargar-2.jpg","type":"","width":"","height":""}],"author":"igfergon.com.mx","twitter_card":"summary_large_image","twitter_misc":{"Escrito por":"igfergon.com.mx","Tiempo de lectura":"3 minutos"},"schema":{"@context":"https:\/\/schema.org","@graph":[{"@type":"Article","@id":"http:\/\/igfergon.com.mx\/?p=3649#article","isPartOf":{"@id":"http:\/\/igfergon.com.mx\/?p=3649"},"author":{"name":"igfergon.com.mx","@id":"http:\/\/igfergon.com.mx\/#\/schema\/person\/b42517895faefafe2a81218226d90957"},"headline":"Viernes de la VII Semana del Tiempo Ordinario","datePublished":"2022-02-25T08:24:01+00:00","dateModified":"2022-02-25T08:24:09+00:00","mainEntityOfPage":{"@id":"http:\/\/igfergon.com.mx\/?p=3649"},"wordCount":441,"publisher":{"@id":"http:\/\/igfergon.com.mx\/#organization"},"image":{"@id":"http:\/\/igfergon.com.mx\/?p=3649#primaryimage"},"thumbnailUrl":"http:\/\/igfergon.com.mx\/wp-content\/uploads\/2022\/02\/descargar-2.jpg","keywords":["comentario al evangelio","Homil\u00eda","homil\u00eda diaria","liturgia","Viernes de la VII Semana del Tiempo Ordinario"],"articleSection":["comentario al evangelio","homil\u00eda","homil\u00eda diaria","liturgia"],"inLanguage":"es"},{"@type":"WebPage","@id":"http:\/\/igfergon.com.mx\/?p=3649","url":"http:\/\/igfergon.com.mx\/?p=3649","name":"Viernes de la VII Semana del Tiempo Ordinario - El sitio del P. Ignacio Fern\u00e1ndez Gonz\u00e1lez","isPartOf":{"@id":"http:\/\/igfergon.com.mx\/#website"},"primaryImageOfPage":{"@id":"http:\/\/igfergon.com.mx\/?p=3649#primaryimage"},"image":{"@id":"http:\/\/igfergon.com.mx\/?p=3649#primaryimage"},"thumbnailUrl":"http:\/\/igfergon.com.mx\/wp-content\/uploads\/2022\/02\/descargar-2.jpg","datePublished":"2022-02-25T08:24:01+00:00","dateModified":"2022-02-25T08:24:09+00:00","breadcrumb":{"@id":"http:\/\/igfergon.com.mx\/?p=3649#breadcrumb"},"inLanguage":"es","potentialAction":[{"@type":"ReadAction","target":["http:\/\/igfergon.com.mx\/?p=3649"]}]},{"@type":"ImageObject","inLanguage":"es","@id":"http:\/\/igfergon.com.mx\/?p=3649#primaryimage","url":"http:\/\/igfergon.com.mx\/wp-content\/uploads\/2022\/02\/descargar-2.jpg","contentUrl":"http:\/\/igfergon.com.mx\/wp-content\/uploads\/2022\/02\/descargar-2.jpg","width":300,"height":168},{"@type":"BreadcrumbList","@id":"http:\/\/igfergon.com.mx\/?p=3649#breadcrumb","itemListElement":[{"@type":"ListItem","position":1,"name":"Portada","item":"http:\/\/igfergon.com.mx\/"},{"@type":"ListItem","position":2,"name":"Viernes de la VII Semana del Tiempo Ordinario"}]},{"@type":"WebSite","@id":"http:\/\/igfergon.com.mx\/#website","url":"http:\/\/igfergon.com.mx\/","name":"El sitio del P. Ignacio Fern\u00e1ndez Gonz\u00e1lez","description":"Para Ayudarte","publisher":{"@id":"http:\/\/igfergon.com.mx\/#organization"},"potentialAction":[{"@type":"SearchAction","target":{"@type":"EntryPoint","urlTemplate":"http:\/\/igfergon.com.mx\/?s={search_term_string}"},"query-input":{"@type":"PropertyValueSpecification","valueRequired":true,"valueName":"search_term_string"}}],"inLanguage":"es"},{"@type":"Organization","@id":"http:\/\/igfergon.com.mx\/#organization","name":"El sitio del P. Ignacio Fern\u00e1ndez Gonz\u00e1lez","url":"http:\/\/igfergon.com.mx\/","logo":{"@type":"ImageObject","inLanguage":"es","@id":"http:\/\/igfergon.com.mx\/#\/schema\/logo\/image\/","url":"http:\/\/igfergon.com.mx\/wp-content\/uploads\/2018\/09\/cropped-ORDNACION02-2.jpg","contentUrl":"http:\/\/igfergon.com.mx\/wp-content\/uploads\/2018\/09\/cropped-ORDNACION02-2.jpg","width":250,"height":250,"caption":"El sitio del P. Ignacio Fern\u00e1ndez Gonz\u00e1lez"},"image":{"@id":"http:\/\/igfergon.com.mx\/#\/schema\/logo\/image\/"},"sameAs":["https:\/\/www.facebook.com\/"]},{"@type":"Person","@id":"http:\/\/igfergon.com.mx\/#\/schema\/person\/b42517895faefafe2a81218226d90957","name":"igfergon.com.mx","image":{"@type":"ImageObject","inLanguage":"es","@id":"http:\/\/igfergon.com.mx\/#\/schema\/person\/image\/","url":"https:\/\/secure.gravatar.com\/avatar\/9fd60c5591f2c6b18e76a917a69f35b0732f8532b3679d0132b3503b545db7a6?s=96&d=mm&r=g","contentUrl":"https:\/\/secure.gravatar.com\/avatar\/9fd60c5591f2c6b18e76a917a69f35b0732f8532b3679d0132b3503b545db7a6?s=96&d=mm&r=g","caption":"igfergon.com.mx"},"url":"http:\/\/igfergon.com.mx\/?author=1"}]}},"_links":{"self":[{"href":"http:\/\/igfergon.com.mx\/index.php?rest_route=\/wp\/v2\/posts\/3649","targetHints":{"allow":["GET"]}}],"collection":[{"href":"http:\/\/igfergon.com.mx\/index.php?rest_route=\/wp\/v2\/posts"}],"about":[{"href":"http:\/\/igfergon.com.mx\/index.php?rest_route=\/wp\/v2\/types\/post"}],"author":[{"embeddable":true,"href":"http:\/\/igfergon.com.mx\/index.php?rest_route=\/wp\/v2\/users\/1"}],"replies":[{"embeddable":true,"href":"http:\/\/igfergon.com.mx\/index.php?rest_route=%2Fwp%2Fv2%2Fcomments&post=3649"}],"version-history":[{"count":1,"href":"http:\/\/igfergon.com.mx\/index.php?rest_route=\/wp\/v2\/posts\/3649\/revisions"}],"predecessor-version":[{"id":3651,"href":"http:\/\/igfergon.com.mx\/index.php?rest_route=\/wp\/v2\/posts\/3649\/revisions\/3651"}],"wp:attachment":[{"href":"http:\/\/igfergon.com.mx\/index.php?rest_route=%2Fwp%2Fv2%2Fmedia&parent=3649"}],"wp:term":[{"taxonomy":"category","embeddable":true,"href":"http:\/\/igfergon.com.mx\/index.php?rest_route=%2Fwp%2Fv2%2Fcategories&post=3649"},{"taxonomy":"post_tag","embeddable":true,"href":"http:\/\/igfergon.com.mx\/index.php?rest_route=%2Fwp%2Fv2%2Ftags&post=3649"}],"curies":[{"name":"wp","href":"https:\/\/api.w.org\/{rel}","templated":true}]}}