{"id":3701,"date":"2022-03-07T11:40:35","date_gmt":"2022-03-07T09:40:35","guid":{"rendered":"http:\/\/igfergon.com.mx\/?p=3701"},"modified":"2022-03-07T11:40:41","modified_gmt":"2022-03-07T09:40:41","slug":"lunes-de-la-i-semana-de-cuaresma-2","status":"publish","type":"post","link":"http:\/\/igfergon.com.mx\/?p=3701","title":{"rendered":"Lunes de la I Semana de Cuaresma"},"content":{"rendered":"\n<div class=\"wp-block-image\"><figure class=\"aligncenter size-full\"><img loading=\"lazy\" decoding=\"async\" width=\"275\" height=\"184\" src=\"http:\/\/igfergon.com.mx\/wp-content\/uploads\/2022\/03\/images-2.jpg\" alt=\"\" class=\"wp-image-3702\" srcset=\"http:\/\/igfergon.com.mx\/wp-content\/uploads\/2022\/03\/images-2.jpg 275w, http:\/\/igfergon.com.mx\/wp-content\/uploads\/2022\/03\/images-2-200x134.jpg 200w\" sizes=\"auto, (max-width: 275px) 100vw, 275px\" \/><\/figure><\/div>\n\n\n\n<h4 class=\"wp-block-heading\">Mt 25, 31-46<\/h4>\n\n\n\n<p>El tiempo de espera de la llegada del Se\u00f1or es el tiempo que \u00c9l se nos da, con misericordia y paciencia, antes de su llegada final, tiempo de la vigilancia; tiempo en que tenemos que mantener encendidas las l\u00e1mparas de la fe, de la esperanza y de la caridad, donde mantener abierto nuestro coraz\u00f3n a la bondad, a la belleza y a la verdad; tiempo que hay que vivir de acuerdo a Dios, porque no conocemos ni el d\u00eda, ni la hora del regreso de Cristo&#8230;<\/p>\n\n\n\n<p>Lo que se nos pide es estar preparados para el encuentro: preparados a un encuentro, a un hermoso encuentro, el encuentro con Jes\u00fas, que significa ser capaz de ver los signos de su presencia, mantener viva nuestra fe, con la oraci\u00f3n, con los Sacramentos, estar atentos para no caer dormidos, para no olvidarnos de Dios.<\/p>\n\n\n\n<p>La vida de los cristianos dormidos es una vida triste, \u00bfeh?, no es una vida feliz. El cristiano debe ser feliz, la alegr\u00eda de Jes\u00fas&#8230; \u00a1No se duerman!<\/p>\n\n\n\n<p>La espera del retorno del Se\u00f1or es el tiempo de la acci\u00f3n. Nosotros somos el tiempo de la acci\u00f3n, tiempo para sacar provecho de los dones de Dios, no para nosotros mismos, sino para \u00c9l, para la Iglesia, para los otros, tiempo para tratar siempre de hacer crecer el bien en el mundo&#8230;<\/p>\n\n\n\n<p>Es importante no encerrarse en s\u00ed mismos, enterrando el propio talento, las propias riquezas espirituales, intelectuales, materiales, todo lo que el Se\u00f1or nos ha dado, sino abrirse, ser solidarios, tener cuidado de los dem\u00e1s.<\/p>\n\n\n\n<p>En el juicio final, el Se\u00f1or ser\u00e1 el pastor que separa las ovejas de las cabras. A la derecha se sit\u00faan los que han actuado de acuerdo a la voluntad de Dios, que han ayudado al hambriento, al sediento, al forastero, al desnudo, el enfermo, el encarcelado, el extranjero&#8230; Mientras que a la izquierda est\u00e1n los que no han socorrido al pr\u00f3jimo.<\/p>\n\n\n\n<p>Esto nos indica que seremos juzgados por Dios en la caridad, en c\u00f3mo lo hemos amado en los hermanos, especialmente los m\u00e1s vulnerables y necesitados&#8230;<\/p>\n\n\n\n<p>No tengamos nunca miedo de mirar el juicio final; que ello nos empuje en cambio a vivir mejor el presente.<\/p>\n\n\n\n<p>Dios nos ofrece con misericordia y paciencia este tiempo para que aprendamos cada d\u00eda a reconocerlo en los pobres y en los peque\u00f1os, para que nos comprometamos con el bien y estemos vigilantes en la oraci\u00f3n y en el amor.<\/p>\n\n\n\n<p>Que el Se\u00f1or, al final de nuestra existencia y de la historia, pueda reconocernos como siervos buenos y fieles.<\/p>\n","protected":false},"excerpt":{"rendered":"<p>Mt 25, 31-46 El tiempo de espera de la llegada del Se\u00f1or es el tiempo que \u00c9l se nos da, con misericordia y paciencia, antes de su llegada final, tiempo de la vigilancia; tiempo en que tenemos que mantener encendidas las l\u00e1mparas de la fe, de la esperanza y de la caridad, donde mantener abierto &hellip; <\/p>\n<p class=\"link-more\"><a href=\"http:\/\/igfergon.com.mx\/?p=3701\" class=\"more-link\">Continuar leyendo<span class=\"screen-reader-text\"> \u00abLunes de la I Semana de Cuaresma\u00bb<\/span><\/a><\/p>\n","protected":false},"author":1,"featured_media":0,"comment_status":"closed","ping_status":"closed","sticky":false,"template":"","format":"standard","meta":{"footnotes":""},"categories":[13,14,10,1],"tags":[69,8,6,7,427],"class_list":["post-3701","post","type-post","status-publish","format-standard","hentry","category-comentario-al-evangelio","category-homilia","category-homilia-diaria","category-uncategorized","tag-comentario-al-evangelio-2","tag-homilia","tag-homilia-diaria","tag-liturgia","tag-lunes-de-la-i-semana-de-cuaresma"],"yoast_head":"<!-- This site is optimized with the Yoast SEO plugin v26.0 - https:\/\/yoast.com\/wordpress\/plugins\/seo\/ -->\n<title>Lunes de la I Semana de Cuaresma - El sitio del P. Ignacio Fern\u00e1ndez Gonz\u00e1lez<\/title>\n<meta name=\"robots\" content=\"index, follow, max-snippet:-1, max-image-preview:large, max-video-preview:-1\" \/>\n<link rel=\"canonical\" href=\"http:\/\/igfergon.com.mx\/?p=3701\" \/>\n<meta property=\"og:locale\" content=\"es_ES\" \/>\n<meta property=\"og:type\" content=\"article\" \/>\n<meta property=\"og:title\" content=\"Lunes de la I Semana de Cuaresma - El sitio del P. Ignacio Fern\u00e1ndez Gonz\u00e1lez\" \/>\n<meta property=\"og:description\" content=\"Mt 25, 31-46 El tiempo de espera de la llegada del Se\u00f1or es el tiempo que \u00c9l se nos da, con misericordia y paciencia, antes de su llegada final, tiempo de la vigilancia; tiempo en que tenemos que mantener encendidas las l\u00e1mparas de la fe, de la esperanza y de la caridad, donde mantener abierto &hellip; Continuar leyendo &quot;Lunes de la I Semana de Cuaresma&quot;\" \/>\n<meta property=\"og:url\" content=\"http:\/\/igfergon.com.mx\/?p=3701\" \/>\n<meta property=\"og:site_name\" content=\"El sitio del P. Ignacio Fern\u00e1ndez Gonz\u00e1lez\" \/>\n<meta property=\"article:publisher\" content=\"https:\/\/www.facebook.com\/\" \/>\n<meta property=\"article:published_time\" content=\"2022-03-07T09:40:35+00:00\" \/>\n<meta property=\"article:modified_time\" content=\"2022-03-07T09:40:41+00:00\" \/>\n<meta property=\"og:image\" content=\"http:\/\/igfergon.com.mx\/wp-content\/uploads\/2022\/03\/images-2.jpg\" \/>\n<meta name=\"author\" content=\"igfergon.com.mx\" \/>\n<meta name=\"twitter:card\" content=\"summary_large_image\" \/>\n<meta name=\"twitter:label1\" content=\"Escrito por\" \/>\n\t<meta name=\"twitter:data1\" content=\"igfergon.com.mx\" \/>\n\t<meta name=\"twitter:label2\" content=\"Tiempo de lectura\" \/>\n\t<meta name=\"twitter:data2\" content=\"3 minutos\" \/>\n<script type=\"application\/ld+json\" class=\"yoast-schema-graph\">{\"@context\":\"https:\/\/schema.org\",\"@graph\":[{\"@type\":\"Article\",\"@id\":\"http:\/\/igfergon.com.mx\/?p=3701#article\",\"isPartOf\":{\"@id\":\"http:\/\/igfergon.com.mx\/?p=3701\"},\"author\":{\"name\":\"igfergon.com.mx\",\"@id\":\"http:\/\/igfergon.com.mx\/#\/schema\/person\/b42517895faefafe2a81218226d90957\"},\"headline\":\"Lunes de la I Semana de Cuaresma\",\"datePublished\":\"2022-03-07T09:40:35+00:00\",\"dateModified\":\"2022-03-07T09:40:41+00:00\",\"mainEntityOfPage\":{\"@id\":\"http:\/\/igfergon.com.mx\/?p=3701\"},\"wordCount\":454,\"publisher\":{\"@id\":\"http:\/\/igfergon.com.mx\/#organization\"},\"image\":{\"@id\":\"http:\/\/igfergon.com.mx\/?p=3701#primaryimage\"},\"thumbnailUrl\":\"http:\/\/igfergon.com.mx\/wp-content\/uploads\/2022\/03\/images-2.jpg\",\"keywords\":[\"comentario al evangelio\",\"Homil\u00eda\",\"homil\u00eda diaria\",\"liturgia\",\"Lunes de la I Semana de Cuaresma\"],\"articleSection\":[\"comentario al evangelio\",\"homil\u00eda\",\"homil\u00eda diaria\",\"liturgia\"],\"inLanguage\":\"es\"},{\"@type\":\"WebPage\",\"@id\":\"http:\/\/igfergon.com.mx\/?p=3701\",\"url\":\"http:\/\/igfergon.com.mx\/?p=3701\",\"name\":\"Lunes de la I Semana de Cuaresma - El sitio del P. Ignacio Fern\u00e1ndez Gonz\u00e1lez\",\"isPartOf\":{\"@id\":\"http:\/\/igfergon.com.mx\/#website\"},\"primaryImageOfPage\":{\"@id\":\"http:\/\/igfergon.com.mx\/?p=3701#primaryimage\"},\"image\":{\"@id\":\"http:\/\/igfergon.com.mx\/?p=3701#primaryimage\"},\"thumbnailUrl\":\"http:\/\/igfergon.com.mx\/wp-content\/uploads\/2022\/03\/images-2.jpg\",\"datePublished\":\"2022-03-07T09:40:35+00:00\",\"dateModified\":\"2022-03-07T09:40:41+00:00\",\"breadcrumb\":{\"@id\":\"http:\/\/igfergon.com.mx\/?p=3701#breadcrumb\"},\"inLanguage\":\"es\",\"potentialAction\":[{\"@type\":\"ReadAction\",\"target\":[\"http:\/\/igfergon.com.mx\/?p=3701\"]}]},{\"@type\":\"ImageObject\",\"inLanguage\":\"es\",\"@id\":\"http:\/\/igfergon.com.mx\/?p=3701#primaryimage\",\"url\":\"http:\/\/igfergon.com.mx\/wp-content\/uploads\/2022\/03\/images-2.jpg\",\"contentUrl\":\"http:\/\/igfergon.com.mx\/wp-content\/uploads\/2022\/03\/images-2.jpg\",\"width\":275,\"height\":184},{\"@type\":\"BreadcrumbList\",\"@id\":\"http:\/\/igfergon.com.mx\/?p=3701#breadcrumb\",\"itemListElement\":[{\"@type\":\"ListItem\",\"position\":1,\"name\":\"Portada\",\"item\":\"http:\/\/igfergon.com.mx\/\"},{\"@type\":\"ListItem\",\"position\":2,\"name\":\"Lunes de la I Semana de Cuaresma\"}]},{\"@type\":\"WebSite\",\"@id\":\"http:\/\/igfergon.com.mx\/#website\",\"url\":\"http:\/\/igfergon.com.mx\/\",\"name\":\"El sitio del P. Ignacio Fern\u00e1ndez Gonz\u00e1lez\",\"description\":\"Para Ayudarte\",\"publisher\":{\"@id\":\"http:\/\/igfergon.com.mx\/#organization\"},\"potentialAction\":[{\"@type\":\"SearchAction\",\"target\":{\"@type\":\"EntryPoint\",\"urlTemplate\":\"http:\/\/igfergon.com.mx\/?s={search_term_string}\"},\"query-input\":{\"@type\":\"PropertyValueSpecification\",\"valueRequired\":true,\"valueName\":\"search_term_string\"}}],\"inLanguage\":\"es\"},{\"@type\":\"Organization\",\"@id\":\"http:\/\/igfergon.com.mx\/#organization\",\"name\":\"El sitio del P. Ignacio Fern\u00e1ndez Gonz\u00e1lez\",\"url\":\"http:\/\/igfergon.com.mx\/\",\"logo\":{\"@type\":\"ImageObject\",\"inLanguage\":\"es\",\"@id\":\"http:\/\/igfergon.com.mx\/#\/schema\/logo\/image\/\",\"url\":\"http:\/\/igfergon.com.mx\/wp-content\/uploads\/2018\/09\/cropped-ORDNACION02-2.jpg\",\"contentUrl\":\"http:\/\/igfergon.com.mx\/wp-content\/uploads\/2018\/09\/cropped-ORDNACION02-2.jpg\",\"width\":250,\"height\":250,\"caption\":\"El sitio del P. Ignacio Fern\u00e1ndez Gonz\u00e1lez\"},\"image\":{\"@id\":\"http:\/\/igfergon.com.mx\/#\/schema\/logo\/image\/\"},\"sameAs\":[\"https:\/\/www.facebook.com\/\"]},{\"@type\":\"Person\",\"@id\":\"http:\/\/igfergon.com.mx\/#\/schema\/person\/b42517895faefafe2a81218226d90957\",\"name\":\"igfergon.com.mx\",\"image\":{\"@type\":\"ImageObject\",\"inLanguage\":\"es\",\"@id\":\"http:\/\/igfergon.com.mx\/#\/schema\/person\/image\/\",\"url\":\"https:\/\/secure.gravatar.com\/avatar\/9fd60c5591f2c6b18e76a917a69f35b0732f8532b3679d0132b3503b545db7a6?s=96&d=mm&r=g\",\"contentUrl\":\"https:\/\/secure.gravatar.com\/avatar\/9fd60c5591f2c6b18e76a917a69f35b0732f8532b3679d0132b3503b545db7a6?s=96&d=mm&r=g\",\"caption\":\"igfergon.com.mx\"},\"url\":\"http:\/\/igfergon.com.mx\/?author=1\"}]}<\/script>\n<!-- \/ Yoast SEO plugin. -->","yoast_head_json":{"title":"Lunes de la I Semana de Cuaresma - El sitio del P. Ignacio Fern\u00e1ndez Gonz\u00e1lez","robots":{"index":"index","follow":"follow","max-snippet":"max-snippet:-1","max-image-preview":"max-image-preview:large","max-video-preview":"max-video-preview:-1"},"canonical":"http:\/\/igfergon.com.mx\/?p=3701","og_locale":"es_ES","og_type":"article","og_title":"Lunes de la I Semana de Cuaresma - El sitio del P. Ignacio Fern\u00e1ndez Gonz\u00e1lez","og_description":"Mt 25, 31-46 El tiempo de espera de la llegada del Se\u00f1or es el tiempo que \u00c9l se nos da, con misericordia y paciencia, antes de su llegada final, tiempo de la vigilancia; tiempo en que tenemos que mantener encendidas las l\u00e1mparas de la fe, de la esperanza y de la caridad, donde mantener abierto &hellip; Continuar leyendo \"Lunes de la I Semana de Cuaresma\"","og_url":"http:\/\/igfergon.com.mx\/?p=3701","og_site_name":"El sitio del P. Ignacio Fern\u00e1ndez Gonz\u00e1lez","article_publisher":"https:\/\/www.facebook.com\/","article_published_time":"2022-03-07T09:40:35+00:00","article_modified_time":"2022-03-07T09:40:41+00:00","og_image":[{"url":"http:\/\/igfergon.com.mx\/wp-content\/uploads\/2022\/03\/images-2.jpg","type":"","width":"","height":""}],"author":"igfergon.com.mx","twitter_card":"summary_large_image","twitter_misc":{"Escrito por":"igfergon.com.mx","Tiempo de lectura":"3 minutos"},"schema":{"@context":"https:\/\/schema.org","@graph":[{"@type":"Article","@id":"http:\/\/igfergon.com.mx\/?p=3701#article","isPartOf":{"@id":"http:\/\/igfergon.com.mx\/?p=3701"},"author":{"name":"igfergon.com.mx","@id":"http:\/\/igfergon.com.mx\/#\/schema\/person\/b42517895faefafe2a81218226d90957"},"headline":"Lunes de la I Semana de Cuaresma","datePublished":"2022-03-07T09:40:35+00:00","dateModified":"2022-03-07T09:40:41+00:00","mainEntityOfPage":{"@id":"http:\/\/igfergon.com.mx\/?p=3701"},"wordCount":454,"publisher":{"@id":"http:\/\/igfergon.com.mx\/#organization"},"image":{"@id":"http:\/\/igfergon.com.mx\/?p=3701#primaryimage"},"thumbnailUrl":"http:\/\/igfergon.com.mx\/wp-content\/uploads\/2022\/03\/images-2.jpg","keywords":["comentario al evangelio","Homil\u00eda","homil\u00eda diaria","liturgia","Lunes de la I Semana de Cuaresma"],"articleSection":["comentario al evangelio","homil\u00eda","homil\u00eda diaria","liturgia"],"inLanguage":"es"},{"@type":"WebPage","@id":"http:\/\/igfergon.com.mx\/?p=3701","url":"http:\/\/igfergon.com.mx\/?p=3701","name":"Lunes de la I Semana de Cuaresma - El sitio del P. Ignacio Fern\u00e1ndez Gonz\u00e1lez","isPartOf":{"@id":"http:\/\/igfergon.com.mx\/#website"},"primaryImageOfPage":{"@id":"http:\/\/igfergon.com.mx\/?p=3701#primaryimage"},"image":{"@id":"http:\/\/igfergon.com.mx\/?p=3701#primaryimage"},"thumbnailUrl":"http:\/\/igfergon.com.mx\/wp-content\/uploads\/2022\/03\/images-2.jpg","datePublished":"2022-03-07T09:40:35+00:00","dateModified":"2022-03-07T09:40:41+00:00","breadcrumb":{"@id":"http:\/\/igfergon.com.mx\/?p=3701#breadcrumb"},"inLanguage":"es","potentialAction":[{"@type":"ReadAction","target":["http:\/\/igfergon.com.mx\/?p=3701"]}]},{"@type":"ImageObject","inLanguage":"es","@id":"http:\/\/igfergon.com.mx\/?p=3701#primaryimage","url":"http:\/\/igfergon.com.mx\/wp-content\/uploads\/2022\/03\/images-2.jpg","contentUrl":"http:\/\/igfergon.com.mx\/wp-content\/uploads\/2022\/03\/images-2.jpg","width":275,"height":184},{"@type":"BreadcrumbList","@id":"http:\/\/igfergon.com.mx\/?p=3701#breadcrumb","itemListElement":[{"@type":"ListItem","position":1,"name":"Portada","item":"http:\/\/igfergon.com.mx\/"},{"@type":"ListItem","position":2,"name":"Lunes de la I Semana de Cuaresma"}]},{"@type":"WebSite","@id":"http:\/\/igfergon.com.mx\/#website","url":"http:\/\/igfergon.com.mx\/","name":"El sitio del P. Ignacio Fern\u00e1ndez Gonz\u00e1lez","description":"Para Ayudarte","publisher":{"@id":"http:\/\/igfergon.com.mx\/#organization"},"potentialAction":[{"@type":"SearchAction","target":{"@type":"EntryPoint","urlTemplate":"http:\/\/igfergon.com.mx\/?s={search_term_string}"},"query-input":{"@type":"PropertyValueSpecification","valueRequired":true,"valueName":"search_term_string"}}],"inLanguage":"es"},{"@type":"Organization","@id":"http:\/\/igfergon.com.mx\/#organization","name":"El sitio del P. Ignacio Fern\u00e1ndez Gonz\u00e1lez","url":"http:\/\/igfergon.com.mx\/","logo":{"@type":"ImageObject","inLanguage":"es","@id":"http:\/\/igfergon.com.mx\/#\/schema\/logo\/image\/","url":"http:\/\/igfergon.com.mx\/wp-content\/uploads\/2018\/09\/cropped-ORDNACION02-2.jpg","contentUrl":"http:\/\/igfergon.com.mx\/wp-content\/uploads\/2018\/09\/cropped-ORDNACION02-2.jpg","width":250,"height":250,"caption":"El sitio del P. Ignacio Fern\u00e1ndez Gonz\u00e1lez"},"image":{"@id":"http:\/\/igfergon.com.mx\/#\/schema\/logo\/image\/"},"sameAs":["https:\/\/www.facebook.com\/"]},{"@type":"Person","@id":"http:\/\/igfergon.com.mx\/#\/schema\/person\/b42517895faefafe2a81218226d90957","name":"igfergon.com.mx","image":{"@type":"ImageObject","inLanguage":"es","@id":"http:\/\/igfergon.com.mx\/#\/schema\/person\/image\/","url":"https:\/\/secure.gravatar.com\/avatar\/9fd60c5591f2c6b18e76a917a69f35b0732f8532b3679d0132b3503b545db7a6?s=96&d=mm&r=g","contentUrl":"https:\/\/secure.gravatar.com\/avatar\/9fd60c5591f2c6b18e76a917a69f35b0732f8532b3679d0132b3503b545db7a6?s=96&d=mm&r=g","caption":"igfergon.com.mx"},"url":"http:\/\/igfergon.com.mx\/?author=1"}]}},"_links":{"self":[{"href":"http:\/\/igfergon.com.mx\/index.php?rest_route=\/wp\/v2\/posts\/3701","targetHints":{"allow":["GET"]}}],"collection":[{"href":"http:\/\/igfergon.com.mx\/index.php?rest_route=\/wp\/v2\/posts"}],"about":[{"href":"http:\/\/igfergon.com.mx\/index.php?rest_route=\/wp\/v2\/types\/post"}],"author":[{"embeddable":true,"href":"http:\/\/igfergon.com.mx\/index.php?rest_route=\/wp\/v2\/users\/1"}],"replies":[{"embeddable":true,"href":"http:\/\/igfergon.com.mx\/index.php?rest_route=%2Fwp%2Fv2%2Fcomments&post=3701"}],"version-history":[{"count":1,"href":"http:\/\/igfergon.com.mx\/index.php?rest_route=\/wp\/v2\/posts\/3701\/revisions"}],"predecessor-version":[{"id":3703,"href":"http:\/\/igfergon.com.mx\/index.php?rest_route=\/wp\/v2\/posts\/3701\/revisions\/3703"}],"wp:attachment":[{"href":"http:\/\/igfergon.com.mx\/index.php?rest_route=%2Fwp%2Fv2%2Fmedia&parent=3701"}],"wp:term":[{"taxonomy":"category","embeddable":true,"href":"http:\/\/igfergon.com.mx\/index.php?rest_route=%2Fwp%2Fv2%2Fcategories&post=3701"},{"taxonomy":"post_tag","embeddable":true,"href":"http:\/\/igfergon.com.mx\/index.php?rest_route=%2Fwp%2Fv2%2Ftags&post=3701"}],"curies":[{"name":"wp","href":"https:\/\/api.w.org\/{rel}","templated":true}]}}