{"id":4376,"date":"2022-09-20T10:02:57","date_gmt":"2022-09-20T08:02:57","guid":{"rendered":"http:\/\/igfergon.com.mx\/?p=4376"},"modified":"2022-09-20T10:03:03","modified_gmt":"2022-09-20T08:03:03","slug":"martes-de-la-xxv-semana-ordinaria","status":"publish","type":"post","link":"http:\/\/igfergon.com.mx\/?p=4376","title":{"rendered":"Martes de la XXV Semana Ordinaria"},"content":{"rendered":"<div class=\"wp-block-image\">\n<figure class=\"aligncenter size-full\"><img loading=\"lazy\" decoding=\"async\" width=\"359\" height=\"140\" src=\"http:\/\/igfergon.com.mx\/wp-content\/uploads\/2022\/09\/mi-madre-y-hermanos.jpg\" alt=\"\" class=\"wp-image-4377\" srcset=\"http:\/\/igfergon.com.mx\/wp-content\/uploads\/2022\/09\/mi-madre-y-hermanos.jpg 359w, http:\/\/igfergon.com.mx\/wp-content\/uploads\/2022\/09\/mi-madre-y-hermanos-300x117.jpg 300w, http:\/\/igfergon.com.mx\/wp-content\/uploads\/2022\/09\/mi-madre-y-hermanos-200x78.jpg 200w\" sizes=\"auto, (max-width: 359px) 100vw, 359px\" \/><\/figure>\n<\/div>\n\n\n<p><strong>Lc 8, 19-21<\/strong><\/p>\n\n\n\n<p>Sabemos que con el t\u00e9rmino \u201chermanos\u201d se puede entender los pr\u00f3ximos a su vida, como lo estaba su madre. Esa expresi\u00f3n ha llevado a entender que los \u201chermanos\u201d eran hijos de Jos\u00e9, tenidos con otra mujer, fallecida, antes de su matrimonio con Mar\u00eda, y del nacimiento virginal de Jes\u00fas. Quiz\u00e1s no es necesario llegar a esa conclusi\u00f3n. Como indico, hay que tener en cuenta el amplio sentido que tiene el t\u00e9rmino que se traduce por \u201chermanos\u201d, que abarca m\u00e1s all\u00e1 de hijo de los mismos padres o de uno de ellos.<\/p>\n\n\n\n<p>Lo relevante es considerar el papel de Mar\u00eda en la vida de Jes\u00fas. A primera vista este texto induce a entender que quien era su madre biol\u00f3gica, pasaba a un segundo plano, el primero lo ocupan \u201clos que escuchan la palabra de Dios y la ponen en pr\u00e1ctica\u201d. Ya en la antig\u00fcedad san Agust\u00edn hab\u00eda comentado este texto. Su comentario se reduce a decir que m\u00e1s all\u00e1 de la maternidad biol\u00f3gica -siendo tan relevante- escuchar la palabra de Dios y ponerla en pr\u00e1ctica, lo que acerca a Jes\u00fas como una madre o unos hermanos. Y quien primero realiz\u00f3 esto fue Mar\u00eda: \u201ch\u00e1gase en m\u00ed seg\u00fan tu voluntad\u201d, dijo al \u00e1ngel ante su propuesta \u201cimposible\u201d de maternidad. Antes de la maternidad biol\u00f3gica, fue madre por \u201cescuchar la palabra de Dios y ponerla en pr\u00e1ctica\u201d: de esta maternidad depende aquella. Escuch\u00f3 la palabra de Dios, que cambi\u00f3 su vida. E hizo de esta vida lo que le ped\u00eda Dios. En medio, incluso de situaciones imprevistas, que, como dice Lucas, no entendi\u00f3, pero \u201clas guardaba medit\u00e1ndolas en su coraz\u00f3n\u201d: nacimiento miserable de Jes\u00fas; y palabras de est\u00e9 dici\u00e9ndoles: \u201c\u00bfpor qu\u00e9 me busc\u00e1is no sab\u00edais que ten\u00eda de ocuparme de las cosas de mi padre?\u201d.<\/p>\n\n\n\n<p>Estamos unidos a Dios como una madre a sus hijos, como a un hermano, cuando, estamos abiertos a su palabra y la ponemos en pr\u00e1ctica. Escuchar su palabra exige abrir nuestro interior, nuestro coraz\u00f3n, para que se mueva al ritmo del coraz\u00f3n de Dios. Y de ese coraz\u00f3n surja nuestro vivir. Como hizo Mar\u00eda.<\/p>\n","protected":false},"excerpt":{"rendered":"<p>Lc 8, 19-21 Sabemos que con el t\u00e9rmino \u201chermanos\u201d se puede entender los pr\u00f3ximos a su vida, como lo estaba su madre. Esa expresi\u00f3n ha llevado a entender que los \u201chermanos\u201d eran hijos de Jos\u00e9, tenidos con otra mujer, fallecida, antes de su matrimonio con Mar\u00eda, y del nacimiento virginal de Jes\u00fas. Quiz\u00e1s no es &hellip; <\/p>\n<p class=\"link-more\"><a href=\"http:\/\/igfergon.com.mx\/?p=4376\" class=\"more-link\">Continuar leyendo<span class=\"screen-reader-text\"> \u00abMartes de la XXV Semana Ordinaria\u00bb<\/span><\/a><\/p>\n","protected":false},"author":1,"featured_media":0,"comment_status":"closed","ping_status":"closed","sticky":false,"template":"","format":"standard","meta":{"footnotes":""},"categories":[13,14,10,1],"tags":[69,8,6,7,484],"class_list":["post-4376","post","type-post","status-publish","format-standard","hentry","category-comentario-al-evangelio","category-homilia","category-homilia-diaria","category-uncategorized","tag-comentario-al-evangelio-2","tag-homilia","tag-homilia-diaria","tag-liturgia","tag-martes-de-la-xxv-semana-ordinaria"],"yoast_head":"<!-- This site is optimized with the Yoast SEO plugin v26.0 - https:\/\/yoast.com\/wordpress\/plugins\/seo\/ -->\n<title>Martes de la XXV Semana Ordinaria - El sitio del P. Ignacio Fern\u00e1ndez Gonz\u00e1lez<\/title>\n<meta name=\"robots\" content=\"index, follow, max-snippet:-1, max-image-preview:large, max-video-preview:-1\" \/>\n<link rel=\"canonical\" href=\"http:\/\/igfergon.com.mx\/?p=4376\" \/>\n<meta property=\"og:locale\" content=\"es_ES\" \/>\n<meta property=\"og:type\" content=\"article\" \/>\n<meta property=\"og:title\" content=\"Martes de la XXV Semana Ordinaria - El sitio del P. Ignacio Fern\u00e1ndez Gonz\u00e1lez\" \/>\n<meta property=\"og:description\" content=\"Lc 8, 19-21 Sabemos que con el t\u00e9rmino \u201chermanos\u201d se puede entender los pr\u00f3ximos a su vida, como lo estaba su madre. Esa expresi\u00f3n ha llevado a entender que los \u201chermanos\u201d eran hijos de Jos\u00e9, tenidos con otra mujer, fallecida, antes de su matrimonio con Mar\u00eda, y del nacimiento virginal de Jes\u00fas. Quiz\u00e1s no es &hellip; Continuar leyendo &quot;Martes de la XXV Semana Ordinaria&quot;\" \/>\n<meta property=\"og:url\" content=\"http:\/\/igfergon.com.mx\/?p=4376\" \/>\n<meta property=\"og:site_name\" content=\"El sitio del P. Ignacio Fern\u00e1ndez Gonz\u00e1lez\" \/>\n<meta property=\"article:publisher\" content=\"https:\/\/www.facebook.com\/\" \/>\n<meta property=\"article:published_time\" content=\"2022-09-20T08:02:57+00:00\" \/>\n<meta property=\"article:modified_time\" content=\"2022-09-20T08:03:03+00:00\" \/>\n<meta property=\"og:image\" content=\"http:\/\/igfergon.com.mx\/wp-content\/uploads\/2022\/09\/mi-madre-y-hermanos.jpg\" \/>\n<meta name=\"author\" content=\"igfergon.com.mx\" \/>\n<meta name=\"twitter:card\" content=\"summary_large_image\" \/>\n<meta name=\"twitter:label1\" content=\"Escrito por\" \/>\n\t<meta name=\"twitter:data1\" content=\"igfergon.com.mx\" \/>\n\t<meta name=\"twitter:label2\" content=\"Tiempo de lectura\" \/>\n\t<meta name=\"twitter:data2\" content=\"2 minutos\" \/>\n<script type=\"application\/ld+json\" class=\"yoast-schema-graph\">{\"@context\":\"https:\/\/schema.org\",\"@graph\":[{\"@type\":\"Article\",\"@id\":\"http:\/\/igfergon.com.mx\/?p=4376#article\",\"isPartOf\":{\"@id\":\"http:\/\/igfergon.com.mx\/?p=4376\"},\"author\":{\"name\":\"igfergon.com.mx\",\"@id\":\"http:\/\/igfergon.com.mx\/#\/schema\/person\/b42517895faefafe2a81218226d90957\"},\"headline\":\"Martes de la XXV Semana Ordinaria\",\"datePublished\":\"2022-09-20T08:02:57+00:00\",\"dateModified\":\"2022-09-20T08:03:03+00:00\",\"mainEntityOfPage\":{\"@id\":\"http:\/\/igfergon.com.mx\/?p=4376\"},\"wordCount\":392,\"publisher\":{\"@id\":\"http:\/\/igfergon.com.mx\/#organization\"},\"image\":{\"@id\":\"http:\/\/igfergon.com.mx\/?p=4376#primaryimage\"},\"thumbnailUrl\":\"http:\/\/igfergon.com.mx\/wp-content\/uploads\/2022\/09\/mi-madre-y-hermanos.jpg\",\"keywords\":[\"comentario al evangelio\",\"Homil\u00eda\",\"homil\u00eda diaria\",\"liturgia\",\"Martes de la XXV Semana Ordinaria\"],\"articleSection\":[\"comentario al evangelio\",\"homil\u00eda\",\"homil\u00eda diaria\",\"liturgia\"],\"inLanguage\":\"es\"},{\"@type\":\"WebPage\",\"@id\":\"http:\/\/igfergon.com.mx\/?p=4376\",\"url\":\"http:\/\/igfergon.com.mx\/?p=4376\",\"name\":\"Martes de la XXV Semana Ordinaria - El sitio del P. Ignacio Fern\u00e1ndez Gonz\u00e1lez\",\"isPartOf\":{\"@id\":\"http:\/\/igfergon.com.mx\/#website\"},\"primaryImageOfPage\":{\"@id\":\"http:\/\/igfergon.com.mx\/?p=4376#primaryimage\"},\"image\":{\"@id\":\"http:\/\/igfergon.com.mx\/?p=4376#primaryimage\"},\"thumbnailUrl\":\"http:\/\/igfergon.com.mx\/wp-content\/uploads\/2022\/09\/mi-madre-y-hermanos.jpg\",\"datePublished\":\"2022-09-20T08:02:57+00:00\",\"dateModified\":\"2022-09-20T08:03:03+00:00\",\"breadcrumb\":{\"@id\":\"http:\/\/igfergon.com.mx\/?p=4376#breadcrumb\"},\"inLanguage\":\"es\",\"potentialAction\":[{\"@type\":\"ReadAction\",\"target\":[\"http:\/\/igfergon.com.mx\/?p=4376\"]}]},{\"@type\":\"ImageObject\",\"inLanguage\":\"es\",\"@id\":\"http:\/\/igfergon.com.mx\/?p=4376#primaryimage\",\"url\":\"http:\/\/igfergon.com.mx\/wp-content\/uploads\/2022\/09\/mi-madre-y-hermanos.jpg\",\"contentUrl\":\"http:\/\/igfergon.com.mx\/wp-content\/uploads\/2022\/09\/mi-madre-y-hermanos.jpg\",\"width\":359,\"height\":140},{\"@type\":\"BreadcrumbList\",\"@id\":\"http:\/\/igfergon.com.mx\/?p=4376#breadcrumb\",\"itemListElement\":[{\"@type\":\"ListItem\",\"position\":1,\"name\":\"Portada\",\"item\":\"http:\/\/igfergon.com.mx\/\"},{\"@type\":\"ListItem\",\"position\":2,\"name\":\"Martes de la XXV Semana Ordinaria\"}]},{\"@type\":\"WebSite\",\"@id\":\"http:\/\/igfergon.com.mx\/#website\",\"url\":\"http:\/\/igfergon.com.mx\/\",\"name\":\"El sitio del P. Ignacio Fern\u00e1ndez Gonz\u00e1lez\",\"description\":\"Para Ayudarte\",\"publisher\":{\"@id\":\"http:\/\/igfergon.com.mx\/#organization\"},\"potentialAction\":[{\"@type\":\"SearchAction\",\"target\":{\"@type\":\"EntryPoint\",\"urlTemplate\":\"http:\/\/igfergon.com.mx\/?s={search_term_string}\"},\"query-input\":{\"@type\":\"PropertyValueSpecification\",\"valueRequired\":true,\"valueName\":\"search_term_string\"}}],\"inLanguage\":\"es\"},{\"@type\":\"Organization\",\"@id\":\"http:\/\/igfergon.com.mx\/#organization\",\"name\":\"El sitio del P. Ignacio Fern\u00e1ndez Gonz\u00e1lez\",\"url\":\"http:\/\/igfergon.com.mx\/\",\"logo\":{\"@type\":\"ImageObject\",\"inLanguage\":\"es\",\"@id\":\"http:\/\/igfergon.com.mx\/#\/schema\/logo\/image\/\",\"url\":\"http:\/\/igfergon.com.mx\/wp-content\/uploads\/2018\/09\/cropped-ORDNACION02-2.jpg\",\"contentUrl\":\"http:\/\/igfergon.com.mx\/wp-content\/uploads\/2018\/09\/cropped-ORDNACION02-2.jpg\",\"width\":250,\"height\":250,\"caption\":\"El sitio del P. Ignacio Fern\u00e1ndez Gonz\u00e1lez\"},\"image\":{\"@id\":\"http:\/\/igfergon.com.mx\/#\/schema\/logo\/image\/\"},\"sameAs\":[\"https:\/\/www.facebook.com\/\"]},{\"@type\":\"Person\",\"@id\":\"http:\/\/igfergon.com.mx\/#\/schema\/person\/b42517895faefafe2a81218226d90957\",\"name\":\"igfergon.com.mx\",\"image\":{\"@type\":\"ImageObject\",\"inLanguage\":\"es\",\"@id\":\"http:\/\/igfergon.com.mx\/#\/schema\/person\/image\/\",\"url\":\"https:\/\/secure.gravatar.com\/avatar\/9fd60c5591f2c6b18e76a917a69f35b0732f8532b3679d0132b3503b545db7a6?s=96&d=mm&r=g\",\"contentUrl\":\"https:\/\/secure.gravatar.com\/avatar\/9fd60c5591f2c6b18e76a917a69f35b0732f8532b3679d0132b3503b545db7a6?s=96&d=mm&r=g\",\"caption\":\"igfergon.com.mx\"},\"url\":\"http:\/\/igfergon.com.mx\/?author=1\"}]}<\/script>\n<!-- \/ Yoast SEO plugin. -->","yoast_head_json":{"title":"Martes de la XXV Semana Ordinaria - El sitio del P. Ignacio Fern\u00e1ndez Gonz\u00e1lez","robots":{"index":"index","follow":"follow","max-snippet":"max-snippet:-1","max-image-preview":"max-image-preview:large","max-video-preview":"max-video-preview:-1"},"canonical":"http:\/\/igfergon.com.mx\/?p=4376","og_locale":"es_ES","og_type":"article","og_title":"Martes de la XXV Semana Ordinaria - El sitio del P. Ignacio Fern\u00e1ndez Gonz\u00e1lez","og_description":"Lc 8, 19-21 Sabemos que con el t\u00e9rmino \u201chermanos\u201d se puede entender los pr\u00f3ximos a su vida, como lo estaba su madre. Esa expresi\u00f3n ha llevado a entender que los \u201chermanos\u201d eran hijos de Jos\u00e9, tenidos con otra mujer, fallecida, antes de su matrimonio con Mar\u00eda, y del nacimiento virginal de Jes\u00fas. Quiz\u00e1s no es &hellip; Continuar leyendo \"Martes de la XXV Semana Ordinaria\"","og_url":"http:\/\/igfergon.com.mx\/?p=4376","og_site_name":"El sitio del P. Ignacio Fern\u00e1ndez Gonz\u00e1lez","article_publisher":"https:\/\/www.facebook.com\/","article_published_time":"2022-09-20T08:02:57+00:00","article_modified_time":"2022-09-20T08:03:03+00:00","og_image":[{"url":"http:\/\/igfergon.com.mx\/wp-content\/uploads\/2022\/09\/mi-madre-y-hermanos.jpg","type":"","width":"","height":""}],"author":"igfergon.com.mx","twitter_card":"summary_large_image","twitter_misc":{"Escrito por":"igfergon.com.mx","Tiempo de lectura":"2 minutos"},"schema":{"@context":"https:\/\/schema.org","@graph":[{"@type":"Article","@id":"http:\/\/igfergon.com.mx\/?p=4376#article","isPartOf":{"@id":"http:\/\/igfergon.com.mx\/?p=4376"},"author":{"name":"igfergon.com.mx","@id":"http:\/\/igfergon.com.mx\/#\/schema\/person\/b42517895faefafe2a81218226d90957"},"headline":"Martes de la XXV Semana Ordinaria","datePublished":"2022-09-20T08:02:57+00:00","dateModified":"2022-09-20T08:03:03+00:00","mainEntityOfPage":{"@id":"http:\/\/igfergon.com.mx\/?p=4376"},"wordCount":392,"publisher":{"@id":"http:\/\/igfergon.com.mx\/#organization"},"image":{"@id":"http:\/\/igfergon.com.mx\/?p=4376#primaryimage"},"thumbnailUrl":"http:\/\/igfergon.com.mx\/wp-content\/uploads\/2022\/09\/mi-madre-y-hermanos.jpg","keywords":["comentario al evangelio","Homil\u00eda","homil\u00eda diaria","liturgia","Martes de la XXV Semana Ordinaria"],"articleSection":["comentario al evangelio","homil\u00eda","homil\u00eda diaria","liturgia"],"inLanguage":"es"},{"@type":"WebPage","@id":"http:\/\/igfergon.com.mx\/?p=4376","url":"http:\/\/igfergon.com.mx\/?p=4376","name":"Martes de la XXV Semana Ordinaria - El sitio del P. Ignacio Fern\u00e1ndez Gonz\u00e1lez","isPartOf":{"@id":"http:\/\/igfergon.com.mx\/#website"},"primaryImageOfPage":{"@id":"http:\/\/igfergon.com.mx\/?p=4376#primaryimage"},"image":{"@id":"http:\/\/igfergon.com.mx\/?p=4376#primaryimage"},"thumbnailUrl":"http:\/\/igfergon.com.mx\/wp-content\/uploads\/2022\/09\/mi-madre-y-hermanos.jpg","datePublished":"2022-09-20T08:02:57+00:00","dateModified":"2022-09-20T08:03:03+00:00","breadcrumb":{"@id":"http:\/\/igfergon.com.mx\/?p=4376#breadcrumb"},"inLanguage":"es","potentialAction":[{"@type":"ReadAction","target":["http:\/\/igfergon.com.mx\/?p=4376"]}]},{"@type":"ImageObject","inLanguage":"es","@id":"http:\/\/igfergon.com.mx\/?p=4376#primaryimage","url":"http:\/\/igfergon.com.mx\/wp-content\/uploads\/2022\/09\/mi-madre-y-hermanos.jpg","contentUrl":"http:\/\/igfergon.com.mx\/wp-content\/uploads\/2022\/09\/mi-madre-y-hermanos.jpg","width":359,"height":140},{"@type":"BreadcrumbList","@id":"http:\/\/igfergon.com.mx\/?p=4376#breadcrumb","itemListElement":[{"@type":"ListItem","position":1,"name":"Portada","item":"http:\/\/igfergon.com.mx\/"},{"@type":"ListItem","position":2,"name":"Martes de la XXV Semana Ordinaria"}]},{"@type":"WebSite","@id":"http:\/\/igfergon.com.mx\/#website","url":"http:\/\/igfergon.com.mx\/","name":"El sitio del P. Ignacio Fern\u00e1ndez Gonz\u00e1lez","description":"Para Ayudarte","publisher":{"@id":"http:\/\/igfergon.com.mx\/#organization"},"potentialAction":[{"@type":"SearchAction","target":{"@type":"EntryPoint","urlTemplate":"http:\/\/igfergon.com.mx\/?s={search_term_string}"},"query-input":{"@type":"PropertyValueSpecification","valueRequired":true,"valueName":"search_term_string"}}],"inLanguage":"es"},{"@type":"Organization","@id":"http:\/\/igfergon.com.mx\/#organization","name":"El sitio del P. Ignacio Fern\u00e1ndez Gonz\u00e1lez","url":"http:\/\/igfergon.com.mx\/","logo":{"@type":"ImageObject","inLanguage":"es","@id":"http:\/\/igfergon.com.mx\/#\/schema\/logo\/image\/","url":"http:\/\/igfergon.com.mx\/wp-content\/uploads\/2018\/09\/cropped-ORDNACION02-2.jpg","contentUrl":"http:\/\/igfergon.com.mx\/wp-content\/uploads\/2018\/09\/cropped-ORDNACION02-2.jpg","width":250,"height":250,"caption":"El sitio del P. Ignacio Fern\u00e1ndez Gonz\u00e1lez"},"image":{"@id":"http:\/\/igfergon.com.mx\/#\/schema\/logo\/image\/"},"sameAs":["https:\/\/www.facebook.com\/"]},{"@type":"Person","@id":"http:\/\/igfergon.com.mx\/#\/schema\/person\/b42517895faefafe2a81218226d90957","name":"igfergon.com.mx","image":{"@type":"ImageObject","inLanguage":"es","@id":"http:\/\/igfergon.com.mx\/#\/schema\/person\/image\/","url":"https:\/\/secure.gravatar.com\/avatar\/9fd60c5591f2c6b18e76a917a69f35b0732f8532b3679d0132b3503b545db7a6?s=96&d=mm&r=g","contentUrl":"https:\/\/secure.gravatar.com\/avatar\/9fd60c5591f2c6b18e76a917a69f35b0732f8532b3679d0132b3503b545db7a6?s=96&d=mm&r=g","caption":"igfergon.com.mx"},"url":"http:\/\/igfergon.com.mx\/?author=1"}]}},"_links":{"self":[{"href":"http:\/\/igfergon.com.mx\/index.php?rest_route=\/wp\/v2\/posts\/4376","targetHints":{"allow":["GET"]}}],"collection":[{"href":"http:\/\/igfergon.com.mx\/index.php?rest_route=\/wp\/v2\/posts"}],"about":[{"href":"http:\/\/igfergon.com.mx\/index.php?rest_route=\/wp\/v2\/types\/post"}],"author":[{"embeddable":true,"href":"http:\/\/igfergon.com.mx\/index.php?rest_route=\/wp\/v2\/users\/1"}],"replies":[{"embeddable":true,"href":"http:\/\/igfergon.com.mx\/index.php?rest_route=%2Fwp%2Fv2%2Fcomments&post=4376"}],"version-history":[{"count":1,"href":"http:\/\/igfergon.com.mx\/index.php?rest_route=\/wp\/v2\/posts\/4376\/revisions"}],"predecessor-version":[{"id":4378,"href":"http:\/\/igfergon.com.mx\/index.php?rest_route=\/wp\/v2\/posts\/4376\/revisions\/4378"}],"wp:attachment":[{"href":"http:\/\/igfergon.com.mx\/index.php?rest_route=%2Fwp%2Fv2%2Fmedia&parent=4376"}],"wp:term":[{"taxonomy":"category","embeddable":true,"href":"http:\/\/igfergon.com.mx\/index.php?rest_route=%2Fwp%2Fv2%2Fcategories&post=4376"},{"taxonomy":"post_tag","embeddable":true,"href":"http:\/\/igfergon.com.mx\/index.php?rest_route=%2Fwp%2Fv2%2Ftags&post=4376"}],"curies":[{"name":"wp","href":"https:\/\/api.w.org\/{rel}","templated":true}]}}