{"id":4459,"date":"2022-10-11T09:09:16","date_gmt":"2022-10-11T07:09:16","guid":{"rendered":"http:\/\/igfergon.com.mx\/?p=4459"},"modified":"2022-10-11T09:09:22","modified_gmt":"2022-10-11T07:09:22","slug":"martes-de-la-xxviii-semana-ordinaria","status":"publish","type":"post","link":"http:\/\/igfergon.com.mx\/?p=4459","title":{"rendered":"Martes de la XXVIII Semana Ordinaria"},"content":{"rendered":"<div class=\"wp-block-image\">\n<figure class=\"aligncenter size-full\"><img loading=\"lazy\" decoding=\"async\" width=\"200\" height=\"200\" src=\"http:\/\/igfergon.com.mx\/wp-content\/uploads\/2022\/10\/lavarse.jpg\" alt=\"\" class=\"wp-image-4460\" srcset=\"http:\/\/igfergon.com.mx\/wp-content\/uploads\/2022\/10\/lavarse.jpg 200w, http:\/\/igfergon.com.mx\/wp-content\/uploads\/2022\/10\/lavarse-100x100.jpg 100w\" sizes=\"auto, (max-width: 200px) 100vw, 200px\" \/><\/figure>\n<\/div>\n\n\n<p><strong>Lc 11, 37-41<\/strong><\/p>\n\n\n\n<p>Las controversias de Jes\u00fas con los fariseos son frecuentes en los evangelios. Lucas las suele situar en el contexto de alguna comida. Quiz\u00e1 esa circunstancia ayude a comprender, por una parte, que no se trata de adversarios odiosos, ya que comen juntos, y, por otra, que en ese marco de relaciones los reproches pueden ser mejor asimilados y las discrepancias m\u00e1s claramente percibidas.<\/p>\n\n\n\n<p>Generalmente los fariseos critican a Jes\u00fas por no observar las prescripciones rituales que impone la ley \u2013en este caso, lavarse las manos antes de comer-, lo que le coloca en una situaci\u00f3n de impureza legal. Para Jes\u00fas, sin embargo, la aut\u00e9ntica pureza no depende de las abluciones o lavatorios rituales, sino ante todo del comportamiento global de la persona que conecta con el coraz\u00f3n de Dios. Y as\u00ed trata de hac\u00e9rselo ver a los dem\u00e1s comensales, tildando de hip\u00f3critas a los que se fijan m\u00e1s en lo externo que en el interior.<\/p>\n\n\n\n<p>El reproche de Jes\u00fas es duro y sin contemplaciones, pero es que est\u00e1 en juego algo fundamental: la prioridad de la intenci\u00f3n profunda del coraz\u00f3n por encima del cumplimiento material de las prescripciones legales. Es una constante en las ense\u00f1anzas de Jes\u00fas: se requiere, por encima de cualquier otra cosa, la conversi\u00f3n del coraz\u00f3n a Dios para que todo lo que hacemos est\u00e9 en sinton\u00eda con su voluntad. La ley es un valioso recurso humano para conseguirlo, pero no debe nunca prevalecer sobre esa primordial concordancia con el querer de Dios.<\/p>\n\n\n\n<p>En aquel contexto un expresivo testimonio de la conversi\u00f3n a Dios era la limosna. Esta atenci\u00f3n a las necesidades del pr\u00f3jimo ven\u00eda a ser un rasgo caracter\u00edstico de la justicia interhumana, de la preocupaci\u00f3n por los dem\u00e1s. Y sigue siendo tambi\u00e9n hoy una peculiaridad genuina del disc\u00edpulo del Evangelio.<\/p>\n\n\n\n<p>\u00bfD\u00f3nde tengo yo el coraz\u00f3n cuando observo los preceptos de la ley de Dios o practico los ritos de la vida cristiana?<\/p>\n","protected":false},"excerpt":{"rendered":"<p>Lc 11, 37-41 Las controversias de Jes\u00fas con los fariseos son frecuentes en los evangelios. Lucas las suele situar en el contexto de alguna comida. Quiz\u00e1 esa circunstancia ayude a comprender, por una parte, que no se trata de adversarios odiosos, ya que comen juntos, y, por otra, que en ese marco de relaciones los &hellip; <\/p>\n<p class=\"link-more\"><a href=\"http:\/\/igfergon.com.mx\/?p=4459\" class=\"more-link\">Continuar leyendo<span class=\"screen-reader-text\"> \u00abMartes de la XXVIII Semana Ordinaria\u00bb<\/span><\/a><\/p>\n","protected":false},"author":1,"featured_media":0,"comment_status":"closed","ping_status":"closed","sticky":false,"template":"","format":"standard","meta":{"footnotes":""},"categories":[13,14,10,1],"tags":[69,8,6,7,493],"class_list":["post-4459","post","type-post","status-publish","format-standard","hentry","category-comentario-al-evangelio","category-homilia","category-homilia-diaria","category-uncategorized","tag-comentario-al-evangelio-2","tag-homilia","tag-homilia-diaria","tag-liturgia","tag-martes-de-la-xxviii-semana-ordinaria"],"yoast_head":"<!-- This site is optimized with the Yoast SEO plugin v26.0 - https:\/\/yoast.com\/wordpress\/plugins\/seo\/ -->\n<title>Martes de la XXVIII Semana Ordinaria - El sitio del P. Ignacio Fern\u00e1ndez Gonz\u00e1lez<\/title>\n<meta name=\"robots\" content=\"index, follow, max-snippet:-1, max-image-preview:large, max-video-preview:-1\" \/>\n<link rel=\"canonical\" href=\"http:\/\/igfergon.com.mx\/?p=4459\" \/>\n<meta property=\"og:locale\" content=\"es_ES\" \/>\n<meta property=\"og:type\" content=\"article\" \/>\n<meta property=\"og:title\" content=\"Martes de la XXVIII Semana Ordinaria - El sitio del P. Ignacio Fern\u00e1ndez Gonz\u00e1lez\" \/>\n<meta property=\"og:description\" content=\"Lc 11, 37-41 Las controversias de Jes\u00fas con los fariseos son frecuentes en los evangelios. Lucas las suele situar en el contexto de alguna comida. Quiz\u00e1 esa circunstancia ayude a comprender, por una parte, que no se trata de adversarios odiosos, ya que comen juntos, y, por otra, que en ese marco de relaciones los &hellip; Continuar leyendo &quot;Martes de la XXVIII Semana Ordinaria&quot;\" \/>\n<meta property=\"og:url\" content=\"http:\/\/igfergon.com.mx\/?p=4459\" \/>\n<meta property=\"og:site_name\" content=\"El sitio del P. Ignacio Fern\u00e1ndez Gonz\u00e1lez\" \/>\n<meta property=\"article:publisher\" content=\"https:\/\/www.facebook.com\/\" \/>\n<meta property=\"article:published_time\" content=\"2022-10-11T07:09:16+00:00\" \/>\n<meta property=\"article:modified_time\" content=\"2022-10-11T07:09:22+00:00\" \/>\n<meta property=\"og:image\" content=\"http:\/\/igfergon.com.mx\/wp-content\/uploads\/2022\/10\/lavarse.jpg\" \/>\n<meta name=\"author\" content=\"igfergon.com.mx\" \/>\n<meta name=\"twitter:card\" content=\"summary_large_image\" \/>\n<meta name=\"twitter:label1\" content=\"Escrito por\" \/>\n\t<meta name=\"twitter:data1\" content=\"igfergon.com.mx\" \/>\n\t<meta name=\"twitter:label2\" content=\"Tiempo de lectura\" \/>\n\t<meta name=\"twitter:data2\" content=\"2 minutos\" \/>\n<script type=\"application\/ld+json\" class=\"yoast-schema-graph\">{\"@context\":\"https:\/\/schema.org\",\"@graph\":[{\"@type\":\"Article\",\"@id\":\"http:\/\/igfergon.com.mx\/?p=4459#article\",\"isPartOf\":{\"@id\":\"http:\/\/igfergon.com.mx\/?p=4459\"},\"author\":{\"name\":\"igfergon.com.mx\",\"@id\":\"http:\/\/igfergon.com.mx\/#\/schema\/person\/b42517895faefafe2a81218226d90957\"},\"headline\":\"Martes de la XXVIII Semana Ordinaria\",\"datePublished\":\"2022-10-11T07:09:16+00:00\",\"dateModified\":\"2022-10-11T07:09:22+00:00\",\"mainEntityOfPage\":{\"@id\":\"http:\/\/igfergon.com.mx\/?p=4459\"},\"wordCount\":355,\"publisher\":{\"@id\":\"http:\/\/igfergon.com.mx\/#organization\"},\"image\":{\"@id\":\"http:\/\/igfergon.com.mx\/?p=4459#primaryimage\"},\"thumbnailUrl\":\"http:\/\/igfergon.com.mx\/wp-content\/uploads\/2022\/10\/lavarse.jpg\",\"keywords\":[\"comentario al evangelio\",\"Homil\u00eda\",\"homil\u00eda diaria\",\"liturgia\",\"Martes de la XXVIII Semana Ordinaria\"],\"articleSection\":[\"comentario al evangelio\",\"homil\u00eda\",\"homil\u00eda diaria\",\"liturgia\"],\"inLanguage\":\"es\"},{\"@type\":\"WebPage\",\"@id\":\"http:\/\/igfergon.com.mx\/?p=4459\",\"url\":\"http:\/\/igfergon.com.mx\/?p=4459\",\"name\":\"Martes de la XXVIII Semana Ordinaria - El sitio del P. Ignacio Fern\u00e1ndez Gonz\u00e1lez\",\"isPartOf\":{\"@id\":\"http:\/\/igfergon.com.mx\/#website\"},\"primaryImageOfPage\":{\"@id\":\"http:\/\/igfergon.com.mx\/?p=4459#primaryimage\"},\"image\":{\"@id\":\"http:\/\/igfergon.com.mx\/?p=4459#primaryimage\"},\"thumbnailUrl\":\"http:\/\/igfergon.com.mx\/wp-content\/uploads\/2022\/10\/lavarse.jpg\",\"datePublished\":\"2022-10-11T07:09:16+00:00\",\"dateModified\":\"2022-10-11T07:09:22+00:00\",\"breadcrumb\":{\"@id\":\"http:\/\/igfergon.com.mx\/?p=4459#breadcrumb\"},\"inLanguage\":\"es\",\"potentialAction\":[{\"@type\":\"ReadAction\",\"target\":[\"http:\/\/igfergon.com.mx\/?p=4459\"]}]},{\"@type\":\"ImageObject\",\"inLanguage\":\"es\",\"@id\":\"http:\/\/igfergon.com.mx\/?p=4459#primaryimage\",\"url\":\"http:\/\/igfergon.com.mx\/wp-content\/uploads\/2022\/10\/lavarse.jpg\",\"contentUrl\":\"http:\/\/igfergon.com.mx\/wp-content\/uploads\/2022\/10\/lavarse.jpg\",\"width\":200,\"height\":200},{\"@type\":\"BreadcrumbList\",\"@id\":\"http:\/\/igfergon.com.mx\/?p=4459#breadcrumb\",\"itemListElement\":[{\"@type\":\"ListItem\",\"position\":1,\"name\":\"Portada\",\"item\":\"http:\/\/igfergon.com.mx\/\"},{\"@type\":\"ListItem\",\"position\":2,\"name\":\"Martes de la XXVIII Semana Ordinaria\"}]},{\"@type\":\"WebSite\",\"@id\":\"http:\/\/igfergon.com.mx\/#website\",\"url\":\"http:\/\/igfergon.com.mx\/\",\"name\":\"El sitio del P. Ignacio Fern\u00e1ndez Gonz\u00e1lez\",\"description\":\"Para Ayudarte\",\"publisher\":{\"@id\":\"http:\/\/igfergon.com.mx\/#organization\"},\"potentialAction\":[{\"@type\":\"SearchAction\",\"target\":{\"@type\":\"EntryPoint\",\"urlTemplate\":\"http:\/\/igfergon.com.mx\/?s={search_term_string}\"},\"query-input\":{\"@type\":\"PropertyValueSpecification\",\"valueRequired\":true,\"valueName\":\"search_term_string\"}}],\"inLanguage\":\"es\"},{\"@type\":\"Organization\",\"@id\":\"http:\/\/igfergon.com.mx\/#organization\",\"name\":\"El sitio del P. Ignacio Fern\u00e1ndez Gonz\u00e1lez\",\"url\":\"http:\/\/igfergon.com.mx\/\",\"logo\":{\"@type\":\"ImageObject\",\"inLanguage\":\"es\",\"@id\":\"http:\/\/igfergon.com.mx\/#\/schema\/logo\/image\/\",\"url\":\"http:\/\/igfergon.com.mx\/wp-content\/uploads\/2018\/09\/cropped-ORDNACION02-2.jpg\",\"contentUrl\":\"http:\/\/igfergon.com.mx\/wp-content\/uploads\/2018\/09\/cropped-ORDNACION02-2.jpg\",\"width\":250,\"height\":250,\"caption\":\"El sitio del P. Ignacio Fern\u00e1ndez Gonz\u00e1lez\"},\"image\":{\"@id\":\"http:\/\/igfergon.com.mx\/#\/schema\/logo\/image\/\"},\"sameAs\":[\"https:\/\/www.facebook.com\/\"]},{\"@type\":\"Person\",\"@id\":\"http:\/\/igfergon.com.mx\/#\/schema\/person\/b42517895faefafe2a81218226d90957\",\"name\":\"igfergon.com.mx\",\"image\":{\"@type\":\"ImageObject\",\"inLanguage\":\"es\",\"@id\":\"http:\/\/igfergon.com.mx\/#\/schema\/person\/image\/\",\"url\":\"https:\/\/secure.gravatar.com\/avatar\/9fd60c5591f2c6b18e76a917a69f35b0732f8532b3679d0132b3503b545db7a6?s=96&d=mm&r=g\",\"contentUrl\":\"https:\/\/secure.gravatar.com\/avatar\/9fd60c5591f2c6b18e76a917a69f35b0732f8532b3679d0132b3503b545db7a6?s=96&d=mm&r=g\",\"caption\":\"igfergon.com.mx\"},\"url\":\"http:\/\/igfergon.com.mx\/?author=1\"}]}<\/script>\n<!-- \/ Yoast SEO plugin. -->","yoast_head_json":{"title":"Martes de la XXVIII Semana Ordinaria - El sitio del P. Ignacio Fern\u00e1ndez Gonz\u00e1lez","robots":{"index":"index","follow":"follow","max-snippet":"max-snippet:-1","max-image-preview":"max-image-preview:large","max-video-preview":"max-video-preview:-1"},"canonical":"http:\/\/igfergon.com.mx\/?p=4459","og_locale":"es_ES","og_type":"article","og_title":"Martes de la XXVIII Semana Ordinaria - El sitio del P. Ignacio Fern\u00e1ndez Gonz\u00e1lez","og_description":"Lc 11, 37-41 Las controversias de Jes\u00fas con los fariseos son frecuentes en los evangelios. Lucas las suele situar en el contexto de alguna comida. Quiz\u00e1 esa circunstancia ayude a comprender, por una parte, que no se trata de adversarios odiosos, ya que comen juntos, y, por otra, que en ese marco de relaciones los &hellip; Continuar leyendo \"Martes de la XXVIII Semana Ordinaria\"","og_url":"http:\/\/igfergon.com.mx\/?p=4459","og_site_name":"El sitio del P. Ignacio Fern\u00e1ndez Gonz\u00e1lez","article_publisher":"https:\/\/www.facebook.com\/","article_published_time":"2022-10-11T07:09:16+00:00","article_modified_time":"2022-10-11T07:09:22+00:00","og_image":[{"url":"http:\/\/igfergon.com.mx\/wp-content\/uploads\/2022\/10\/lavarse.jpg","type":"","width":"","height":""}],"author":"igfergon.com.mx","twitter_card":"summary_large_image","twitter_misc":{"Escrito por":"igfergon.com.mx","Tiempo de lectura":"2 minutos"},"schema":{"@context":"https:\/\/schema.org","@graph":[{"@type":"Article","@id":"http:\/\/igfergon.com.mx\/?p=4459#article","isPartOf":{"@id":"http:\/\/igfergon.com.mx\/?p=4459"},"author":{"name":"igfergon.com.mx","@id":"http:\/\/igfergon.com.mx\/#\/schema\/person\/b42517895faefafe2a81218226d90957"},"headline":"Martes de la XXVIII Semana Ordinaria","datePublished":"2022-10-11T07:09:16+00:00","dateModified":"2022-10-11T07:09:22+00:00","mainEntityOfPage":{"@id":"http:\/\/igfergon.com.mx\/?p=4459"},"wordCount":355,"publisher":{"@id":"http:\/\/igfergon.com.mx\/#organization"},"image":{"@id":"http:\/\/igfergon.com.mx\/?p=4459#primaryimage"},"thumbnailUrl":"http:\/\/igfergon.com.mx\/wp-content\/uploads\/2022\/10\/lavarse.jpg","keywords":["comentario al evangelio","Homil\u00eda","homil\u00eda diaria","liturgia","Martes de la XXVIII Semana Ordinaria"],"articleSection":["comentario al evangelio","homil\u00eda","homil\u00eda diaria","liturgia"],"inLanguage":"es"},{"@type":"WebPage","@id":"http:\/\/igfergon.com.mx\/?p=4459","url":"http:\/\/igfergon.com.mx\/?p=4459","name":"Martes de la XXVIII Semana Ordinaria - El sitio del P. Ignacio Fern\u00e1ndez Gonz\u00e1lez","isPartOf":{"@id":"http:\/\/igfergon.com.mx\/#website"},"primaryImageOfPage":{"@id":"http:\/\/igfergon.com.mx\/?p=4459#primaryimage"},"image":{"@id":"http:\/\/igfergon.com.mx\/?p=4459#primaryimage"},"thumbnailUrl":"http:\/\/igfergon.com.mx\/wp-content\/uploads\/2022\/10\/lavarse.jpg","datePublished":"2022-10-11T07:09:16+00:00","dateModified":"2022-10-11T07:09:22+00:00","breadcrumb":{"@id":"http:\/\/igfergon.com.mx\/?p=4459#breadcrumb"},"inLanguage":"es","potentialAction":[{"@type":"ReadAction","target":["http:\/\/igfergon.com.mx\/?p=4459"]}]},{"@type":"ImageObject","inLanguage":"es","@id":"http:\/\/igfergon.com.mx\/?p=4459#primaryimage","url":"http:\/\/igfergon.com.mx\/wp-content\/uploads\/2022\/10\/lavarse.jpg","contentUrl":"http:\/\/igfergon.com.mx\/wp-content\/uploads\/2022\/10\/lavarse.jpg","width":200,"height":200},{"@type":"BreadcrumbList","@id":"http:\/\/igfergon.com.mx\/?p=4459#breadcrumb","itemListElement":[{"@type":"ListItem","position":1,"name":"Portada","item":"http:\/\/igfergon.com.mx\/"},{"@type":"ListItem","position":2,"name":"Martes de la XXVIII Semana Ordinaria"}]},{"@type":"WebSite","@id":"http:\/\/igfergon.com.mx\/#website","url":"http:\/\/igfergon.com.mx\/","name":"El sitio del P. Ignacio Fern\u00e1ndez Gonz\u00e1lez","description":"Para Ayudarte","publisher":{"@id":"http:\/\/igfergon.com.mx\/#organization"},"potentialAction":[{"@type":"SearchAction","target":{"@type":"EntryPoint","urlTemplate":"http:\/\/igfergon.com.mx\/?s={search_term_string}"},"query-input":{"@type":"PropertyValueSpecification","valueRequired":true,"valueName":"search_term_string"}}],"inLanguage":"es"},{"@type":"Organization","@id":"http:\/\/igfergon.com.mx\/#organization","name":"El sitio del P. Ignacio Fern\u00e1ndez Gonz\u00e1lez","url":"http:\/\/igfergon.com.mx\/","logo":{"@type":"ImageObject","inLanguage":"es","@id":"http:\/\/igfergon.com.mx\/#\/schema\/logo\/image\/","url":"http:\/\/igfergon.com.mx\/wp-content\/uploads\/2018\/09\/cropped-ORDNACION02-2.jpg","contentUrl":"http:\/\/igfergon.com.mx\/wp-content\/uploads\/2018\/09\/cropped-ORDNACION02-2.jpg","width":250,"height":250,"caption":"El sitio del P. Ignacio Fern\u00e1ndez Gonz\u00e1lez"},"image":{"@id":"http:\/\/igfergon.com.mx\/#\/schema\/logo\/image\/"},"sameAs":["https:\/\/www.facebook.com\/"]},{"@type":"Person","@id":"http:\/\/igfergon.com.mx\/#\/schema\/person\/b42517895faefafe2a81218226d90957","name":"igfergon.com.mx","image":{"@type":"ImageObject","inLanguage":"es","@id":"http:\/\/igfergon.com.mx\/#\/schema\/person\/image\/","url":"https:\/\/secure.gravatar.com\/avatar\/9fd60c5591f2c6b18e76a917a69f35b0732f8532b3679d0132b3503b545db7a6?s=96&d=mm&r=g","contentUrl":"https:\/\/secure.gravatar.com\/avatar\/9fd60c5591f2c6b18e76a917a69f35b0732f8532b3679d0132b3503b545db7a6?s=96&d=mm&r=g","caption":"igfergon.com.mx"},"url":"http:\/\/igfergon.com.mx\/?author=1"}]}},"_links":{"self":[{"href":"http:\/\/igfergon.com.mx\/index.php?rest_route=\/wp\/v2\/posts\/4459","targetHints":{"allow":["GET"]}}],"collection":[{"href":"http:\/\/igfergon.com.mx\/index.php?rest_route=\/wp\/v2\/posts"}],"about":[{"href":"http:\/\/igfergon.com.mx\/index.php?rest_route=\/wp\/v2\/types\/post"}],"author":[{"embeddable":true,"href":"http:\/\/igfergon.com.mx\/index.php?rest_route=\/wp\/v2\/users\/1"}],"replies":[{"embeddable":true,"href":"http:\/\/igfergon.com.mx\/index.php?rest_route=%2Fwp%2Fv2%2Fcomments&post=4459"}],"version-history":[{"count":1,"href":"http:\/\/igfergon.com.mx\/index.php?rest_route=\/wp\/v2\/posts\/4459\/revisions"}],"predecessor-version":[{"id":4461,"href":"http:\/\/igfergon.com.mx\/index.php?rest_route=\/wp\/v2\/posts\/4459\/revisions\/4461"}],"wp:attachment":[{"href":"http:\/\/igfergon.com.mx\/index.php?rest_route=%2Fwp%2Fv2%2Fmedia&parent=4459"}],"wp:term":[{"taxonomy":"category","embeddable":true,"href":"http:\/\/igfergon.com.mx\/index.php?rest_route=%2Fwp%2Fv2%2Fcategories&post=4459"},{"taxonomy":"post_tag","embeddable":true,"href":"http:\/\/igfergon.com.mx\/index.php?rest_route=%2Fwp%2Fv2%2Ftags&post=4459"}],"curies":[{"name":"wp","href":"https:\/\/api.w.org\/{rel}","templated":true}]}}