{"id":4638,"date":"2022-12-02T10:25:42","date_gmt":"2022-12-02T08:25:42","guid":{"rendered":"http:\/\/igfergon.com.mx\/?p=4638"},"modified":"2022-12-02T10:25:48","modified_gmt":"2022-12-02T08:25:48","slug":"viernes-de-la-i-semana-de-adviento-4","status":"publish","type":"post","link":"http:\/\/igfergon.com.mx\/?p=4638","title":{"rendered":"Viernes de la I Semana de Adviento"},"content":{"rendered":"<div class=\"wp-block-image\">\n<figure class=\"aligncenter size-full\"><img loading=\"lazy\" decoding=\"async\" width=\"318\" height=\"159\" src=\"http:\/\/igfergon.com.mx\/wp-content\/uploads\/2022\/12\/descargar.jpg\" alt=\"\" class=\"wp-image-4639\" srcset=\"http:\/\/igfergon.com.mx\/wp-content\/uploads\/2022\/12\/descargar.jpg 318w, http:\/\/igfergon.com.mx\/wp-content\/uploads\/2022\/12\/descargar-300x150.jpg 300w, http:\/\/igfergon.com.mx\/wp-content\/uploads\/2022\/12\/descargar-200x100.jpg 200w\" sizes=\"auto, (max-width: 318px) 100vw, 318px\" \/><\/figure>\n<\/div>\n\n\n<p><strong>Mt 9, 27-31<\/strong><\/p>\n\n\n\n<p>Hay un grito insistente en nuestras vidas cuando nos dirigimos a Dios, similar al grito de los ciegos del evangelio de hoy:&nbsp;<strong><em>Ten compasi\u00f3n de nosotros, Hijo de David<\/em><\/strong>. En esta petici\u00f3n de s\u00faplica dirigida a Jes\u00fas hay un reconocimiento del Mes\u00edas, venido de la casa de David. Hay una confesi\u00f3n de fe.<\/p>\n\n\n\n<p>Pero Jes\u00fas le centra a\u00fan m\u00e1s en el contenido de su fe con la pregunta&nbsp;<strong>\u00bfCre\u00e9is que puedo hacerlo?<\/strong> Jes\u00fas devuelve con una pregunta la oraci\u00f3n de s\u00faplica, para que la s\u00faplica se convierta en un acto de fe de mayor profundidad. Se dirige a la hondura de su fe. No debe ser una s\u00faplica gratuita o acostumbrada a pedir cosas a Dios. Al contrario, debe ser profunda y siempre renovada, donde la fe tiene que jugar su peso. De alguna manera es una pregunta que implica el poder de Jes\u00fas, que se podr\u00eda formular de otra manera: \u00bfReconoces en mi palabra, en mis gestos el poder liberador que viene de Dios?<\/p>\n\n\n\n<p>Es llamativo la contestaci\u00f3n de Jes\u00fas:&nbsp;<strong><em>Que os suceda conforme a vuestra fe<\/em>.<\/strong> En ocasiones limitamos nuestros actos de fe en el encendido de una velita, por ejemplo, pero sin preguntarnos qu\u00e9 contenido tiene nuestra fe, que compromiso adquiero una vez sea liberado de mis cadenas, cu\u00e1l es la esperanza que me sostiene para caminar siempre al lado de Dios. Nos autoconvencemos de la no existencia de Dios, porque Dios no ha escuchado nuestras s\u00faplicas. Y dejamos de creer en la fuerza y la bondad de Dios porque no hemos visto ning\u00fan cambio. Quiz\u00e1s cambio no sucedi\u00f3 en tu realidad, en tu entorno, quiz\u00e1s el cambio sucedi\u00f3 en ti; de alguna manera, hubo un momento en el que tuviste necesidad de Dios. Lo expresaste quiz\u00e1s superficialmente, pero naci\u00f3 en ti esa necesidad. Ahora hay que moldearla, profundizarla, buscar aquello que haga posible el milagro, eso que haga posible el poder ver, lo que Jes\u00fas les dice a los ciegos: que os suceda conforme vuestra fe.<\/p>\n\n\n\n<p>Oremos para que no sea la desilusi\u00f3n lo que nazca tras un acto de fe. Para que surja en nosotros una necesidad de creer de una manera m\u00e1s profunda en el Dios que nos espera.<\/p>\n","protected":false},"excerpt":{"rendered":"<p>Mt 9, 27-31 Hay un grito insistente en nuestras vidas cuando nos dirigimos a Dios, similar al grito de los ciegos del evangelio de hoy:&nbsp;Ten compasi\u00f3n de nosotros, Hijo de David. En esta petici\u00f3n de s\u00faplica dirigida a Jes\u00fas hay un reconocimiento del Mes\u00edas, venido de la casa de David. Hay una confesi\u00f3n de fe. &hellip; <\/p>\n<p class=\"link-more\"><a href=\"http:\/\/igfergon.com.mx\/?p=4638\" class=\"more-link\">Continuar leyendo<span class=\"screen-reader-text\"> \u00abViernes de la I Semana de Adviento\u00bb<\/span><\/a><\/p>\n","protected":false},"author":1,"featured_media":0,"comment_status":"closed","ping_status":"closed","sticky":false,"template":"","format":"standard","meta":{"footnotes":""},"categories":[13,14,10,1],"tags":[69,8,6,7,212],"class_list":["post-4638","post","type-post","status-publish","format-standard","hentry","category-comentario-al-evangelio","category-homilia","category-homilia-diaria","category-uncategorized","tag-comentario-al-evangelio-2","tag-homilia","tag-homilia-diaria","tag-liturgia","tag-viernes-de-la-i-semana-de-adviento"],"yoast_head":"<!-- This site is optimized with the Yoast SEO plugin v26.0 - https:\/\/yoast.com\/wordpress\/plugins\/seo\/ -->\n<title>Viernes de la I Semana de Adviento - El sitio del P. Ignacio Fern\u00e1ndez Gonz\u00e1lez<\/title>\n<meta name=\"robots\" content=\"index, follow, max-snippet:-1, max-image-preview:large, max-video-preview:-1\" \/>\n<link rel=\"canonical\" href=\"http:\/\/igfergon.com.mx\/?p=4638\" \/>\n<meta property=\"og:locale\" content=\"es_ES\" \/>\n<meta property=\"og:type\" content=\"article\" \/>\n<meta property=\"og:title\" content=\"Viernes de la I Semana de Adviento - El sitio del P. Ignacio Fern\u00e1ndez Gonz\u00e1lez\" \/>\n<meta property=\"og:description\" content=\"Mt 9, 27-31 Hay un grito insistente en nuestras vidas cuando nos dirigimos a Dios, similar al grito de los ciegos del evangelio de hoy:&nbsp;Ten compasi\u00f3n de nosotros, Hijo de David. En esta petici\u00f3n de s\u00faplica dirigida a Jes\u00fas hay un reconocimiento del Mes\u00edas, venido de la casa de David. Hay una confesi\u00f3n de fe. &hellip; Continuar leyendo &quot;Viernes de la I Semana de Adviento&quot;\" \/>\n<meta property=\"og:url\" content=\"http:\/\/igfergon.com.mx\/?p=4638\" \/>\n<meta property=\"og:site_name\" content=\"El sitio del P. Ignacio Fern\u00e1ndez Gonz\u00e1lez\" \/>\n<meta property=\"article:publisher\" content=\"https:\/\/www.facebook.com\/\" \/>\n<meta property=\"article:published_time\" content=\"2022-12-02T08:25:42+00:00\" \/>\n<meta property=\"article:modified_time\" content=\"2022-12-02T08:25:48+00:00\" \/>\n<meta property=\"og:image\" content=\"http:\/\/igfergon.com.mx\/wp-content\/uploads\/2022\/12\/descargar.jpg\" \/>\n<meta name=\"author\" content=\"igfergon.com.mx\" \/>\n<meta name=\"twitter:card\" content=\"summary_large_image\" \/>\n<meta name=\"twitter:label1\" content=\"Escrito por\" \/>\n\t<meta name=\"twitter:data1\" content=\"igfergon.com.mx\" \/>\n\t<meta name=\"twitter:label2\" content=\"Tiempo de lectura\" \/>\n\t<meta name=\"twitter:data2\" content=\"2 minutos\" \/>\n<script type=\"application\/ld+json\" class=\"yoast-schema-graph\">{\"@context\":\"https:\/\/schema.org\",\"@graph\":[{\"@type\":\"Article\",\"@id\":\"http:\/\/igfergon.com.mx\/?p=4638#article\",\"isPartOf\":{\"@id\":\"http:\/\/igfergon.com.mx\/?p=4638\"},\"author\":{\"name\":\"igfergon.com.mx\",\"@id\":\"http:\/\/igfergon.com.mx\/#\/schema\/person\/b42517895faefafe2a81218226d90957\"},\"headline\":\"Viernes de la I Semana de Adviento\",\"datePublished\":\"2022-12-02T08:25:42+00:00\",\"dateModified\":\"2022-12-02T08:25:48+00:00\",\"mainEntityOfPage\":{\"@id\":\"http:\/\/igfergon.com.mx\/?p=4638\"},\"wordCount\":405,\"publisher\":{\"@id\":\"http:\/\/igfergon.com.mx\/#organization\"},\"image\":{\"@id\":\"http:\/\/igfergon.com.mx\/?p=4638#primaryimage\"},\"thumbnailUrl\":\"http:\/\/igfergon.com.mx\/wp-content\/uploads\/2022\/12\/descargar.jpg\",\"keywords\":[\"comentario al evangelio\",\"Homil\u00eda\",\"homil\u00eda diaria\",\"liturgia\",\"Viernes de la I Semana de Adviento\"],\"articleSection\":[\"comentario al evangelio\",\"homil\u00eda\",\"homil\u00eda diaria\",\"liturgia\"],\"inLanguage\":\"es\"},{\"@type\":\"WebPage\",\"@id\":\"http:\/\/igfergon.com.mx\/?p=4638\",\"url\":\"http:\/\/igfergon.com.mx\/?p=4638\",\"name\":\"Viernes de la I Semana de Adviento - El sitio del P. Ignacio Fern\u00e1ndez Gonz\u00e1lez\",\"isPartOf\":{\"@id\":\"http:\/\/igfergon.com.mx\/#website\"},\"primaryImageOfPage\":{\"@id\":\"http:\/\/igfergon.com.mx\/?p=4638#primaryimage\"},\"image\":{\"@id\":\"http:\/\/igfergon.com.mx\/?p=4638#primaryimage\"},\"thumbnailUrl\":\"http:\/\/igfergon.com.mx\/wp-content\/uploads\/2022\/12\/descargar.jpg\",\"datePublished\":\"2022-12-02T08:25:42+00:00\",\"dateModified\":\"2022-12-02T08:25:48+00:00\",\"breadcrumb\":{\"@id\":\"http:\/\/igfergon.com.mx\/?p=4638#breadcrumb\"},\"inLanguage\":\"es\",\"potentialAction\":[{\"@type\":\"ReadAction\",\"target\":[\"http:\/\/igfergon.com.mx\/?p=4638\"]}]},{\"@type\":\"ImageObject\",\"inLanguage\":\"es\",\"@id\":\"http:\/\/igfergon.com.mx\/?p=4638#primaryimage\",\"url\":\"http:\/\/igfergon.com.mx\/wp-content\/uploads\/2022\/12\/descargar.jpg\",\"contentUrl\":\"http:\/\/igfergon.com.mx\/wp-content\/uploads\/2022\/12\/descargar.jpg\",\"width\":318,\"height\":159},{\"@type\":\"BreadcrumbList\",\"@id\":\"http:\/\/igfergon.com.mx\/?p=4638#breadcrumb\",\"itemListElement\":[{\"@type\":\"ListItem\",\"position\":1,\"name\":\"Portada\",\"item\":\"http:\/\/igfergon.com.mx\/\"},{\"@type\":\"ListItem\",\"position\":2,\"name\":\"Viernes de la I Semana de Adviento\"}]},{\"@type\":\"WebSite\",\"@id\":\"http:\/\/igfergon.com.mx\/#website\",\"url\":\"http:\/\/igfergon.com.mx\/\",\"name\":\"El sitio del P. Ignacio Fern\u00e1ndez Gonz\u00e1lez\",\"description\":\"Para Ayudarte\",\"publisher\":{\"@id\":\"http:\/\/igfergon.com.mx\/#organization\"},\"potentialAction\":[{\"@type\":\"SearchAction\",\"target\":{\"@type\":\"EntryPoint\",\"urlTemplate\":\"http:\/\/igfergon.com.mx\/?s={search_term_string}\"},\"query-input\":{\"@type\":\"PropertyValueSpecification\",\"valueRequired\":true,\"valueName\":\"search_term_string\"}}],\"inLanguage\":\"es\"},{\"@type\":\"Organization\",\"@id\":\"http:\/\/igfergon.com.mx\/#organization\",\"name\":\"El sitio del P. Ignacio Fern\u00e1ndez Gonz\u00e1lez\",\"url\":\"http:\/\/igfergon.com.mx\/\",\"logo\":{\"@type\":\"ImageObject\",\"inLanguage\":\"es\",\"@id\":\"http:\/\/igfergon.com.mx\/#\/schema\/logo\/image\/\",\"url\":\"http:\/\/igfergon.com.mx\/wp-content\/uploads\/2018\/09\/cropped-ORDNACION02-2.jpg\",\"contentUrl\":\"http:\/\/igfergon.com.mx\/wp-content\/uploads\/2018\/09\/cropped-ORDNACION02-2.jpg\",\"width\":250,\"height\":250,\"caption\":\"El sitio del P. Ignacio Fern\u00e1ndez Gonz\u00e1lez\"},\"image\":{\"@id\":\"http:\/\/igfergon.com.mx\/#\/schema\/logo\/image\/\"},\"sameAs\":[\"https:\/\/www.facebook.com\/\"]},{\"@type\":\"Person\",\"@id\":\"http:\/\/igfergon.com.mx\/#\/schema\/person\/b42517895faefafe2a81218226d90957\",\"name\":\"igfergon.com.mx\",\"image\":{\"@type\":\"ImageObject\",\"inLanguage\":\"es\",\"@id\":\"http:\/\/igfergon.com.mx\/#\/schema\/person\/image\/\",\"url\":\"https:\/\/secure.gravatar.com\/avatar\/9fd60c5591f2c6b18e76a917a69f35b0732f8532b3679d0132b3503b545db7a6?s=96&d=mm&r=g\",\"contentUrl\":\"https:\/\/secure.gravatar.com\/avatar\/9fd60c5591f2c6b18e76a917a69f35b0732f8532b3679d0132b3503b545db7a6?s=96&d=mm&r=g\",\"caption\":\"igfergon.com.mx\"},\"url\":\"http:\/\/igfergon.com.mx\/?author=1\"}]}<\/script>\n<!-- \/ Yoast SEO plugin. -->","yoast_head_json":{"title":"Viernes de la I Semana de Adviento - El sitio del P. Ignacio Fern\u00e1ndez Gonz\u00e1lez","robots":{"index":"index","follow":"follow","max-snippet":"max-snippet:-1","max-image-preview":"max-image-preview:large","max-video-preview":"max-video-preview:-1"},"canonical":"http:\/\/igfergon.com.mx\/?p=4638","og_locale":"es_ES","og_type":"article","og_title":"Viernes de la I Semana de Adviento - El sitio del P. Ignacio Fern\u00e1ndez Gonz\u00e1lez","og_description":"Mt 9, 27-31 Hay un grito insistente en nuestras vidas cuando nos dirigimos a Dios, similar al grito de los ciegos del evangelio de hoy:&nbsp;Ten compasi\u00f3n de nosotros, Hijo de David. En esta petici\u00f3n de s\u00faplica dirigida a Jes\u00fas hay un reconocimiento del Mes\u00edas, venido de la casa de David. Hay una confesi\u00f3n de fe. &hellip; Continuar leyendo \"Viernes de la I Semana de Adviento\"","og_url":"http:\/\/igfergon.com.mx\/?p=4638","og_site_name":"El sitio del P. Ignacio Fern\u00e1ndez Gonz\u00e1lez","article_publisher":"https:\/\/www.facebook.com\/","article_published_time":"2022-12-02T08:25:42+00:00","article_modified_time":"2022-12-02T08:25:48+00:00","og_image":[{"url":"http:\/\/igfergon.com.mx\/wp-content\/uploads\/2022\/12\/descargar.jpg","type":"","width":"","height":""}],"author":"igfergon.com.mx","twitter_card":"summary_large_image","twitter_misc":{"Escrito por":"igfergon.com.mx","Tiempo de lectura":"2 minutos"},"schema":{"@context":"https:\/\/schema.org","@graph":[{"@type":"Article","@id":"http:\/\/igfergon.com.mx\/?p=4638#article","isPartOf":{"@id":"http:\/\/igfergon.com.mx\/?p=4638"},"author":{"name":"igfergon.com.mx","@id":"http:\/\/igfergon.com.mx\/#\/schema\/person\/b42517895faefafe2a81218226d90957"},"headline":"Viernes de la I Semana de Adviento","datePublished":"2022-12-02T08:25:42+00:00","dateModified":"2022-12-02T08:25:48+00:00","mainEntityOfPage":{"@id":"http:\/\/igfergon.com.mx\/?p=4638"},"wordCount":405,"publisher":{"@id":"http:\/\/igfergon.com.mx\/#organization"},"image":{"@id":"http:\/\/igfergon.com.mx\/?p=4638#primaryimage"},"thumbnailUrl":"http:\/\/igfergon.com.mx\/wp-content\/uploads\/2022\/12\/descargar.jpg","keywords":["comentario al evangelio","Homil\u00eda","homil\u00eda diaria","liturgia","Viernes de la I Semana de Adviento"],"articleSection":["comentario al evangelio","homil\u00eda","homil\u00eda diaria","liturgia"],"inLanguage":"es"},{"@type":"WebPage","@id":"http:\/\/igfergon.com.mx\/?p=4638","url":"http:\/\/igfergon.com.mx\/?p=4638","name":"Viernes de la I Semana de Adviento - El sitio del P. Ignacio Fern\u00e1ndez Gonz\u00e1lez","isPartOf":{"@id":"http:\/\/igfergon.com.mx\/#website"},"primaryImageOfPage":{"@id":"http:\/\/igfergon.com.mx\/?p=4638#primaryimage"},"image":{"@id":"http:\/\/igfergon.com.mx\/?p=4638#primaryimage"},"thumbnailUrl":"http:\/\/igfergon.com.mx\/wp-content\/uploads\/2022\/12\/descargar.jpg","datePublished":"2022-12-02T08:25:42+00:00","dateModified":"2022-12-02T08:25:48+00:00","breadcrumb":{"@id":"http:\/\/igfergon.com.mx\/?p=4638#breadcrumb"},"inLanguage":"es","potentialAction":[{"@type":"ReadAction","target":["http:\/\/igfergon.com.mx\/?p=4638"]}]},{"@type":"ImageObject","inLanguage":"es","@id":"http:\/\/igfergon.com.mx\/?p=4638#primaryimage","url":"http:\/\/igfergon.com.mx\/wp-content\/uploads\/2022\/12\/descargar.jpg","contentUrl":"http:\/\/igfergon.com.mx\/wp-content\/uploads\/2022\/12\/descargar.jpg","width":318,"height":159},{"@type":"BreadcrumbList","@id":"http:\/\/igfergon.com.mx\/?p=4638#breadcrumb","itemListElement":[{"@type":"ListItem","position":1,"name":"Portada","item":"http:\/\/igfergon.com.mx\/"},{"@type":"ListItem","position":2,"name":"Viernes de la I Semana de Adviento"}]},{"@type":"WebSite","@id":"http:\/\/igfergon.com.mx\/#website","url":"http:\/\/igfergon.com.mx\/","name":"El sitio del P. Ignacio Fern\u00e1ndez Gonz\u00e1lez","description":"Para Ayudarte","publisher":{"@id":"http:\/\/igfergon.com.mx\/#organization"},"potentialAction":[{"@type":"SearchAction","target":{"@type":"EntryPoint","urlTemplate":"http:\/\/igfergon.com.mx\/?s={search_term_string}"},"query-input":{"@type":"PropertyValueSpecification","valueRequired":true,"valueName":"search_term_string"}}],"inLanguage":"es"},{"@type":"Organization","@id":"http:\/\/igfergon.com.mx\/#organization","name":"El sitio del P. Ignacio Fern\u00e1ndez Gonz\u00e1lez","url":"http:\/\/igfergon.com.mx\/","logo":{"@type":"ImageObject","inLanguage":"es","@id":"http:\/\/igfergon.com.mx\/#\/schema\/logo\/image\/","url":"http:\/\/igfergon.com.mx\/wp-content\/uploads\/2018\/09\/cropped-ORDNACION02-2.jpg","contentUrl":"http:\/\/igfergon.com.mx\/wp-content\/uploads\/2018\/09\/cropped-ORDNACION02-2.jpg","width":250,"height":250,"caption":"El sitio del P. Ignacio Fern\u00e1ndez Gonz\u00e1lez"},"image":{"@id":"http:\/\/igfergon.com.mx\/#\/schema\/logo\/image\/"},"sameAs":["https:\/\/www.facebook.com\/"]},{"@type":"Person","@id":"http:\/\/igfergon.com.mx\/#\/schema\/person\/b42517895faefafe2a81218226d90957","name":"igfergon.com.mx","image":{"@type":"ImageObject","inLanguage":"es","@id":"http:\/\/igfergon.com.mx\/#\/schema\/person\/image\/","url":"https:\/\/secure.gravatar.com\/avatar\/9fd60c5591f2c6b18e76a917a69f35b0732f8532b3679d0132b3503b545db7a6?s=96&d=mm&r=g","contentUrl":"https:\/\/secure.gravatar.com\/avatar\/9fd60c5591f2c6b18e76a917a69f35b0732f8532b3679d0132b3503b545db7a6?s=96&d=mm&r=g","caption":"igfergon.com.mx"},"url":"http:\/\/igfergon.com.mx\/?author=1"}]}},"_links":{"self":[{"href":"http:\/\/igfergon.com.mx\/index.php?rest_route=\/wp\/v2\/posts\/4638","targetHints":{"allow":["GET"]}}],"collection":[{"href":"http:\/\/igfergon.com.mx\/index.php?rest_route=\/wp\/v2\/posts"}],"about":[{"href":"http:\/\/igfergon.com.mx\/index.php?rest_route=\/wp\/v2\/types\/post"}],"author":[{"embeddable":true,"href":"http:\/\/igfergon.com.mx\/index.php?rest_route=\/wp\/v2\/users\/1"}],"replies":[{"embeddable":true,"href":"http:\/\/igfergon.com.mx\/index.php?rest_route=%2Fwp%2Fv2%2Fcomments&post=4638"}],"version-history":[{"count":1,"href":"http:\/\/igfergon.com.mx\/index.php?rest_route=\/wp\/v2\/posts\/4638\/revisions"}],"predecessor-version":[{"id":4640,"href":"http:\/\/igfergon.com.mx\/index.php?rest_route=\/wp\/v2\/posts\/4638\/revisions\/4640"}],"wp:attachment":[{"href":"http:\/\/igfergon.com.mx\/index.php?rest_route=%2Fwp%2Fv2%2Fmedia&parent=4638"}],"wp:term":[{"taxonomy":"category","embeddable":true,"href":"http:\/\/igfergon.com.mx\/index.php?rest_route=%2Fwp%2Fv2%2Fcategories&post=4638"},{"taxonomy":"post_tag","embeddable":true,"href":"http:\/\/igfergon.com.mx\/index.php?rest_route=%2Fwp%2Fv2%2Ftags&post=4638"}],"curies":[{"name":"wp","href":"https:\/\/api.w.org\/{rel}","templated":true}]}}