{"id":4726,"date":"2022-12-23T10:26:49","date_gmt":"2022-12-23T08:26:49","guid":{"rendered":"http:\/\/igfergon.com.mx\/?p=4726"},"modified":"2022-12-23T10:26:57","modified_gmt":"2022-12-23T08:26:57","slug":"feria-privilegiada-23-de-diciembre-2","status":"publish","type":"post","link":"http:\/\/igfergon.com.mx\/?p=4726","title":{"rendered":"Feria Privilegiada 23 de Diciembre"},"content":{"rendered":"<div class=\"wp-block-image\">\n<figure class=\"aligncenter size-full\"><img loading=\"lazy\" decoding=\"async\" width=\"359\" height=\"140\" src=\"http:\/\/igfergon.com.mx\/wp-content\/uploads\/2022\/12\/descargar-10.jpg\" alt=\"\" class=\"wp-image-4727\" srcset=\"http:\/\/igfergon.com.mx\/wp-content\/uploads\/2022\/12\/descargar-10.jpg 359w, http:\/\/igfergon.com.mx\/wp-content\/uploads\/2022\/12\/descargar-10-300x117.jpg 300w, http:\/\/igfergon.com.mx\/wp-content\/uploads\/2022\/12\/descargar-10-200x78.jpg 200w\" sizes=\"auto, (max-width: 359px) 100vw, 359px\" \/><\/figure>\n<\/div>\n\n\n<p><strong>Lc 1, 57-66<\/strong><\/p>\n\n\n\n<p>Es nuestro turno. \u00bfC\u00f3mo vivo mi condici\u00f3n de mensajero? \u00bfQu\u00e9 mensaje estoy trasmitiendo? \u00bfAnuncio a Jes\u00fas o mi mensaje es confuso, nebuloso? \u00bfEs mi vida un testimonio aut\u00e9ntico de la verdad del evangelio? Hoy se precisa mucha luz evang\u00e9lica, en medio de tanta tiniebla y desconsuelo. Tambi\u00e9n es tiempo de reconocer a aquellos que fueron mensajeros para m\u00ed y me ense\u00f1aron el camino de Jes\u00fas. \u00bfQui\u00e9nes est\u00e1n siendo mensajeros en este momento de mi vida?<\/p>\n\n\n\n<p><strong>\u00bfQu\u00e9 va a ser este ni\u00f1o?<\/strong><\/p>\n\n\n\n<p>Cerca ya el nacimiento de Jes\u00fas, hoy se nos ofrece el otro nacimiento: el del precursor, el del mensajero del que nos habl\u00f3 Malaqu\u00edas. Su llegada est\u00e1 rodeada de se\u00f1ales desconcertantes: madre con a\u00f1os de infertilidad, padre servidor del templo y con desconfianza ante el anuncio del \u00e1ngel, su imposibilidad de expresarse con palabras&#8230; Todo parecen dificultades para que las cosas sean como se nos cuenta. Dios cumple su promesa y ese ni\u00f1o, Juan, llega a este mundo entre el asombro y la admiraci\u00f3n. \u00c9l cumplir\u00e1 su misi\u00f3n de anunciar al Mes\u00edas. Lo har\u00e1 con sobriedad y exigencia; vivir\u00e1 alejado de la sociedad y el desierto ser\u00e1 su morada. Todos los hechos que se nos narran en este evangelio nos hablan de fen\u00f3menos extraordinarios, como ocurr\u00eda en todo el Antiguo Testamento cuando se hablaba de alguien significativo en su historia. En esos fen\u00f3menos sus paisanos han querido ver la mano de Dios. De ah\u00ed la admiraci\u00f3n y la sorpresa ante lo que est\u00e1 sucediendo. La pregunta que se formulan todos es la que suele acompa\u00f1ar la llegada de todo ni\u00f1o a este mundo: \u00bfQu\u00e9 va a ser de este ni\u00f1o?&nbsp;<em>La mano del Se\u00f1or estaba con \u00e9l<\/em>.<\/p>\n\n\n\n<p>La llegada de Juan manifiesta que Dios se ha acordado de su pueblo y env\u00eda a un mensajero que preparar\u00e1 el camino para la irrupci\u00f3n del tiempo definitivo. \u00c9l fue fiel a su condici\u00f3n de mensajero, no busc\u00f3 nada ni usurp\u00f3 el papel del Mes\u00edas. Se reconoci\u00f3 como la \u201cvoz que clama en el desierto\u201d. Solo eso.<\/p>\n\n\n\n<p>Cada uno de nosotros podemos dar respuesta a esa pregunta referida a nosotros mismos. \u00bfQu\u00e9 fue de aquel ni\u00f1o que yo fui? Hoy, ante la inminente fiesta del Nacimiento del Hijo de Dios, podemos reflexionar la respuesta y podemos, tambi\u00e9n, encauzar nuestra propia realidad de acuerdo con ese examen. Es una buena forma de comenzar estas fiestas.<\/p>\n\n\n\n<p>Dios nos muestra su amor incondicional en el esperado nacimiento de su Hijo. Nosotros debemos responder a ese amor. Solo necesitamos sentirnos, de verdad y en profundidad, amados por \u00c9l. Despu\u00e9s, responder a ese Amor con magnanimidad. Es lo que se espera de todo creyente en la vivencia cristiana de las fiestas de Navidad.<\/p>\n","protected":false},"excerpt":{"rendered":"<p>Lc 1, 57-66 Es nuestro turno. \u00bfC\u00f3mo vivo mi condici\u00f3n de mensajero? \u00bfQu\u00e9 mensaje estoy trasmitiendo? \u00bfAnuncio a Jes\u00fas o mi mensaje es confuso, nebuloso? \u00bfEs mi vida un testimonio aut\u00e9ntico de la verdad del evangelio? Hoy se precisa mucha luz evang\u00e9lica, en medio de tanta tiniebla y desconsuelo. Tambi\u00e9n es tiempo de reconocer a &hellip; <\/p>\n<p class=\"link-more\"><a href=\"http:\/\/igfergon.com.mx\/?p=4726\" class=\"more-link\">Continuar leyendo<span class=\"screen-reader-text\"> \u00abFeria Privilegiada 23 de Diciembre\u00bb<\/span><\/a><\/p>\n","protected":false},"author":1,"featured_media":0,"comment_status":"closed","ping_status":"closed","sticky":false,"template":"","format":"standard","meta":{"footnotes":""},"categories":[13,14,10,1],"tags":[69,401,8,6,7],"class_list":["post-4726","post","type-post","status-publish","format-standard","hentry","category-comentario-al-evangelio","category-homilia","category-homilia-diaria","category-uncategorized","tag-comentario-al-evangelio-2","tag-feria-privilegiada-23-de-diciembre","tag-homilia","tag-homilia-diaria","tag-liturgia"],"yoast_head":"<!-- This site is optimized with the Yoast SEO plugin v26.0 - https:\/\/yoast.com\/wordpress\/plugins\/seo\/ -->\n<title>Feria Privilegiada 23 de Diciembre - El sitio del P. Ignacio Fern\u00e1ndez Gonz\u00e1lez<\/title>\n<meta name=\"robots\" content=\"index, follow, max-snippet:-1, max-image-preview:large, max-video-preview:-1\" \/>\n<link rel=\"canonical\" href=\"http:\/\/igfergon.com.mx\/?p=4726\" \/>\n<meta property=\"og:locale\" content=\"es_ES\" \/>\n<meta property=\"og:type\" content=\"article\" \/>\n<meta property=\"og:title\" content=\"Feria Privilegiada 23 de Diciembre - El sitio del P. Ignacio Fern\u00e1ndez Gonz\u00e1lez\" \/>\n<meta property=\"og:description\" content=\"Lc 1, 57-66 Es nuestro turno. \u00bfC\u00f3mo vivo mi condici\u00f3n de mensajero? \u00bfQu\u00e9 mensaje estoy trasmitiendo? \u00bfAnuncio a Jes\u00fas o mi mensaje es confuso, nebuloso? \u00bfEs mi vida un testimonio aut\u00e9ntico de la verdad del evangelio? Hoy se precisa mucha luz evang\u00e9lica, en medio de tanta tiniebla y desconsuelo. Tambi\u00e9n es tiempo de reconocer a &hellip; Continuar leyendo &quot;Feria Privilegiada 23 de Diciembre&quot;\" \/>\n<meta property=\"og:url\" content=\"http:\/\/igfergon.com.mx\/?p=4726\" \/>\n<meta property=\"og:site_name\" content=\"El sitio del P. Ignacio Fern\u00e1ndez Gonz\u00e1lez\" \/>\n<meta property=\"article:publisher\" content=\"https:\/\/www.facebook.com\/\" \/>\n<meta property=\"article:published_time\" content=\"2022-12-23T08:26:49+00:00\" \/>\n<meta property=\"article:modified_time\" content=\"2022-12-23T08:26:57+00:00\" \/>\n<meta property=\"og:image\" content=\"http:\/\/igfergon.com.mx\/wp-content\/uploads\/2022\/12\/descargar-10.jpg\" \/>\n<meta name=\"author\" content=\"igfergon.com.mx\" \/>\n<meta name=\"twitter:card\" content=\"summary_large_image\" \/>\n<meta name=\"twitter:label1\" content=\"Escrito por\" \/>\n\t<meta name=\"twitter:data1\" content=\"igfergon.com.mx\" \/>\n\t<meta name=\"twitter:label2\" content=\"Tiempo de lectura\" \/>\n\t<meta name=\"twitter:data2\" content=\"3 minutos\" \/>\n<script type=\"application\/ld+json\" class=\"yoast-schema-graph\">{\"@context\":\"https:\/\/schema.org\",\"@graph\":[{\"@type\":\"Article\",\"@id\":\"http:\/\/igfergon.com.mx\/?p=4726#article\",\"isPartOf\":{\"@id\":\"http:\/\/igfergon.com.mx\/?p=4726\"},\"author\":{\"name\":\"igfergon.com.mx\",\"@id\":\"http:\/\/igfergon.com.mx\/#\/schema\/person\/b42517895faefafe2a81218226d90957\"},\"headline\":\"Feria Privilegiada 23 de Diciembre\",\"datePublished\":\"2022-12-23T08:26:49+00:00\",\"dateModified\":\"2022-12-23T08:26:57+00:00\",\"mainEntityOfPage\":{\"@id\":\"http:\/\/igfergon.com.mx\/?p=4726\"},\"wordCount\":487,\"publisher\":{\"@id\":\"http:\/\/igfergon.com.mx\/#organization\"},\"image\":{\"@id\":\"http:\/\/igfergon.com.mx\/?p=4726#primaryimage\"},\"thumbnailUrl\":\"http:\/\/igfergon.com.mx\/wp-content\/uploads\/2022\/12\/descargar-10.jpg\",\"keywords\":[\"comentario al evangelio\",\"FERIA PRIVILEGIADA 23 DE DICIEMBRE\",\"Homil\u00eda\",\"homil\u00eda diaria\",\"liturgia\"],\"articleSection\":[\"comentario al evangelio\",\"homil\u00eda\",\"homil\u00eda diaria\",\"liturgia\"],\"inLanguage\":\"es\"},{\"@type\":\"WebPage\",\"@id\":\"http:\/\/igfergon.com.mx\/?p=4726\",\"url\":\"http:\/\/igfergon.com.mx\/?p=4726\",\"name\":\"Feria Privilegiada 23 de Diciembre - El sitio del P. Ignacio Fern\u00e1ndez Gonz\u00e1lez\",\"isPartOf\":{\"@id\":\"http:\/\/igfergon.com.mx\/#website\"},\"primaryImageOfPage\":{\"@id\":\"http:\/\/igfergon.com.mx\/?p=4726#primaryimage\"},\"image\":{\"@id\":\"http:\/\/igfergon.com.mx\/?p=4726#primaryimage\"},\"thumbnailUrl\":\"http:\/\/igfergon.com.mx\/wp-content\/uploads\/2022\/12\/descargar-10.jpg\",\"datePublished\":\"2022-12-23T08:26:49+00:00\",\"dateModified\":\"2022-12-23T08:26:57+00:00\",\"breadcrumb\":{\"@id\":\"http:\/\/igfergon.com.mx\/?p=4726#breadcrumb\"},\"inLanguage\":\"es\",\"potentialAction\":[{\"@type\":\"ReadAction\",\"target\":[\"http:\/\/igfergon.com.mx\/?p=4726\"]}]},{\"@type\":\"ImageObject\",\"inLanguage\":\"es\",\"@id\":\"http:\/\/igfergon.com.mx\/?p=4726#primaryimage\",\"url\":\"http:\/\/igfergon.com.mx\/wp-content\/uploads\/2022\/12\/descargar-10.jpg\",\"contentUrl\":\"http:\/\/igfergon.com.mx\/wp-content\/uploads\/2022\/12\/descargar-10.jpg\",\"width\":359,\"height\":140},{\"@type\":\"BreadcrumbList\",\"@id\":\"http:\/\/igfergon.com.mx\/?p=4726#breadcrumb\",\"itemListElement\":[{\"@type\":\"ListItem\",\"position\":1,\"name\":\"Portada\",\"item\":\"http:\/\/igfergon.com.mx\/\"},{\"@type\":\"ListItem\",\"position\":2,\"name\":\"Feria Privilegiada 23 de Diciembre\"}]},{\"@type\":\"WebSite\",\"@id\":\"http:\/\/igfergon.com.mx\/#website\",\"url\":\"http:\/\/igfergon.com.mx\/\",\"name\":\"El sitio del P. Ignacio Fern\u00e1ndez Gonz\u00e1lez\",\"description\":\"Para Ayudarte\",\"publisher\":{\"@id\":\"http:\/\/igfergon.com.mx\/#organization\"},\"potentialAction\":[{\"@type\":\"SearchAction\",\"target\":{\"@type\":\"EntryPoint\",\"urlTemplate\":\"http:\/\/igfergon.com.mx\/?s={search_term_string}\"},\"query-input\":{\"@type\":\"PropertyValueSpecification\",\"valueRequired\":true,\"valueName\":\"search_term_string\"}}],\"inLanguage\":\"es\"},{\"@type\":\"Organization\",\"@id\":\"http:\/\/igfergon.com.mx\/#organization\",\"name\":\"El sitio del P. Ignacio Fern\u00e1ndez Gonz\u00e1lez\",\"url\":\"http:\/\/igfergon.com.mx\/\",\"logo\":{\"@type\":\"ImageObject\",\"inLanguage\":\"es\",\"@id\":\"http:\/\/igfergon.com.mx\/#\/schema\/logo\/image\/\",\"url\":\"http:\/\/igfergon.com.mx\/wp-content\/uploads\/2018\/09\/cropped-ORDNACION02-2.jpg\",\"contentUrl\":\"http:\/\/igfergon.com.mx\/wp-content\/uploads\/2018\/09\/cropped-ORDNACION02-2.jpg\",\"width\":250,\"height\":250,\"caption\":\"El sitio del P. Ignacio Fern\u00e1ndez Gonz\u00e1lez\"},\"image\":{\"@id\":\"http:\/\/igfergon.com.mx\/#\/schema\/logo\/image\/\"},\"sameAs\":[\"https:\/\/www.facebook.com\/\"]},{\"@type\":\"Person\",\"@id\":\"http:\/\/igfergon.com.mx\/#\/schema\/person\/b42517895faefafe2a81218226d90957\",\"name\":\"igfergon.com.mx\",\"image\":{\"@type\":\"ImageObject\",\"inLanguage\":\"es\",\"@id\":\"http:\/\/igfergon.com.mx\/#\/schema\/person\/image\/\",\"url\":\"https:\/\/secure.gravatar.com\/avatar\/9fd60c5591f2c6b18e76a917a69f35b0732f8532b3679d0132b3503b545db7a6?s=96&d=mm&r=g\",\"contentUrl\":\"https:\/\/secure.gravatar.com\/avatar\/9fd60c5591f2c6b18e76a917a69f35b0732f8532b3679d0132b3503b545db7a6?s=96&d=mm&r=g\",\"caption\":\"igfergon.com.mx\"},\"url\":\"http:\/\/igfergon.com.mx\/?author=1\"}]}<\/script>\n<!-- \/ Yoast SEO plugin. -->","yoast_head_json":{"title":"Feria Privilegiada 23 de Diciembre - El sitio del P. Ignacio Fern\u00e1ndez Gonz\u00e1lez","robots":{"index":"index","follow":"follow","max-snippet":"max-snippet:-1","max-image-preview":"max-image-preview:large","max-video-preview":"max-video-preview:-1"},"canonical":"http:\/\/igfergon.com.mx\/?p=4726","og_locale":"es_ES","og_type":"article","og_title":"Feria Privilegiada 23 de Diciembre - El sitio del P. Ignacio Fern\u00e1ndez Gonz\u00e1lez","og_description":"Lc 1, 57-66 Es nuestro turno. \u00bfC\u00f3mo vivo mi condici\u00f3n de mensajero? \u00bfQu\u00e9 mensaje estoy trasmitiendo? \u00bfAnuncio a Jes\u00fas o mi mensaje es confuso, nebuloso? \u00bfEs mi vida un testimonio aut\u00e9ntico de la verdad del evangelio? Hoy se precisa mucha luz evang\u00e9lica, en medio de tanta tiniebla y desconsuelo. Tambi\u00e9n es tiempo de reconocer a &hellip; Continuar leyendo \"Feria Privilegiada 23 de Diciembre\"","og_url":"http:\/\/igfergon.com.mx\/?p=4726","og_site_name":"El sitio del P. Ignacio Fern\u00e1ndez Gonz\u00e1lez","article_publisher":"https:\/\/www.facebook.com\/","article_published_time":"2022-12-23T08:26:49+00:00","article_modified_time":"2022-12-23T08:26:57+00:00","og_image":[{"url":"http:\/\/igfergon.com.mx\/wp-content\/uploads\/2022\/12\/descargar-10.jpg","type":"","width":"","height":""}],"author":"igfergon.com.mx","twitter_card":"summary_large_image","twitter_misc":{"Escrito por":"igfergon.com.mx","Tiempo de lectura":"3 minutos"},"schema":{"@context":"https:\/\/schema.org","@graph":[{"@type":"Article","@id":"http:\/\/igfergon.com.mx\/?p=4726#article","isPartOf":{"@id":"http:\/\/igfergon.com.mx\/?p=4726"},"author":{"name":"igfergon.com.mx","@id":"http:\/\/igfergon.com.mx\/#\/schema\/person\/b42517895faefafe2a81218226d90957"},"headline":"Feria Privilegiada 23 de Diciembre","datePublished":"2022-12-23T08:26:49+00:00","dateModified":"2022-12-23T08:26:57+00:00","mainEntityOfPage":{"@id":"http:\/\/igfergon.com.mx\/?p=4726"},"wordCount":487,"publisher":{"@id":"http:\/\/igfergon.com.mx\/#organization"},"image":{"@id":"http:\/\/igfergon.com.mx\/?p=4726#primaryimage"},"thumbnailUrl":"http:\/\/igfergon.com.mx\/wp-content\/uploads\/2022\/12\/descargar-10.jpg","keywords":["comentario al evangelio","FERIA PRIVILEGIADA 23 DE DICIEMBRE","Homil\u00eda","homil\u00eda diaria","liturgia"],"articleSection":["comentario al evangelio","homil\u00eda","homil\u00eda diaria","liturgia"],"inLanguage":"es"},{"@type":"WebPage","@id":"http:\/\/igfergon.com.mx\/?p=4726","url":"http:\/\/igfergon.com.mx\/?p=4726","name":"Feria Privilegiada 23 de Diciembre - El sitio del P. Ignacio Fern\u00e1ndez Gonz\u00e1lez","isPartOf":{"@id":"http:\/\/igfergon.com.mx\/#website"},"primaryImageOfPage":{"@id":"http:\/\/igfergon.com.mx\/?p=4726#primaryimage"},"image":{"@id":"http:\/\/igfergon.com.mx\/?p=4726#primaryimage"},"thumbnailUrl":"http:\/\/igfergon.com.mx\/wp-content\/uploads\/2022\/12\/descargar-10.jpg","datePublished":"2022-12-23T08:26:49+00:00","dateModified":"2022-12-23T08:26:57+00:00","breadcrumb":{"@id":"http:\/\/igfergon.com.mx\/?p=4726#breadcrumb"},"inLanguage":"es","potentialAction":[{"@type":"ReadAction","target":["http:\/\/igfergon.com.mx\/?p=4726"]}]},{"@type":"ImageObject","inLanguage":"es","@id":"http:\/\/igfergon.com.mx\/?p=4726#primaryimage","url":"http:\/\/igfergon.com.mx\/wp-content\/uploads\/2022\/12\/descargar-10.jpg","contentUrl":"http:\/\/igfergon.com.mx\/wp-content\/uploads\/2022\/12\/descargar-10.jpg","width":359,"height":140},{"@type":"BreadcrumbList","@id":"http:\/\/igfergon.com.mx\/?p=4726#breadcrumb","itemListElement":[{"@type":"ListItem","position":1,"name":"Portada","item":"http:\/\/igfergon.com.mx\/"},{"@type":"ListItem","position":2,"name":"Feria Privilegiada 23 de Diciembre"}]},{"@type":"WebSite","@id":"http:\/\/igfergon.com.mx\/#website","url":"http:\/\/igfergon.com.mx\/","name":"El sitio del P. Ignacio Fern\u00e1ndez Gonz\u00e1lez","description":"Para Ayudarte","publisher":{"@id":"http:\/\/igfergon.com.mx\/#organization"},"potentialAction":[{"@type":"SearchAction","target":{"@type":"EntryPoint","urlTemplate":"http:\/\/igfergon.com.mx\/?s={search_term_string}"},"query-input":{"@type":"PropertyValueSpecification","valueRequired":true,"valueName":"search_term_string"}}],"inLanguage":"es"},{"@type":"Organization","@id":"http:\/\/igfergon.com.mx\/#organization","name":"El sitio del P. Ignacio Fern\u00e1ndez Gonz\u00e1lez","url":"http:\/\/igfergon.com.mx\/","logo":{"@type":"ImageObject","inLanguage":"es","@id":"http:\/\/igfergon.com.mx\/#\/schema\/logo\/image\/","url":"http:\/\/igfergon.com.mx\/wp-content\/uploads\/2018\/09\/cropped-ORDNACION02-2.jpg","contentUrl":"http:\/\/igfergon.com.mx\/wp-content\/uploads\/2018\/09\/cropped-ORDNACION02-2.jpg","width":250,"height":250,"caption":"El sitio del P. Ignacio Fern\u00e1ndez Gonz\u00e1lez"},"image":{"@id":"http:\/\/igfergon.com.mx\/#\/schema\/logo\/image\/"},"sameAs":["https:\/\/www.facebook.com\/"]},{"@type":"Person","@id":"http:\/\/igfergon.com.mx\/#\/schema\/person\/b42517895faefafe2a81218226d90957","name":"igfergon.com.mx","image":{"@type":"ImageObject","inLanguage":"es","@id":"http:\/\/igfergon.com.mx\/#\/schema\/person\/image\/","url":"https:\/\/secure.gravatar.com\/avatar\/9fd60c5591f2c6b18e76a917a69f35b0732f8532b3679d0132b3503b545db7a6?s=96&d=mm&r=g","contentUrl":"https:\/\/secure.gravatar.com\/avatar\/9fd60c5591f2c6b18e76a917a69f35b0732f8532b3679d0132b3503b545db7a6?s=96&d=mm&r=g","caption":"igfergon.com.mx"},"url":"http:\/\/igfergon.com.mx\/?author=1"}]}},"_links":{"self":[{"href":"http:\/\/igfergon.com.mx\/index.php?rest_route=\/wp\/v2\/posts\/4726","targetHints":{"allow":["GET"]}}],"collection":[{"href":"http:\/\/igfergon.com.mx\/index.php?rest_route=\/wp\/v2\/posts"}],"about":[{"href":"http:\/\/igfergon.com.mx\/index.php?rest_route=\/wp\/v2\/types\/post"}],"author":[{"embeddable":true,"href":"http:\/\/igfergon.com.mx\/index.php?rest_route=\/wp\/v2\/users\/1"}],"replies":[{"embeddable":true,"href":"http:\/\/igfergon.com.mx\/index.php?rest_route=%2Fwp%2Fv2%2Fcomments&post=4726"}],"version-history":[{"count":1,"href":"http:\/\/igfergon.com.mx\/index.php?rest_route=\/wp\/v2\/posts\/4726\/revisions"}],"predecessor-version":[{"id":4728,"href":"http:\/\/igfergon.com.mx\/index.php?rest_route=\/wp\/v2\/posts\/4726\/revisions\/4728"}],"wp:attachment":[{"href":"http:\/\/igfergon.com.mx\/index.php?rest_route=%2Fwp%2Fv2%2Fmedia&parent=4726"}],"wp:term":[{"taxonomy":"category","embeddable":true,"href":"http:\/\/igfergon.com.mx\/index.php?rest_route=%2Fwp%2Fv2%2Fcategories&post=4726"},{"taxonomy":"post_tag","embeddable":true,"href":"http:\/\/igfergon.com.mx\/index.php?rest_route=%2Fwp%2Fv2%2Ftags&post=4726"}],"curies":[{"name":"wp","href":"https:\/\/api.w.org\/{rel}","templated":true}]}}