{"id":5584,"date":"2025-10-06T10:29:59","date_gmt":"2025-10-06T08:29:59","guid":{"rendered":"http:\/\/igfergon.com.mx\/?p=5584"},"modified":"2025-10-06T10:30:00","modified_gmt":"2025-10-06T08:30:00","slug":"lunes-de-la-xxvii-semana-ordinaria","status":"publish","type":"post","link":"http:\/\/igfergon.com.mx\/?p=5584","title":{"rendered":"Lunes de la XXVII Semana Ordinaria"},"content":{"rendered":"<div class=\"wp-block-image\">\n<figure class=\"aligncenter size-full\"><img loading=\"lazy\" decoding=\"async\" width=\"259\" height=\"194\" src=\"http:\/\/igfergon.com.mx\/wp-content\/uploads\/2025\/10\/Lunes-27SO.jpg\" alt=\"\" class=\"wp-image-5585\" srcset=\"http:\/\/igfergon.com.mx\/wp-content\/uploads\/2025\/10\/Lunes-27SO.jpg 259w, http:\/\/igfergon.com.mx\/wp-content\/uploads\/2025\/10\/Lunes-27SO-200x150.jpg 200w\" sizes=\"auto, (max-width: 259px) 100vw, 259px\" \/><\/figure>\n<\/div>\n\n\n<p><strong>Jon. 1, 1-2, 1. 11.<\/strong><strong><\/strong><\/p>\n\n\n\n<p>Dios quiere que todos los hombres se salven y lleguen al conocimiento de la verdad. A nadie cre\u00f3 Dios para la muerte, pues \u00c9l no se deleita en la muerte sino en la vida. Ninguno, que haya experimentado el amor y la misericordia de Dios, puede condenar a los dem\u00e1s pensando que s\u00f3lo \u00e9l tiene derecho exclusivo sobre Dios. Jon\u00e1s, recalcitrante a hacer part\u00edcipe de la misericordia de Dios a los pueblos paganos, es conducido por Dios hasta el lugar donde el Se\u00f1or quiere que se cumplan sus planes de salvaci\u00f3n. Jon\u00e1s, rebelde, no de palabra sino de hecho, a la voluntad de Dios respecto a la salvaci\u00f3n universal, finalmente proclamar\u00e1 esa salvaci\u00f3n: primero a los marineros, que temen a Dios, y que al arrojar a Jon\u00e1s al abismo, se salvan de la muerte pues el mar se calma; y despu\u00e9s a los Ninivitas, proclamando el mensaje de salvaci\u00f3n de Dios, al que ellos hacen caso y salvan as\u00ed su Vida.<\/p>\n\n\n\n<p>Nos dice san Pablo: si la rebeld\u00eda de los jud\u00edos se convirti\u00f3 en causa de salvaci\u00f3n para el mundo, \u00a1Qu\u00e9 no ser\u00e1 su conversi\u00f3n! Si la desobediencia del pueblo elegido simbolizado en Jon\u00e1s, si su reticencia a abrir la salvaci\u00f3n a todos, incluso a los enemigos fue causa de que esa salvaci\u00f3n, conforme al Plan de Dios, llegara a N\u00ednive en que se simboliza la persecuci\u00f3n de los inocentes y la lejan\u00eda de Dios, cu\u00e1nto m\u00e1s ha logrado el Se\u00f1or Jes\u00fas, que, obediente a su Padre Dios, sale al encuentro del hombre pecador para proclamarnos la Buena Nueva del amor que Dios nos tiene.<\/p>\n\n\n\n<p>\u00c9l fue arrojado al abismo de la muerte, y ah\u00ed permaneci\u00f3 tres d\u00edas y tres noches, para luego resucitar como el Hombre Nuevo con quien estamos llamados a identificarnos todos sin distinci\u00f3n alguna. As\u00ed \u00c9l ha logrado para nosotros la salvaci\u00f3n. Y \u00c9l nos pide que abramos los ojos para no condenar a nadie, pues as\u00ed como nos ha amado quiere que nos amemos los unos a los otros; y as\u00ed como \u00c9l dio su vida en rescate por todos, quiere que su Iglesia se esfuerce constantemente en salir al encuentro del hombre pecador para invitarlo a rectificar sus caminos.<\/p>\n\n\n\n<p><strong>Lc 10,25-37<\/strong><\/p>\n\n\n\n<p>El evangelio de hoy nos plantea la pregunta que busca todo hombre en su vida. \u00bfQu\u00e9 se debe hacer para ganar la vida eterna? Al igual que hace XX siglos hoy continuamos pregunt\u00e1ndonos lo mismo. Con esto, nos percatamos que no todo termina en esta vida. Esperamos y sobre todo buscamos aquella vida que nos har\u00e1 eternos. \u00bfCu\u00e1ntas pel\u00edculas y cu\u00e1ntos libros se han escrito sobre personajes que quisieran vivir para siempre? Porque en esta vida nos podremos esforzar por superar cualquier dificultad pero a la muerte, \u00bfqui\u00e9n sino Cristo la puede vencer?&nbsp;<\/p>\n\n\n\n<p>Si a algo temen los hombres en esta vida es precisamente a la muerte. Nos resistimos a morir y a que otros seres queridos mueran. Y es que la muerte es como un coche con velocidades en donde una vez que avanzamos ya no podemos volver a la vida. Imposible volver a vivir a no ser que venga la resurrecci\u00f3n de los muertos.<\/p>\n\n\n\n<p>Hoy Cristo nos muestra un camino que puede vencer a la muerte y que nos har\u00e1 ganar la vida eterna: el amor. Imposible que el hombre pueda vivir sin amor. Estamos hechos para amar y el d\u00eda que no amemos entonces ese d\u00eda comenzaremos a morir. No permitamos que nuestro amor se convierta en un amor seco a nosotros mismos. Amemos a nuestro pr\u00f3jimo como Cristo nos am\u00f3, hasta el punto de dar su propia vida. Con este ejemplo de Jes\u00fas, \u00bfnosotros seremos capaces de pensar bien de los dem\u00e1s y de hacerlos felices con palabras y comentarios positivos?<\/p>\n\n\n\n<p><\/p>\n","protected":false},"excerpt":{"rendered":"<p>Jon. 1, 1-2, 1. 11. Dios quiere que todos los hombres se salven y lleguen al conocimiento de la verdad. A nadie cre\u00f3 Dios para la muerte, pues \u00c9l no se deleita en la muerte sino en la vida. Ninguno, que haya experimentado el amor y la misericordia de Dios, puede condenar a los dem\u00e1s &hellip; <\/p>\n<p class=\"link-more\"><a href=\"http:\/\/igfergon.com.mx\/?p=5584\" class=\"more-link\">Continuar leyendo<span class=\"screen-reader-text\"> \u00abLunes de la XXVII Semana Ordinaria\u00bb<\/span><\/a><\/p>\n","protected":false},"author":1,"featured_media":0,"comment_status":"closed","ping_status":"closed","sticky":false,"template":"","format":"standard","meta":{"footnotes":""},"categories":[13,14,10,1],"tags":[69,8,6,633],"class_list":["post-5584","post","type-post","status-publish","format-standard","hentry","category-comentario-al-evangelio","category-homilia","category-homilia-diaria","category-uncategorized","tag-comentario-al-evangelio-2","tag-homilia","tag-homilia-diaria","tag-lunes-de-la-xxvii-semana-ordinaria"],"yoast_head":"<!-- This site is optimized with the Yoast SEO plugin v26.0 - https:\/\/yoast.com\/wordpress\/plugins\/seo\/ -->\n<title>Lunes de la XXVII Semana Ordinaria - El sitio del P. Ignacio Fern\u00e1ndez Gonz\u00e1lez<\/title>\n<meta name=\"robots\" content=\"index, follow, max-snippet:-1, max-image-preview:large, max-video-preview:-1\" \/>\n<link rel=\"canonical\" href=\"http:\/\/igfergon.com.mx\/?p=5584\" \/>\n<meta property=\"og:locale\" content=\"es_ES\" \/>\n<meta property=\"og:type\" content=\"article\" \/>\n<meta property=\"og:title\" content=\"Lunes de la XXVII Semana Ordinaria - El sitio del P. Ignacio Fern\u00e1ndez Gonz\u00e1lez\" \/>\n<meta property=\"og:description\" content=\"Jon. 1, 1-2, 1. 11. Dios quiere que todos los hombres se salven y lleguen al conocimiento de la verdad. A nadie cre\u00f3 Dios para la muerte, pues \u00c9l no se deleita en la muerte sino en la vida. Ninguno, que haya experimentado el amor y la misericordia de Dios, puede condenar a los dem\u00e1s &hellip; Continuar leyendo &quot;Lunes de la XXVII Semana Ordinaria&quot;\" \/>\n<meta property=\"og:url\" content=\"http:\/\/igfergon.com.mx\/?p=5584\" \/>\n<meta property=\"og:site_name\" content=\"El sitio del P. Ignacio Fern\u00e1ndez Gonz\u00e1lez\" \/>\n<meta property=\"article:publisher\" content=\"https:\/\/www.facebook.com\/\" \/>\n<meta property=\"article:published_time\" content=\"2025-10-06T08:29:59+00:00\" \/>\n<meta property=\"article:modified_time\" content=\"2025-10-06T08:30:00+00:00\" \/>\n<meta property=\"og:image\" content=\"http:\/\/igfergon.com.mx\/wp-content\/uploads\/2025\/10\/Lunes-27SO.jpg\" \/>\n\t<meta property=\"og:image:width\" content=\"259\" \/>\n\t<meta property=\"og:image:height\" content=\"194\" \/>\n\t<meta property=\"og:image:type\" content=\"image\/jpeg\" \/>\n<meta name=\"author\" content=\"igfergon.com.mx\" \/>\n<meta name=\"twitter:card\" content=\"summary_large_image\" \/>\n<meta name=\"twitter:label1\" content=\"Escrito por\" \/>\n\t<meta name=\"twitter:data1\" content=\"igfergon.com.mx\" \/>\n\t<meta name=\"twitter:label2\" content=\"Tiempo de lectura\" \/>\n\t<meta name=\"twitter:data2\" content=\"4 minutos\" \/>\n<script type=\"application\/ld+json\" class=\"yoast-schema-graph\">{\"@context\":\"https:\/\/schema.org\",\"@graph\":[{\"@type\":\"Article\",\"@id\":\"http:\/\/igfergon.com.mx\/?p=5584#article\",\"isPartOf\":{\"@id\":\"http:\/\/igfergon.com.mx\/?p=5584\"},\"author\":{\"name\":\"igfergon.com.mx\",\"@id\":\"http:\/\/igfergon.com.mx\/#\/schema\/person\/b42517895faefafe2a81218226d90957\"},\"headline\":\"Lunes de la XXVII Semana Ordinaria\",\"datePublished\":\"2025-10-06T08:29:59+00:00\",\"dateModified\":\"2025-10-06T08:30:00+00:00\",\"mainEntityOfPage\":{\"@id\":\"http:\/\/igfergon.com.mx\/?p=5584\"},\"wordCount\":671,\"publisher\":{\"@id\":\"http:\/\/igfergon.com.mx\/#organization\"},\"image\":{\"@id\":\"http:\/\/igfergon.com.mx\/?p=5584#primaryimage\"},\"thumbnailUrl\":\"http:\/\/igfergon.com.mx\/wp-content\/uploads\/2025\/10\/Lunes-27SO.jpg\",\"keywords\":[\"comentario al evangelio\",\"Homil\u00eda\",\"homil\u00eda diaria\",\"Lunes de la XXVII Semana Ordinaria\"],\"articleSection\":[\"comentario al evangelio\",\"homil\u00eda\",\"homil\u00eda diaria\",\"liturgia\"],\"inLanguage\":\"es\"},{\"@type\":\"WebPage\",\"@id\":\"http:\/\/igfergon.com.mx\/?p=5584\",\"url\":\"http:\/\/igfergon.com.mx\/?p=5584\",\"name\":\"Lunes de la XXVII Semana Ordinaria - El sitio del P. Ignacio Fern\u00e1ndez Gonz\u00e1lez\",\"isPartOf\":{\"@id\":\"http:\/\/igfergon.com.mx\/#website\"},\"primaryImageOfPage\":{\"@id\":\"http:\/\/igfergon.com.mx\/?p=5584#primaryimage\"},\"image\":{\"@id\":\"http:\/\/igfergon.com.mx\/?p=5584#primaryimage\"},\"thumbnailUrl\":\"http:\/\/igfergon.com.mx\/wp-content\/uploads\/2025\/10\/Lunes-27SO.jpg\",\"datePublished\":\"2025-10-06T08:29:59+00:00\",\"dateModified\":\"2025-10-06T08:30:00+00:00\",\"breadcrumb\":{\"@id\":\"http:\/\/igfergon.com.mx\/?p=5584#breadcrumb\"},\"inLanguage\":\"es\",\"potentialAction\":[{\"@type\":\"ReadAction\",\"target\":[\"http:\/\/igfergon.com.mx\/?p=5584\"]}]},{\"@type\":\"ImageObject\",\"inLanguage\":\"es\",\"@id\":\"http:\/\/igfergon.com.mx\/?p=5584#primaryimage\",\"url\":\"http:\/\/igfergon.com.mx\/wp-content\/uploads\/2025\/10\/Lunes-27SO.jpg\",\"contentUrl\":\"http:\/\/igfergon.com.mx\/wp-content\/uploads\/2025\/10\/Lunes-27SO.jpg\",\"width\":259,\"height\":194},{\"@type\":\"BreadcrumbList\",\"@id\":\"http:\/\/igfergon.com.mx\/?p=5584#breadcrumb\",\"itemListElement\":[{\"@type\":\"ListItem\",\"position\":1,\"name\":\"Portada\",\"item\":\"http:\/\/igfergon.com.mx\/\"},{\"@type\":\"ListItem\",\"position\":2,\"name\":\"Lunes de la XXVII Semana Ordinaria\"}]},{\"@type\":\"WebSite\",\"@id\":\"http:\/\/igfergon.com.mx\/#website\",\"url\":\"http:\/\/igfergon.com.mx\/\",\"name\":\"El sitio del P. Ignacio Fern\u00e1ndez Gonz\u00e1lez\",\"description\":\"Para Ayudarte\",\"publisher\":{\"@id\":\"http:\/\/igfergon.com.mx\/#organization\"},\"potentialAction\":[{\"@type\":\"SearchAction\",\"target\":{\"@type\":\"EntryPoint\",\"urlTemplate\":\"http:\/\/igfergon.com.mx\/?s={search_term_string}\"},\"query-input\":{\"@type\":\"PropertyValueSpecification\",\"valueRequired\":true,\"valueName\":\"search_term_string\"}}],\"inLanguage\":\"es\"},{\"@type\":\"Organization\",\"@id\":\"http:\/\/igfergon.com.mx\/#organization\",\"name\":\"El sitio del P. Ignacio Fern\u00e1ndez Gonz\u00e1lez\",\"url\":\"http:\/\/igfergon.com.mx\/\",\"logo\":{\"@type\":\"ImageObject\",\"inLanguage\":\"es\",\"@id\":\"http:\/\/igfergon.com.mx\/#\/schema\/logo\/image\/\",\"url\":\"http:\/\/igfergon.com.mx\/wp-content\/uploads\/2018\/09\/cropped-ORDNACION02-2.jpg\",\"contentUrl\":\"http:\/\/igfergon.com.mx\/wp-content\/uploads\/2018\/09\/cropped-ORDNACION02-2.jpg\",\"width\":250,\"height\":250,\"caption\":\"El sitio del P. Ignacio Fern\u00e1ndez Gonz\u00e1lez\"},\"image\":{\"@id\":\"http:\/\/igfergon.com.mx\/#\/schema\/logo\/image\/\"},\"sameAs\":[\"https:\/\/www.facebook.com\/\"]},{\"@type\":\"Person\",\"@id\":\"http:\/\/igfergon.com.mx\/#\/schema\/person\/b42517895faefafe2a81218226d90957\",\"name\":\"igfergon.com.mx\",\"image\":{\"@type\":\"ImageObject\",\"inLanguage\":\"es\",\"@id\":\"http:\/\/igfergon.com.mx\/#\/schema\/person\/image\/\",\"url\":\"https:\/\/secure.gravatar.com\/avatar\/9fd60c5591f2c6b18e76a917a69f35b0732f8532b3679d0132b3503b545db7a6?s=96&d=mm&r=g\",\"contentUrl\":\"https:\/\/secure.gravatar.com\/avatar\/9fd60c5591f2c6b18e76a917a69f35b0732f8532b3679d0132b3503b545db7a6?s=96&d=mm&r=g\",\"caption\":\"igfergon.com.mx\"},\"url\":\"http:\/\/igfergon.com.mx\/?author=1\"}]}<\/script>\n<!-- \/ Yoast SEO plugin. -->","yoast_head_json":{"title":"Lunes de la XXVII Semana Ordinaria - El sitio del P. Ignacio Fern\u00e1ndez Gonz\u00e1lez","robots":{"index":"index","follow":"follow","max-snippet":"max-snippet:-1","max-image-preview":"max-image-preview:large","max-video-preview":"max-video-preview:-1"},"canonical":"http:\/\/igfergon.com.mx\/?p=5584","og_locale":"es_ES","og_type":"article","og_title":"Lunes de la XXVII Semana Ordinaria - El sitio del P. Ignacio Fern\u00e1ndez Gonz\u00e1lez","og_description":"Jon. 1, 1-2, 1. 11. Dios quiere que todos los hombres se salven y lleguen al conocimiento de la verdad. A nadie cre\u00f3 Dios para la muerte, pues \u00c9l no se deleita en la muerte sino en la vida. Ninguno, que haya experimentado el amor y la misericordia de Dios, puede condenar a los dem\u00e1s &hellip; Continuar leyendo \"Lunes de la XXVII Semana Ordinaria\"","og_url":"http:\/\/igfergon.com.mx\/?p=5584","og_site_name":"El sitio del P. Ignacio Fern\u00e1ndez Gonz\u00e1lez","article_publisher":"https:\/\/www.facebook.com\/","article_published_time":"2025-10-06T08:29:59+00:00","article_modified_time":"2025-10-06T08:30:00+00:00","og_image":[{"width":259,"height":194,"url":"http:\/\/igfergon.com.mx\/wp-content\/uploads\/2025\/10\/Lunes-27SO.jpg","type":"image\/jpeg"}],"author":"igfergon.com.mx","twitter_card":"summary_large_image","twitter_misc":{"Escrito por":"igfergon.com.mx","Tiempo de lectura":"4 minutos"},"schema":{"@context":"https:\/\/schema.org","@graph":[{"@type":"Article","@id":"http:\/\/igfergon.com.mx\/?p=5584#article","isPartOf":{"@id":"http:\/\/igfergon.com.mx\/?p=5584"},"author":{"name":"igfergon.com.mx","@id":"http:\/\/igfergon.com.mx\/#\/schema\/person\/b42517895faefafe2a81218226d90957"},"headline":"Lunes de la XXVII Semana Ordinaria","datePublished":"2025-10-06T08:29:59+00:00","dateModified":"2025-10-06T08:30:00+00:00","mainEntityOfPage":{"@id":"http:\/\/igfergon.com.mx\/?p=5584"},"wordCount":671,"publisher":{"@id":"http:\/\/igfergon.com.mx\/#organization"},"image":{"@id":"http:\/\/igfergon.com.mx\/?p=5584#primaryimage"},"thumbnailUrl":"http:\/\/igfergon.com.mx\/wp-content\/uploads\/2025\/10\/Lunes-27SO.jpg","keywords":["comentario al evangelio","Homil\u00eda","homil\u00eda diaria","Lunes de la XXVII Semana Ordinaria"],"articleSection":["comentario al evangelio","homil\u00eda","homil\u00eda diaria","liturgia"],"inLanguage":"es"},{"@type":"WebPage","@id":"http:\/\/igfergon.com.mx\/?p=5584","url":"http:\/\/igfergon.com.mx\/?p=5584","name":"Lunes de la XXVII Semana Ordinaria - El sitio del P. Ignacio Fern\u00e1ndez Gonz\u00e1lez","isPartOf":{"@id":"http:\/\/igfergon.com.mx\/#website"},"primaryImageOfPage":{"@id":"http:\/\/igfergon.com.mx\/?p=5584#primaryimage"},"image":{"@id":"http:\/\/igfergon.com.mx\/?p=5584#primaryimage"},"thumbnailUrl":"http:\/\/igfergon.com.mx\/wp-content\/uploads\/2025\/10\/Lunes-27SO.jpg","datePublished":"2025-10-06T08:29:59+00:00","dateModified":"2025-10-06T08:30:00+00:00","breadcrumb":{"@id":"http:\/\/igfergon.com.mx\/?p=5584#breadcrumb"},"inLanguage":"es","potentialAction":[{"@type":"ReadAction","target":["http:\/\/igfergon.com.mx\/?p=5584"]}]},{"@type":"ImageObject","inLanguage":"es","@id":"http:\/\/igfergon.com.mx\/?p=5584#primaryimage","url":"http:\/\/igfergon.com.mx\/wp-content\/uploads\/2025\/10\/Lunes-27SO.jpg","contentUrl":"http:\/\/igfergon.com.mx\/wp-content\/uploads\/2025\/10\/Lunes-27SO.jpg","width":259,"height":194},{"@type":"BreadcrumbList","@id":"http:\/\/igfergon.com.mx\/?p=5584#breadcrumb","itemListElement":[{"@type":"ListItem","position":1,"name":"Portada","item":"http:\/\/igfergon.com.mx\/"},{"@type":"ListItem","position":2,"name":"Lunes de la XXVII Semana Ordinaria"}]},{"@type":"WebSite","@id":"http:\/\/igfergon.com.mx\/#website","url":"http:\/\/igfergon.com.mx\/","name":"El sitio del P. Ignacio Fern\u00e1ndez Gonz\u00e1lez","description":"Para Ayudarte","publisher":{"@id":"http:\/\/igfergon.com.mx\/#organization"},"potentialAction":[{"@type":"SearchAction","target":{"@type":"EntryPoint","urlTemplate":"http:\/\/igfergon.com.mx\/?s={search_term_string}"},"query-input":{"@type":"PropertyValueSpecification","valueRequired":true,"valueName":"search_term_string"}}],"inLanguage":"es"},{"@type":"Organization","@id":"http:\/\/igfergon.com.mx\/#organization","name":"El sitio del P. Ignacio Fern\u00e1ndez Gonz\u00e1lez","url":"http:\/\/igfergon.com.mx\/","logo":{"@type":"ImageObject","inLanguage":"es","@id":"http:\/\/igfergon.com.mx\/#\/schema\/logo\/image\/","url":"http:\/\/igfergon.com.mx\/wp-content\/uploads\/2018\/09\/cropped-ORDNACION02-2.jpg","contentUrl":"http:\/\/igfergon.com.mx\/wp-content\/uploads\/2018\/09\/cropped-ORDNACION02-2.jpg","width":250,"height":250,"caption":"El sitio del P. Ignacio Fern\u00e1ndez Gonz\u00e1lez"},"image":{"@id":"http:\/\/igfergon.com.mx\/#\/schema\/logo\/image\/"},"sameAs":["https:\/\/www.facebook.com\/"]},{"@type":"Person","@id":"http:\/\/igfergon.com.mx\/#\/schema\/person\/b42517895faefafe2a81218226d90957","name":"igfergon.com.mx","image":{"@type":"ImageObject","inLanguage":"es","@id":"http:\/\/igfergon.com.mx\/#\/schema\/person\/image\/","url":"https:\/\/secure.gravatar.com\/avatar\/9fd60c5591f2c6b18e76a917a69f35b0732f8532b3679d0132b3503b545db7a6?s=96&d=mm&r=g","contentUrl":"https:\/\/secure.gravatar.com\/avatar\/9fd60c5591f2c6b18e76a917a69f35b0732f8532b3679d0132b3503b545db7a6?s=96&d=mm&r=g","caption":"igfergon.com.mx"},"url":"http:\/\/igfergon.com.mx\/?author=1"}]}},"_links":{"self":[{"href":"http:\/\/igfergon.com.mx\/index.php?rest_route=\/wp\/v2\/posts\/5584","targetHints":{"allow":["GET"]}}],"collection":[{"href":"http:\/\/igfergon.com.mx\/index.php?rest_route=\/wp\/v2\/posts"}],"about":[{"href":"http:\/\/igfergon.com.mx\/index.php?rest_route=\/wp\/v2\/types\/post"}],"author":[{"embeddable":true,"href":"http:\/\/igfergon.com.mx\/index.php?rest_route=\/wp\/v2\/users\/1"}],"replies":[{"embeddable":true,"href":"http:\/\/igfergon.com.mx\/index.php?rest_route=%2Fwp%2Fv2%2Fcomments&post=5584"}],"version-history":[{"count":1,"href":"http:\/\/igfergon.com.mx\/index.php?rest_route=\/wp\/v2\/posts\/5584\/revisions"}],"predecessor-version":[{"id":5586,"href":"http:\/\/igfergon.com.mx\/index.php?rest_route=\/wp\/v2\/posts\/5584\/revisions\/5586"}],"wp:attachment":[{"href":"http:\/\/igfergon.com.mx\/index.php?rest_route=%2Fwp%2Fv2%2Fmedia&parent=5584"}],"wp:term":[{"taxonomy":"category","embeddable":true,"href":"http:\/\/igfergon.com.mx\/index.php?rest_route=%2Fwp%2Fv2%2Fcategories&post=5584"},{"taxonomy":"post_tag","embeddable":true,"href":"http:\/\/igfergon.com.mx\/index.php?rest_route=%2Fwp%2Fv2%2Ftags&post=5584"}],"curies":[{"name":"wp","href":"https:\/\/api.w.org\/{rel}","templated":true}]}}