{"id":5593,"date":"2025-10-07T10:52:02","date_gmt":"2025-10-07T08:52:02","guid":{"rendered":"http:\/\/igfergon.com.mx\/?p=5593"},"modified":"2025-10-07T10:52:03","modified_gmt":"2025-10-07T08:52:03","slug":"martes-de-la-xxvii-semana-ordinaria","status":"publish","type":"post","link":"http:\/\/igfergon.com.mx\/?p=5593","title":{"rendered":"Martes de la XXVII Semana Ordinaria"},"content":{"rendered":"<div class=\"wp-block-image\">\n<figure class=\"aligncenter size-full\"><img loading=\"lazy\" decoding=\"async\" width=\"266\" height=\"190\" src=\"http:\/\/igfergon.com.mx\/wp-content\/uploads\/2025\/10\/Martes-27-SO.jpg\" alt=\"\" class=\"wp-image-5594\" srcset=\"http:\/\/igfergon.com.mx\/wp-content\/uploads\/2025\/10\/Martes-27-SO.jpg 266w, http:\/\/igfergon.com.mx\/wp-content\/uploads\/2025\/10\/Martes-27-SO-200x143.jpg 200w\" sizes=\"auto, (max-width: 266px) 100vw, 266px\" \/><\/figure>\n<\/div>\n\n\n<p><strong>Jon 3,1-10<\/strong><\/p>\n\n\n\n<p>Con este pasaje, la escritura nos muestra, a trav\u00e9s de la actitud del Rey de N\u00ednive lo que significa e implica el convertirse de coraz\u00f3n. Desde ayer iniciamos como primera lectura el libro de Jon\u00e1s, un libro lleno de ense\u00f1anzas y sabidur\u00eda.&nbsp; Hoy continuamos su lectura.&nbsp; Nos encontramos ya en el cap\u00edtulo tercero, y vuelve a aparecer el llamado y la misi\u00f3n dada por Dios a Jon\u00e1s. Parecer\u00eda que el amor de Dios es m\u00e1s insistente que la rebeld\u00eda y la oposici\u00f3n del hombre.&nbsp;<\/p>\n\n\n\n<p>Contra su voluntad, va Jon\u00e1s a predicar un castigo en el que \u00e9l mismo no cree pero que se le ha pedido que anuncie.&nbsp; El profeta habla en nombre del Se\u00f1or y a veces, en contra de sus propios deseos.&nbsp; Es frecuente que encontremos estas situaciones en los profetas: tienen que dar un mensaje que muchas veces no les gusta y que de buena gana no lo har\u00edan, sin embargo ah\u00ed est\u00e1 el mensaje y para sorpresa el pueblo de N\u00ednive se convierte y cambia de actitud.&nbsp;<\/p>\n\n\n\n<p>Todos desde hombres hasta animales se ponen o son puestos en ayuno, manifiestan su arrepentimiento y buscan dejar de cometer injusticias, y Dios al mirar c\u00f3mo se convierten de su mala vida, cambia de parecer y no les manda el castigo que hab\u00eda determinado imponerles.<\/p>\n\n\n\n<p>Esto provoc\u00f3 un fuerte disgusto y enojo en Jon\u00e1s.&nbsp; Se siente que ha sido burlado y que no se le volver\u00e1 a creer.&nbsp; Pone por encima de la voluntad y el reconocimiento de Dios su propia voluntad y su propio reconocimiento.<\/p>\n\n\n\n<p>Quiz\u00e1s hoy nos falte insistir en la conversi\u00f3n. Tanto fieles como pastores nos hemos concretado a anunciar preceptos, pero no a insistir que la Buena Nueva siempre inicia con un camino de conversi\u00f3n.&nbsp; Y atenci\u00f3n, es propuesta de conversi\u00f3n, no es condena anticipada.<\/p>\n\n\n\n<p>A m\u00ed siempre me sorprende que el amor y el perd\u00f3n de Dios es m\u00e1s grande y accesible que el perd\u00f3n de los hombres.&nbsp; Dios siempre est\u00e1 en b\u00fasqueda de cada uno de nosotros y espera que nos convirtamos, que dejemos cada uno de nosotros nuestra mala vida y no volvamos a cometer injusticias.<\/p>\n\n\n\n<p>Tambi\u00e9n tenemos que estar atentos a no condenar a los dem\u00e1s y a alegrarnos con su arrepentimiento; mirar a cada persona como la mirar\u00eda Dios, que es un Padre amoroso que sale en busca de sus hijos.<\/p>\n\n\n\n<p>Hoy es tiempo de conversi\u00f3n, de arrepentimiento, de acogida del pecador.&nbsp; El Se\u00f1or nos busca y nos espera cada d\u00eda; nos busca y quiere dialogar con nosotros como con Marta, como con Mar\u00eda, dando espacio y tiempo al Se\u00f1or en nuestra vida.<\/p>\n\n\n\n<p><strong>Lc 10,38-42<\/strong><\/p>\n\n\n\n<p>El mundo va cada vez m\u00e1s r\u00e1pido. Los coches, los aviones, las telecomunicaciones, internet. Todo son cosas que deber\u00edan hacer que el hombre dispusiese de m\u00e1s tiempo, pero parece que el hombre de hoy, cuantos m\u00e1s remedios encuentra para ahorrar tiempo, m\u00e1s motivos encuentra para gastarlo. Y no escapamos los cristianos a esta fiebre del tiempo, y muchas veces nos preocupamos de no poder encontrar m\u00e1s tiempo de encuentro personal con Jesucristo, de oraci\u00f3n. Es cierto, la vida moderna nos lleva a vivir cada d\u00eda como un conjunto de actividades en fren\u00e9tica sucesi\u00f3n. No encontramos el momento para orar, y cuando lo encontramos, la inercia de las actividades que hemos tenido que desempe\u00f1ar no nos permiten recogernos y profundizar cuanto quisi\u00e9ramos en nuestro di\u00e1logo con Cristo.<\/p>\n\n\n\n<p>Una situaci\u00f3n similar nos presenta el Evangelio de hoy. Marta representa al cristiano de nuestro tiempo, que descubre y aprecia la presencia de Cristo en su vida pero que no es capaz de salir del remolino del activismo para disfrutar de la cercan\u00eda del Maestro. Y no es que Jesucristo en el Evangelio menosprecie el trabajo de Marta, sino que pretende ense\u00f1arla c\u00f3mo elevarse desde su postura en la que s\u00f3lo lo material cuenta para saber gustar, tambi\u00e9n desde el plano de sus labores del hogar, de la compa\u00f1\u00eda de Cristo. Nos dej\u00f3 dicho Santa Teresa que \u201ctambi\u00e9n entre los pucheros est\u00e1 Dios\u201d. Son pues para nosotros las palabras de Cristo una invitaci\u00f3n a saber compartir con \u00c9l las cosas de cada d\u00eda. No pretender que para orar siempre encontraremos el lugar y el tiempo propicio, sino aprender a estar cerca de \u00c9l en el trabajo, en el atasco de tr\u00e1fico, en la cocina,&#8230; y as\u00ed hacer de nuestro d\u00eda una oraci\u00f3n continua en la que tambi\u00e9n nosotros hayamos tomado \u201cla mejor parte<\/p>\n","protected":false},"excerpt":{"rendered":"<p>Jon 3,1-10 Con este pasaje, la escritura nos muestra, a trav\u00e9s de la actitud del Rey de N\u00ednive lo que significa e implica el convertirse de coraz\u00f3n. Desde ayer iniciamos como primera lectura el libro de Jon\u00e1s, un libro lleno de ense\u00f1anzas y sabidur\u00eda.&nbsp; Hoy continuamos su lectura.&nbsp; Nos encontramos ya en el cap\u00edtulo tercero, &hellip; <\/p>\n<p class=\"link-more\"><a href=\"http:\/\/igfergon.com.mx\/?p=5593\" class=\"more-link\">Continuar leyendo<span class=\"screen-reader-text\"> \u00abMartes de la XXVII Semana Ordinaria\u00bb<\/span><\/a><\/p>\n","protected":false},"author":1,"featured_media":0,"comment_status":"closed","ping_status":"closed","sticky":false,"template":"","format":"standard","meta":{"footnotes":""},"categories":[13,14,10,1],"tags":[69,8,6,634],"class_list":["post-5593","post","type-post","status-publish","format-standard","hentry","category-comentario-al-evangelio","category-homilia","category-homilia-diaria","category-uncategorized","tag-comentario-al-evangelio-2","tag-homilia","tag-homilia-diaria","tag-martes-de-la-xxvii-semana-ordinaria"],"yoast_head":"<!-- This site is optimized with the Yoast SEO plugin v26.0 - https:\/\/yoast.com\/wordpress\/plugins\/seo\/ -->\n<title>Martes de la XXVII Semana Ordinaria - El sitio del P. Ignacio Fern\u00e1ndez Gonz\u00e1lez<\/title>\n<meta name=\"robots\" content=\"index, follow, max-snippet:-1, max-image-preview:large, max-video-preview:-1\" \/>\n<link rel=\"canonical\" href=\"http:\/\/igfergon.com.mx\/?p=5593\" \/>\n<meta property=\"og:locale\" content=\"es_ES\" \/>\n<meta property=\"og:type\" content=\"article\" \/>\n<meta property=\"og:title\" content=\"Martes de la XXVII Semana Ordinaria - El sitio del P. Ignacio Fern\u00e1ndez Gonz\u00e1lez\" \/>\n<meta property=\"og:description\" content=\"Jon 3,1-10 Con este pasaje, la escritura nos muestra, a trav\u00e9s de la actitud del Rey de N\u00ednive lo que significa e implica el convertirse de coraz\u00f3n. Desde ayer iniciamos como primera lectura el libro de Jon\u00e1s, un libro lleno de ense\u00f1anzas y sabidur\u00eda.&nbsp; Hoy continuamos su lectura.&nbsp; Nos encontramos ya en el cap\u00edtulo tercero, &hellip; Continuar leyendo &quot;Martes de la XXVII Semana Ordinaria&quot;\" \/>\n<meta property=\"og:url\" content=\"http:\/\/igfergon.com.mx\/?p=5593\" \/>\n<meta property=\"og:site_name\" content=\"El sitio del P. Ignacio Fern\u00e1ndez Gonz\u00e1lez\" \/>\n<meta property=\"article:publisher\" content=\"https:\/\/www.facebook.com\/\" \/>\n<meta property=\"article:published_time\" content=\"2025-10-07T08:52:02+00:00\" \/>\n<meta property=\"article:modified_time\" content=\"2025-10-07T08:52:03+00:00\" \/>\n<meta property=\"og:image\" content=\"http:\/\/igfergon.com.mx\/wp-content\/uploads\/2025\/10\/Martes-27-SO.jpg\" \/>\n\t<meta property=\"og:image:width\" content=\"266\" \/>\n\t<meta property=\"og:image:height\" content=\"190\" \/>\n\t<meta property=\"og:image:type\" content=\"image\/jpeg\" \/>\n<meta name=\"author\" content=\"igfergon.com.mx\" \/>\n<meta name=\"twitter:card\" content=\"summary_large_image\" \/>\n<meta name=\"twitter:label1\" content=\"Escrito por\" \/>\n\t<meta name=\"twitter:data1\" content=\"igfergon.com.mx\" \/>\n\t<meta name=\"twitter:label2\" content=\"Tiempo de lectura\" \/>\n\t<meta name=\"twitter:data2\" content=\"4 minutos\" \/>\n<script type=\"application\/ld+json\" class=\"yoast-schema-graph\">{\"@context\":\"https:\/\/schema.org\",\"@graph\":[{\"@type\":\"Article\",\"@id\":\"http:\/\/igfergon.com.mx\/?p=5593#article\",\"isPartOf\":{\"@id\":\"http:\/\/igfergon.com.mx\/?p=5593\"},\"author\":{\"name\":\"igfergon.com.mx\",\"@id\":\"http:\/\/igfergon.com.mx\/#\/schema\/person\/b42517895faefafe2a81218226d90957\"},\"headline\":\"Martes de la XXVII Semana Ordinaria\",\"datePublished\":\"2025-10-07T08:52:02+00:00\",\"dateModified\":\"2025-10-07T08:52:03+00:00\",\"mainEntityOfPage\":{\"@id\":\"http:\/\/igfergon.com.mx\/?p=5593\"},\"wordCount\":818,\"publisher\":{\"@id\":\"http:\/\/igfergon.com.mx\/#organization\"},\"image\":{\"@id\":\"http:\/\/igfergon.com.mx\/?p=5593#primaryimage\"},\"thumbnailUrl\":\"http:\/\/igfergon.com.mx\/wp-content\/uploads\/2025\/10\/Martes-27-SO.jpg\",\"keywords\":[\"comentario al evangelio\",\"Homil\u00eda\",\"homil\u00eda diaria\",\"Martes de la XXVII Semana Ordinaria\"],\"articleSection\":[\"comentario al evangelio\",\"homil\u00eda\",\"homil\u00eda diaria\",\"liturgia\"],\"inLanguage\":\"es\"},{\"@type\":\"WebPage\",\"@id\":\"http:\/\/igfergon.com.mx\/?p=5593\",\"url\":\"http:\/\/igfergon.com.mx\/?p=5593\",\"name\":\"Martes de la XXVII Semana Ordinaria - El sitio del P. Ignacio Fern\u00e1ndez Gonz\u00e1lez\",\"isPartOf\":{\"@id\":\"http:\/\/igfergon.com.mx\/#website\"},\"primaryImageOfPage\":{\"@id\":\"http:\/\/igfergon.com.mx\/?p=5593#primaryimage\"},\"image\":{\"@id\":\"http:\/\/igfergon.com.mx\/?p=5593#primaryimage\"},\"thumbnailUrl\":\"http:\/\/igfergon.com.mx\/wp-content\/uploads\/2025\/10\/Martes-27-SO.jpg\",\"datePublished\":\"2025-10-07T08:52:02+00:00\",\"dateModified\":\"2025-10-07T08:52:03+00:00\",\"breadcrumb\":{\"@id\":\"http:\/\/igfergon.com.mx\/?p=5593#breadcrumb\"},\"inLanguage\":\"es\",\"potentialAction\":[{\"@type\":\"ReadAction\",\"target\":[\"http:\/\/igfergon.com.mx\/?p=5593\"]}]},{\"@type\":\"ImageObject\",\"inLanguage\":\"es\",\"@id\":\"http:\/\/igfergon.com.mx\/?p=5593#primaryimage\",\"url\":\"http:\/\/igfergon.com.mx\/wp-content\/uploads\/2025\/10\/Martes-27-SO.jpg\",\"contentUrl\":\"http:\/\/igfergon.com.mx\/wp-content\/uploads\/2025\/10\/Martes-27-SO.jpg\",\"width\":266,\"height\":190},{\"@type\":\"BreadcrumbList\",\"@id\":\"http:\/\/igfergon.com.mx\/?p=5593#breadcrumb\",\"itemListElement\":[{\"@type\":\"ListItem\",\"position\":1,\"name\":\"Portada\",\"item\":\"http:\/\/igfergon.com.mx\/\"},{\"@type\":\"ListItem\",\"position\":2,\"name\":\"Martes de la XXVII Semana Ordinaria\"}]},{\"@type\":\"WebSite\",\"@id\":\"http:\/\/igfergon.com.mx\/#website\",\"url\":\"http:\/\/igfergon.com.mx\/\",\"name\":\"El sitio del P. Ignacio Fern\u00e1ndez Gonz\u00e1lez\",\"description\":\"Para Ayudarte\",\"publisher\":{\"@id\":\"http:\/\/igfergon.com.mx\/#organization\"},\"potentialAction\":[{\"@type\":\"SearchAction\",\"target\":{\"@type\":\"EntryPoint\",\"urlTemplate\":\"http:\/\/igfergon.com.mx\/?s={search_term_string}\"},\"query-input\":{\"@type\":\"PropertyValueSpecification\",\"valueRequired\":true,\"valueName\":\"search_term_string\"}}],\"inLanguage\":\"es\"},{\"@type\":\"Organization\",\"@id\":\"http:\/\/igfergon.com.mx\/#organization\",\"name\":\"El sitio del P. Ignacio Fern\u00e1ndez Gonz\u00e1lez\",\"url\":\"http:\/\/igfergon.com.mx\/\",\"logo\":{\"@type\":\"ImageObject\",\"inLanguage\":\"es\",\"@id\":\"http:\/\/igfergon.com.mx\/#\/schema\/logo\/image\/\",\"url\":\"http:\/\/igfergon.com.mx\/wp-content\/uploads\/2018\/09\/cropped-ORDNACION02-2.jpg\",\"contentUrl\":\"http:\/\/igfergon.com.mx\/wp-content\/uploads\/2018\/09\/cropped-ORDNACION02-2.jpg\",\"width\":250,\"height\":250,\"caption\":\"El sitio del P. Ignacio Fern\u00e1ndez Gonz\u00e1lez\"},\"image\":{\"@id\":\"http:\/\/igfergon.com.mx\/#\/schema\/logo\/image\/\"},\"sameAs\":[\"https:\/\/www.facebook.com\/\"]},{\"@type\":\"Person\",\"@id\":\"http:\/\/igfergon.com.mx\/#\/schema\/person\/b42517895faefafe2a81218226d90957\",\"name\":\"igfergon.com.mx\",\"image\":{\"@type\":\"ImageObject\",\"inLanguage\":\"es\",\"@id\":\"http:\/\/igfergon.com.mx\/#\/schema\/person\/image\/\",\"url\":\"https:\/\/secure.gravatar.com\/avatar\/9fd60c5591f2c6b18e76a917a69f35b0732f8532b3679d0132b3503b545db7a6?s=96&d=mm&r=g\",\"contentUrl\":\"https:\/\/secure.gravatar.com\/avatar\/9fd60c5591f2c6b18e76a917a69f35b0732f8532b3679d0132b3503b545db7a6?s=96&d=mm&r=g\",\"caption\":\"igfergon.com.mx\"},\"url\":\"http:\/\/igfergon.com.mx\/?author=1\"}]}<\/script>\n<!-- \/ Yoast SEO plugin. -->","yoast_head_json":{"title":"Martes de la XXVII Semana Ordinaria - El sitio del P. Ignacio Fern\u00e1ndez Gonz\u00e1lez","robots":{"index":"index","follow":"follow","max-snippet":"max-snippet:-1","max-image-preview":"max-image-preview:large","max-video-preview":"max-video-preview:-1"},"canonical":"http:\/\/igfergon.com.mx\/?p=5593","og_locale":"es_ES","og_type":"article","og_title":"Martes de la XXVII Semana Ordinaria - El sitio del P. Ignacio Fern\u00e1ndez Gonz\u00e1lez","og_description":"Jon 3,1-10 Con este pasaje, la escritura nos muestra, a trav\u00e9s de la actitud del Rey de N\u00ednive lo que significa e implica el convertirse de coraz\u00f3n. Desde ayer iniciamos como primera lectura el libro de Jon\u00e1s, un libro lleno de ense\u00f1anzas y sabidur\u00eda.&nbsp; Hoy continuamos su lectura.&nbsp; Nos encontramos ya en el cap\u00edtulo tercero, &hellip; Continuar leyendo \"Martes de la XXVII Semana Ordinaria\"","og_url":"http:\/\/igfergon.com.mx\/?p=5593","og_site_name":"El sitio del P. Ignacio Fern\u00e1ndez Gonz\u00e1lez","article_publisher":"https:\/\/www.facebook.com\/","article_published_time":"2025-10-07T08:52:02+00:00","article_modified_time":"2025-10-07T08:52:03+00:00","og_image":[{"width":266,"height":190,"url":"http:\/\/igfergon.com.mx\/wp-content\/uploads\/2025\/10\/Martes-27-SO.jpg","type":"image\/jpeg"}],"author":"igfergon.com.mx","twitter_card":"summary_large_image","twitter_misc":{"Escrito por":"igfergon.com.mx","Tiempo de lectura":"4 minutos"},"schema":{"@context":"https:\/\/schema.org","@graph":[{"@type":"Article","@id":"http:\/\/igfergon.com.mx\/?p=5593#article","isPartOf":{"@id":"http:\/\/igfergon.com.mx\/?p=5593"},"author":{"name":"igfergon.com.mx","@id":"http:\/\/igfergon.com.mx\/#\/schema\/person\/b42517895faefafe2a81218226d90957"},"headline":"Martes de la XXVII Semana Ordinaria","datePublished":"2025-10-07T08:52:02+00:00","dateModified":"2025-10-07T08:52:03+00:00","mainEntityOfPage":{"@id":"http:\/\/igfergon.com.mx\/?p=5593"},"wordCount":818,"publisher":{"@id":"http:\/\/igfergon.com.mx\/#organization"},"image":{"@id":"http:\/\/igfergon.com.mx\/?p=5593#primaryimage"},"thumbnailUrl":"http:\/\/igfergon.com.mx\/wp-content\/uploads\/2025\/10\/Martes-27-SO.jpg","keywords":["comentario al evangelio","Homil\u00eda","homil\u00eda diaria","Martes de la XXVII Semana Ordinaria"],"articleSection":["comentario al evangelio","homil\u00eda","homil\u00eda diaria","liturgia"],"inLanguage":"es"},{"@type":"WebPage","@id":"http:\/\/igfergon.com.mx\/?p=5593","url":"http:\/\/igfergon.com.mx\/?p=5593","name":"Martes de la XXVII Semana Ordinaria - El sitio del P. Ignacio Fern\u00e1ndez Gonz\u00e1lez","isPartOf":{"@id":"http:\/\/igfergon.com.mx\/#website"},"primaryImageOfPage":{"@id":"http:\/\/igfergon.com.mx\/?p=5593#primaryimage"},"image":{"@id":"http:\/\/igfergon.com.mx\/?p=5593#primaryimage"},"thumbnailUrl":"http:\/\/igfergon.com.mx\/wp-content\/uploads\/2025\/10\/Martes-27-SO.jpg","datePublished":"2025-10-07T08:52:02+00:00","dateModified":"2025-10-07T08:52:03+00:00","breadcrumb":{"@id":"http:\/\/igfergon.com.mx\/?p=5593#breadcrumb"},"inLanguage":"es","potentialAction":[{"@type":"ReadAction","target":["http:\/\/igfergon.com.mx\/?p=5593"]}]},{"@type":"ImageObject","inLanguage":"es","@id":"http:\/\/igfergon.com.mx\/?p=5593#primaryimage","url":"http:\/\/igfergon.com.mx\/wp-content\/uploads\/2025\/10\/Martes-27-SO.jpg","contentUrl":"http:\/\/igfergon.com.mx\/wp-content\/uploads\/2025\/10\/Martes-27-SO.jpg","width":266,"height":190},{"@type":"BreadcrumbList","@id":"http:\/\/igfergon.com.mx\/?p=5593#breadcrumb","itemListElement":[{"@type":"ListItem","position":1,"name":"Portada","item":"http:\/\/igfergon.com.mx\/"},{"@type":"ListItem","position":2,"name":"Martes de la XXVII Semana Ordinaria"}]},{"@type":"WebSite","@id":"http:\/\/igfergon.com.mx\/#website","url":"http:\/\/igfergon.com.mx\/","name":"El sitio del P. Ignacio Fern\u00e1ndez Gonz\u00e1lez","description":"Para Ayudarte","publisher":{"@id":"http:\/\/igfergon.com.mx\/#organization"},"potentialAction":[{"@type":"SearchAction","target":{"@type":"EntryPoint","urlTemplate":"http:\/\/igfergon.com.mx\/?s={search_term_string}"},"query-input":{"@type":"PropertyValueSpecification","valueRequired":true,"valueName":"search_term_string"}}],"inLanguage":"es"},{"@type":"Organization","@id":"http:\/\/igfergon.com.mx\/#organization","name":"El sitio del P. Ignacio Fern\u00e1ndez Gonz\u00e1lez","url":"http:\/\/igfergon.com.mx\/","logo":{"@type":"ImageObject","inLanguage":"es","@id":"http:\/\/igfergon.com.mx\/#\/schema\/logo\/image\/","url":"http:\/\/igfergon.com.mx\/wp-content\/uploads\/2018\/09\/cropped-ORDNACION02-2.jpg","contentUrl":"http:\/\/igfergon.com.mx\/wp-content\/uploads\/2018\/09\/cropped-ORDNACION02-2.jpg","width":250,"height":250,"caption":"El sitio del P. Ignacio Fern\u00e1ndez Gonz\u00e1lez"},"image":{"@id":"http:\/\/igfergon.com.mx\/#\/schema\/logo\/image\/"},"sameAs":["https:\/\/www.facebook.com\/"]},{"@type":"Person","@id":"http:\/\/igfergon.com.mx\/#\/schema\/person\/b42517895faefafe2a81218226d90957","name":"igfergon.com.mx","image":{"@type":"ImageObject","inLanguage":"es","@id":"http:\/\/igfergon.com.mx\/#\/schema\/person\/image\/","url":"https:\/\/secure.gravatar.com\/avatar\/9fd60c5591f2c6b18e76a917a69f35b0732f8532b3679d0132b3503b545db7a6?s=96&d=mm&r=g","contentUrl":"https:\/\/secure.gravatar.com\/avatar\/9fd60c5591f2c6b18e76a917a69f35b0732f8532b3679d0132b3503b545db7a6?s=96&d=mm&r=g","caption":"igfergon.com.mx"},"url":"http:\/\/igfergon.com.mx\/?author=1"}]}},"_links":{"self":[{"href":"http:\/\/igfergon.com.mx\/index.php?rest_route=\/wp\/v2\/posts\/5593","targetHints":{"allow":["GET"]}}],"collection":[{"href":"http:\/\/igfergon.com.mx\/index.php?rest_route=\/wp\/v2\/posts"}],"about":[{"href":"http:\/\/igfergon.com.mx\/index.php?rest_route=\/wp\/v2\/types\/post"}],"author":[{"embeddable":true,"href":"http:\/\/igfergon.com.mx\/index.php?rest_route=\/wp\/v2\/users\/1"}],"replies":[{"embeddable":true,"href":"http:\/\/igfergon.com.mx\/index.php?rest_route=%2Fwp%2Fv2%2Fcomments&post=5593"}],"version-history":[{"count":1,"href":"http:\/\/igfergon.com.mx\/index.php?rest_route=\/wp\/v2\/posts\/5593\/revisions"}],"predecessor-version":[{"id":5595,"href":"http:\/\/igfergon.com.mx\/index.php?rest_route=\/wp\/v2\/posts\/5593\/revisions\/5595"}],"wp:attachment":[{"href":"http:\/\/igfergon.com.mx\/index.php?rest_route=%2Fwp%2Fv2%2Fmedia&parent=5593"}],"wp:term":[{"taxonomy":"category","embeddable":true,"href":"http:\/\/igfergon.com.mx\/index.php?rest_route=%2Fwp%2Fv2%2Fcategories&post=5593"},{"taxonomy":"post_tag","embeddable":true,"href":"http:\/\/igfergon.com.mx\/index.php?rest_route=%2Fwp%2Fv2%2Ftags&post=5593"}],"curies":[{"name":"wp","href":"https:\/\/api.w.org\/{rel}","templated":true}]}}