{"id":5596,"date":"2025-10-08T12:47:26","date_gmt":"2025-10-08T10:47:26","guid":{"rendered":"http:\/\/igfergon.com.mx\/?p=5596"},"modified":"2025-10-08T12:47:29","modified_gmt":"2025-10-08T10:47:29","slug":"miercoles-de-la-xxvii-semana-ordinaria-2","status":"publish","type":"post","link":"http:\/\/igfergon.com.mx\/?p=5596","title":{"rendered":"Mi\u00e9rcoles de la XXVII Semana Ordinaria"},"content":{"rendered":"<div class=\"wp-block-image\">\n<figure class=\"aligncenter size-full\"><img loading=\"lazy\" decoding=\"async\" width=\"266\" height=\"190\" src=\"http:\/\/igfergon.com.mx\/wp-content\/uploads\/2025\/10\/Miercoles-27SO.jpg\" alt=\"\" class=\"wp-image-5598\" srcset=\"http:\/\/igfergon.com.mx\/wp-content\/uploads\/2025\/10\/Miercoles-27SO.jpg 266w, http:\/\/igfergon.com.mx\/wp-content\/uploads\/2025\/10\/Miercoles-27SO-200x143.jpg 200w\" sizes=\"auto, (max-width: 266px) 100vw, 266px\" \/><\/figure>\n<\/div>\n\n\n<p><strong>Jon. 4, 1-11.<\/strong><\/p>\n\n\n\n<p>El camino que nos lleva a la perfecci\u00f3n puede causarnos demasiados problemas; pues, por desgracia, a veces no entendemos sino a base de grandes golpes que nos sientan a reflexionar sobre lo que en realidad es Dios y lo que nos imaginamos, equivocadamente de \u00c9l. A veces no quisi\u00e9ramos dejar actuar a Dios; m\u00e1s a\u00fan: quisi\u00e9ramos un dios a la medida de nuestros intereses, de nuestros pensamientos, de nuestros ego\u00edsmos religiosos para manipularlo a nuestro antojo. Pero Dios se escapa de cualquier trampa que le tendamos y nos manifiesta que, as\u00ed como \u00c9l ama a todos sin distinci\u00f3n, as\u00ed hemos de amarnos unos y otros.<\/p>\n\n\n\n<p>\u00a1Qu\u00e9 alegr\u00eda tan grande hay en el cielo por un s\u00f3lo pecador que se convierte! Pero el hermano mayor siempre se enoja porque el hermano menor retorna a casa, derrotado por sus anhelos equivocados, sin darse cuenta que tambi\u00e9n \u00e9l ha sido derrotado por sus imaginaciones equivocadas acerca de aquellos que son amados de Dios. A veces nos entristecemos m\u00e1s porque desaparece aquello que nos daba seguridad, como el dinero y los bienes materiales, que porque muchos, lejos del Se\u00f1or, viven al borde de perderse para siempre. Jesucristo nos ha enviado a salvar todo lo que se hab\u00eda perdido; no podemos, por eso, condenar a nadie sino buscar a quienes desbalagaron en una noche de tinieblas y oscuridad; y buscarles hasta encontrarles, no para despreciarlos, no para condenarlos, no para hacerlos volver a golpes y amenazas al redil, sino cargarlos amorosamente sobre nuestros hombros, haciendo nuestras sus miserias y tristezas para que recuperen la paz y la alegr\u00eda y puedan, as\u00ed, volver a Dios.<\/p>\n\n\n\n<p><strong>Lucas 11, 1-4<\/strong><\/p>\n\n\n\n<p>En el mundo del deporte, adem\u00e1s de las habilidades personales, un excelente entrenador juega un papel decisivo. Es parte de nuestra naturaleza el tener que aprender y recibir de otros. Puede parecer una limitaci\u00f3n pero es, al mismo tiempo, un signo de la grandeza y de la maravilla del hombre.<\/p>\n\n\n\n<p>En el Evangelio de hoy, los disc\u00edpulos le piden a Jes\u00fas: \u201cSe\u00f1or, ens\u00e9\u00f1anos a orar&#8230;\u201d. La oraci\u00f3n es el gran deporte, la gran disciplina del cristiano. Y lo dir\u00eda el mismo Jes\u00fas en el huerto de Getseman\u00ed: \u201cVigilen y oren para que no caigan en tentaci\u00f3n\u201d. \u00c9l es nuestro mejor entrenador.<\/p>\n\n\n\n<p>Hoy, nos ofrece la oraci\u00f3n m\u00e1s perfecta, la m\u00e1s antigua y la mejor: el Padre Nuestro. En ella, encontramos los elementos que deben caracterizar toda oraci\u00f3n de un aut\u00e9ntico cristiano. Se trata de una oraci\u00f3n dirigida a una persona: Padre; en ella, alabamos a Dios y anhelamos la llegada de su Reino; pedimos por nuestras necesidades espirituales y temporales; pedimos perd\u00f3n por nuestros pecados y ofrecemos el nuestro a quienes nos han ofendido; y, finalmente, pedimos las gracias necesarias para permanecer fieles a su voluntad. Todo ello, rezado con humildad y con un profundo esp\u00edritu de gratitud.<\/p>\n\n\n\n<p><\/p>\n","protected":false},"excerpt":{"rendered":"<p>Jon. 4, 1-11. El camino que nos lleva a la perfecci\u00f3n puede causarnos demasiados problemas; pues, por desgracia, a veces no entendemos sino a base de grandes golpes que nos sientan a reflexionar sobre lo que en realidad es Dios y lo que nos imaginamos, equivocadamente de \u00c9l. A veces no quisi\u00e9ramos dejar actuar a &hellip; <\/p>\n<p class=\"link-more\"><a href=\"http:\/\/igfergon.com.mx\/?p=5596\" class=\"more-link\">Continuar leyendo<span class=\"screen-reader-text\"> \u00abMi\u00e9rcoles de la XXVII Semana Ordinaria\u00bb<\/span><\/a><\/p>\n","protected":false},"author":1,"featured_media":0,"comment_status":"closed","ping_status":"closed","sticky":false,"template":"","format":"standard","meta":{"footnotes":""},"categories":[13,14,10,1],"tags":[69,8,6,7,488],"class_list":["post-5596","post","type-post","status-publish","format-standard","hentry","category-comentario-al-evangelio","category-homilia","category-homilia-diaria","category-uncategorized","tag-comentario-al-evangelio-2","tag-homilia","tag-homilia-diaria","tag-liturgia","tag-miercoles-de-la-xxvii-semana-ordinaria"],"yoast_head":"<!-- This site is optimized with the Yoast SEO plugin v26.0 - https:\/\/yoast.com\/wordpress\/plugins\/seo\/ -->\n<title>Mi\u00e9rcoles de la XXVII Semana Ordinaria - El sitio del P. Ignacio Fern\u00e1ndez Gonz\u00e1lez<\/title>\n<meta name=\"robots\" content=\"index, follow, max-snippet:-1, max-image-preview:large, max-video-preview:-1\" \/>\n<link rel=\"canonical\" href=\"http:\/\/igfergon.com.mx\/?p=5596\" \/>\n<meta property=\"og:locale\" content=\"es_ES\" \/>\n<meta property=\"og:type\" content=\"article\" \/>\n<meta property=\"og:title\" content=\"Mi\u00e9rcoles de la XXVII Semana Ordinaria - El sitio del P. Ignacio Fern\u00e1ndez Gonz\u00e1lez\" \/>\n<meta property=\"og:description\" content=\"Jon. 4, 1-11. El camino que nos lleva a la perfecci\u00f3n puede causarnos demasiados problemas; pues, por desgracia, a veces no entendemos sino a base de grandes golpes que nos sientan a reflexionar sobre lo que en realidad es Dios y lo que nos imaginamos, equivocadamente de \u00c9l. A veces no quisi\u00e9ramos dejar actuar a &hellip; Continuar leyendo &quot;Mi\u00e9rcoles de la XXVII Semana Ordinaria&quot;\" \/>\n<meta property=\"og:url\" content=\"http:\/\/igfergon.com.mx\/?p=5596\" \/>\n<meta property=\"og:site_name\" content=\"El sitio del P. Ignacio Fern\u00e1ndez Gonz\u00e1lez\" \/>\n<meta property=\"article:publisher\" content=\"https:\/\/www.facebook.com\/\" \/>\n<meta property=\"article:published_time\" content=\"2025-10-08T10:47:26+00:00\" \/>\n<meta property=\"article:modified_time\" content=\"2025-10-08T10:47:29+00:00\" \/>\n<meta property=\"og:image\" content=\"http:\/\/igfergon.com.mx\/wp-content\/uploads\/2025\/10\/Miercoles-27SO.jpg\" \/>\n\t<meta property=\"og:image:width\" content=\"266\" \/>\n\t<meta property=\"og:image:height\" content=\"190\" \/>\n\t<meta property=\"og:image:type\" content=\"image\/jpeg\" \/>\n<meta name=\"author\" content=\"igfergon.com.mx\" \/>\n<meta name=\"twitter:card\" content=\"summary_large_image\" \/>\n<meta name=\"twitter:label1\" content=\"Escrito por\" \/>\n\t<meta name=\"twitter:data1\" content=\"igfergon.com.mx\" \/>\n\t<meta name=\"twitter:label2\" content=\"Tiempo de lectura\" \/>\n\t<meta name=\"twitter:data2\" content=\"3 minutos\" \/>\n<script type=\"application\/ld+json\" class=\"yoast-schema-graph\">{\"@context\":\"https:\/\/schema.org\",\"@graph\":[{\"@type\":\"Article\",\"@id\":\"http:\/\/igfergon.com.mx\/?p=5596#article\",\"isPartOf\":{\"@id\":\"http:\/\/igfergon.com.mx\/?p=5596\"},\"author\":{\"name\":\"igfergon.com.mx\",\"@id\":\"http:\/\/igfergon.com.mx\/#\/schema\/person\/b42517895faefafe2a81218226d90957\"},\"headline\":\"Mi\u00e9rcoles de la XXVII Semana Ordinaria\",\"datePublished\":\"2025-10-08T10:47:26+00:00\",\"dateModified\":\"2025-10-08T10:47:29+00:00\",\"mainEntityOfPage\":{\"@id\":\"http:\/\/igfergon.com.mx\/?p=5596\"},\"wordCount\":510,\"publisher\":{\"@id\":\"http:\/\/igfergon.com.mx\/#organization\"},\"image\":{\"@id\":\"http:\/\/igfergon.com.mx\/?p=5596#primaryimage\"},\"thumbnailUrl\":\"http:\/\/igfergon.com.mx\/wp-content\/uploads\/2025\/10\/Miercoles-27SO.jpg\",\"keywords\":[\"comentario al evangelio\",\"Homil\u00eda\",\"homil\u00eda diaria\",\"liturgia\",\"Mi\u00e9rcoles de la XXVII Semana Ordinaria\"],\"articleSection\":[\"comentario al evangelio\",\"homil\u00eda\",\"homil\u00eda diaria\",\"liturgia\"],\"inLanguage\":\"es\"},{\"@type\":\"WebPage\",\"@id\":\"http:\/\/igfergon.com.mx\/?p=5596\",\"url\":\"http:\/\/igfergon.com.mx\/?p=5596\",\"name\":\"Mi\u00e9rcoles de la XXVII Semana Ordinaria - El sitio del P. Ignacio Fern\u00e1ndez Gonz\u00e1lez\",\"isPartOf\":{\"@id\":\"http:\/\/igfergon.com.mx\/#website\"},\"primaryImageOfPage\":{\"@id\":\"http:\/\/igfergon.com.mx\/?p=5596#primaryimage\"},\"image\":{\"@id\":\"http:\/\/igfergon.com.mx\/?p=5596#primaryimage\"},\"thumbnailUrl\":\"http:\/\/igfergon.com.mx\/wp-content\/uploads\/2025\/10\/Miercoles-27SO.jpg\",\"datePublished\":\"2025-10-08T10:47:26+00:00\",\"dateModified\":\"2025-10-08T10:47:29+00:00\",\"breadcrumb\":{\"@id\":\"http:\/\/igfergon.com.mx\/?p=5596#breadcrumb\"},\"inLanguage\":\"es\",\"potentialAction\":[{\"@type\":\"ReadAction\",\"target\":[\"http:\/\/igfergon.com.mx\/?p=5596\"]}]},{\"@type\":\"ImageObject\",\"inLanguage\":\"es\",\"@id\":\"http:\/\/igfergon.com.mx\/?p=5596#primaryimage\",\"url\":\"http:\/\/igfergon.com.mx\/wp-content\/uploads\/2025\/10\/Miercoles-27SO.jpg\",\"contentUrl\":\"http:\/\/igfergon.com.mx\/wp-content\/uploads\/2025\/10\/Miercoles-27SO.jpg\",\"width\":266,\"height\":190},{\"@type\":\"BreadcrumbList\",\"@id\":\"http:\/\/igfergon.com.mx\/?p=5596#breadcrumb\",\"itemListElement\":[{\"@type\":\"ListItem\",\"position\":1,\"name\":\"Portada\",\"item\":\"http:\/\/igfergon.com.mx\/\"},{\"@type\":\"ListItem\",\"position\":2,\"name\":\"Mi\u00e9rcoles de la XXVII Semana Ordinaria\"}]},{\"@type\":\"WebSite\",\"@id\":\"http:\/\/igfergon.com.mx\/#website\",\"url\":\"http:\/\/igfergon.com.mx\/\",\"name\":\"El sitio del P. Ignacio Fern\u00e1ndez Gonz\u00e1lez\",\"description\":\"Para Ayudarte\",\"publisher\":{\"@id\":\"http:\/\/igfergon.com.mx\/#organization\"},\"potentialAction\":[{\"@type\":\"SearchAction\",\"target\":{\"@type\":\"EntryPoint\",\"urlTemplate\":\"http:\/\/igfergon.com.mx\/?s={search_term_string}\"},\"query-input\":{\"@type\":\"PropertyValueSpecification\",\"valueRequired\":true,\"valueName\":\"search_term_string\"}}],\"inLanguage\":\"es\"},{\"@type\":\"Organization\",\"@id\":\"http:\/\/igfergon.com.mx\/#organization\",\"name\":\"El sitio del P. Ignacio Fern\u00e1ndez Gonz\u00e1lez\",\"url\":\"http:\/\/igfergon.com.mx\/\",\"logo\":{\"@type\":\"ImageObject\",\"inLanguage\":\"es\",\"@id\":\"http:\/\/igfergon.com.mx\/#\/schema\/logo\/image\/\",\"url\":\"http:\/\/igfergon.com.mx\/wp-content\/uploads\/2018\/09\/cropped-ORDNACION02-2.jpg\",\"contentUrl\":\"http:\/\/igfergon.com.mx\/wp-content\/uploads\/2018\/09\/cropped-ORDNACION02-2.jpg\",\"width\":250,\"height\":250,\"caption\":\"El sitio del P. Ignacio Fern\u00e1ndez Gonz\u00e1lez\"},\"image\":{\"@id\":\"http:\/\/igfergon.com.mx\/#\/schema\/logo\/image\/\"},\"sameAs\":[\"https:\/\/www.facebook.com\/\"]},{\"@type\":\"Person\",\"@id\":\"http:\/\/igfergon.com.mx\/#\/schema\/person\/b42517895faefafe2a81218226d90957\",\"name\":\"igfergon.com.mx\",\"image\":{\"@type\":\"ImageObject\",\"inLanguage\":\"es\",\"@id\":\"http:\/\/igfergon.com.mx\/#\/schema\/person\/image\/\",\"url\":\"https:\/\/secure.gravatar.com\/avatar\/9fd60c5591f2c6b18e76a917a69f35b0732f8532b3679d0132b3503b545db7a6?s=96&d=mm&r=g\",\"contentUrl\":\"https:\/\/secure.gravatar.com\/avatar\/9fd60c5591f2c6b18e76a917a69f35b0732f8532b3679d0132b3503b545db7a6?s=96&d=mm&r=g\",\"caption\":\"igfergon.com.mx\"},\"url\":\"http:\/\/igfergon.com.mx\/?author=1\"}]}<\/script>\n<!-- \/ Yoast SEO plugin. -->","yoast_head_json":{"title":"Mi\u00e9rcoles de la XXVII Semana Ordinaria - El sitio del P. Ignacio Fern\u00e1ndez Gonz\u00e1lez","robots":{"index":"index","follow":"follow","max-snippet":"max-snippet:-1","max-image-preview":"max-image-preview:large","max-video-preview":"max-video-preview:-1"},"canonical":"http:\/\/igfergon.com.mx\/?p=5596","og_locale":"es_ES","og_type":"article","og_title":"Mi\u00e9rcoles de la XXVII Semana Ordinaria - El sitio del P. Ignacio Fern\u00e1ndez Gonz\u00e1lez","og_description":"Jon. 4, 1-11. El camino que nos lleva a la perfecci\u00f3n puede causarnos demasiados problemas; pues, por desgracia, a veces no entendemos sino a base de grandes golpes que nos sientan a reflexionar sobre lo que en realidad es Dios y lo que nos imaginamos, equivocadamente de \u00c9l. A veces no quisi\u00e9ramos dejar actuar a &hellip; Continuar leyendo \"Mi\u00e9rcoles de la XXVII Semana Ordinaria\"","og_url":"http:\/\/igfergon.com.mx\/?p=5596","og_site_name":"El sitio del P. Ignacio Fern\u00e1ndez Gonz\u00e1lez","article_publisher":"https:\/\/www.facebook.com\/","article_published_time":"2025-10-08T10:47:26+00:00","article_modified_time":"2025-10-08T10:47:29+00:00","og_image":[{"width":266,"height":190,"url":"http:\/\/igfergon.com.mx\/wp-content\/uploads\/2025\/10\/Miercoles-27SO.jpg","type":"image\/jpeg"}],"author":"igfergon.com.mx","twitter_card":"summary_large_image","twitter_misc":{"Escrito por":"igfergon.com.mx","Tiempo de lectura":"3 minutos"},"schema":{"@context":"https:\/\/schema.org","@graph":[{"@type":"Article","@id":"http:\/\/igfergon.com.mx\/?p=5596#article","isPartOf":{"@id":"http:\/\/igfergon.com.mx\/?p=5596"},"author":{"name":"igfergon.com.mx","@id":"http:\/\/igfergon.com.mx\/#\/schema\/person\/b42517895faefafe2a81218226d90957"},"headline":"Mi\u00e9rcoles de la XXVII Semana Ordinaria","datePublished":"2025-10-08T10:47:26+00:00","dateModified":"2025-10-08T10:47:29+00:00","mainEntityOfPage":{"@id":"http:\/\/igfergon.com.mx\/?p=5596"},"wordCount":510,"publisher":{"@id":"http:\/\/igfergon.com.mx\/#organization"},"image":{"@id":"http:\/\/igfergon.com.mx\/?p=5596#primaryimage"},"thumbnailUrl":"http:\/\/igfergon.com.mx\/wp-content\/uploads\/2025\/10\/Miercoles-27SO.jpg","keywords":["comentario al evangelio","Homil\u00eda","homil\u00eda diaria","liturgia","Mi\u00e9rcoles de la XXVII Semana Ordinaria"],"articleSection":["comentario al evangelio","homil\u00eda","homil\u00eda diaria","liturgia"],"inLanguage":"es"},{"@type":"WebPage","@id":"http:\/\/igfergon.com.mx\/?p=5596","url":"http:\/\/igfergon.com.mx\/?p=5596","name":"Mi\u00e9rcoles de la XXVII Semana Ordinaria - El sitio del P. Ignacio Fern\u00e1ndez Gonz\u00e1lez","isPartOf":{"@id":"http:\/\/igfergon.com.mx\/#website"},"primaryImageOfPage":{"@id":"http:\/\/igfergon.com.mx\/?p=5596#primaryimage"},"image":{"@id":"http:\/\/igfergon.com.mx\/?p=5596#primaryimage"},"thumbnailUrl":"http:\/\/igfergon.com.mx\/wp-content\/uploads\/2025\/10\/Miercoles-27SO.jpg","datePublished":"2025-10-08T10:47:26+00:00","dateModified":"2025-10-08T10:47:29+00:00","breadcrumb":{"@id":"http:\/\/igfergon.com.mx\/?p=5596#breadcrumb"},"inLanguage":"es","potentialAction":[{"@type":"ReadAction","target":["http:\/\/igfergon.com.mx\/?p=5596"]}]},{"@type":"ImageObject","inLanguage":"es","@id":"http:\/\/igfergon.com.mx\/?p=5596#primaryimage","url":"http:\/\/igfergon.com.mx\/wp-content\/uploads\/2025\/10\/Miercoles-27SO.jpg","contentUrl":"http:\/\/igfergon.com.mx\/wp-content\/uploads\/2025\/10\/Miercoles-27SO.jpg","width":266,"height":190},{"@type":"BreadcrumbList","@id":"http:\/\/igfergon.com.mx\/?p=5596#breadcrumb","itemListElement":[{"@type":"ListItem","position":1,"name":"Portada","item":"http:\/\/igfergon.com.mx\/"},{"@type":"ListItem","position":2,"name":"Mi\u00e9rcoles de la XXVII Semana Ordinaria"}]},{"@type":"WebSite","@id":"http:\/\/igfergon.com.mx\/#website","url":"http:\/\/igfergon.com.mx\/","name":"El sitio del P. Ignacio Fern\u00e1ndez Gonz\u00e1lez","description":"Para Ayudarte","publisher":{"@id":"http:\/\/igfergon.com.mx\/#organization"},"potentialAction":[{"@type":"SearchAction","target":{"@type":"EntryPoint","urlTemplate":"http:\/\/igfergon.com.mx\/?s={search_term_string}"},"query-input":{"@type":"PropertyValueSpecification","valueRequired":true,"valueName":"search_term_string"}}],"inLanguage":"es"},{"@type":"Organization","@id":"http:\/\/igfergon.com.mx\/#organization","name":"El sitio del P. Ignacio Fern\u00e1ndez Gonz\u00e1lez","url":"http:\/\/igfergon.com.mx\/","logo":{"@type":"ImageObject","inLanguage":"es","@id":"http:\/\/igfergon.com.mx\/#\/schema\/logo\/image\/","url":"http:\/\/igfergon.com.mx\/wp-content\/uploads\/2018\/09\/cropped-ORDNACION02-2.jpg","contentUrl":"http:\/\/igfergon.com.mx\/wp-content\/uploads\/2018\/09\/cropped-ORDNACION02-2.jpg","width":250,"height":250,"caption":"El sitio del P. Ignacio Fern\u00e1ndez Gonz\u00e1lez"},"image":{"@id":"http:\/\/igfergon.com.mx\/#\/schema\/logo\/image\/"},"sameAs":["https:\/\/www.facebook.com\/"]},{"@type":"Person","@id":"http:\/\/igfergon.com.mx\/#\/schema\/person\/b42517895faefafe2a81218226d90957","name":"igfergon.com.mx","image":{"@type":"ImageObject","inLanguage":"es","@id":"http:\/\/igfergon.com.mx\/#\/schema\/person\/image\/","url":"https:\/\/secure.gravatar.com\/avatar\/9fd60c5591f2c6b18e76a917a69f35b0732f8532b3679d0132b3503b545db7a6?s=96&d=mm&r=g","contentUrl":"https:\/\/secure.gravatar.com\/avatar\/9fd60c5591f2c6b18e76a917a69f35b0732f8532b3679d0132b3503b545db7a6?s=96&d=mm&r=g","caption":"igfergon.com.mx"},"url":"http:\/\/igfergon.com.mx\/?author=1"}]}},"_links":{"self":[{"href":"http:\/\/igfergon.com.mx\/index.php?rest_route=\/wp\/v2\/posts\/5596","targetHints":{"allow":["GET"]}}],"collection":[{"href":"http:\/\/igfergon.com.mx\/index.php?rest_route=\/wp\/v2\/posts"}],"about":[{"href":"http:\/\/igfergon.com.mx\/index.php?rest_route=\/wp\/v2\/types\/post"}],"author":[{"embeddable":true,"href":"http:\/\/igfergon.com.mx\/index.php?rest_route=\/wp\/v2\/users\/1"}],"replies":[{"embeddable":true,"href":"http:\/\/igfergon.com.mx\/index.php?rest_route=%2Fwp%2Fv2%2Fcomments&post=5596"}],"version-history":[{"count":1,"href":"http:\/\/igfergon.com.mx\/index.php?rest_route=\/wp\/v2\/posts\/5596\/revisions"}],"predecessor-version":[{"id":5599,"href":"http:\/\/igfergon.com.mx\/index.php?rest_route=\/wp\/v2\/posts\/5596\/revisions\/5599"}],"wp:attachment":[{"href":"http:\/\/igfergon.com.mx\/index.php?rest_route=%2Fwp%2Fv2%2Fmedia&parent=5596"}],"wp:term":[{"taxonomy":"category","embeddable":true,"href":"http:\/\/igfergon.com.mx\/index.php?rest_route=%2Fwp%2Fv2%2Fcategories&post=5596"},{"taxonomy":"post_tag","embeddable":true,"href":"http:\/\/igfergon.com.mx\/index.php?rest_route=%2Fwp%2Fv2%2Ftags&post=5596"}],"curies":[{"name":"wp","href":"https:\/\/api.w.org\/{rel}","templated":true}]}}