{"id":5600,"date":"2025-10-09T09:32:33","date_gmt":"2025-10-09T07:32:33","guid":{"rendered":"http:\/\/igfergon.com.mx\/?p=5600"},"modified":"2025-10-09T09:32:34","modified_gmt":"2025-10-09T07:32:34","slug":"jueves-de-la-xxvii-semana-ordinaria-2","status":"publish","type":"post","link":"http:\/\/igfergon.com.mx\/?p=5600","title":{"rendered":"Jueves de la XXVII Semana Ordinaria"},"content":{"rendered":"<div class=\"wp-block-image\">\n<figure class=\"aligncenter size-full\"><img loading=\"lazy\" decoding=\"async\" width=\"298\" height=\"169\" src=\"http:\/\/igfergon.com.mx\/wp-content\/uploads\/2025\/10\/Jueves-27SO.jpg\" alt=\"\" class=\"wp-image-5601\" srcset=\"http:\/\/igfergon.com.mx\/wp-content\/uploads\/2025\/10\/Jueves-27SO.jpg 298w, http:\/\/igfergon.com.mx\/wp-content\/uploads\/2025\/10\/Jueves-27SO-200x113.jpg 200w\" sizes=\"auto, (max-width: 298px) 100vw, 298px\" \/><\/figure>\n<\/div>\n\n\n<h4 class=\"wp-block-heading\">Mal 3,13-20<\/h4>\n\n\n\n<p>Tenemos un dicho entre nosotros que reza: \u00abcaras vemos corazones no sabemos\u00bb, esto es porque las apariencias enga\u00f1an. Es f\u00e1cil pensar que los que viven al margen de Dios, los que no cumplen con ir a misa, ni oran; que aquellos que oprimen a los dem\u00e1s y viven de sus riquezas son felices. La verdad es que, todo esto es solo apariencia, pues quien no tiene a Dios no tiene nada.<\/p>\n\n\n\n<p>En la superficie se ven personas normales, sonr\u00eden y se divierten pero la realidad es que viven una profunda soledad. Es por ello que buscan el trabajo desmedido, las fiestas, el ruido, el alcohol, las drogas, el sexo, etc&#8230; pues la realidad es que nada puede llenar el vac\u00edo que se produce en el coraz\u00f3n del hombre cuando \u00e9ste ha desterrado a Dios de \u00e9l. Lo m\u00e1s triste es, como nos lo presenta la lectura de hoy, que algunos se dejan atraer por esta visi\u00f3n superficial y terminen por abandonar ellos tambi\u00e9n al Se\u00f1or.<\/p>\n\n\n\n<p>La felicidad no est\u00e1 en la prosperidad econ\u00f3mica, ni en el poder, ni en el placer&#8230; la verdadera y \u00fanica felicidad est\u00e1 en Dios. Dios no nos ofrece ni oro ni plata, nos ofrece su amistad y con ello, durante esta vida, la paz y el gozo perdurable, y en la otra la gloria eterna. Busca ser feliz con lo que tienes, y recuerda que si tienes a Dios lo tienes todo.<\/p>\n\n\n\n<h4 class=\"wp-block-heading\">Lc 11, 5-13<\/h4>\n\n\n\n<p>Cuando recorremos alguna playa o las zonas costeras y percibimos la arena y los acantilados, no podemos menos que maravillarnos del poder del agua. No es que el agua sea fuerte en s\u00ed. A base de la constancia y la perseverancia es capaz de perforar, limar o erosionar cualquier tipo de roca o de superficie.<\/p>\n\n\n\n<p>El Evangelio de hoy nos habla de la perseverancia en la oraci\u00f3n. \u201cPedid y se os dar\u00e1; buscad y hallar\u00e9is; llamad y se os abrir\u00e1&#8230;\u201d. Un ejemplo tan humano como el del amigo que nos viene a pedir tres panes a medianoche, es suficiente para hacernos pensar sobre la realidad de este hecho.<\/p>\n\n\n\n<p>En el caso de la oraci\u00f3n, no se trata de una relaci\u00f3n entre hombres m\u00e1s o menos buenos o, m\u00e1s o menos justos. Se trata de un di\u00e1logo con Dios, con ese Padre y Amigo que me ama, que es infinitamente bueno y que me espera siempre con los brazos abiertos.<\/p>\n\n\n\n<p>\u00a1Cu\u00e1nta fe y cu\u00e1nta confianza necesitamos a la hora de rezar! \u00a1Qu\u00e9 f\u00e1cil es desanimarse a la primera! \u00a1C\u00f3mo nos cuesta intentarlo de nuevo, una y mil veces! Y sin embargo, los grandes hombres de la historia, han sufrido cientos de rechazos antes de ser reconocidos como tales.<\/p>\n\n\n\n<p>Ojal\u00e1 que nuestra oraci\u00f3n como cristianos est\u00e9 marcada por la constancia, por la perseverancia con la cual pedimos las cosas. Dios quiere darnos, desea que hallemos, anhela abrirnos&#8230; pero ha querido necesitar de nosotros, ha querido respetar nuestra libertad. Pidamos, busquemos, llamemos, las veces que haga falta, no quedaremos defraudados si lo hacemos con fe y confianza. Dios nos ama y quiere lo mejor para nosotros. Colaboremos con \u00c9l. \u00a1Vale la pena!<\/p>\n\n\n\n<p>Aprendamos a confinar en el infinito amor de Dios y a no desfallecer en nuestra oraci\u00f3n.<\/p>\n\n\n\n<p><\/p>\n","protected":false},"excerpt":{"rendered":"<p>Mal 3,13-20 Tenemos un dicho entre nosotros que reza: \u00abcaras vemos corazones no sabemos\u00bb, esto es porque las apariencias enga\u00f1an. Es f\u00e1cil pensar que los que viven al margen de Dios, los que no cumplen con ir a misa, ni oran; que aquellos que oprimen a los dem\u00e1s y viven de sus riquezas son felices. &hellip; <\/p>\n<p class=\"link-more\"><a href=\"http:\/\/igfergon.com.mx\/?p=5600\" class=\"more-link\">Continuar leyendo<span class=\"screen-reader-text\"> \u00abJueves de la XXVII Semana Ordinaria\u00bb<\/span><\/a><\/p>\n","protected":false},"author":1,"featured_media":0,"comment_status":"closed","ping_status":"closed","sticky":false,"template":"","format":"standard","meta":{"footnotes":""},"categories":[13,14,10,1],"tags":[69,8,6,489,7],"class_list":["post-5600","post","type-post","status-publish","format-standard","hentry","category-comentario-al-evangelio","category-homilia","category-homilia-diaria","category-uncategorized","tag-comentario-al-evangelio-2","tag-homilia","tag-homilia-diaria","tag-jueves-de-la-xxvii-semana-ordinaria","tag-liturgia"],"yoast_head":"<!-- This site is optimized with the Yoast SEO plugin v26.0 - https:\/\/yoast.com\/wordpress\/plugins\/seo\/ -->\n<title>Jueves de la XXVII Semana Ordinaria - El sitio del P. Ignacio Fern\u00e1ndez Gonz\u00e1lez<\/title>\n<meta name=\"robots\" content=\"index, follow, max-snippet:-1, max-image-preview:large, max-video-preview:-1\" \/>\n<link rel=\"canonical\" href=\"http:\/\/igfergon.com.mx\/?p=5600\" \/>\n<meta property=\"og:locale\" content=\"es_ES\" \/>\n<meta property=\"og:type\" content=\"article\" \/>\n<meta property=\"og:title\" content=\"Jueves de la XXVII Semana Ordinaria - El sitio del P. Ignacio Fern\u00e1ndez Gonz\u00e1lez\" \/>\n<meta property=\"og:description\" content=\"Mal 3,13-20 Tenemos un dicho entre nosotros que reza: \u00abcaras vemos corazones no sabemos\u00bb, esto es porque las apariencias enga\u00f1an. Es f\u00e1cil pensar que los que viven al margen de Dios, los que no cumplen con ir a misa, ni oran; que aquellos que oprimen a los dem\u00e1s y viven de sus riquezas son felices. &hellip; Continuar leyendo &quot;Jueves de la XXVII Semana Ordinaria&quot;\" \/>\n<meta property=\"og:url\" content=\"http:\/\/igfergon.com.mx\/?p=5600\" \/>\n<meta property=\"og:site_name\" content=\"El sitio del P. Ignacio Fern\u00e1ndez Gonz\u00e1lez\" \/>\n<meta property=\"article:publisher\" content=\"https:\/\/www.facebook.com\/\" \/>\n<meta property=\"article:published_time\" content=\"2025-10-09T07:32:33+00:00\" \/>\n<meta property=\"article:modified_time\" content=\"2025-10-09T07:32:34+00:00\" \/>\n<meta property=\"og:image\" content=\"http:\/\/igfergon.com.mx\/wp-content\/uploads\/2025\/10\/Jueves-27SO.jpg\" \/>\n\t<meta property=\"og:image:width\" content=\"298\" \/>\n\t<meta property=\"og:image:height\" content=\"169\" \/>\n\t<meta property=\"og:image:type\" content=\"image\/jpeg\" \/>\n<meta name=\"author\" content=\"igfergon.com.mx\" \/>\n<meta name=\"twitter:card\" content=\"summary_large_image\" \/>\n<meta name=\"twitter:label1\" content=\"Escrito por\" \/>\n\t<meta name=\"twitter:data1\" content=\"igfergon.com.mx\" \/>\n\t<meta name=\"twitter:label2\" content=\"Tiempo de lectura\" \/>\n\t<meta name=\"twitter:data2\" content=\"3 minutos\" \/>\n<script type=\"application\/ld+json\" class=\"yoast-schema-graph\">{\"@context\":\"https:\/\/schema.org\",\"@graph\":[{\"@type\":\"Article\",\"@id\":\"http:\/\/igfergon.com.mx\/?p=5600#article\",\"isPartOf\":{\"@id\":\"http:\/\/igfergon.com.mx\/?p=5600\"},\"author\":{\"name\":\"igfergon.com.mx\",\"@id\":\"http:\/\/igfergon.com.mx\/#\/schema\/person\/b42517895faefafe2a81218226d90957\"},\"headline\":\"Jueves de la XXVII Semana Ordinaria\",\"datePublished\":\"2025-10-09T07:32:33+00:00\",\"dateModified\":\"2025-10-09T07:32:34+00:00\",\"mainEntityOfPage\":{\"@id\":\"http:\/\/igfergon.com.mx\/?p=5600\"},\"wordCount\":566,\"publisher\":{\"@id\":\"http:\/\/igfergon.com.mx\/#organization\"},\"image\":{\"@id\":\"http:\/\/igfergon.com.mx\/?p=5600#primaryimage\"},\"thumbnailUrl\":\"http:\/\/igfergon.com.mx\/wp-content\/uploads\/2025\/10\/Jueves-27SO.jpg\",\"keywords\":[\"comentario al evangelio\",\"Homil\u00eda\",\"homil\u00eda diaria\",\"Jueves de la XXVII Semana Ordinaria\",\"liturgia\"],\"articleSection\":[\"comentario al evangelio\",\"homil\u00eda\",\"homil\u00eda diaria\",\"liturgia\"],\"inLanguage\":\"es\"},{\"@type\":\"WebPage\",\"@id\":\"http:\/\/igfergon.com.mx\/?p=5600\",\"url\":\"http:\/\/igfergon.com.mx\/?p=5600\",\"name\":\"Jueves de la XXVII Semana Ordinaria - El sitio del P. Ignacio Fern\u00e1ndez Gonz\u00e1lez\",\"isPartOf\":{\"@id\":\"http:\/\/igfergon.com.mx\/#website\"},\"primaryImageOfPage\":{\"@id\":\"http:\/\/igfergon.com.mx\/?p=5600#primaryimage\"},\"image\":{\"@id\":\"http:\/\/igfergon.com.mx\/?p=5600#primaryimage\"},\"thumbnailUrl\":\"http:\/\/igfergon.com.mx\/wp-content\/uploads\/2025\/10\/Jueves-27SO.jpg\",\"datePublished\":\"2025-10-09T07:32:33+00:00\",\"dateModified\":\"2025-10-09T07:32:34+00:00\",\"breadcrumb\":{\"@id\":\"http:\/\/igfergon.com.mx\/?p=5600#breadcrumb\"},\"inLanguage\":\"es\",\"potentialAction\":[{\"@type\":\"ReadAction\",\"target\":[\"http:\/\/igfergon.com.mx\/?p=5600\"]}]},{\"@type\":\"ImageObject\",\"inLanguage\":\"es\",\"@id\":\"http:\/\/igfergon.com.mx\/?p=5600#primaryimage\",\"url\":\"http:\/\/igfergon.com.mx\/wp-content\/uploads\/2025\/10\/Jueves-27SO.jpg\",\"contentUrl\":\"http:\/\/igfergon.com.mx\/wp-content\/uploads\/2025\/10\/Jueves-27SO.jpg\",\"width\":298,\"height\":169},{\"@type\":\"BreadcrumbList\",\"@id\":\"http:\/\/igfergon.com.mx\/?p=5600#breadcrumb\",\"itemListElement\":[{\"@type\":\"ListItem\",\"position\":1,\"name\":\"Portada\",\"item\":\"http:\/\/igfergon.com.mx\/\"},{\"@type\":\"ListItem\",\"position\":2,\"name\":\"Jueves de la XXVII Semana Ordinaria\"}]},{\"@type\":\"WebSite\",\"@id\":\"http:\/\/igfergon.com.mx\/#website\",\"url\":\"http:\/\/igfergon.com.mx\/\",\"name\":\"El sitio del P. Ignacio Fern\u00e1ndez Gonz\u00e1lez\",\"description\":\"Para Ayudarte\",\"publisher\":{\"@id\":\"http:\/\/igfergon.com.mx\/#organization\"},\"potentialAction\":[{\"@type\":\"SearchAction\",\"target\":{\"@type\":\"EntryPoint\",\"urlTemplate\":\"http:\/\/igfergon.com.mx\/?s={search_term_string}\"},\"query-input\":{\"@type\":\"PropertyValueSpecification\",\"valueRequired\":true,\"valueName\":\"search_term_string\"}}],\"inLanguage\":\"es\"},{\"@type\":\"Organization\",\"@id\":\"http:\/\/igfergon.com.mx\/#organization\",\"name\":\"El sitio del P. Ignacio Fern\u00e1ndez Gonz\u00e1lez\",\"url\":\"http:\/\/igfergon.com.mx\/\",\"logo\":{\"@type\":\"ImageObject\",\"inLanguage\":\"es\",\"@id\":\"http:\/\/igfergon.com.mx\/#\/schema\/logo\/image\/\",\"url\":\"http:\/\/igfergon.com.mx\/wp-content\/uploads\/2018\/09\/cropped-ORDNACION02-2.jpg\",\"contentUrl\":\"http:\/\/igfergon.com.mx\/wp-content\/uploads\/2018\/09\/cropped-ORDNACION02-2.jpg\",\"width\":250,\"height\":250,\"caption\":\"El sitio del P. Ignacio Fern\u00e1ndez Gonz\u00e1lez\"},\"image\":{\"@id\":\"http:\/\/igfergon.com.mx\/#\/schema\/logo\/image\/\"},\"sameAs\":[\"https:\/\/www.facebook.com\/\"]},{\"@type\":\"Person\",\"@id\":\"http:\/\/igfergon.com.mx\/#\/schema\/person\/b42517895faefafe2a81218226d90957\",\"name\":\"igfergon.com.mx\",\"image\":{\"@type\":\"ImageObject\",\"inLanguage\":\"es\",\"@id\":\"http:\/\/igfergon.com.mx\/#\/schema\/person\/image\/\",\"url\":\"https:\/\/secure.gravatar.com\/avatar\/9fd60c5591f2c6b18e76a917a69f35b0732f8532b3679d0132b3503b545db7a6?s=96&d=mm&r=g\",\"contentUrl\":\"https:\/\/secure.gravatar.com\/avatar\/9fd60c5591f2c6b18e76a917a69f35b0732f8532b3679d0132b3503b545db7a6?s=96&d=mm&r=g\",\"caption\":\"igfergon.com.mx\"},\"url\":\"http:\/\/igfergon.com.mx\/?author=1\"}]}<\/script>\n<!-- \/ Yoast SEO plugin. -->","yoast_head_json":{"title":"Jueves de la XXVII Semana Ordinaria - El sitio del P. Ignacio Fern\u00e1ndez Gonz\u00e1lez","robots":{"index":"index","follow":"follow","max-snippet":"max-snippet:-1","max-image-preview":"max-image-preview:large","max-video-preview":"max-video-preview:-1"},"canonical":"http:\/\/igfergon.com.mx\/?p=5600","og_locale":"es_ES","og_type":"article","og_title":"Jueves de la XXVII Semana Ordinaria - El sitio del P. Ignacio Fern\u00e1ndez Gonz\u00e1lez","og_description":"Mal 3,13-20 Tenemos un dicho entre nosotros que reza: \u00abcaras vemos corazones no sabemos\u00bb, esto es porque las apariencias enga\u00f1an. Es f\u00e1cil pensar que los que viven al margen de Dios, los que no cumplen con ir a misa, ni oran; que aquellos que oprimen a los dem\u00e1s y viven de sus riquezas son felices. &hellip; Continuar leyendo \"Jueves de la XXVII Semana Ordinaria\"","og_url":"http:\/\/igfergon.com.mx\/?p=5600","og_site_name":"El sitio del P. Ignacio Fern\u00e1ndez Gonz\u00e1lez","article_publisher":"https:\/\/www.facebook.com\/","article_published_time":"2025-10-09T07:32:33+00:00","article_modified_time":"2025-10-09T07:32:34+00:00","og_image":[{"width":298,"height":169,"url":"http:\/\/igfergon.com.mx\/wp-content\/uploads\/2025\/10\/Jueves-27SO.jpg","type":"image\/jpeg"}],"author":"igfergon.com.mx","twitter_card":"summary_large_image","twitter_misc":{"Escrito por":"igfergon.com.mx","Tiempo de lectura":"3 minutos"},"schema":{"@context":"https:\/\/schema.org","@graph":[{"@type":"Article","@id":"http:\/\/igfergon.com.mx\/?p=5600#article","isPartOf":{"@id":"http:\/\/igfergon.com.mx\/?p=5600"},"author":{"name":"igfergon.com.mx","@id":"http:\/\/igfergon.com.mx\/#\/schema\/person\/b42517895faefafe2a81218226d90957"},"headline":"Jueves de la XXVII Semana Ordinaria","datePublished":"2025-10-09T07:32:33+00:00","dateModified":"2025-10-09T07:32:34+00:00","mainEntityOfPage":{"@id":"http:\/\/igfergon.com.mx\/?p=5600"},"wordCount":566,"publisher":{"@id":"http:\/\/igfergon.com.mx\/#organization"},"image":{"@id":"http:\/\/igfergon.com.mx\/?p=5600#primaryimage"},"thumbnailUrl":"http:\/\/igfergon.com.mx\/wp-content\/uploads\/2025\/10\/Jueves-27SO.jpg","keywords":["comentario al evangelio","Homil\u00eda","homil\u00eda diaria","Jueves de la XXVII Semana Ordinaria","liturgia"],"articleSection":["comentario al evangelio","homil\u00eda","homil\u00eda diaria","liturgia"],"inLanguage":"es"},{"@type":"WebPage","@id":"http:\/\/igfergon.com.mx\/?p=5600","url":"http:\/\/igfergon.com.mx\/?p=5600","name":"Jueves de la XXVII Semana Ordinaria - El sitio del P. Ignacio Fern\u00e1ndez Gonz\u00e1lez","isPartOf":{"@id":"http:\/\/igfergon.com.mx\/#website"},"primaryImageOfPage":{"@id":"http:\/\/igfergon.com.mx\/?p=5600#primaryimage"},"image":{"@id":"http:\/\/igfergon.com.mx\/?p=5600#primaryimage"},"thumbnailUrl":"http:\/\/igfergon.com.mx\/wp-content\/uploads\/2025\/10\/Jueves-27SO.jpg","datePublished":"2025-10-09T07:32:33+00:00","dateModified":"2025-10-09T07:32:34+00:00","breadcrumb":{"@id":"http:\/\/igfergon.com.mx\/?p=5600#breadcrumb"},"inLanguage":"es","potentialAction":[{"@type":"ReadAction","target":["http:\/\/igfergon.com.mx\/?p=5600"]}]},{"@type":"ImageObject","inLanguage":"es","@id":"http:\/\/igfergon.com.mx\/?p=5600#primaryimage","url":"http:\/\/igfergon.com.mx\/wp-content\/uploads\/2025\/10\/Jueves-27SO.jpg","contentUrl":"http:\/\/igfergon.com.mx\/wp-content\/uploads\/2025\/10\/Jueves-27SO.jpg","width":298,"height":169},{"@type":"BreadcrumbList","@id":"http:\/\/igfergon.com.mx\/?p=5600#breadcrumb","itemListElement":[{"@type":"ListItem","position":1,"name":"Portada","item":"http:\/\/igfergon.com.mx\/"},{"@type":"ListItem","position":2,"name":"Jueves de la XXVII Semana Ordinaria"}]},{"@type":"WebSite","@id":"http:\/\/igfergon.com.mx\/#website","url":"http:\/\/igfergon.com.mx\/","name":"El sitio del P. Ignacio Fern\u00e1ndez Gonz\u00e1lez","description":"Para Ayudarte","publisher":{"@id":"http:\/\/igfergon.com.mx\/#organization"},"potentialAction":[{"@type":"SearchAction","target":{"@type":"EntryPoint","urlTemplate":"http:\/\/igfergon.com.mx\/?s={search_term_string}"},"query-input":{"@type":"PropertyValueSpecification","valueRequired":true,"valueName":"search_term_string"}}],"inLanguage":"es"},{"@type":"Organization","@id":"http:\/\/igfergon.com.mx\/#organization","name":"El sitio del P. Ignacio Fern\u00e1ndez Gonz\u00e1lez","url":"http:\/\/igfergon.com.mx\/","logo":{"@type":"ImageObject","inLanguage":"es","@id":"http:\/\/igfergon.com.mx\/#\/schema\/logo\/image\/","url":"http:\/\/igfergon.com.mx\/wp-content\/uploads\/2018\/09\/cropped-ORDNACION02-2.jpg","contentUrl":"http:\/\/igfergon.com.mx\/wp-content\/uploads\/2018\/09\/cropped-ORDNACION02-2.jpg","width":250,"height":250,"caption":"El sitio del P. Ignacio Fern\u00e1ndez Gonz\u00e1lez"},"image":{"@id":"http:\/\/igfergon.com.mx\/#\/schema\/logo\/image\/"},"sameAs":["https:\/\/www.facebook.com\/"]},{"@type":"Person","@id":"http:\/\/igfergon.com.mx\/#\/schema\/person\/b42517895faefafe2a81218226d90957","name":"igfergon.com.mx","image":{"@type":"ImageObject","inLanguage":"es","@id":"http:\/\/igfergon.com.mx\/#\/schema\/person\/image\/","url":"https:\/\/secure.gravatar.com\/avatar\/9fd60c5591f2c6b18e76a917a69f35b0732f8532b3679d0132b3503b545db7a6?s=96&d=mm&r=g","contentUrl":"https:\/\/secure.gravatar.com\/avatar\/9fd60c5591f2c6b18e76a917a69f35b0732f8532b3679d0132b3503b545db7a6?s=96&d=mm&r=g","caption":"igfergon.com.mx"},"url":"http:\/\/igfergon.com.mx\/?author=1"}]}},"_links":{"self":[{"href":"http:\/\/igfergon.com.mx\/index.php?rest_route=\/wp\/v2\/posts\/5600","targetHints":{"allow":["GET"]}}],"collection":[{"href":"http:\/\/igfergon.com.mx\/index.php?rest_route=\/wp\/v2\/posts"}],"about":[{"href":"http:\/\/igfergon.com.mx\/index.php?rest_route=\/wp\/v2\/types\/post"}],"author":[{"embeddable":true,"href":"http:\/\/igfergon.com.mx\/index.php?rest_route=\/wp\/v2\/users\/1"}],"replies":[{"embeddable":true,"href":"http:\/\/igfergon.com.mx\/index.php?rest_route=%2Fwp%2Fv2%2Fcomments&post=5600"}],"version-history":[{"count":1,"href":"http:\/\/igfergon.com.mx\/index.php?rest_route=\/wp\/v2\/posts\/5600\/revisions"}],"predecessor-version":[{"id":5602,"href":"http:\/\/igfergon.com.mx\/index.php?rest_route=\/wp\/v2\/posts\/5600\/revisions\/5602"}],"wp:attachment":[{"href":"http:\/\/igfergon.com.mx\/index.php?rest_route=%2Fwp%2Fv2%2Fmedia&parent=5600"}],"wp:term":[{"taxonomy":"category","embeddable":true,"href":"http:\/\/igfergon.com.mx\/index.php?rest_route=%2Fwp%2Fv2%2Fcategories&post=5600"},{"taxonomy":"post_tag","embeddable":true,"href":"http:\/\/igfergon.com.mx\/index.php?rest_route=%2Fwp%2Fv2%2Ftags&post=5600"}],"curies":[{"name":"wp","href":"https:\/\/api.w.org\/{rel}","templated":true}]}}