{"id":5603,"date":"2025-10-10T09:40:20","date_gmt":"2025-10-10T07:40:20","guid":{"rendered":"http:\/\/igfergon.com.mx\/?p=5603"},"modified":"2025-10-10T09:40:21","modified_gmt":"2025-10-10T07:40:21","slug":"viernes-de-la-xxvii-semana-ordinaria-2","status":"publish","type":"post","link":"http:\/\/igfergon.com.mx\/?p=5603","title":{"rendered":"Viernes de la XXVII Semana Ordinaria"},"content":{"rendered":"<div class=\"wp-block-image\">\n<figure class=\"aligncenter size-full\"><img loading=\"lazy\" decoding=\"async\" width=\"248\" height=\"203\" src=\"http:\/\/igfergon.com.mx\/wp-content\/uploads\/2025\/10\/Viernes-27SO.jpg\" alt=\"\" class=\"wp-image-5604\" srcset=\"http:\/\/igfergon.com.mx\/wp-content\/uploads\/2025\/10\/Viernes-27SO.jpg 248w, http:\/\/igfergon.com.mx\/wp-content\/uploads\/2025\/10\/Viernes-27SO-200x164.jpg 200w\" sizes=\"auto, (max-width: 248px) 100vw, 248px\" \/><\/figure>\n<\/div>\n\n\n<p><strong>Joel 1, 13-15; 2, 1-2.<\/strong><\/p>\n\n\n\n<p>Sobre los campos israelitas se ha cernido una nube de langostas que ha dejado al pueblo sin alimentos y en un grave peligro, pues no hay grano para alimentarse, y los mismos animales, al faltarles el sustento, acabar\u00e1n muriendo y poniendo en grave riesgo al pueblo.<\/p>\n\n\n\n<p>Por eso se convoca a todo el pueblo para que ore, para que haga oraci\u00f3n, para que haga penitencia. Dios, rico en misericordia, librar\u00e1 a los suyos de este ej\u00e9rcito que se ha cernido sobre ellos; y, entonces, tambi\u00e9n el culto estar\u00e1 asegurado. Dios, todo amor con quien lo ama y con quien invoca su Nombre, ha mirado nuestra humillaci\u00f3n y se ha compadecido de nosotros envi\u00e1ndonos a su Hijo para que nos libre de la mano de nuestros enemigos y de todos los que nos odian.<\/p>\n\n\n\n<p>No s\u00f3lo lo hemos de invocar con el coraz\u00f3n arrepentido y con signos externos de penitencia; nuestra mejor forma de honrar a Dios es manifestando, con nuestras obras, que en verdad hemos vuelto a \u00c9l y que hemos hecho nuestra su Victoria sobre nuestro enemigo.<\/p>\n\n\n\n<h4 class=\"wp-block-heading\">\u00a0Lc 11, 15-26<\/h4>\n\n\n\n<p>Este discurso de Jes\u00fas se genera a prop\u00f3sito de la Expulsi\u00f3n de un demonio. Con este pasaje nos deja en claro la existencia de los \u00ab\u00e1ngeles malos\u00bb o demonios.<\/p>\n\n\n\n<p>Esto lo digo pues hoy es com\u00fan encontrar personas que niegan su existencia y atribuyen la acci\u00f3n demoniaca a factores \u00fanicamente \u00abPsicol\u00f3gicos\u00bb o \u00abparanormales\u00bb. Esta es una de las t\u00e1cticas favoritas del enemigo del Reino&#8230; pasar desapercibido&#8230; de inc\u00f3gnito, de manera de tomar a sus v\u00edctimas por sorpresa. Es real. Si bien es cierto que dif\u00edcilmente puede tomar posesi\u00f3n de una persona, se ensa\u00f1a destruyendo o da\u00f1ando la vida de quien le da cabida, sea a base de la tentaci\u00f3n (medio ordinario de su acci\u00f3n), sea mediante la perturbaci\u00f3n (la cual requiere una permisi\u00f3n de parte nuestra).<\/p>\n\n\n\n<p>Los Juegos como la guija, la lectura de las cartas y del caf\u00e9, la consulta de adivinos, etc., lo que hacen es abrir la puerta para que Satan\u00e1s pueda tener acceso no solo a la tentaci\u00f3n, sino a ciertas \u00e1reas de nuestra vida (pues debilita la fe y la gracia que son nuestras barreras contra el demonio).<\/p>\n\n\n\n<p>Quien ha tenido trato con estas cosas debe confesarse y pedir al sacerdote que ore por \u00e9l mientras se hace una profesi\u00f3n de fe y se renuevan las promesas bautismales. Si sabes de alguien que ha estado en contacto con esto, es tu deber como cristiano de advertirlo y ayudarlo para que pueda recobrar la gracia y cerrar su puerta a la acci\u00f3n del demonio. De esta manera estar\u00e1s como Cristo construyendo el Reino.<\/p>\n\n\n\n<p><\/p>\n","protected":false},"excerpt":{"rendered":"<p>Joel 1, 13-15; 2, 1-2. Sobre los campos israelitas se ha cernido una nube de langostas que ha dejado al pueblo sin alimentos y en un grave peligro, pues no hay grano para alimentarse, y los mismos animales, al faltarles el sustento, acabar\u00e1n muriendo y poniendo en grave riesgo al pueblo. Por eso se convoca &hellip; <\/p>\n<p class=\"link-more\"><a href=\"http:\/\/igfergon.com.mx\/?p=5603\" class=\"more-link\">Continuar leyendo<span class=\"screen-reader-text\"> \u00abViernes de la XXVII Semana Ordinaria\u00bb<\/span><\/a><\/p>\n","protected":false},"author":1,"featured_media":0,"comment_status":"closed","ping_status":"closed","sticky":false,"template":"","format":"standard","meta":{"footnotes":""},"categories":[13,14,10,1],"tags":[69,8,6,490],"class_list":["post-5603","post","type-post","status-publish","format-standard","hentry","category-comentario-al-evangelio","category-homilia","category-homilia-diaria","category-uncategorized","tag-comentario-al-evangelio-2","tag-homilia","tag-homilia-diaria","tag-viernes-de-la-xxvii-semana-ordinaria"],"yoast_head":"<!-- This site is optimized with the Yoast SEO plugin v26.0 - https:\/\/yoast.com\/wordpress\/plugins\/seo\/ -->\n<title>Viernes de la XXVII Semana Ordinaria - El sitio del P. Ignacio Fern\u00e1ndez Gonz\u00e1lez<\/title>\n<meta name=\"robots\" content=\"index, follow, max-snippet:-1, max-image-preview:large, max-video-preview:-1\" \/>\n<link rel=\"canonical\" href=\"http:\/\/igfergon.com.mx\/?p=5603\" \/>\n<meta property=\"og:locale\" content=\"es_ES\" \/>\n<meta property=\"og:type\" content=\"article\" \/>\n<meta property=\"og:title\" content=\"Viernes de la XXVII Semana Ordinaria - El sitio del P. Ignacio Fern\u00e1ndez Gonz\u00e1lez\" \/>\n<meta property=\"og:description\" content=\"Joel 1, 13-15; 2, 1-2. Sobre los campos israelitas se ha cernido una nube de langostas que ha dejado al pueblo sin alimentos y en un grave peligro, pues no hay grano para alimentarse, y los mismos animales, al faltarles el sustento, acabar\u00e1n muriendo y poniendo en grave riesgo al pueblo. Por eso se convoca &hellip; Continuar leyendo &quot;Viernes de la XXVII Semana Ordinaria&quot;\" \/>\n<meta property=\"og:url\" content=\"http:\/\/igfergon.com.mx\/?p=5603\" \/>\n<meta property=\"og:site_name\" content=\"El sitio del P. Ignacio Fern\u00e1ndez Gonz\u00e1lez\" \/>\n<meta property=\"article:publisher\" content=\"https:\/\/www.facebook.com\/\" \/>\n<meta property=\"article:published_time\" content=\"2025-10-10T07:40:20+00:00\" \/>\n<meta property=\"article:modified_time\" content=\"2025-10-10T07:40:21+00:00\" \/>\n<meta property=\"og:image\" content=\"http:\/\/igfergon.com.mx\/wp-content\/uploads\/2025\/10\/Viernes-27SO.jpg\" \/>\n\t<meta property=\"og:image:width\" content=\"248\" \/>\n\t<meta property=\"og:image:height\" content=\"203\" \/>\n\t<meta property=\"og:image:type\" content=\"image\/jpeg\" \/>\n<meta name=\"author\" content=\"igfergon.com.mx\" \/>\n<meta name=\"twitter:card\" content=\"summary_large_image\" \/>\n<meta name=\"twitter:label1\" content=\"Escrito por\" \/>\n\t<meta name=\"twitter:data1\" content=\"igfergon.com.mx\" \/>\n\t<meta name=\"twitter:label2\" content=\"Tiempo de lectura\" \/>\n\t<meta name=\"twitter:data2\" content=\"3 minutos\" \/>\n<script type=\"application\/ld+json\" class=\"yoast-schema-graph\">{\"@context\":\"https:\/\/schema.org\",\"@graph\":[{\"@type\":\"Article\",\"@id\":\"http:\/\/igfergon.com.mx\/?p=5603#article\",\"isPartOf\":{\"@id\":\"http:\/\/igfergon.com.mx\/?p=5603\"},\"author\":{\"name\":\"igfergon.com.mx\",\"@id\":\"http:\/\/igfergon.com.mx\/#\/schema\/person\/b42517895faefafe2a81218226d90957\"},\"headline\":\"Viernes de la XXVII Semana Ordinaria\",\"datePublished\":\"2025-10-10T07:40:20+00:00\",\"dateModified\":\"2025-10-10T07:40:21+00:00\",\"mainEntityOfPage\":{\"@id\":\"http:\/\/igfergon.com.mx\/?p=5603\"},\"wordCount\":476,\"publisher\":{\"@id\":\"http:\/\/igfergon.com.mx\/#organization\"},\"image\":{\"@id\":\"http:\/\/igfergon.com.mx\/?p=5603#primaryimage\"},\"thumbnailUrl\":\"http:\/\/igfergon.com.mx\/wp-content\/uploads\/2025\/10\/Viernes-27SO.jpg\",\"keywords\":[\"comentario al evangelio\",\"Homil\u00eda\",\"homil\u00eda diaria\",\"Viernes de la XXVII Semana Ordinaria\"],\"articleSection\":[\"comentario al evangelio\",\"homil\u00eda\",\"homil\u00eda diaria\",\"liturgia\"],\"inLanguage\":\"es\"},{\"@type\":\"WebPage\",\"@id\":\"http:\/\/igfergon.com.mx\/?p=5603\",\"url\":\"http:\/\/igfergon.com.mx\/?p=5603\",\"name\":\"Viernes de la XXVII Semana Ordinaria - El sitio del P. Ignacio Fern\u00e1ndez Gonz\u00e1lez\",\"isPartOf\":{\"@id\":\"http:\/\/igfergon.com.mx\/#website\"},\"primaryImageOfPage\":{\"@id\":\"http:\/\/igfergon.com.mx\/?p=5603#primaryimage\"},\"image\":{\"@id\":\"http:\/\/igfergon.com.mx\/?p=5603#primaryimage\"},\"thumbnailUrl\":\"http:\/\/igfergon.com.mx\/wp-content\/uploads\/2025\/10\/Viernes-27SO.jpg\",\"datePublished\":\"2025-10-10T07:40:20+00:00\",\"dateModified\":\"2025-10-10T07:40:21+00:00\",\"breadcrumb\":{\"@id\":\"http:\/\/igfergon.com.mx\/?p=5603#breadcrumb\"},\"inLanguage\":\"es\",\"potentialAction\":[{\"@type\":\"ReadAction\",\"target\":[\"http:\/\/igfergon.com.mx\/?p=5603\"]}]},{\"@type\":\"ImageObject\",\"inLanguage\":\"es\",\"@id\":\"http:\/\/igfergon.com.mx\/?p=5603#primaryimage\",\"url\":\"http:\/\/igfergon.com.mx\/wp-content\/uploads\/2025\/10\/Viernes-27SO.jpg\",\"contentUrl\":\"http:\/\/igfergon.com.mx\/wp-content\/uploads\/2025\/10\/Viernes-27SO.jpg\",\"width\":248,\"height\":203},{\"@type\":\"BreadcrumbList\",\"@id\":\"http:\/\/igfergon.com.mx\/?p=5603#breadcrumb\",\"itemListElement\":[{\"@type\":\"ListItem\",\"position\":1,\"name\":\"Portada\",\"item\":\"http:\/\/igfergon.com.mx\/\"},{\"@type\":\"ListItem\",\"position\":2,\"name\":\"Viernes de la XXVII Semana Ordinaria\"}]},{\"@type\":\"WebSite\",\"@id\":\"http:\/\/igfergon.com.mx\/#website\",\"url\":\"http:\/\/igfergon.com.mx\/\",\"name\":\"El sitio del P. Ignacio Fern\u00e1ndez Gonz\u00e1lez\",\"description\":\"Para Ayudarte\",\"publisher\":{\"@id\":\"http:\/\/igfergon.com.mx\/#organization\"},\"potentialAction\":[{\"@type\":\"SearchAction\",\"target\":{\"@type\":\"EntryPoint\",\"urlTemplate\":\"http:\/\/igfergon.com.mx\/?s={search_term_string}\"},\"query-input\":{\"@type\":\"PropertyValueSpecification\",\"valueRequired\":true,\"valueName\":\"search_term_string\"}}],\"inLanguage\":\"es\"},{\"@type\":\"Organization\",\"@id\":\"http:\/\/igfergon.com.mx\/#organization\",\"name\":\"El sitio del P. Ignacio Fern\u00e1ndez Gonz\u00e1lez\",\"url\":\"http:\/\/igfergon.com.mx\/\",\"logo\":{\"@type\":\"ImageObject\",\"inLanguage\":\"es\",\"@id\":\"http:\/\/igfergon.com.mx\/#\/schema\/logo\/image\/\",\"url\":\"http:\/\/igfergon.com.mx\/wp-content\/uploads\/2018\/09\/cropped-ORDNACION02-2.jpg\",\"contentUrl\":\"http:\/\/igfergon.com.mx\/wp-content\/uploads\/2018\/09\/cropped-ORDNACION02-2.jpg\",\"width\":250,\"height\":250,\"caption\":\"El sitio del P. Ignacio Fern\u00e1ndez Gonz\u00e1lez\"},\"image\":{\"@id\":\"http:\/\/igfergon.com.mx\/#\/schema\/logo\/image\/\"},\"sameAs\":[\"https:\/\/www.facebook.com\/\"]},{\"@type\":\"Person\",\"@id\":\"http:\/\/igfergon.com.mx\/#\/schema\/person\/b42517895faefafe2a81218226d90957\",\"name\":\"igfergon.com.mx\",\"image\":{\"@type\":\"ImageObject\",\"inLanguage\":\"es\",\"@id\":\"http:\/\/igfergon.com.mx\/#\/schema\/person\/image\/\",\"url\":\"https:\/\/secure.gravatar.com\/avatar\/9fd60c5591f2c6b18e76a917a69f35b0732f8532b3679d0132b3503b545db7a6?s=96&d=mm&r=g\",\"contentUrl\":\"https:\/\/secure.gravatar.com\/avatar\/9fd60c5591f2c6b18e76a917a69f35b0732f8532b3679d0132b3503b545db7a6?s=96&d=mm&r=g\",\"caption\":\"igfergon.com.mx\"},\"url\":\"http:\/\/igfergon.com.mx\/?author=1\"}]}<\/script>\n<!-- \/ Yoast SEO plugin. -->","yoast_head_json":{"title":"Viernes de la XXVII Semana Ordinaria - El sitio del P. Ignacio Fern\u00e1ndez Gonz\u00e1lez","robots":{"index":"index","follow":"follow","max-snippet":"max-snippet:-1","max-image-preview":"max-image-preview:large","max-video-preview":"max-video-preview:-1"},"canonical":"http:\/\/igfergon.com.mx\/?p=5603","og_locale":"es_ES","og_type":"article","og_title":"Viernes de la XXVII Semana Ordinaria - El sitio del P. Ignacio Fern\u00e1ndez Gonz\u00e1lez","og_description":"Joel 1, 13-15; 2, 1-2. Sobre los campos israelitas se ha cernido una nube de langostas que ha dejado al pueblo sin alimentos y en un grave peligro, pues no hay grano para alimentarse, y los mismos animales, al faltarles el sustento, acabar\u00e1n muriendo y poniendo en grave riesgo al pueblo. Por eso se convoca &hellip; Continuar leyendo \"Viernes de la XXVII Semana Ordinaria\"","og_url":"http:\/\/igfergon.com.mx\/?p=5603","og_site_name":"El sitio del P. Ignacio Fern\u00e1ndez Gonz\u00e1lez","article_publisher":"https:\/\/www.facebook.com\/","article_published_time":"2025-10-10T07:40:20+00:00","article_modified_time":"2025-10-10T07:40:21+00:00","og_image":[{"width":248,"height":203,"url":"http:\/\/igfergon.com.mx\/wp-content\/uploads\/2025\/10\/Viernes-27SO.jpg","type":"image\/jpeg"}],"author":"igfergon.com.mx","twitter_card":"summary_large_image","twitter_misc":{"Escrito por":"igfergon.com.mx","Tiempo de lectura":"3 minutos"},"schema":{"@context":"https:\/\/schema.org","@graph":[{"@type":"Article","@id":"http:\/\/igfergon.com.mx\/?p=5603#article","isPartOf":{"@id":"http:\/\/igfergon.com.mx\/?p=5603"},"author":{"name":"igfergon.com.mx","@id":"http:\/\/igfergon.com.mx\/#\/schema\/person\/b42517895faefafe2a81218226d90957"},"headline":"Viernes de la XXVII Semana Ordinaria","datePublished":"2025-10-10T07:40:20+00:00","dateModified":"2025-10-10T07:40:21+00:00","mainEntityOfPage":{"@id":"http:\/\/igfergon.com.mx\/?p=5603"},"wordCount":476,"publisher":{"@id":"http:\/\/igfergon.com.mx\/#organization"},"image":{"@id":"http:\/\/igfergon.com.mx\/?p=5603#primaryimage"},"thumbnailUrl":"http:\/\/igfergon.com.mx\/wp-content\/uploads\/2025\/10\/Viernes-27SO.jpg","keywords":["comentario al evangelio","Homil\u00eda","homil\u00eda diaria","Viernes de la XXVII Semana Ordinaria"],"articleSection":["comentario al evangelio","homil\u00eda","homil\u00eda diaria","liturgia"],"inLanguage":"es"},{"@type":"WebPage","@id":"http:\/\/igfergon.com.mx\/?p=5603","url":"http:\/\/igfergon.com.mx\/?p=5603","name":"Viernes de la XXVII Semana Ordinaria - El sitio del P. Ignacio Fern\u00e1ndez Gonz\u00e1lez","isPartOf":{"@id":"http:\/\/igfergon.com.mx\/#website"},"primaryImageOfPage":{"@id":"http:\/\/igfergon.com.mx\/?p=5603#primaryimage"},"image":{"@id":"http:\/\/igfergon.com.mx\/?p=5603#primaryimage"},"thumbnailUrl":"http:\/\/igfergon.com.mx\/wp-content\/uploads\/2025\/10\/Viernes-27SO.jpg","datePublished":"2025-10-10T07:40:20+00:00","dateModified":"2025-10-10T07:40:21+00:00","breadcrumb":{"@id":"http:\/\/igfergon.com.mx\/?p=5603#breadcrumb"},"inLanguage":"es","potentialAction":[{"@type":"ReadAction","target":["http:\/\/igfergon.com.mx\/?p=5603"]}]},{"@type":"ImageObject","inLanguage":"es","@id":"http:\/\/igfergon.com.mx\/?p=5603#primaryimage","url":"http:\/\/igfergon.com.mx\/wp-content\/uploads\/2025\/10\/Viernes-27SO.jpg","contentUrl":"http:\/\/igfergon.com.mx\/wp-content\/uploads\/2025\/10\/Viernes-27SO.jpg","width":248,"height":203},{"@type":"BreadcrumbList","@id":"http:\/\/igfergon.com.mx\/?p=5603#breadcrumb","itemListElement":[{"@type":"ListItem","position":1,"name":"Portada","item":"http:\/\/igfergon.com.mx\/"},{"@type":"ListItem","position":2,"name":"Viernes de la XXVII Semana Ordinaria"}]},{"@type":"WebSite","@id":"http:\/\/igfergon.com.mx\/#website","url":"http:\/\/igfergon.com.mx\/","name":"El sitio del P. Ignacio Fern\u00e1ndez Gonz\u00e1lez","description":"Para Ayudarte","publisher":{"@id":"http:\/\/igfergon.com.mx\/#organization"},"potentialAction":[{"@type":"SearchAction","target":{"@type":"EntryPoint","urlTemplate":"http:\/\/igfergon.com.mx\/?s={search_term_string}"},"query-input":{"@type":"PropertyValueSpecification","valueRequired":true,"valueName":"search_term_string"}}],"inLanguage":"es"},{"@type":"Organization","@id":"http:\/\/igfergon.com.mx\/#organization","name":"El sitio del P. Ignacio Fern\u00e1ndez Gonz\u00e1lez","url":"http:\/\/igfergon.com.mx\/","logo":{"@type":"ImageObject","inLanguage":"es","@id":"http:\/\/igfergon.com.mx\/#\/schema\/logo\/image\/","url":"http:\/\/igfergon.com.mx\/wp-content\/uploads\/2018\/09\/cropped-ORDNACION02-2.jpg","contentUrl":"http:\/\/igfergon.com.mx\/wp-content\/uploads\/2018\/09\/cropped-ORDNACION02-2.jpg","width":250,"height":250,"caption":"El sitio del P. Ignacio Fern\u00e1ndez Gonz\u00e1lez"},"image":{"@id":"http:\/\/igfergon.com.mx\/#\/schema\/logo\/image\/"},"sameAs":["https:\/\/www.facebook.com\/"]},{"@type":"Person","@id":"http:\/\/igfergon.com.mx\/#\/schema\/person\/b42517895faefafe2a81218226d90957","name":"igfergon.com.mx","image":{"@type":"ImageObject","inLanguage":"es","@id":"http:\/\/igfergon.com.mx\/#\/schema\/person\/image\/","url":"https:\/\/secure.gravatar.com\/avatar\/9fd60c5591f2c6b18e76a917a69f35b0732f8532b3679d0132b3503b545db7a6?s=96&d=mm&r=g","contentUrl":"https:\/\/secure.gravatar.com\/avatar\/9fd60c5591f2c6b18e76a917a69f35b0732f8532b3679d0132b3503b545db7a6?s=96&d=mm&r=g","caption":"igfergon.com.mx"},"url":"http:\/\/igfergon.com.mx\/?author=1"}]}},"_links":{"self":[{"href":"http:\/\/igfergon.com.mx\/index.php?rest_route=\/wp\/v2\/posts\/5603","targetHints":{"allow":["GET"]}}],"collection":[{"href":"http:\/\/igfergon.com.mx\/index.php?rest_route=\/wp\/v2\/posts"}],"about":[{"href":"http:\/\/igfergon.com.mx\/index.php?rest_route=\/wp\/v2\/types\/post"}],"author":[{"embeddable":true,"href":"http:\/\/igfergon.com.mx\/index.php?rest_route=\/wp\/v2\/users\/1"}],"replies":[{"embeddable":true,"href":"http:\/\/igfergon.com.mx\/index.php?rest_route=%2Fwp%2Fv2%2Fcomments&post=5603"}],"version-history":[{"count":1,"href":"http:\/\/igfergon.com.mx\/index.php?rest_route=\/wp\/v2\/posts\/5603\/revisions"}],"predecessor-version":[{"id":5605,"href":"http:\/\/igfergon.com.mx\/index.php?rest_route=\/wp\/v2\/posts\/5603\/revisions\/5605"}],"wp:attachment":[{"href":"http:\/\/igfergon.com.mx\/index.php?rest_route=%2Fwp%2Fv2%2Fmedia&parent=5603"}],"wp:term":[{"taxonomy":"category","embeddable":true,"href":"http:\/\/igfergon.com.mx\/index.php?rest_route=%2Fwp%2Fv2%2Fcategories&post=5603"},{"taxonomy":"post_tag","embeddable":true,"href":"http:\/\/igfergon.com.mx\/index.php?rest_route=%2Fwp%2Fv2%2Ftags&post=5603"}],"curies":[{"name":"wp","href":"https:\/\/api.w.org\/{rel}","templated":true}]}}