{"id":5610,"date":"2025-10-13T09:50:09","date_gmt":"2025-10-13T07:50:09","guid":{"rendered":"http:\/\/igfergon.com.mx\/?p=5610"},"modified":"2025-10-13T09:50:11","modified_gmt":"2025-10-13T07:50:11","slug":"lunes-xxviii-semana-ordinaria","status":"publish","type":"post","link":"http:\/\/igfergon.com.mx\/?p=5610","title":{"rendered":"Lunes XXVIII Semana Ordinaria"},"content":{"rendered":"<div class=\"wp-block-image\">\n<figure class=\"aligncenter size-full\"><img loading=\"lazy\" decoding=\"async\" width=\"262\" height=\"193\" src=\"http:\/\/igfergon.com.mx\/wp-content\/uploads\/2025\/10\/Lunes-28SO.jpg\" alt=\"\" class=\"wp-image-5611\" srcset=\"http:\/\/igfergon.com.mx\/wp-content\/uploads\/2025\/10\/Lunes-28SO.jpg 262w, http:\/\/igfergon.com.mx\/wp-content\/uploads\/2025\/10\/Lunes-28SO-200x147.jpg 200w\" sizes=\"auto, (max-width: 262px) 100vw, 262px\" \/><\/figure>\n<\/div>\n\n\n<h4 class=\"wp-block-heading\">Rm 1,1-7<\/h4>\n\n\n\n<p>El comienzo vibrante de esta carta nos hace pensar por un lado en la vocaci\u00f3n universal que como cristianos tenemos de anunciar el evangelio y tambi\u00e9n en el profundo conocimiento que revela san Pablo sobre las Escrituras para presentar de manera contundente la salvaci\u00f3n.<\/p>\n\n\n\n<p>Es importante, pues, tomar conciencia de que todav\u00eda a nuestro alrededor hay muchos hermanos y hermanas que no conocen, o que no conocen lo suficiente de Jes\u00fas y de su evangelio, como para amarlo y para buscar vivir la vida conforme al Esp\u00edritu. Por ello, en necesario, por un lado que continuemos prepar\u00e1ndonos en el conocimiento de Dios tanto a nivel intelectual como espiritual, y por otro, que continuamente busquemos la manera de hacer conocer eso que nosotros vivimos y amamos.<\/p>\n\n\n\n<p>Recordemos, finalmente que todo esto no tiene otro objetivo que el llevarnos a todos a la santidad, que no es otra cosa que la vivencia del amor de Dios por la acci\u00f3n del Esp\u00edritu Santo. Recuerda que en este proyecto, Dios cuenta contigo.<\/p>\n\n\n\n<p><strong>Lucas 11, 29-32<\/strong><\/p>\n\n\n\n<p>Ya lo repetir\u00eda Cristo con otras palabras, pero en sentido positivo: \u201cDichosos los que creen sin haber visto.\u201d Lo que este Evangelio pretende no es reprocharnos, sino recordarnos que ya tenemos la se\u00f1al que esperamos y necesitamos. No hace falta buscar ni pedir m\u00e1s se\u00f1ales. Hay una que basta. \u201cM\u00e1s que Jon\u00e1s&#8230; m\u00e1s que Salom\u00f3n\u201d. Hoy se nos hace la invitaci\u00f3n a descubrir esta se\u00f1al. Es la misma de hace 20 siglos: la que muchos no quisieron ver, pero tambi\u00e9n la que bast\u00f3 para que muchos creyeran.<\/p>\n\n\n\n<p>Cuando un avi\u00f3n va a aterrizar, el piloto observa muchas luces que le gu\u00edan, pero todas pretenden indicarle d\u00f3nde est\u00e1 la pista. As\u00ed, todos los signos que hoy tenemos nos se\u00f1alan a Cristo. \u00a1Aprendamos a \u201cleerlos\u201d adecuadamente! Nos habla de Cristo la Eucarist\u00eda, pues es Cristo mismo. Nos hablan de Cristo los buenos ejemplos que observamos en los dem\u00e1s&#8230; \u00a1Todo nos lleva a Cristo si nosotros lo buscamos! Este es el camino de la fe: avanzar por la vida sin milagros, sin certezas humanas absolutas. Vivir la fe en lo m\u00e1s cotidiano.<\/p>\n\n\n\n<p>\u00a1Qu\u00e9 adjetivo pondr\u00e1 Cristo a nuestra generaci\u00f3n si nos distinguimos no por pedir se\u00f1ales extraordinarias, sino por ser nosotros mismos signos de Dios, que ayuden a los dem\u00e1s a llegar a \u00c9l!<\/p>\n","protected":false},"excerpt":{"rendered":"<p>Rm 1,1-7 El comienzo vibrante de esta carta nos hace pensar por un lado en la vocaci\u00f3n universal que como cristianos tenemos de anunciar el evangelio y tambi\u00e9n en el profundo conocimiento que revela san Pablo sobre las Escrituras para presentar de manera contundente la salvaci\u00f3n. Es importante, pues, tomar conciencia de que todav\u00eda a &hellip; <\/p>\n<p class=\"link-more\"><a href=\"http:\/\/igfergon.com.mx\/?p=5610\" class=\"more-link\">Continuar leyendo<span class=\"screen-reader-text\"> \u00abLunes XXVIII Semana Ordinaria\u00bb<\/span><\/a><\/p>\n","protected":false},"author":1,"featured_media":0,"comment_status":"closed","ping_status":"closed","sticky":false,"template":"","format":"standard","meta":{"footnotes":""},"categories":[13,14,10,1],"tags":[69,8,6,635],"class_list":["post-5610","post","type-post","status-publish","format-standard","hentry","category-comentario-al-evangelio","category-homilia","category-homilia-diaria","category-uncategorized","tag-comentario-al-evangelio-2","tag-homilia","tag-homilia-diaria","tag-lunes-xxviii-semana-ordinaria"],"yoast_head":"<!-- This site is optimized with the Yoast SEO plugin v26.0 - https:\/\/yoast.com\/wordpress\/plugins\/seo\/ -->\n<title>Lunes XXVIII Semana Ordinaria - El sitio del P. Ignacio Fern\u00e1ndez Gonz\u00e1lez<\/title>\n<meta name=\"robots\" content=\"index, follow, max-snippet:-1, max-image-preview:large, max-video-preview:-1\" \/>\n<link rel=\"canonical\" href=\"http:\/\/igfergon.com.mx\/?p=5610\" \/>\n<meta property=\"og:locale\" content=\"es_ES\" \/>\n<meta property=\"og:type\" content=\"article\" \/>\n<meta property=\"og:title\" content=\"Lunes XXVIII Semana Ordinaria - El sitio del P. Ignacio Fern\u00e1ndez Gonz\u00e1lez\" \/>\n<meta property=\"og:description\" content=\"Rm 1,1-7 El comienzo vibrante de esta carta nos hace pensar por un lado en la vocaci\u00f3n universal que como cristianos tenemos de anunciar el evangelio y tambi\u00e9n en el profundo conocimiento que revela san Pablo sobre las Escrituras para presentar de manera contundente la salvaci\u00f3n. Es importante, pues, tomar conciencia de que todav\u00eda a &hellip; Continuar leyendo &quot;Lunes XXVIII Semana Ordinaria&quot;\" \/>\n<meta property=\"og:url\" content=\"http:\/\/igfergon.com.mx\/?p=5610\" \/>\n<meta property=\"og:site_name\" content=\"El sitio del P. Ignacio Fern\u00e1ndez Gonz\u00e1lez\" \/>\n<meta property=\"article:publisher\" content=\"https:\/\/www.facebook.com\/\" \/>\n<meta property=\"article:published_time\" content=\"2025-10-13T07:50:09+00:00\" \/>\n<meta property=\"article:modified_time\" content=\"2025-10-13T07:50:11+00:00\" \/>\n<meta property=\"og:image\" content=\"http:\/\/igfergon.com.mx\/wp-content\/uploads\/2025\/10\/Lunes-28SO.jpg\" \/>\n\t<meta property=\"og:image:width\" content=\"262\" \/>\n\t<meta property=\"og:image:height\" content=\"193\" \/>\n\t<meta property=\"og:image:type\" content=\"image\/jpeg\" \/>\n<meta name=\"author\" content=\"igfergon.com.mx\" \/>\n<meta name=\"twitter:card\" content=\"summary_large_image\" \/>\n<meta name=\"twitter:label1\" content=\"Escrito por\" \/>\n\t<meta name=\"twitter:data1\" content=\"igfergon.com.mx\" \/>\n\t<meta name=\"twitter:label2\" content=\"Tiempo de lectura\" \/>\n\t<meta name=\"twitter:data2\" content=\"2 minutos\" \/>\n<script type=\"application\/ld+json\" class=\"yoast-schema-graph\">{\"@context\":\"https:\/\/schema.org\",\"@graph\":[{\"@type\":\"Article\",\"@id\":\"http:\/\/igfergon.com.mx\/?p=5610#article\",\"isPartOf\":{\"@id\":\"http:\/\/igfergon.com.mx\/?p=5610\"},\"author\":{\"name\":\"igfergon.com.mx\",\"@id\":\"http:\/\/igfergon.com.mx\/#\/schema\/person\/b42517895faefafe2a81218226d90957\"},\"headline\":\"Lunes XXVIII Semana Ordinaria\",\"datePublished\":\"2025-10-13T07:50:09+00:00\",\"dateModified\":\"2025-10-13T07:50:11+00:00\",\"mainEntityOfPage\":{\"@id\":\"http:\/\/igfergon.com.mx\/?p=5610\"},\"wordCount\":416,\"publisher\":{\"@id\":\"http:\/\/igfergon.com.mx\/#organization\"},\"image\":{\"@id\":\"http:\/\/igfergon.com.mx\/?p=5610#primaryimage\"},\"thumbnailUrl\":\"http:\/\/igfergon.com.mx\/wp-content\/uploads\/2025\/10\/Lunes-28SO.jpg\",\"keywords\":[\"comentario al evangelio\",\"Homil\u00eda\",\"homil\u00eda diaria\",\"Lunes XXVIII Semana Ordinaria\"],\"articleSection\":[\"comentario al evangelio\",\"homil\u00eda\",\"homil\u00eda diaria\",\"liturgia\"],\"inLanguage\":\"es\"},{\"@type\":\"WebPage\",\"@id\":\"http:\/\/igfergon.com.mx\/?p=5610\",\"url\":\"http:\/\/igfergon.com.mx\/?p=5610\",\"name\":\"Lunes XXVIII Semana Ordinaria - El sitio del P. Ignacio Fern\u00e1ndez Gonz\u00e1lez\",\"isPartOf\":{\"@id\":\"http:\/\/igfergon.com.mx\/#website\"},\"primaryImageOfPage\":{\"@id\":\"http:\/\/igfergon.com.mx\/?p=5610#primaryimage\"},\"image\":{\"@id\":\"http:\/\/igfergon.com.mx\/?p=5610#primaryimage\"},\"thumbnailUrl\":\"http:\/\/igfergon.com.mx\/wp-content\/uploads\/2025\/10\/Lunes-28SO.jpg\",\"datePublished\":\"2025-10-13T07:50:09+00:00\",\"dateModified\":\"2025-10-13T07:50:11+00:00\",\"breadcrumb\":{\"@id\":\"http:\/\/igfergon.com.mx\/?p=5610#breadcrumb\"},\"inLanguage\":\"es\",\"potentialAction\":[{\"@type\":\"ReadAction\",\"target\":[\"http:\/\/igfergon.com.mx\/?p=5610\"]}]},{\"@type\":\"ImageObject\",\"inLanguage\":\"es\",\"@id\":\"http:\/\/igfergon.com.mx\/?p=5610#primaryimage\",\"url\":\"http:\/\/igfergon.com.mx\/wp-content\/uploads\/2025\/10\/Lunes-28SO.jpg\",\"contentUrl\":\"http:\/\/igfergon.com.mx\/wp-content\/uploads\/2025\/10\/Lunes-28SO.jpg\",\"width\":262,\"height\":193},{\"@type\":\"BreadcrumbList\",\"@id\":\"http:\/\/igfergon.com.mx\/?p=5610#breadcrumb\",\"itemListElement\":[{\"@type\":\"ListItem\",\"position\":1,\"name\":\"Portada\",\"item\":\"http:\/\/igfergon.com.mx\/\"},{\"@type\":\"ListItem\",\"position\":2,\"name\":\"Lunes XXVIII Semana Ordinaria\"}]},{\"@type\":\"WebSite\",\"@id\":\"http:\/\/igfergon.com.mx\/#website\",\"url\":\"http:\/\/igfergon.com.mx\/\",\"name\":\"El sitio del P. Ignacio Fern\u00e1ndez Gonz\u00e1lez\",\"description\":\"Para Ayudarte\",\"publisher\":{\"@id\":\"http:\/\/igfergon.com.mx\/#organization\"},\"potentialAction\":[{\"@type\":\"SearchAction\",\"target\":{\"@type\":\"EntryPoint\",\"urlTemplate\":\"http:\/\/igfergon.com.mx\/?s={search_term_string}\"},\"query-input\":{\"@type\":\"PropertyValueSpecification\",\"valueRequired\":true,\"valueName\":\"search_term_string\"}}],\"inLanguage\":\"es\"},{\"@type\":\"Organization\",\"@id\":\"http:\/\/igfergon.com.mx\/#organization\",\"name\":\"El sitio del P. Ignacio Fern\u00e1ndez Gonz\u00e1lez\",\"url\":\"http:\/\/igfergon.com.mx\/\",\"logo\":{\"@type\":\"ImageObject\",\"inLanguage\":\"es\",\"@id\":\"http:\/\/igfergon.com.mx\/#\/schema\/logo\/image\/\",\"url\":\"http:\/\/igfergon.com.mx\/wp-content\/uploads\/2018\/09\/cropped-ORDNACION02-2.jpg\",\"contentUrl\":\"http:\/\/igfergon.com.mx\/wp-content\/uploads\/2018\/09\/cropped-ORDNACION02-2.jpg\",\"width\":250,\"height\":250,\"caption\":\"El sitio del P. Ignacio Fern\u00e1ndez Gonz\u00e1lez\"},\"image\":{\"@id\":\"http:\/\/igfergon.com.mx\/#\/schema\/logo\/image\/\"},\"sameAs\":[\"https:\/\/www.facebook.com\/\"]},{\"@type\":\"Person\",\"@id\":\"http:\/\/igfergon.com.mx\/#\/schema\/person\/b42517895faefafe2a81218226d90957\",\"name\":\"igfergon.com.mx\",\"image\":{\"@type\":\"ImageObject\",\"inLanguage\":\"es\",\"@id\":\"http:\/\/igfergon.com.mx\/#\/schema\/person\/image\/\",\"url\":\"https:\/\/secure.gravatar.com\/avatar\/9fd60c5591f2c6b18e76a917a69f35b0732f8532b3679d0132b3503b545db7a6?s=96&d=mm&r=g\",\"contentUrl\":\"https:\/\/secure.gravatar.com\/avatar\/9fd60c5591f2c6b18e76a917a69f35b0732f8532b3679d0132b3503b545db7a6?s=96&d=mm&r=g\",\"caption\":\"igfergon.com.mx\"},\"url\":\"http:\/\/igfergon.com.mx\/?author=1\"}]}<\/script>\n<!-- \/ Yoast SEO plugin. -->","yoast_head_json":{"title":"Lunes XXVIII Semana Ordinaria - El sitio del P. Ignacio Fern\u00e1ndez Gonz\u00e1lez","robots":{"index":"index","follow":"follow","max-snippet":"max-snippet:-1","max-image-preview":"max-image-preview:large","max-video-preview":"max-video-preview:-1"},"canonical":"http:\/\/igfergon.com.mx\/?p=5610","og_locale":"es_ES","og_type":"article","og_title":"Lunes XXVIII Semana Ordinaria - El sitio del P. Ignacio Fern\u00e1ndez Gonz\u00e1lez","og_description":"Rm 1,1-7 El comienzo vibrante de esta carta nos hace pensar por un lado en la vocaci\u00f3n universal que como cristianos tenemos de anunciar el evangelio y tambi\u00e9n en el profundo conocimiento que revela san Pablo sobre las Escrituras para presentar de manera contundente la salvaci\u00f3n. Es importante, pues, tomar conciencia de que todav\u00eda a &hellip; Continuar leyendo \"Lunes XXVIII Semana Ordinaria\"","og_url":"http:\/\/igfergon.com.mx\/?p=5610","og_site_name":"El sitio del P. Ignacio Fern\u00e1ndez Gonz\u00e1lez","article_publisher":"https:\/\/www.facebook.com\/","article_published_time":"2025-10-13T07:50:09+00:00","article_modified_time":"2025-10-13T07:50:11+00:00","og_image":[{"width":262,"height":193,"url":"http:\/\/igfergon.com.mx\/wp-content\/uploads\/2025\/10\/Lunes-28SO.jpg","type":"image\/jpeg"}],"author":"igfergon.com.mx","twitter_card":"summary_large_image","twitter_misc":{"Escrito por":"igfergon.com.mx","Tiempo de lectura":"2 minutos"},"schema":{"@context":"https:\/\/schema.org","@graph":[{"@type":"Article","@id":"http:\/\/igfergon.com.mx\/?p=5610#article","isPartOf":{"@id":"http:\/\/igfergon.com.mx\/?p=5610"},"author":{"name":"igfergon.com.mx","@id":"http:\/\/igfergon.com.mx\/#\/schema\/person\/b42517895faefafe2a81218226d90957"},"headline":"Lunes XXVIII Semana Ordinaria","datePublished":"2025-10-13T07:50:09+00:00","dateModified":"2025-10-13T07:50:11+00:00","mainEntityOfPage":{"@id":"http:\/\/igfergon.com.mx\/?p=5610"},"wordCount":416,"publisher":{"@id":"http:\/\/igfergon.com.mx\/#organization"},"image":{"@id":"http:\/\/igfergon.com.mx\/?p=5610#primaryimage"},"thumbnailUrl":"http:\/\/igfergon.com.mx\/wp-content\/uploads\/2025\/10\/Lunes-28SO.jpg","keywords":["comentario al evangelio","Homil\u00eda","homil\u00eda diaria","Lunes XXVIII Semana Ordinaria"],"articleSection":["comentario al evangelio","homil\u00eda","homil\u00eda diaria","liturgia"],"inLanguage":"es"},{"@type":"WebPage","@id":"http:\/\/igfergon.com.mx\/?p=5610","url":"http:\/\/igfergon.com.mx\/?p=5610","name":"Lunes XXVIII Semana Ordinaria - El sitio del P. Ignacio Fern\u00e1ndez Gonz\u00e1lez","isPartOf":{"@id":"http:\/\/igfergon.com.mx\/#website"},"primaryImageOfPage":{"@id":"http:\/\/igfergon.com.mx\/?p=5610#primaryimage"},"image":{"@id":"http:\/\/igfergon.com.mx\/?p=5610#primaryimage"},"thumbnailUrl":"http:\/\/igfergon.com.mx\/wp-content\/uploads\/2025\/10\/Lunes-28SO.jpg","datePublished":"2025-10-13T07:50:09+00:00","dateModified":"2025-10-13T07:50:11+00:00","breadcrumb":{"@id":"http:\/\/igfergon.com.mx\/?p=5610#breadcrumb"},"inLanguage":"es","potentialAction":[{"@type":"ReadAction","target":["http:\/\/igfergon.com.mx\/?p=5610"]}]},{"@type":"ImageObject","inLanguage":"es","@id":"http:\/\/igfergon.com.mx\/?p=5610#primaryimage","url":"http:\/\/igfergon.com.mx\/wp-content\/uploads\/2025\/10\/Lunes-28SO.jpg","contentUrl":"http:\/\/igfergon.com.mx\/wp-content\/uploads\/2025\/10\/Lunes-28SO.jpg","width":262,"height":193},{"@type":"BreadcrumbList","@id":"http:\/\/igfergon.com.mx\/?p=5610#breadcrumb","itemListElement":[{"@type":"ListItem","position":1,"name":"Portada","item":"http:\/\/igfergon.com.mx\/"},{"@type":"ListItem","position":2,"name":"Lunes XXVIII Semana Ordinaria"}]},{"@type":"WebSite","@id":"http:\/\/igfergon.com.mx\/#website","url":"http:\/\/igfergon.com.mx\/","name":"El sitio del P. Ignacio Fern\u00e1ndez Gonz\u00e1lez","description":"Para Ayudarte","publisher":{"@id":"http:\/\/igfergon.com.mx\/#organization"},"potentialAction":[{"@type":"SearchAction","target":{"@type":"EntryPoint","urlTemplate":"http:\/\/igfergon.com.mx\/?s={search_term_string}"},"query-input":{"@type":"PropertyValueSpecification","valueRequired":true,"valueName":"search_term_string"}}],"inLanguage":"es"},{"@type":"Organization","@id":"http:\/\/igfergon.com.mx\/#organization","name":"El sitio del P. Ignacio Fern\u00e1ndez Gonz\u00e1lez","url":"http:\/\/igfergon.com.mx\/","logo":{"@type":"ImageObject","inLanguage":"es","@id":"http:\/\/igfergon.com.mx\/#\/schema\/logo\/image\/","url":"http:\/\/igfergon.com.mx\/wp-content\/uploads\/2018\/09\/cropped-ORDNACION02-2.jpg","contentUrl":"http:\/\/igfergon.com.mx\/wp-content\/uploads\/2018\/09\/cropped-ORDNACION02-2.jpg","width":250,"height":250,"caption":"El sitio del P. Ignacio Fern\u00e1ndez Gonz\u00e1lez"},"image":{"@id":"http:\/\/igfergon.com.mx\/#\/schema\/logo\/image\/"},"sameAs":["https:\/\/www.facebook.com\/"]},{"@type":"Person","@id":"http:\/\/igfergon.com.mx\/#\/schema\/person\/b42517895faefafe2a81218226d90957","name":"igfergon.com.mx","image":{"@type":"ImageObject","inLanguage":"es","@id":"http:\/\/igfergon.com.mx\/#\/schema\/person\/image\/","url":"https:\/\/secure.gravatar.com\/avatar\/9fd60c5591f2c6b18e76a917a69f35b0732f8532b3679d0132b3503b545db7a6?s=96&d=mm&r=g","contentUrl":"https:\/\/secure.gravatar.com\/avatar\/9fd60c5591f2c6b18e76a917a69f35b0732f8532b3679d0132b3503b545db7a6?s=96&d=mm&r=g","caption":"igfergon.com.mx"},"url":"http:\/\/igfergon.com.mx\/?author=1"}]}},"_links":{"self":[{"href":"http:\/\/igfergon.com.mx\/index.php?rest_route=\/wp\/v2\/posts\/5610","targetHints":{"allow":["GET"]}}],"collection":[{"href":"http:\/\/igfergon.com.mx\/index.php?rest_route=\/wp\/v2\/posts"}],"about":[{"href":"http:\/\/igfergon.com.mx\/index.php?rest_route=\/wp\/v2\/types\/post"}],"author":[{"embeddable":true,"href":"http:\/\/igfergon.com.mx\/index.php?rest_route=\/wp\/v2\/users\/1"}],"replies":[{"embeddable":true,"href":"http:\/\/igfergon.com.mx\/index.php?rest_route=%2Fwp%2Fv2%2Fcomments&post=5610"}],"version-history":[{"count":1,"href":"http:\/\/igfergon.com.mx\/index.php?rest_route=\/wp\/v2\/posts\/5610\/revisions"}],"predecessor-version":[{"id":5612,"href":"http:\/\/igfergon.com.mx\/index.php?rest_route=\/wp\/v2\/posts\/5610\/revisions\/5612"}],"wp:attachment":[{"href":"http:\/\/igfergon.com.mx\/index.php?rest_route=%2Fwp%2Fv2%2Fmedia&parent=5610"}],"wp:term":[{"taxonomy":"category","embeddable":true,"href":"http:\/\/igfergon.com.mx\/index.php?rest_route=%2Fwp%2Fv2%2Fcategories&post=5610"},{"taxonomy":"post_tag","embeddable":true,"href":"http:\/\/igfergon.com.mx\/index.php?rest_route=%2Fwp%2Fv2%2Ftags&post=5610"}],"curies":[{"name":"wp","href":"https:\/\/api.w.org\/{rel}","templated":true}]}}