{"id":5616,"date":"2025-10-14T10:42:09","date_gmt":"2025-10-14T08:42:09","guid":{"rendered":"http:\/\/igfergon.com.mx\/?p=5616"},"modified":"2025-10-14T10:42:10","modified_gmt":"2025-10-14T08:42:10","slug":"martes-de-la-xxviii-semana-ordinaria-2","status":"publish","type":"post","link":"http:\/\/igfergon.com.mx\/?p=5616","title":{"rendered":"Martes de la XXVIII Semana Ordinaria"},"content":{"rendered":"<div class=\"wp-block-image\">\n<figure class=\"aligncenter size-full\"><img loading=\"lazy\" decoding=\"async\" width=\"200\" height=\"200\" src=\"http:\/\/igfergon.com.mx\/wp-content\/uploads\/2025\/10\/Martes-28SO.jpg\" alt=\"\" class=\"wp-image-5617\" srcset=\"http:\/\/igfergon.com.mx\/wp-content\/uploads\/2025\/10\/Martes-28SO.jpg 200w, http:\/\/igfergon.com.mx\/wp-content\/uploads\/2025\/10\/Martes-28SO-100x100.jpg 100w\" sizes=\"auto, (max-width: 200px) 100vw, 200px\" \/><\/figure>\n<\/div>\n\n\n<p><strong>Rom 1,16-25<\/strong><\/p>\n\n\n\n<p>En estos pocos vers\u00edculos hay tal cantidad de material de reflexi\u00f3n que ser\u00eda imposible agotarlos en unas cuantas l\u00edneas, por eso centremos nuestra meditaci\u00f3n en el hecho de c\u00f3mo Dios ha puesto en el alma de todos los hombres el conocimiento necesario sobre \u00c9l de manera que todos, absolutamente todos lo puedan conocer y amar. Esto es lo que nosotros llamamos \u00abconciencia\u00bb y es por ello el elemento rector de la vida moral y religiosa del hombre.<\/p>\n\n\n\n<p>En ella Dios grav\u00f3 lo que es bueno y lo que es malo, de manera que no podemos enga\u00f1arnos interiormente, pues aunque podamos enga\u00f1ar a la gente, a Dios, que ve nuestra conciencia, no. Ahora bien la conciencia se va formado o deformando y esto es lo que hace que muchos actuemos de modo inconveniente pues hemos sido mal formados en nuestra conciencia.<\/p>\n\n\n\n<p>Es necesario, como lo dir\u00e1 m\u00e1s adelante san Pablo, que nuestra conciencia sea iluminada por la luz del evangelio, para que as\u00ed todo nuestro actuar sea de acuerdo a Dios.<\/p>\n\n\n\n<p>Cuando el hombre oscurece su conciencia, es v\u00edctima, como termina diciendo hoy san Pablo, de toda clase de calamidades, que siempre van en perjuicio nuestro y de nuestra comunidad. Iluminemos nuestra vida con la luz de Dios y no permitamos que los ni\u00f1os deformen su conciencia para que puedan ser siempre felices en el amor de Dios.<\/p>\n\n\n\n<p><strong>Lc 11,37-41<\/strong><\/p>\n\n\n\n<p>Hoy en d\u00eda, como en el tiempo de Jes\u00fas, se le da mucha importancia a la \u00abexterioridad\u00bb.<\/p>\n\n\n\n<p>Es muy interesante la actitud que Jes\u00fas adopta ante los fariseos.&nbsp; Acepta las invitaciones a comer, pero no se deja atrapar por sus redes de hipocres\u00eda; puede estar muy cerca de ellos y compartir con ellos todo lo que le ofrecen, y hacerlo sinceramente, pero al mismo tiempo sentirse plenamente libre para manifestar sus convicciones.<\/p>\n\n\n\n<p>Sentarse a la mesa sin lavarse las manos, quiz\u00e1s a nosotros se nos ocurrir\u00eda que ser\u00eda falta de higiene, pero los fariseos van mucho m\u00e1s all\u00e1.&nbsp; No se trata de que las manos est\u00e9n sucias, sino que las consideran impuras.&nbsp; Pero, \u00bfc\u00f3mo est\u00e1 el coraz\u00f3n?, esto no les preocupa.<\/p>\n\n\n\n<p>A nosotros, nos sucede con mucha frecuencia lo mismo.&nbsp; Somos capaces de detectar las m\u00e1s peque\u00f1as minucias y tragarnos limpiamente los m\u00e1s grandes problemas como si no hubiera pasado nada.&nbsp; Hipocres\u00eda, palabra que suena dura y que todos rechazamos, pero es la actitud que asumimos constantemente en nuestras relaciones.&nbsp;<\/p>\n\n\n\n<p>No se trata de ser c\u00ednico e ir por el mundo lanzando insultos y ofensas en aras de una supuesta sinceridad.&nbsp; No. La hipocres\u00eda no est\u00e1 re\u00f1ida con el cinismo, sino con la verdad y la honestidad.<\/p>\n\n\n\n<p>Podemos equivocarnos, es cierto, pero una cosa es una equivocaci\u00f3n, que a cualquiera nos pasa, y otra es llevar una vida doble: exigir una cosa y vivir otra; decir que estamos luchando por unos ideales y en realidad estar persiguiendo nuestros propios prop\u00f3sitos.<\/p>\n\n\n\n<p>Desgraciadamente en muchos \u00e1mbitos sociales, pol\u00edticos y tambi\u00e9n religiosos, nos importa m\u00e1s lo que dicen y opinan los dem\u00e1s, el quedar bien, aparentar, pero finalmente estar enga\u00f1ando.<\/p>\n\n\n\n<p>La imagen de la limpieza del vaso es m\u00e1s que elocuente, se limpia el exterior pero el interior est\u00e1 lleno de robos y maldad.&nbsp; La soluci\u00f3n que Cristo propone va mucho m\u00e1s all\u00e1 de lo que la apariencia sugiere.&nbsp; No propone la limosna que acalla y tranquiliza la conciencia, sino una verdadera participaci\u00f3n de nuestros bienes y de nuestras personas en favor de los necesitados.&nbsp;<\/p>\n\n\n\n<p>S\u00f3lo cuando se tiene el coraz\u00f3n libre se es capaz de dar nuestro tiempo, nuestra persona, nuestras posesiones a favor de nuestros hermanos.&nbsp; Entonces la religiosidad tiene un sentido.&nbsp; Se puede ofrecer el sacrificio porque estamos siendo coherentes con la ofrenda que presentamos y con la vida que vivimos.<\/p>\n\n\n\n<p>\u00bfNos llamar\u00e1 Cristo tambi\u00e9n a nosotros hip\u00f3critas?&nbsp; \u00bfQu\u00e9 tendremos que cambiar?<\/p>\n\n\n\n<p><\/p>\n","protected":false},"excerpt":{"rendered":"<p>Rom 1,16-25 En estos pocos vers\u00edculos hay tal cantidad de material de reflexi\u00f3n que ser\u00eda imposible agotarlos en unas cuantas l\u00edneas, por eso centremos nuestra meditaci\u00f3n en el hecho de c\u00f3mo Dios ha puesto en el alma de todos los hombres el conocimiento necesario sobre \u00c9l de manera que todos, absolutamente todos lo puedan conocer &hellip; <\/p>\n<p class=\"link-more\"><a href=\"http:\/\/igfergon.com.mx\/?p=5616\" class=\"more-link\">Continuar leyendo<span class=\"screen-reader-text\"> \u00abMartes de la XXVIII Semana Ordinaria\u00bb<\/span><\/a><\/p>\n","protected":false},"author":1,"featured_media":0,"comment_status":"closed","ping_status":"closed","sticky":false,"template":"","format":"standard","meta":{"footnotes":""},"categories":[13,14,10,1],"tags":[69,8,6,493],"class_list":["post-5616","post","type-post","status-publish","format-standard","hentry","category-comentario-al-evangelio","category-homilia","category-homilia-diaria","category-uncategorized","tag-comentario-al-evangelio-2","tag-homilia","tag-homilia-diaria","tag-martes-de-la-xxviii-semana-ordinaria"],"yoast_head":"<!-- This site is optimized with the Yoast SEO plugin v26.0 - https:\/\/yoast.com\/wordpress\/plugins\/seo\/ -->\n<title>Martes de la XXVIII Semana Ordinaria - El sitio del P. Ignacio Fern\u00e1ndez Gonz\u00e1lez<\/title>\n<meta name=\"robots\" content=\"index, follow, max-snippet:-1, max-image-preview:large, max-video-preview:-1\" \/>\n<link rel=\"canonical\" href=\"http:\/\/igfergon.com.mx\/?p=5616\" \/>\n<meta property=\"og:locale\" content=\"es_ES\" \/>\n<meta property=\"og:type\" content=\"article\" \/>\n<meta property=\"og:title\" content=\"Martes de la XXVIII Semana Ordinaria - El sitio del P. Ignacio Fern\u00e1ndez Gonz\u00e1lez\" \/>\n<meta property=\"og:description\" content=\"Rom 1,16-25 En estos pocos vers\u00edculos hay tal cantidad de material de reflexi\u00f3n que ser\u00eda imposible agotarlos en unas cuantas l\u00edneas, por eso centremos nuestra meditaci\u00f3n en el hecho de c\u00f3mo Dios ha puesto en el alma de todos los hombres el conocimiento necesario sobre \u00c9l de manera que todos, absolutamente todos lo puedan conocer &hellip; Continuar leyendo &quot;Martes de la XXVIII Semana Ordinaria&quot;\" \/>\n<meta property=\"og:url\" content=\"http:\/\/igfergon.com.mx\/?p=5616\" \/>\n<meta property=\"og:site_name\" content=\"El sitio del P. Ignacio Fern\u00e1ndez Gonz\u00e1lez\" \/>\n<meta property=\"article:publisher\" content=\"https:\/\/www.facebook.com\/\" \/>\n<meta property=\"article:published_time\" content=\"2025-10-14T08:42:09+00:00\" \/>\n<meta property=\"article:modified_time\" content=\"2025-10-14T08:42:10+00:00\" \/>\n<meta property=\"og:image\" content=\"http:\/\/igfergon.com.mx\/wp-content\/uploads\/2025\/10\/Martes-28SO.jpg\" \/>\n\t<meta property=\"og:image:width\" content=\"200\" \/>\n\t<meta property=\"og:image:height\" content=\"200\" \/>\n\t<meta property=\"og:image:type\" content=\"image\/jpeg\" \/>\n<meta name=\"author\" content=\"igfergon.com.mx\" \/>\n<meta name=\"twitter:card\" content=\"summary_large_image\" \/>\n<meta name=\"twitter:label1\" content=\"Escrito por\" \/>\n\t<meta name=\"twitter:data1\" content=\"igfergon.com.mx\" \/>\n\t<meta name=\"twitter:label2\" content=\"Tiempo de lectura\" \/>\n\t<meta name=\"twitter:data2\" content=\"4 minutos\" \/>\n<script type=\"application\/ld+json\" class=\"yoast-schema-graph\">{\"@context\":\"https:\/\/schema.org\",\"@graph\":[{\"@type\":\"Article\",\"@id\":\"http:\/\/igfergon.com.mx\/?p=5616#article\",\"isPartOf\":{\"@id\":\"http:\/\/igfergon.com.mx\/?p=5616\"},\"author\":{\"name\":\"igfergon.com.mx\",\"@id\":\"http:\/\/igfergon.com.mx\/#\/schema\/person\/b42517895faefafe2a81218226d90957\"},\"headline\":\"Martes de la XXVIII Semana Ordinaria\",\"datePublished\":\"2025-10-14T08:42:09+00:00\",\"dateModified\":\"2025-10-14T08:42:10+00:00\",\"mainEntityOfPage\":{\"@id\":\"http:\/\/igfergon.com.mx\/?p=5616\"},\"wordCount\":696,\"publisher\":{\"@id\":\"http:\/\/igfergon.com.mx\/#organization\"},\"image\":{\"@id\":\"http:\/\/igfergon.com.mx\/?p=5616#primaryimage\"},\"thumbnailUrl\":\"http:\/\/igfergon.com.mx\/wp-content\/uploads\/2025\/10\/Martes-28SO.jpg\",\"keywords\":[\"comentario al evangelio\",\"Homil\u00eda\",\"homil\u00eda diaria\",\"Martes de la XXVIII Semana Ordinaria\"],\"articleSection\":[\"comentario al evangelio\",\"homil\u00eda\",\"homil\u00eda diaria\",\"liturgia\"],\"inLanguage\":\"es\"},{\"@type\":\"WebPage\",\"@id\":\"http:\/\/igfergon.com.mx\/?p=5616\",\"url\":\"http:\/\/igfergon.com.mx\/?p=5616\",\"name\":\"Martes de la XXVIII Semana Ordinaria - El sitio del P. Ignacio Fern\u00e1ndez Gonz\u00e1lez\",\"isPartOf\":{\"@id\":\"http:\/\/igfergon.com.mx\/#website\"},\"primaryImageOfPage\":{\"@id\":\"http:\/\/igfergon.com.mx\/?p=5616#primaryimage\"},\"image\":{\"@id\":\"http:\/\/igfergon.com.mx\/?p=5616#primaryimage\"},\"thumbnailUrl\":\"http:\/\/igfergon.com.mx\/wp-content\/uploads\/2025\/10\/Martes-28SO.jpg\",\"datePublished\":\"2025-10-14T08:42:09+00:00\",\"dateModified\":\"2025-10-14T08:42:10+00:00\",\"breadcrumb\":{\"@id\":\"http:\/\/igfergon.com.mx\/?p=5616#breadcrumb\"},\"inLanguage\":\"es\",\"potentialAction\":[{\"@type\":\"ReadAction\",\"target\":[\"http:\/\/igfergon.com.mx\/?p=5616\"]}]},{\"@type\":\"ImageObject\",\"inLanguage\":\"es\",\"@id\":\"http:\/\/igfergon.com.mx\/?p=5616#primaryimage\",\"url\":\"http:\/\/igfergon.com.mx\/wp-content\/uploads\/2025\/10\/Martes-28SO.jpg\",\"contentUrl\":\"http:\/\/igfergon.com.mx\/wp-content\/uploads\/2025\/10\/Martes-28SO.jpg\",\"width\":200,\"height\":200},{\"@type\":\"BreadcrumbList\",\"@id\":\"http:\/\/igfergon.com.mx\/?p=5616#breadcrumb\",\"itemListElement\":[{\"@type\":\"ListItem\",\"position\":1,\"name\":\"Portada\",\"item\":\"http:\/\/igfergon.com.mx\/\"},{\"@type\":\"ListItem\",\"position\":2,\"name\":\"Martes de la XXVIII Semana Ordinaria\"}]},{\"@type\":\"WebSite\",\"@id\":\"http:\/\/igfergon.com.mx\/#website\",\"url\":\"http:\/\/igfergon.com.mx\/\",\"name\":\"El sitio del P. Ignacio Fern\u00e1ndez Gonz\u00e1lez\",\"description\":\"Para Ayudarte\",\"publisher\":{\"@id\":\"http:\/\/igfergon.com.mx\/#organization\"},\"potentialAction\":[{\"@type\":\"SearchAction\",\"target\":{\"@type\":\"EntryPoint\",\"urlTemplate\":\"http:\/\/igfergon.com.mx\/?s={search_term_string}\"},\"query-input\":{\"@type\":\"PropertyValueSpecification\",\"valueRequired\":true,\"valueName\":\"search_term_string\"}}],\"inLanguage\":\"es\"},{\"@type\":\"Organization\",\"@id\":\"http:\/\/igfergon.com.mx\/#organization\",\"name\":\"El sitio del P. Ignacio Fern\u00e1ndez Gonz\u00e1lez\",\"url\":\"http:\/\/igfergon.com.mx\/\",\"logo\":{\"@type\":\"ImageObject\",\"inLanguage\":\"es\",\"@id\":\"http:\/\/igfergon.com.mx\/#\/schema\/logo\/image\/\",\"url\":\"http:\/\/igfergon.com.mx\/wp-content\/uploads\/2018\/09\/cropped-ORDNACION02-2.jpg\",\"contentUrl\":\"http:\/\/igfergon.com.mx\/wp-content\/uploads\/2018\/09\/cropped-ORDNACION02-2.jpg\",\"width\":250,\"height\":250,\"caption\":\"El sitio del P. Ignacio Fern\u00e1ndez Gonz\u00e1lez\"},\"image\":{\"@id\":\"http:\/\/igfergon.com.mx\/#\/schema\/logo\/image\/\"},\"sameAs\":[\"https:\/\/www.facebook.com\/\"]},{\"@type\":\"Person\",\"@id\":\"http:\/\/igfergon.com.mx\/#\/schema\/person\/b42517895faefafe2a81218226d90957\",\"name\":\"igfergon.com.mx\",\"image\":{\"@type\":\"ImageObject\",\"inLanguage\":\"es\",\"@id\":\"http:\/\/igfergon.com.mx\/#\/schema\/person\/image\/\",\"url\":\"https:\/\/secure.gravatar.com\/avatar\/9fd60c5591f2c6b18e76a917a69f35b0732f8532b3679d0132b3503b545db7a6?s=96&d=mm&r=g\",\"contentUrl\":\"https:\/\/secure.gravatar.com\/avatar\/9fd60c5591f2c6b18e76a917a69f35b0732f8532b3679d0132b3503b545db7a6?s=96&d=mm&r=g\",\"caption\":\"igfergon.com.mx\"},\"url\":\"http:\/\/igfergon.com.mx\/?author=1\"}]}<\/script>\n<!-- \/ Yoast SEO plugin. -->","yoast_head_json":{"title":"Martes de la XXVIII Semana Ordinaria - El sitio del P. Ignacio Fern\u00e1ndez Gonz\u00e1lez","robots":{"index":"index","follow":"follow","max-snippet":"max-snippet:-1","max-image-preview":"max-image-preview:large","max-video-preview":"max-video-preview:-1"},"canonical":"http:\/\/igfergon.com.mx\/?p=5616","og_locale":"es_ES","og_type":"article","og_title":"Martes de la XXVIII Semana Ordinaria - El sitio del P. Ignacio Fern\u00e1ndez Gonz\u00e1lez","og_description":"Rom 1,16-25 En estos pocos vers\u00edculos hay tal cantidad de material de reflexi\u00f3n que ser\u00eda imposible agotarlos en unas cuantas l\u00edneas, por eso centremos nuestra meditaci\u00f3n en el hecho de c\u00f3mo Dios ha puesto en el alma de todos los hombres el conocimiento necesario sobre \u00c9l de manera que todos, absolutamente todos lo puedan conocer &hellip; Continuar leyendo \"Martes de la XXVIII Semana Ordinaria\"","og_url":"http:\/\/igfergon.com.mx\/?p=5616","og_site_name":"El sitio del P. Ignacio Fern\u00e1ndez Gonz\u00e1lez","article_publisher":"https:\/\/www.facebook.com\/","article_published_time":"2025-10-14T08:42:09+00:00","article_modified_time":"2025-10-14T08:42:10+00:00","og_image":[{"width":200,"height":200,"url":"http:\/\/igfergon.com.mx\/wp-content\/uploads\/2025\/10\/Martes-28SO.jpg","type":"image\/jpeg"}],"author":"igfergon.com.mx","twitter_card":"summary_large_image","twitter_misc":{"Escrito por":"igfergon.com.mx","Tiempo de lectura":"4 minutos"},"schema":{"@context":"https:\/\/schema.org","@graph":[{"@type":"Article","@id":"http:\/\/igfergon.com.mx\/?p=5616#article","isPartOf":{"@id":"http:\/\/igfergon.com.mx\/?p=5616"},"author":{"name":"igfergon.com.mx","@id":"http:\/\/igfergon.com.mx\/#\/schema\/person\/b42517895faefafe2a81218226d90957"},"headline":"Martes de la XXVIII Semana Ordinaria","datePublished":"2025-10-14T08:42:09+00:00","dateModified":"2025-10-14T08:42:10+00:00","mainEntityOfPage":{"@id":"http:\/\/igfergon.com.mx\/?p=5616"},"wordCount":696,"publisher":{"@id":"http:\/\/igfergon.com.mx\/#organization"},"image":{"@id":"http:\/\/igfergon.com.mx\/?p=5616#primaryimage"},"thumbnailUrl":"http:\/\/igfergon.com.mx\/wp-content\/uploads\/2025\/10\/Martes-28SO.jpg","keywords":["comentario al evangelio","Homil\u00eda","homil\u00eda diaria","Martes de la XXVIII Semana Ordinaria"],"articleSection":["comentario al evangelio","homil\u00eda","homil\u00eda diaria","liturgia"],"inLanguage":"es"},{"@type":"WebPage","@id":"http:\/\/igfergon.com.mx\/?p=5616","url":"http:\/\/igfergon.com.mx\/?p=5616","name":"Martes de la XXVIII Semana Ordinaria - El sitio del P. Ignacio Fern\u00e1ndez Gonz\u00e1lez","isPartOf":{"@id":"http:\/\/igfergon.com.mx\/#website"},"primaryImageOfPage":{"@id":"http:\/\/igfergon.com.mx\/?p=5616#primaryimage"},"image":{"@id":"http:\/\/igfergon.com.mx\/?p=5616#primaryimage"},"thumbnailUrl":"http:\/\/igfergon.com.mx\/wp-content\/uploads\/2025\/10\/Martes-28SO.jpg","datePublished":"2025-10-14T08:42:09+00:00","dateModified":"2025-10-14T08:42:10+00:00","breadcrumb":{"@id":"http:\/\/igfergon.com.mx\/?p=5616#breadcrumb"},"inLanguage":"es","potentialAction":[{"@type":"ReadAction","target":["http:\/\/igfergon.com.mx\/?p=5616"]}]},{"@type":"ImageObject","inLanguage":"es","@id":"http:\/\/igfergon.com.mx\/?p=5616#primaryimage","url":"http:\/\/igfergon.com.mx\/wp-content\/uploads\/2025\/10\/Martes-28SO.jpg","contentUrl":"http:\/\/igfergon.com.mx\/wp-content\/uploads\/2025\/10\/Martes-28SO.jpg","width":200,"height":200},{"@type":"BreadcrumbList","@id":"http:\/\/igfergon.com.mx\/?p=5616#breadcrumb","itemListElement":[{"@type":"ListItem","position":1,"name":"Portada","item":"http:\/\/igfergon.com.mx\/"},{"@type":"ListItem","position":2,"name":"Martes de la XXVIII Semana Ordinaria"}]},{"@type":"WebSite","@id":"http:\/\/igfergon.com.mx\/#website","url":"http:\/\/igfergon.com.mx\/","name":"El sitio del P. Ignacio Fern\u00e1ndez Gonz\u00e1lez","description":"Para Ayudarte","publisher":{"@id":"http:\/\/igfergon.com.mx\/#organization"},"potentialAction":[{"@type":"SearchAction","target":{"@type":"EntryPoint","urlTemplate":"http:\/\/igfergon.com.mx\/?s={search_term_string}"},"query-input":{"@type":"PropertyValueSpecification","valueRequired":true,"valueName":"search_term_string"}}],"inLanguage":"es"},{"@type":"Organization","@id":"http:\/\/igfergon.com.mx\/#organization","name":"El sitio del P. Ignacio Fern\u00e1ndez Gonz\u00e1lez","url":"http:\/\/igfergon.com.mx\/","logo":{"@type":"ImageObject","inLanguage":"es","@id":"http:\/\/igfergon.com.mx\/#\/schema\/logo\/image\/","url":"http:\/\/igfergon.com.mx\/wp-content\/uploads\/2018\/09\/cropped-ORDNACION02-2.jpg","contentUrl":"http:\/\/igfergon.com.mx\/wp-content\/uploads\/2018\/09\/cropped-ORDNACION02-2.jpg","width":250,"height":250,"caption":"El sitio del P. Ignacio Fern\u00e1ndez Gonz\u00e1lez"},"image":{"@id":"http:\/\/igfergon.com.mx\/#\/schema\/logo\/image\/"},"sameAs":["https:\/\/www.facebook.com\/"]},{"@type":"Person","@id":"http:\/\/igfergon.com.mx\/#\/schema\/person\/b42517895faefafe2a81218226d90957","name":"igfergon.com.mx","image":{"@type":"ImageObject","inLanguage":"es","@id":"http:\/\/igfergon.com.mx\/#\/schema\/person\/image\/","url":"https:\/\/secure.gravatar.com\/avatar\/9fd60c5591f2c6b18e76a917a69f35b0732f8532b3679d0132b3503b545db7a6?s=96&d=mm&r=g","contentUrl":"https:\/\/secure.gravatar.com\/avatar\/9fd60c5591f2c6b18e76a917a69f35b0732f8532b3679d0132b3503b545db7a6?s=96&d=mm&r=g","caption":"igfergon.com.mx"},"url":"http:\/\/igfergon.com.mx\/?author=1"}]}},"_links":{"self":[{"href":"http:\/\/igfergon.com.mx\/index.php?rest_route=\/wp\/v2\/posts\/5616","targetHints":{"allow":["GET"]}}],"collection":[{"href":"http:\/\/igfergon.com.mx\/index.php?rest_route=\/wp\/v2\/posts"}],"about":[{"href":"http:\/\/igfergon.com.mx\/index.php?rest_route=\/wp\/v2\/types\/post"}],"author":[{"embeddable":true,"href":"http:\/\/igfergon.com.mx\/index.php?rest_route=\/wp\/v2\/users\/1"}],"replies":[{"embeddable":true,"href":"http:\/\/igfergon.com.mx\/index.php?rest_route=%2Fwp%2Fv2%2Fcomments&post=5616"}],"version-history":[{"count":1,"href":"http:\/\/igfergon.com.mx\/index.php?rest_route=\/wp\/v2\/posts\/5616\/revisions"}],"predecessor-version":[{"id":5618,"href":"http:\/\/igfergon.com.mx\/index.php?rest_route=\/wp\/v2\/posts\/5616\/revisions\/5618"}],"wp:attachment":[{"href":"http:\/\/igfergon.com.mx\/index.php?rest_route=%2Fwp%2Fv2%2Fmedia&parent=5616"}],"wp:term":[{"taxonomy":"category","embeddable":true,"href":"http:\/\/igfergon.com.mx\/index.php?rest_route=%2Fwp%2Fv2%2Fcategories&post=5616"},{"taxonomy":"post_tag","embeddable":true,"href":"http:\/\/igfergon.com.mx\/index.php?rest_route=%2Fwp%2Fv2%2Ftags&post=5616"}],"curies":[{"name":"wp","href":"https:\/\/api.w.org\/{rel}","templated":true}]}}