{"id":5620,"date":"2025-10-15T09:21:36","date_gmt":"2025-10-15T07:21:36","guid":{"rendered":"http:\/\/igfergon.com.mx\/?p=5620"},"modified":"2025-10-15T09:21:38","modified_gmt":"2025-10-15T07:21:38","slug":"miercoles-de-la-xxviii-semana-ordinaria-2","status":"publish","type":"post","link":"http:\/\/igfergon.com.mx\/?p=5620","title":{"rendered":"Mi\u00e9rcoles de la XXVIII Semana Ordinaria"},"content":{"rendered":"<div class=\"wp-block-image\">\n<figure class=\"aligncenter size-full\"><img loading=\"lazy\" decoding=\"async\" width=\"305\" height=\"165\" src=\"http:\/\/igfergon.com.mx\/wp-content\/uploads\/2025\/10\/Miercoles-28SO.jpg\" alt=\"\" class=\"wp-image-5622\" srcset=\"http:\/\/igfergon.com.mx\/wp-content\/uploads\/2025\/10\/Miercoles-28SO.jpg 305w, http:\/\/igfergon.com.mx\/wp-content\/uploads\/2025\/10\/Miercoles-28SO-300x162.jpg 300w, http:\/\/igfergon.com.mx\/wp-content\/uploads\/2025\/10\/Miercoles-28SO-200x108.jpg 200w\" sizes=\"auto, (max-width: 305px) 100vw, 305px\" \/><\/figure>\n<\/div>\n\n\n<h4 class=\"wp-block-heading\">Rm 2,1-11<\/h4>\n\n\n\n<p>Uno de los elementos que valdr\u00eda la pena subrayar en nuestra reflexi\u00f3n es el hecho de que para Dios no hay \u00abfavoritismo\u00bb.<\/p>\n\n\n\n<p>Esto porque algunos de nuestros hermanos, los cuales por desgracia no son asiduos a la oraci\u00f3n, ni frecuentan la Eucarist\u00eda dominical, y se concretan a la vida exterior: bautizar a los hijos, la primera comuni\u00f3n, etc. pero que creen que por el hecho de ser bautizados ya aseguraron un lugar en el cielo; o por otro lado aquellos, que de modo contrario, no pierden una misa, se confiesan, etc., pero llevan una vida personal y familiar desordenada y piensan que por el hecho de sus pr\u00e1cticas religiosas van alcanzar el premio eterno.<\/p>\n\n\n\n<p>Desde los profetas, como Am\u00f3s, Oseas, Isa\u00edas, hasta Jes\u00fas y Pablo, todos condenan fuertemente la doble postura de quien se acerca a Dios pero comete injusticias contra los dem\u00e1s; o bien de quien condena a los dem\u00e1s por las malas acciones, las mismas de las cuales f\u00e1cilmente \u00e9l se disculpa.<\/p>\n\n\n\n<p>San Pablo en su carta a los Romanos dice claramente: \u201cNo tienes disculpa t\u00fa, quienquiera que seas, que te constituyes en juez de los dem\u00e1s, pues al condenarlos, te condenas a ti mismo, ya que t\u00fa haces las mismas cosas que condenas\u201d. Es muy f\u00e1cil condenar y criticar a los dem\u00e1s, es m\u00e1s dif\u00edcil objetivamente juzgarnos y valorarnos a nosotros mismos.<\/p>\n\n\n\n<h4 class=\"wp-block-heading\">Lc 11,42-46<\/h4>\n\n\n\n<p>La ley tiene como \u00fanico fin ayudarnos a vivir de acuerdo al amor. Cada uno de los mandamientos expresa el deseo de Dios de que el hombre crezca y madure en el amor.<\/p>\n\n\n\n<p>Sin embargo cuando la ley se convierte en fin en s\u00ed misma deja de expresar<br>el deseo del legislador y se convierte en un yugo dif\u00edcil de llevar. Peor aun cuando nosotros mismos nos convertimos en los legisladores para hacer una ley a nuestra medida y necesidades, pues esto lejos de conducirnos a la meta que es Dios, nos aleja de \u00c9l y nos confina a la oscuridad, a la ignorancia, a la angustia.<\/p>\n\n\n\n<p>San Lucas tambi\u00e9n hoy nos presenta estos \u201cayes\u201d o condenas que hace Jes\u00fas tanto de los fariseos como de los doctores de la ley. La reprobaci\u00f3n de Jes\u00fas no es contra los que pagan diezmos, sino en contra de los que, fij\u00e1ndose en estas peque\u00f1eces, se olvidan de la justicia y del amor de Dios.<\/p>\n\n\n\n<p>La condenaci\u00f3n de Jes\u00fas es muy fuerte hasta llamarlos \u201csepulcros\u201d, o reprenderlos porque buscan ocupar los lugares de honor en las sinagogas y recibir las reverencias en las plazas. A los doctores de la ley les aplica la misma sentencia de San Pablo: \u201cagobi\u00e1is a la gente con cargas insoportables, pero vosotros no las toc\u00e1is ni con la punta del dedo\u201d.<\/p>\n\n\n\n<p>A veces nos imaginamos a los fariseos y a los doctores de la ley como personas malvadas y dignas de reprobaci\u00f3n, pero ellos eran considerados los maestros y quienes mejor conoc\u00edan y cumpl\u00edan la ley.<\/p>\n\n\n\n<p>Me temo que a muchos de nosotros Cristo hoy nos tendr\u00eda que aplicar estas mismas condenas y reprobaciones. Con frecuencia condenamos de lo mismo que estamos padeciendo nosotros. Y, si bien realizamos actividades que est\u00e1n a la vista de todos, que nos producen reconocimiento,&nbsp;estamos cometiendo injusticias y rechazando a los hermanos.<\/p>\n\n\n\n<p>\u00bfQu\u00e9 nos dice Jes\u00fas hoy a nosotros? \u00bfQu\u00e9 condena de nuestra vida?<\/p>\n\n\n\n<p><\/p>\n","protected":false},"excerpt":{"rendered":"<p>Rm 2,1-11 Uno de los elementos que valdr\u00eda la pena subrayar en nuestra reflexi\u00f3n es el hecho de que para Dios no hay \u00abfavoritismo\u00bb. Esto porque algunos de nuestros hermanos, los cuales por desgracia no son asiduos a la oraci\u00f3n, ni frecuentan la Eucarist\u00eda dominical, y se concretan a la vida exterior: bautizar a los &hellip; <\/p>\n<p class=\"link-more\"><a href=\"http:\/\/igfergon.com.mx\/?p=5620\" class=\"more-link\">Continuar leyendo<span class=\"screen-reader-text\"> \u00abMi\u00e9rcoles de la XXVIII Semana Ordinaria\u00bb<\/span><\/a><\/p>\n","protected":false},"author":1,"featured_media":0,"comment_status":"closed","ping_status":"closed","sticky":false,"template":"","format":"standard","meta":{"footnotes":""},"categories":[13,14,10,1],"tags":[69,8,6,7,494],"class_list":["post-5620","post","type-post","status-publish","format-standard","hentry","category-comentario-al-evangelio","category-homilia","category-homilia-diaria","category-uncategorized","tag-comentario-al-evangelio-2","tag-homilia","tag-homilia-diaria","tag-liturgia","tag-miercoles-de-la-xxviii-semana-ordinaria"],"yoast_head":"<!-- This site is optimized with the Yoast SEO plugin v26.0 - https:\/\/yoast.com\/wordpress\/plugins\/seo\/ -->\n<title>Mi\u00e9rcoles de la XXVIII Semana Ordinaria - El sitio del P. Ignacio Fern\u00e1ndez Gonz\u00e1lez<\/title>\n<meta name=\"robots\" content=\"index, follow, max-snippet:-1, max-image-preview:large, max-video-preview:-1\" \/>\n<link rel=\"canonical\" href=\"http:\/\/igfergon.com.mx\/?p=5620\" \/>\n<meta property=\"og:locale\" content=\"es_ES\" \/>\n<meta property=\"og:type\" content=\"article\" \/>\n<meta property=\"og:title\" content=\"Mi\u00e9rcoles de la XXVIII Semana Ordinaria - El sitio del P. Ignacio Fern\u00e1ndez Gonz\u00e1lez\" \/>\n<meta property=\"og:description\" content=\"Rm 2,1-11 Uno de los elementos que valdr\u00eda la pena subrayar en nuestra reflexi\u00f3n es el hecho de que para Dios no hay \u00abfavoritismo\u00bb. Esto porque algunos de nuestros hermanos, los cuales por desgracia no son asiduos a la oraci\u00f3n, ni frecuentan la Eucarist\u00eda dominical, y se concretan a la vida exterior: bautizar a los &hellip; Continuar leyendo &quot;Mi\u00e9rcoles de la XXVIII Semana Ordinaria&quot;\" \/>\n<meta property=\"og:url\" content=\"http:\/\/igfergon.com.mx\/?p=5620\" \/>\n<meta property=\"og:site_name\" content=\"El sitio del P. Ignacio Fern\u00e1ndez Gonz\u00e1lez\" \/>\n<meta property=\"article:publisher\" content=\"https:\/\/www.facebook.com\/\" \/>\n<meta property=\"article:published_time\" content=\"2025-10-15T07:21:36+00:00\" \/>\n<meta property=\"article:modified_time\" content=\"2025-10-15T07:21:38+00:00\" \/>\n<meta property=\"og:image\" content=\"http:\/\/igfergon.com.mx\/wp-content\/uploads\/2025\/10\/Miercoles-28SO.jpg\" \/>\n\t<meta property=\"og:image:width\" content=\"305\" \/>\n\t<meta property=\"og:image:height\" content=\"165\" \/>\n\t<meta property=\"og:image:type\" content=\"image\/jpeg\" \/>\n<meta name=\"author\" content=\"igfergon.com.mx\" \/>\n<meta name=\"twitter:card\" content=\"summary_large_image\" \/>\n<meta name=\"twitter:label1\" content=\"Escrito por\" \/>\n\t<meta name=\"twitter:data1\" content=\"igfergon.com.mx\" \/>\n\t<meta name=\"twitter:label2\" content=\"Tiempo de lectura\" \/>\n\t<meta name=\"twitter:data2\" content=\"3 minutos\" \/>\n<script type=\"application\/ld+json\" class=\"yoast-schema-graph\">{\"@context\":\"https:\/\/schema.org\",\"@graph\":[{\"@type\":\"Article\",\"@id\":\"http:\/\/igfergon.com.mx\/?p=5620#article\",\"isPartOf\":{\"@id\":\"http:\/\/igfergon.com.mx\/?p=5620\"},\"author\":{\"name\":\"igfergon.com.mx\",\"@id\":\"http:\/\/igfergon.com.mx\/#\/schema\/person\/b42517895faefafe2a81218226d90957\"},\"headline\":\"Mi\u00e9rcoles de la XXVIII Semana Ordinaria\",\"datePublished\":\"2025-10-15T07:21:36+00:00\",\"dateModified\":\"2025-10-15T07:21:38+00:00\",\"mainEntityOfPage\":{\"@id\":\"http:\/\/igfergon.com.mx\/?p=5620\"},\"wordCount\":592,\"publisher\":{\"@id\":\"http:\/\/igfergon.com.mx\/#organization\"},\"image\":{\"@id\":\"http:\/\/igfergon.com.mx\/?p=5620#primaryimage\"},\"thumbnailUrl\":\"http:\/\/igfergon.com.mx\/wp-content\/uploads\/2025\/10\/Miercoles-28SO.jpg\",\"keywords\":[\"comentario al evangelio\",\"Homil\u00eda\",\"homil\u00eda diaria\",\"liturgia\",\"Mi\u00e9rcoles de la XXVIII Semana Ordinaria\"],\"articleSection\":[\"comentario al evangelio\",\"homil\u00eda\",\"homil\u00eda diaria\",\"liturgia\"],\"inLanguage\":\"es\"},{\"@type\":\"WebPage\",\"@id\":\"http:\/\/igfergon.com.mx\/?p=5620\",\"url\":\"http:\/\/igfergon.com.mx\/?p=5620\",\"name\":\"Mi\u00e9rcoles de la XXVIII Semana Ordinaria - El sitio del P. Ignacio Fern\u00e1ndez Gonz\u00e1lez\",\"isPartOf\":{\"@id\":\"http:\/\/igfergon.com.mx\/#website\"},\"primaryImageOfPage\":{\"@id\":\"http:\/\/igfergon.com.mx\/?p=5620#primaryimage\"},\"image\":{\"@id\":\"http:\/\/igfergon.com.mx\/?p=5620#primaryimage\"},\"thumbnailUrl\":\"http:\/\/igfergon.com.mx\/wp-content\/uploads\/2025\/10\/Miercoles-28SO.jpg\",\"datePublished\":\"2025-10-15T07:21:36+00:00\",\"dateModified\":\"2025-10-15T07:21:38+00:00\",\"breadcrumb\":{\"@id\":\"http:\/\/igfergon.com.mx\/?p=5620#breadcrumb\"},\"inLanguage\":\"es\",\"potentialAction\":[{\"@type\":\"ReadAction\",\"target\":[\"http:\/\/igfergon.com.mx\/?p=5620\"]}]},{\"@type\":\"ImageObject\",\"inLanguage\":\"es\",\"@id\":\"http:\/\/igfergon.com.mx\/?p=5620#primaryimage\",\"url\":\"http:\/\/igfergon.com.mx\/wp-content\/uploads\/2025\/10\/Miercoles-28SO.jpg\",\"contentUrl\":\"http:\/\/igfergon.com.mx\/wp-content\/uploads\/2025\/10\/Miercoles-28SO.jpg\",\"width\":305,\"height\":165},{\"@type\":\"BreadcrumbList\",\"@id\":\"http:\/\/igfergon.com.mx\/?p=5620#breadcrumb\",\"itemListElement\":[{\"@type\":\"ListItem\",\"position\":1,\"name\":\"Portada\",\"item\":\"http:\/\/igfergon.com.mx\/\"},{\"@type\":\"ListItem\",\"position\":2,\"name\":\"Mi\u00e9rcoles de la XXVIII Semana Ordinaria\"}]},{\"@type\":\"WebSite\",\"@id\":\"http:\/\/igfergon.com.mx\/#website\",\"url\":\"http:\/\/igfergon.com.mx\/\",\"name\":\"El sitio del P. Ignacio Fern\u00e1ndez Gonz\u00e1lez\",\"description\":\"Para Ayudarte\",\"publisher\":{\"@id\":\"http:\/\/igfergon.com.mx\/#organization\"},\"potentialAction\":[{\"@type\":\"SearchAction\",\"target\":{\"@type\":\"EntryPoint\",\"urlTemplate\":\"http:\/\/igfergon.com.mx\/?s={search_term_string}\"},\"query-input\":{\"@type\":\"PropertyValueSpecification\",\"valueRequired\":true,\"valueName\":\"search_term_string\"}}],\"inLanguage\":\"es\"},{\"@type\":\"Organization\",\"@id\":\"http:\/\/igfergon.com.mx\/#organization\",\"name\":\"El sitio del P. Ignacio Fern\u00e1ndez Gonz\u00e1lez\",\"url\":\"http:\/\/igfergon.com.mx\/\",\"logo\":{\"@type\":\"ImageObject\",\"inLanguage\":\"es\",\"@id\":\"http:\/\/igfergon.com.mx\/#\/schema\/logo\/image\/\",\"url\":\"http:\/\/igfergon.com.mx\/wp-content\/uploads\/2018\/09\/cropped-ORDNACION02-2.jpg\",\"contentUrl\":\"http:\/\/igfergon.com.mx\/wp-content\/uploads\/2018\/09\/cropped-ORDNACION02-2.jpg\",\"width\":250,\"height\":250,\"caption\":\"El sitio del P. Ignacio Fern\u00e1ndez Gonz\u00e1lez\"},\"image\":{\"@id\":\"http:\/\/igfergon.com.mx\/#\/schema\/logo\/image\/\"},\"sameAs\":[\"https:\/\/www.facebook.com\/\"]},{\"@type\":\"Person\",\"@id\":\"http:\/\/igfergon.com.mx\/#\/schema\/person\/b42517895faefafe2a81218226d90957\",\"name\":\"igfergon.com.mx\",\"image\":{\"@type\":\"ImageObject\",\"inLanguage\":\"es\",\"@id\":\"http:\/\/igfergon.com.mx\/#\/schema\/person\/image\/\",\"url\":\"https:\/\/secure.gravatar.com\/avatar\/9fd60c5591f2c6b18e76a917a69f35b0732f8532b3679d0132b3503b545db7a6?s=96&d=mm&r=g\",\"contentUrl\":\"https:\/\/secure.gravatar.com\/avatar\/9fd60c5591f2c6b18e76a917a69f35b0732f8532b3679d0132b3503b545db7a6?s=96&d=mm&r=g\",\"caption\":\"igfergon.com.mx\"},\"url\":\"http:\/\/igfergon.com.mx\/?author=1\"}]}<\/script>\n<!-- \/ Yoast SEO plugin. -->","yoast_head_json":{"title":"Mi\u00e9rcoles de la XXVIII Semana Ordinaria - El sitio del P. Ignacio Fern\u00e1ndez Gonz\u00e1lez","robots":{"index":"index","follow":"follow","max-snippet":"max-snippet:-1","max-image-preview":"max-image-preview:large","max-video-preview":"max-video-preview:-1"},"canonical":"http:\/\/igfergon.com.mx\/?p=5620","og_locale":"es_ES","og_type":"article","og_title":"Mi\u00e9rcoles de la XXVIII Semana Ordinaria - El sitio del P. Ignacio Fern\u00e1ndez Gonz\u00e1lez","og_description":"Rm 2,1-11 Uno de los elementos que valdr\u00eda la pena subrayar en nuestra reflexi\u00f3n es el hecho de que para Dios no hay \u00abfavoritismo\u00bb. Esto porque algunos de nuestros hermanos, los cuales por desgracia no son asiduos a la oraci\u00f3n, ni frecuentan la Eucarist\u00eda dominical, y se concretan a la vida exterior: bautizar a los &hellip; Continuar leyendo \"Mi\u00e9rcoles de la XXVIII Semana Ordinaria\"","og_url":"http:\/\/igfergon.com.mx\/?p=5620","og_site_name":"El sitio del P. Ignacio Fern\u00e1ndez Gonz\u00e1lez","article_publisher":"https:\/\/www.facebook.com\/","article_published_time":"2025-10-15T07:21:36+00:00","article_modified_time":"2025-10-15T07:21:38+00:00","og_image":[{"width":305,"height":165,"url":"http:\/\/igfergon.com.mx\/wp-content\/uploads\/2025\/10\/Miercoles-28SO.jpg","type":"image\/jpeg"}],"author":"igfergon.com.mx","twitter_card":"summary_large_image","twitter_misc":{"Escrito por":"igfergon.com.mx","Tiempo de lectura":"3 minutos"},"schema":{"@context":"https:\/\/schema.org","@graph":[{"@type":"Article","@id":"http:\/\/igfergon.com.mx\/?p=5620#article","isPartOf":{"@id":"http:\/\/igfergon.com.mx\/?p=5620"},"author":{"name":"igfergon.com.mx","@id":"http:\/\/igfergon.com.mx\/#\/schema\/person\/b42517895faefafe2a81218226d90957"},"headline":"Mi\u00e9rcoles de la XXVIII Semana Ordinaria","datePublished":"2025-10-15T07:21:36+00:00","dateModified":"2025-10-15T07:21:38+00:00","mainEntityOfPage":{"@id":"http:\/\/igfergon.com.mx\/?p=5620"},"wordCount":592,"publisher":{"@id":"http:\/\/igfergon.com.mx\/#organization"},"image":{"@id":"http:\/\/igfergon.com.mx\/?p=5620#primaryimage"},"thumbnailUrl":"http:\/\/igfergon.com.mx\/wp-content\/uploads\/2025\/10\/Miercoles-28SO.jpg","keywords":["comentario al evangelio","Homil\u00eda","homil\u00eda diaria","liturgia","Mi\u00e9rcoles de la XXVIII Semana Ordinaria"],"articleSection":["comentario al evangelio","homil\u00eda","homil\u00eda diaria","liturgia"],"inLanguage":"es"},{"@type":"WebPage","@id":"http:\/\/igfergon.com.mx\/?p=5620","url":"http:\/\/igfergon.com.mx\/?p=5620","name":"Mi\u00e9rcoles de la XXVIII Semana Ordinaria - El sitio del P. Ignacio Fern\u00e1ndez Gonz\u00e1lez","isPartOf":{"@id":"http:\/\/igfergon.com.mx\/#website"},"primaryImageOfPage":{"@id":"http:\/\/igfergon.com.mx\/?p=5620#primaryimage"},"image":{"@id":"http:\/\/igfergon.com.mx\/?p=5620#primaryimage"},"thumbnailUrl":"http:\/\/igfergon.com.mx\/wp-content\/uploads\/2025\/10\/Miercoles-28SO.jpg","datePublished":"2025-10-15T07:21:36+00:00","dateModified":"2025-10-15T07:21:38+00:00","breadcrumb":{"@id":"http:\/\/igfergon.com.mx\/?p=5620#breadcrumb"},"inLanguage":"es","potentialAction":[{"@type":"ReadAction","target":["http:\/\/igfergon.com.mx\/?p=5620"]}]},{"@type":"ImageObject","inLanguage":"es","@id":"http:\/\/igfergon.com.mx\/?p=5620#primaryimage","url":"http:\/\/igfergon.com.mx\/wp-content\/uploads\/2025\/10\/Miercoles-28SO.jpg","contentUrl":"http:\/\/igfergon.com.mx\/wp-content\/uploads\/2025\/10\/Miercoles-28SO.jpg","width":305,"height":165},{"@type":"BreadcrumbList","@id":"http:\/\/igfergon.com.mx\/?p=5620#breadcrumb","itemListElement":[{"@type":"ListItem","position":1,"name":"Portada","item":"http:\/\/igfergon.com.mx\/"},{"@type":"ListItem","position":2,"name":"Mi\u00e9rcoles de la XXVIII Semana Ordinaria"}]},{"@type":"WebSite","@id":"http:\/\/igfergon.com.mx\/#website","url":"http:\/\/igfergon.com.mx\/","name":"El sitio del P. Ignacio Fern\u00e1ndez Gonz\u00e1lez","description":"Para Ayudarte","publisher":{"@id":"http:\/\/igfergon.com.mx\/#organization"},"potentialAction":[{"@type":"SearchAction","target":{"@type":"EntryPoint","urlTemplate":"http:\/\/igfergon.com.mx\/?s={search_term_string}"},"query-input":{"@type":"PropertyValueSpecification","valueRequired":true,"valueName":"search_term_string"}}],"inLanguage":"es"},{"@type":"Organization","@id":"http:\/\/igfergon.com.mx\/#organization","name":"El sitio del P. Ignacio Fern\u00e1ndez Gonz\u00e1lez","url":"http:\/\/igfergon.com.mx\/","logo":{"@type":"ImageObject","inLanguage":"es","@id":"http:\/\/igfergon.com.mx\/#\/schema\/logo\/image\/","url":"http:\/\/igfergon.com.mx\/wp-content\/uploads\/2018\/09\/cropped-ORDNACION02-2.jpg","contentUrl":"http:\/\/igfergon.com.mx\/wp-content\/uploads\/2018\/09\/cropped-ORDNACION02-2.jpg","width":250,"height":250,"caption":"El sitio del P. Ignacio Fern\u00e1ndez Gonz\u00e1lez"},"image":{"@id":"http:\/\/igfergon.com.mx\/#\/schema\/logo\/image\/"},"sameAs":["https:\/\/www.facebook.com\/"]},{"@type":"Person","@id":"http:\/\/igfergon.com.mx\/#\/schema\/person\/b42517895faefafe2a81218226d90957","name":"igfergon.com.mx","image":{"@type":"ImageObject","inLanguage":"es","@id":"http:\/\/igfergon.com.mx\/#\/schema\/person\/image\/","url":"https:\/\/secure.gravatar.com\/avatar\/9fd60c5591f2c6b18e76a917a69f35b0732f8532b3679d0132b3503b545db7a6?s=96&d=mm&r=g","contentUrl":"https:\/\/secure.gravatar.com\/avatar\/9fd60c5591f2c6b18e76a917a69f35b0732f8532b3679d0132b3503b545db7a6?s=96&d=mm&r=g","caption":"igfergon.com.mx"},"url":"http:\/\/igfergon.com.mx\/?author=1"}]}},"_links":{"self":[{"href":"http:\/\/igfergon.com.mx\/index.php?rest_route=\/wp\/v2\/posts\/5620","targetHints":{"allow":["GET"]}}],"collection":[{"href":"http:\/\/igfergon.com.mx\/index.php?rest_route=\/wp\/v2\/posts"}],"about":[{"href":"http:\/\/igfergon.com.mx\/index.php?rest_route=\/wp\/v2\/types\/post"}],"author":[{"embeddable":true,"href":"http:\/\/igfergon.com.mx\/index.php?rest_route=\/wp\/v2\/users\/1"}],"replies":[{"embeddable":true,"href":"http:\/\/igfergon.com.mx\/index.php?rest_route=%2Fwp%2Fv2%2Fcomments&post=5620"}],"version-history":[{"count":1,"href":"http:\/\/igfergon.com.mx\/index.php?rest_route=\/wp\/v2\/posts\/5620\/revisions"}],"predecessor-version":[{"id":5623,"href":"http:\/\/igfergon.com.mx\/index.php?rest_route=\/wp\/v2\/posts\/5620\/revisions\/5623"}],"wp:attachment":[{"href":"http:\/\/igfergon.com.mx\/index.php?rest_route=%2Fwp%2Fv2%2Fmedia&parent=5620"}],"wp:term":[{"taxonomy":"category","embeddable":true,"href":"http:\/\/igfergon.com.mx\/index.php?rest_route=%2Fwp%2Fv2%2Fcategories&post=5620"},{"taxonomy":"post_tag","embeddable":true,"href":"http:\/\/igfergon.com.mx\/index.php?rest_route=%2Fwp%2Fv2%2Ftags&post=5620"}],"curies":[{"name":"wp","href":"https:\/\/api.w.org\/{rel}","templated":true}]}}