{"id":5624,"date":"2025-10-16T09:32:39","date_gmt":"2025-10-16T07:32:39","guid":{"rendered":"http:\/\/igfergon.com.mx\/?p=5624"},"modified":"2025-10-16T09:32:42","modified_gmt":"2025-10-16T07:32:42","slug":"jueves-xxviii-semana-ordinaria","status":"publish","type":"post","link":"http:\/\/igfergon.com.mx\/?p=5624","title":{"rendered":"Jueves XXVIII Semana Ordinaria"},"content":{"rendered":"<div class=\"wp-block-image\">\n<figure class=\"aligncenter size-full is-resized\"><img loading=\"lazy\" decoding=\"async\" width=\"283\" height=\"178\" src=\"http:\/\/igfergon.com.mx\/wp-content\/uploads\/2025\/10\/Jueves-28SO-1.jpg\" alt=\"\" class=\"wp-image-5626\" style=\"width:283px;height:auto\" srcset=\"http:\/\/igfergon.com.mx\/wp-content\/uploads\/2025\/10\/Jueves-28SO-1.jpg 283w, http:\/\/igfergon.com.mx\/wp-content\/uploads\/2025\/10\/Jueves-28SO-1-200x126.jpg 200w\" sizes=\"auto, (max-width: 283px) 100vw, 283px\" \/><\/figure>\n<\/div>\n\n\n<p><strong>Rom 3, 21-30<\/strong><\/p>\n\n\n\n<p>Aun cuando todos hab\u00edamos sido encerrados en el Pecado y \u00e9ramos incapaces de que tomase posesi\u00f3n de nosotros la Gloria de Dios a causa de nuestras maldades, Dios quiso manifestar a todos su fuerza salvadora, al ser \u00c9l mismo salvador, y salvar a todo el que cree en Jes\u00fas. \u00c9l se ha convertido en fuente de salvaci\u00f3n para toda la humanidad, pues mediante su sangre derramada por nosotros se ha convertido para nosotros en instrumento de perd\u00f3n. As\u00ed, mediante la fe en Cristo se ha abierto el camino que nos conduce a la uni\u00f3n con Dios; y a ese camino no s\u00f3lo tienen acceso los jud\u00edos, sino todos, incluso los paganos.<\/p>\n\n\n\n<p>Basta proclamar con la boca que Jes\u00fas es el Se\u00f1or y creer en el coraz\u00f3n que Dios lo ha resucitado de entre los muertos para salvarse. Y eso no est\u00e1 limitado a los jud\u00edos, sino abierto a todo hombre de buena voluntad que, respondiendo al llamado de Dios, crea en Cristo Jes\u00fas y se deje justificar por \u00c9l. Por eso no queramos limitar la salvaci\u00f3n anunci\u00e1ndola a unos cuantos; no queramos salvar s\u00f3lo a quienes consideramos buenos, sino que, como verdaderos ap\u00f3stoles del Se\u00f1or, esforc\u00e9monos continuamente en trabajar para que, especialmente los pecadores y quienes viven como si Dios no existiera, reciban la Luz, la Gracia, la Vida, el Perd\u00f3n y la Salvaci\u00f3n que Dios nos ha ofrecido a todos en Cristo Jes\u00fas.<strong><\/strong><\/p>\n\n\n\n<p><strong>Lc 11, 47-54<\/strong><\/p>\n\n\n\n<p>La hipocres\u00eda es aborrecida por Dios; porque no hay nada peor en el alma de un creyente que este terrible pecado. Dios aborrece al que no es sincero y quiere aparentar lo que no es en la realidad.&nbsp; Dios sigue mandando al mundo de hoy los profetas que predican la verdad, pero de nuevo el hombre vuelve la vista y hace o\u00eddos sordos a la verdad. De nuevo volvemos a matar la verdad que Dios sigue proclamando.<\/p>\n\n\n\n<p>El Santo Padre, el Papa, es el profeta que Dios ha elegido para este siglo lleno de crisis espirituales; lo ha elegido para que todos los miembros de su Iglesia encuentren siempre la verdad que salva.<\/p>\n\n\n\n<p>Mi fe en Cristo no puede estar separada de mi fe en la Iglesia y mi fe en el Papa; y de aqu\u00ed ha de brotar mi certeza de que en todo momento he de defender al Papa y sus ense\u00f1anzas.<\/p>\n\n\n\n<p>\u00bfNo seremos nosotros, tal vez, los que estamos matando a nuestros propios profetas? Porque con frecuencia se escuchan palabras de disconformidad y rechazo hacia quien ha recibido de Cristo la misi\u00f3n de guiar a la Iglesia.<\/p>\n\n\n\n<p>El Papa es esa voz que hoy defiende la verdad ante los atropellos y las injusticias. Y esa verdad es siempre la misma, no cambia con los a\u00f1os.<\/p>\n\n\n\n<p>De la mano de Mar\u00eda siempre estaremos seguros de ir por el buen camino, por el camino de la verdad de Cristo y de su Iglesia, que es la misma verdad.<\/p>\n","protected":false},"excerpt":{"rendered":"<p>Rom 3, 21-30 Aun cuando todos hab\u00edamos sido encerrados en el Pecado y \u00e9ramos incapaces de que tomase posesi\u00f3n de nosotros la Gloria de Dios a causa de nuestras maldades, Dios quiso manifestar a todos su fuerza salvadora, al ser \u00c9l mismo salvador, y salvar a todo el que cree en Jes\u00fas. \u00c9l se ha &hellip; <\/p>\n<p class=\"link-more\"><a href=\"http:\/\/igfergon.com.mx\/?p=5624\" class=\"more-link\">Continuar leyendo<span class=\"screen-reader-text\"> \u00abJueves XXVIII Semana Ordinaria\u00bb<\/span><\/a><\/p>\n","protected":false},"author":1,"featured_media":0,"comment_status":"closed","ping_status":"closed","sticky":false,"template":"","format":"standard","meta":{"footnotes":""},"categories":[13,14,10,1],"tags":[69,8,6,636],"class_list":["post-5624","post","type-post","status-publish","format-standard","hentry","category-comentario-al-evangelio","category-homilia","category-homilia-diaria","category-uncategorized","tag-comentario-al-evangelio-2","tag-homilia","tag-homilia-diaria","tag-jueves-xxviii-semana-ordinaria"],"yoast_head":"<!-- This site is optimized with the Yoast SEO plugin v26.0 - https:\/\/yoast.com\/wordpress\/plugins\/seo\/ -->\n<title>Jueves XXVIII Semana Ordinaria - El sitio del P. Ignacio Fern\u00e1ndez Gonz\u00e1lez<\/title>\n<meta name=\"robots\" content=\"index, follow, max-snippet:-1, max-image-preview:large, max-video-preview:-1\" \/>\n<link rel=\"canonical\" href=\"http:\/\/igfergon.com.mx\/?p=5624\" \/>\n<meta property=\"og:locale\" content=\"es_ES\" \/>\n<meta property=\"og:type\" content=\"article\" \/>\n<meta property=\"og:title\" content=\"Jueves XXVIII Semana Ordinaria - El sitio del P. Ignacio Fern\u00e1ndez Gonz\u00e1lez\" \/>\n<meta property=\"og:description\" content=\"Rom 3, 21-30 Aun cuando todos hab\u00edamos sido encerrados en el Pecado y \u00e9ramos incapaces de que tomase posesi\u00f3n de nosotros la Gloria de Dios a causa de nuestras maldades, Dios quiso manifestar a todos su fuerza salvadora, al ser \u00c9l mismo salvador, y salvar a todo el que cree en Jes\u00fas. \u00c9l se ha &hellip; Continuar leyendo &quot;Jueves XXVIII Semana Ordinaria&quot;\" \/>\n<meta property=\"og:url\" content=\"http:\/\/igfergon.com.mx\/?p=5624\" \/>\n<meta property=\"og:site_name\" content=\"El sitio del P. Ignacio Fern\u00e1ndez Gonz\u00e1lez\" \/>\n<meta property=\"article:publisher\" content=\"https:\/\/www.facebook.com\/\" \/>\n<meta property=\"article:published_time\" content=\"2025-10-16T07:32:39+00:00\" \/>\n<meta property=\"article:modified_time\" content=\"2025-10-16T07:32:42+00:00\" \/>\n<meta property=\"og:image\" content=\"http:\/\/igfergon.com.mx\/wp-content\/uploads\/2025\/10\/Jueves-28SO-1.jpg\" \/>\n\t<meta property=\"og:image:width\" content=\"283\" \/>\n\t<meta property=\"og:image:height\" content=\"178\" \/>\n\t<meta property=\"og:image:type\" content=\"image\/jpeg\" \/>\n<meta name=\"author\" content=\"igfergon.com.mx\" \/>\n<meta name=\"twitter:card\" content=\"summary_large_image\" \/>\n<meta name=\"twitter:label1\" content=\"Escrito por\" \/>\n\t<meta name=\"twitter:data1\" content=\"igfergon.com.mx\" \/>\n\t<meta name=\"twitter:label2\" content=\"Tiempo de lectura\" \/>\n\t<meta name=\"twitter:data2\" content=\"3 minutos\" \/>\n<script type=\"application\/ld+json\" class=\"yoast-schema-graph\">{\"@context\":\"https:\/\/schema.org\",\"@graph\":[{\"@type\":\"Article\",\"@id\":\"http:\/\/igfergon.com.mx\/?p=5624#article\",\"isPartOf\":{\"@id\":\"http:\/\/igfergon.com.mx\/?p=5624\"},\"author\":{\"name\":\"igfergon.com.mx\",\"@id\":\"http:\/\/igfergon.com.mx\/#\/schema\/person\/b42517895faefafe2a81218226d90957\"},\"headline\":\"Jueves XXVIII Semana Ordinaria\",\"datePublished\":\"2025-10-16T07:32:39+00:00\",\"dateModified\":\"2025-10-16T07:32:42+00:00\",\"mainEntityOfPage\":{\"@id\":\"http:\/\/igfergon.com.mx\/?p=5624\"},\"wordCount\":520,\"publisher\":{\"@id\":\"http:\/\/igfergon.com.mx\/#organization\"},\"image\":{\"@id\":\"http:\/\/igfergon.com.mx\/?p=5624#primaryimage\"},\"thumbnailUrl\":\"http:\/\/igfergon.com.mx\/wp-content\/uploads\/2025\/10\/Jueves-28SO-1.jpg\",\"keywords\":[\"comentario al evangelio\",\"Homil\u00eda\",\"homil\u00eda diaria\",\"Jueves XXVIII Semana Ordinaria\"],\"articleSection\":[\"comentario al evangelio\",\"homil\u00eda\",\"homil\u00eda diaria\",\"liturgia\"],\"inLanguage\":\"es\"},{\"@type\":\"WebPage\",\"@id\":\"http:\/\/igfergon.com.mx\/?p=5624\",\"url\":\"http:\/\/igfergon.com.mx\/?p=5624\",\"name\":\"Jueves XXVIII Semana Ordinaria - El sitio del P. Ignacio Fern\u00e1ndez Gonz\u00e1lez\",\"isPartOf\":{\"@id\":\"http:\/\/igfergon.com.mx\/#website\"},\"primaryImageOfPage\":{\"@id\":\"http:\/\/igfergon.com.mx\/?p=5624#primaryimage\"},\"image\":{\"@id\":\"http:\/\/igfergon.com.mx\/?p=5624#primaryimage\"},\"thumbnailUrl\":\"http:\/\/igfergon.com.mx\/wp-content\/uploads\/2025\/10\/Jueves-28SO-1.jpg\",\"datePublished\":\"2025-10-16T07:32:39+00:00\",\"dateModified\":\"2025-10-16T07:32:42+00:00\",\"breadcrumb\":{\"@id\":\"http:\/\/igfergon.com.mx\/?p=5624#breadcrumb\"},\"inLanguage\":\"es\",\"potentialAction\":[{\"@type\":\"ReadAction\",\"target\":[\"http:\/\/igfergon.com.mx\/?p=5624\"]}]},{\"@type\":\"ImageObject\",\"inLanguage\":\"es\",\"@id\":\"http:\/\/igfergon.com.mx\/?p=5624#primaryimage\",\"url\":\"http:\/\/igfergon.com.mx\/wp-content\/uploads\/2025\/10\/Jueves-28SO-1.jpg\",\"contentUrl\":\"http:\/\/igfergon.com.mx\/wp-content\/uploads\/2025\/10\/Jueves-28SO-1.jpg\",\"width\":283,\"height\":178},{\"@type\":\"BreadcrumbList\",\"@id\":\"http:\/\/igfergon.com.mx\/?p=5624#breadcrumb\",\"itemListElement\":[{\"@type\":\"ListItem\",\"position\":1,\"name\":\"Portada\",\"item\":\"http:\/\/igfergon.com.mx\/\"},{\"@type\":\"ListItem\",\"position\":2,\"name\":\"Jueves XXVIII Semana Ordinaria\"}]},{\"@type\":\"WebSite\",\"@id\":\"http:\/\/igfergon.com.mx\/#website\",\"url\":\"http:\/\/igfergon.com.mx\/\",\"name\":\"El sitio del P. Ignacio Fern\u00e1ndez Gonz\u00e1lez\",\"description\":\"Para Ayudarte\",\"publisher\":{\"@id\":\"http:\/\/igfergon.com.mx\/#organization\"},\"potentialAction\":[{\"@type\":\"SearchAction\",\"target\":{\"@type\":\"EntryPoint\",\"urlTemplate\":\"http:\/\/igfergon.com.mx\/?s={search_term_string}\"},\"query-input\":{\"@type\":\"PropertyValueSpecification\",\"valueRequired\":true,\"valueName\":\"search_term_string\"}}],\"inLanguage\":\"es\"},{\"@type\":\"Organization\",\"@id\":\"http:\/\/igfergon.com.mx\/#organization\",\"name\":\"El sitio del P. Ignacio Fern\u00e1ndez Gonz\u00e1lez\",\"url\":\"http:\/\/igfergon.com.mx\/\",\"logo\":{\"@type\":\"ImageObject\",\"inLanguage\":\"es\",\"@id\":\"http:\/\/igfergon.com.mx\/#\/schema\/logo\/image\/\",\"url\":\"http:\/\/igfergon.com.mx\/wp-content\/uploads\/2018\/09\/cropped-ORDNACION02-2.jpg\",\"contentUrl\":\"http:\/\/igfergon.com.mx\/wp-content\/uploads\/2018\/09\/cropped-ORDNACION02-2.jpg\",\"width\":250,\"height\":250,\"caption\":\"El sitio del P. Ignacio Fern\u00e1ndez Gonz\u00e1lez\"},\"image\":{\"@id\":\"http:\/\/igfergon.com.mx\/#\/schema\/logo\/image\/\"},\"sameAs\":[\"https:\/\/www.facebook.com\/\"]},{\"@type\":\"Person\",\"@id\":\"http:\/\/igfergon.com.mx\/#\/schema\/person\/b42517895faefafe2a81218226d90957\",\"name\":\"igfergon.com.mx\",\"image\":{\"@type\":\"ImageObject\",\"inLanguage\":\"es\",\"@id\":\"http:\/\/igfergon.com.mx\/#\/schema\/person\/image\/\",\"url\":\"https:\/\/secure.gravatar.com\/avatar\/9fd60c5591f2c6b18e76a917a69f35b0732f8532b3679d0132b3503b545db7a6?s=96&d=mm&r=g\",\"contentUrl\":\"https:\/\/secure.gravatar.com\/avatar\/9fd60c5591f2c6b18e76a917a69f35b0732f8532b3679d0132b3503b545db7a6?s=96&d=mm&r=g\",\"caption\":\"igfergon.com.mx\"},\"url\":\"http:\/\/igfergon.com.mx\/?author=1\"}]}<\/script>\n<!-- \/ Yoast SEO plugin. -->","yoast_head_json":{"title":"Jueves XXVIII Semana Ordinaria - El sitio del P. Ignacio Fern\u00e1ndez Gonz\u00e1lez","robots":{"index":"index","follow":"follow","max-snippet":"max-snippet:-1","max-image-preview":"max-image-preview:large","max-video-preview":"max-video-preview:-1"},"canonical":"http:\/\/igfergon.com.mx\/?p=5624","og_locale":"es_ES","og_type":"article","og_title":"Jueves XXVIII Semana Ordinaria - El sitio del P. Ignacio Fern\u00e1ndez Gonz\u00e1lez","og_description":"Rom 3, 21-30 Aun cuando todos hab\u00edamos sido encerrados en el Pecado y \u00e9ramos incapaces de que tomase posesi\u00f3n de nosotros la Gloria de Dios a causa de nuestras maldades, Dios quiso manifestar a todos su fuerza salvadora, al ser \u00c9l mismo salvador, y salvar a todo el que cree en Jes\u00fas. \u00c9l se ha &hellip; Continuar leyendo \"Jueves XXVIII Semana Ordinaria\"","og_url":"http:\/\/igfergon.com.mx\/?p=5624","og_site_name":"El sitio del P. Ignacio Fern\u00e1ndez Gonz\u00e1lez","article_publisher":"https:\/\/www.facebook.com\/","article_published_time":"2025-10-16T07:32:39+00:00","article_modified_time":"2025-10-16T07:32:42+00:00","og_image":[{"width":283,"height":178,"url":"http:\/\/igfergon.com.mx\/wp-content\/uploads\/2025\/10\/Jueves-28SO-1.jpg","type":"image\/jpeg"}],"author":"igfergon.com.mx","twitter_card":"summary_large_image","twitter_misc":{"Escrito por":"igfergon.com.mx","Tiempo de lectura":"3 minutos"},"schema":{"@context":"https:\/\/schema.org","@graph":[{"@type":"Article","@id":"http:\/\/igfergon.com.mx\/?p=5624#article","isPartOf":{"@id":"http:\/\/igfergon.com.mx\/?p=5624"},"author":{"name":"igfergon.com.mx","@id":"http:\/\/igfergon.com.mx\/#\/schema\/person\/b42517895faefafe2a81218226d90957"},"headline":"Jueves XXVIII Semana Ordinaria","datePublished":"2025-10-16T07:32:39+00:00","dateModified":"2025-10-16T07:32:42+00:00","mainEntityOfPage":{"@id":"http:\/\/igfergon.com.mx\/?p=5624"},"wordCount":520,"publisher":{"@id":"http:\/\/igfergon.com.mx\/#organization"},"image":{"@id":"http:\/\/igfergon.com.mx\/?p=5624#primaryimage"},"thumbnailUrl":"http:\/\/igfergon.com.mx\/wp-content\/uploads\/2025\/10\/Jueves-28SO-1.jpg","keywords":["comentario al evangelio","Homil\u00eda","homil\u00eda diaria","Jueves XXVIII Semana Ordinaria"],"articleSection":["comentario al evangelio","homil\u00eda","homil\u00eda diaria","liturgia"],"inLanguage":"es"},{"@type":"WebPage","@id":"http:\/\/igfergon.com.mx\/?p=5624","url":"http:\/\/igfergon.com.mx\/?p=5624","name":"Jueves XXVIII Semana Ordinaria - El sitio del P. Ignacio Fern\u00e1ndez Gonz\u00e1lez","isPartOf":{"@id":"http:\/\/igfergon.com.mx\/#website"},"primaryImageOfPage":{"@id":"http:\/\/igfergon.com.mx\/?p=5624#primaryimage"},"image":{"@id":"http:\/\/igfergon.com.mx\/?p=5624#primaryimage"},"thumbnailUrl":"http:\/\/igfergon.com.mx\/wp-content\/uploads\/2025\/10\/Jueves-28SO-1.jpg","datePublished":"2025-10-16T07:32:39+00:00","dateModified":"2025-10-16T07:32:42+00:00","breadcrumb":{"@id":"http:\/\/igfergon.com.mx\/?p=5624#breadcrumb"},"inLanguage":"es","potentialAction":[{"@type":"ReadAction","target":["http:\/\/igfergon.com.mx\/?p=5624"]}]},{"@type":"ImageObject","inLanguage":"es","@id":"http:\/\/igfergon.com.mx\/?p=5624#primaryimage","url":"http:\/\/igfergon.com.mx\/wp-content\/uploads\/2025\/10\/Jueves-28SO-1.jpg","contentUrl":"http:\/\/igfergon.com.mx\/wp-content\/uploads\/2025\/10\/Jueves-28SO-1.jpg","width":283,"height":178},{"@type":"BreadcrumbList","@id":"http:\/\/igfergon.com.mx\/?p=5624#breadcrumb","itemListElement":[{"@type":"ListItem","position":1,"name":"Portada","item":"http:\/\/igfergon.com.mx\/"},{"@type":"ListItem","position":2,"name":"Jueves XXVIII Semana Ordinaria"}]},{"@type":"WebSite","@id":"http:\/\/igfergon.com.mx\/#website","url":"http:\/\/igfergon.com.mx\/","name":"El sitio del P. Ignacio Fern\u00e1ndez Gonz\u00e1lez","description":"Para Ayudarte","publisher":{"@id":"http:\/\/igfergon.com.mx\/#organization"},"potentialAction":[{"@type":"SearchAction","target":{"@type":"EntryPoint","urlTemplate":"http:\/\/igfergon.com.mx\/?s={search_term_string}"},"query-input":{"@type":"PropertyValueSpecification","valueRequired":true,"valueName":"search_term_string"}}],"inLanguage":"es"},{"@type":"Organization","@id":"http:\/\/igfergon.com.mx\/#organization","name":"El sitio del P. Ignacio Fern\u00e1ndez Gonz\u00e1lez","url":"http:\/\/igfergon.com.mx\/","logo":{"@type":"ImageObject","inLanguage":"es","@id":"http:\/\/igfergon.com.mx\/#\/schema\/logo\/image\/","url":"http:\/\/igfergon.com.mx\/wp-content\/uploads\/2018\/09\/cropped-ORDNACION02-2.jpg","contentUrl":"http:\/\/igfergon.com.mx\/wp-content\/uploads\/2018\/09\/cropped-ORDNACION02-2.jpg","width":250,"height":250,"caption":"El sitio del P. Ignacio Fern\u00e1ndez Gonz\u00e1lez"},"image":{"@id":"http:\/\/igfergon.com.mx\/#\/schema\/logo\/image\/"},"sameAs":["https:\/\/www.facebook.com\/"]},{"@type":"Person","@id":"http:\/\/igfergon.com.mx\/#\/schema\/person\/b42517895faefafe2a81218226d90957","name":"igfergon.com.mx","image":{"@type":"ImageObject","inLanguage":"es","@id":"http:\/\/igfergon.com.mx\/#\/schema\/person\/image\/","url":"https:\/\/secure.gravatar.com\/avatar\/9fd60c5591f2c6b18e76a917a69f35b0732f8532b3679d0132b3503b545db7a6?s=96&d=mm&r=g","contentUrl":"https:\/\/secure.gravatar.com\/avatar\/9fd60c5591f2c6b18e76a917a69f35b0732f8532b3679d0132b3503b545db7a6?s=96&d=mm&r=g","caption":"igfergon.com.mx"},"url":"http:\/\/igfergon.com.mx\/?author=1"}]}},"_links":{"self":[{"href":"http:\/\/igfergon.com.mx\/index.php?rest_route=\/wp\/v2\/posts\/5624","targetHints":{"allow":["GET"]}}],"collection":[{"href":"http:\/\/igfergon.com.mx\/index.php?rest_route=\/wp\/v2\/posts"}],"about":[{"href":"http:\/\/igfergon.com.mx\/index.php?rest_route=\/wp\/v2\/types\/post"}],"author":[{"embeddable":true,"href":"http:\/\/igfergon.com.mx\/index.php?rest_route=\/wp\/v2\/users\/1"}],"replies":[{"embeddable":true,"href":"http:\/\/igfergon.com.mx\/index.php?rest_route=%2Fwp%2Fv2%2Fcomments&post=5624"}],"version-history":[{"count":1,"href":"http:\/\/igfergon.com.mx\/index.php?rest_route=\/wp\/v2\/posts\/5624\/revisions"}],"predecessor-version":[{"id":5627,"href":"http:\/\/igfergon.com.mx\/index.php?rest_route=\/wp\/v2\/posts\/5624\/revisions\/5627"}],"wp:attachment":[{"href":"http:\/\/igfergon.com.mx\/index.php?rest_route=%2Fwp%2Fv2%2Fmedia&parent=5624"}],"wp:term":[{"taxonomy":"category","embeddable":true,"href":"http:\/\/igfergon.com.mx\/index.php?rest_route=%2Fwp%2Fv2%2Fcategories&post=5624"},{"taxonomy":"post_tag","embeddable":true,"href":"http:\/\/igfergon.com.mx\/index.php?rest_route=%2Fwp%2Fv2%2Ftags&post=5624"}],"curies":[{"name":"wp","href":"https:\/\/api.w.org\/{rel}","templated":true}]}}