{"id":5629,"date":"2025-10-17T11:32:15","date_gmt":"2025-10-17T09:32:15","guid":{"rendered":"http:\/\/igfergon.com.mx\/?p=5629"},"modified":"2025-10-17T11:32:16","modified_gmt":"2025-10-17T09:32:16","slug":"viernes-de-la-xxviii-semana-ordinaria-2","status":"publish","type":"post","link":"http:\/\/igfergon.com.mx\/?p=5629","title":{"rendered":"Viernes de la XXVIII Semana Ordinaria"},"content":{"rendered":"<div class=\"wp-block-image\">\n<figure class=\"aligncenter size-full\"><img loading=\"lazy\" decoding=\"async\" width=\"265\" height=\"190\" src=\"http:\/\/igfergon.com.mx\/wp-content\/uploads\/2025\/10\/Viernes-28SO.jpg\" alt=\"\" class=\"wp-image-5630\" srcset=\"http:\/\/igfergon.com.mx\/wp-content\/uploads\/2025\/10\/Viernes-28SO.jpg 265w, http:\/\/igfergon.com.mx\/wp-content\/uploads\/2025\/10\/Viernes-28SO-200x143.jpg 200w\" sizes=\"auto, (max-width: 265px) 100vw, 265px\" \/><\/figure>\n<\/div>\n\n\n<p><strong>Rm 4,1-8<\/strong><\/p>\n\n\n\n<p>A lo largo de este cap\u00edtulo, san Pablo pondr\u00e1 como testimonio de la gratuidad de la salvaci\u00f3n a los grandes profetas del AT. En \u00e9l veremos c\u00f3mo efectivamente es por medio de la fe como nos abrazamos a la obra salvadora de Jes\u00fas, pero veremos que precisamente esa fe, fue la que les hizo capaces de vencer todas las dificultades que se presentaron en su camino para finalmente realizar en su vida el proyecto de Dios con lo cual contribuyeron a la obra de la redenci\u00f3n.<\/p>\n\n\n\n<p>En otras palabras es la fe la que sostiene y da sentido a todo nuestro trabajo en la construcci\u00f3n del Reino. La fe en los patriarcas y en los profetas, fue el elemento que permiti\u00f3 que se construyera el camino por el cual Dios camina en la vida del pueblo.<\/p>\n\n\n\n<p>Tambi\u00e9n nosotros estamos llamados a ser art\u00edfices de esta obra, pues el Reino, aunque inaugurado, aun no llega a su plenitud. Pon al servicio de Dios tus dones y tus talentos y fortalece tu fe con la oraci\u00f3n, para que Dios pueda realizar a trav\u00e9s de ti su proyecto salv\u00edfico en tu familia y en tu comunidad.<\/p>\n\n\n\n<p><strong>Lucas 12, 1-7<\/strong><\/p>\n\n\n\n<p>Cuando se nos estropea algo en casa (un electrodom\u00e9stico, el carro, la computadora&#8230;) nos inquietamos y hacemos todo lo posible para buscar una soluci\u00f3n: llamamos al t\u00e9cnico para que lo arregle. Luego pagamos una cantidad de dinero, y listo. O si la reparaci\u00f3n es muy cara hacemos planes para comprar uno nuevo.<\/p>\n\n\n\n<p>Sin embargo, todas estas cosas no merecen el cuidado que precisa nuestra vida. Porque si dejamos de funcionar, \u00bfqui\u00e9n nos arregla? Los m\u00e9dicos pueden lograr curaciones asombrosas, pero ninguno sabe resucitar a un muerto.<\/p>\n\n\n\n<p>Cristo nos advierte que debemos temer al pecado, porque \u00e9se s\u00ed que nos puede llevar donde no queremos.<\/p>\n\n\n\n<p>Muchos santos contemplaban con frecuencia la realidad de la muerte, y se preguntaban: \u00bfc\u00f3mo quisiera vivir yo este d\u00eda si supiera que es el \u00faltimo d\u00eda de mi vida?<\/p>\n\n\n\n<p>Mientras vivimos, tenemos esperanzas de salvar nuestra alma. Estamos a\u00fan en el tiempo para merecer las gracias que obtuvo para nosotros Jes\u00fas, en su Pasi\u00f3n y Resurrecci\u00f3n. Por eso, siempre hay una oportunidad para rehacer la vida, para levantarse de la ca\u00edda, pedir perd\u00f3n en el sacramento y seguir adelante pensando en el final, en el encuentro definitivo con Dios.<\/p>\n\n\n\n<p><\/p>\n","protected":false},"excerpt":{"rendered":"<p>Rm 4,1-8 A lo largo de este cap\u00edtulo, san Pablo pondr\u00e1 como testimonio de la gratuidad de la salvaci\u00f3n a los grandes profetas del AT. En \u00e9l veremos c\u00f3mo efectivamente es por medio de la fe como nos abrazamos a la obra salvadora de Jes\u00fas, pero veremos que precisamente esa fe, fue la que les &hellip; <\/p>\n<p class=\"link-more\"><a href=\"http:\/\/igfergon.com.mx\/?p=5629\" class=\"more-link\">Continuar leyendo<span class=\"screen-reader-text\"> \u00abViernes de la XXVIII Semana Ordinaria\u00bb<\/span><\/a><\/p>\n","protected":false},"author":1,"featured_media":0,"comment_status":"closed","ping_status":"closed","sticky":false,"template":"","format":"standard","meta":{"footnotes":""},"categories":[13,14,10,1],"tags":[69,8,6,497],"class_list":["post-5629","post","type-post","status-publish","format-standard","hentry","category-comentario-al-evangelio","category-homilia","category-homilia-diaria","category-uncategorized","tag-comentario-al-evangelio-2","tag-homilia","tag-homilia-diaria","tag-viernes-de-la-xxviii-semana-ordinaria"],"yoast_head":"<!-- This site is optimized with the Yoast SEO plugin v26.0 - https:\/\/yoast.com\/wordpress\/plugins\/seo\/ -->\n<title>Viernes de la XXVIII Semana Ordinaria - El sitio del P. Ignacio Fern\u00e1ndez Gonz\u00e1lez<\/title>\n<meta name=\"robots\" content=\"index, follow, max-snippet:-1, max-image-preview:large, max-video-preview:-1\" \/>\n<link rel=\"canonical\" href=\"http:\/\/igfergon.com.mx\/?p=5629\" \/>\n<meta property=\"og:locale\" content=\"es_ES\" \/>\n<meta property=\"og:type\" content=\"article\" \/>\n<meta property=\"og:title\" content=\"Viernes de la XXVIII Semana Ordinaria - El sitio del P. Ignacio Fern\u00e1ndez Gonz\u00e1lez\" \/>\n<meta property=\"og:description\" content=\"Rm 4,1-8 A lo largo de este cap\u00edtulo, san Pablo pondr\u00e1 como testimonio de la gratuidad de la salvaci\u00f3n a los grandes profetas del AT. En \u00e9l veremos c\u00f3mo efectivamente es por medio de la fe como nos abrazamos a la obra salvadora de Jes\u00fas, pero veremos que precisamente esa fe, fue la que les &hellip; Continuar leyendo &quot;Viernes de la XXVIII Semana Ordinaria&quot;\" \/>\n<meta property=\"og:url\" content=\"http:\/\/igfergon.com.mx\/?p=5629\" \/>\n<meta property=\"og:site_name\" content=\"El sitio del P. Ignacio Fern\u00e1ndez Gonz\u00e1lez\" \/>\n<meta property=\"article:publisher\" content=\"https:\/\/www.facebook.com\/\" \/>\n<meta property=\"article:published_time\" content=\"2025-10-17T09:32:15+00:00\" \/>\n<meta property=\"article:modified_time\" content=\"2025-10-17T09:32:16+00:00\" \/>\n<meta property=\"og:image\" content=\"http:\/\/igfergon.com.mx\/wp-content\/uploads\/2025\/10\/Viernes-28SO.jpg\" \/>\n\t<meta property=\"og:image:width\" content=\"265\" \/>\n\t<meta property=\"og:image:height\" content=\"190\" \/>\n\t<meta property=\"og:image:type\" content=\"image\/jpeg\" \/>\n<meta name=\"author\" content=\"igfergon.com.mx\" \/>\n<meta name=\"twitter:card\" content=\"summary_large_image\" \/>\n<meta name=\"twitter:label1\" content=\"Escrito por\" \/>\n\t<meta name=\"twitter:data1\" content=\"igfergon.com.mx\" \/>\n\t<meta name=\"twitter:label2\" content=\"Tiempo de lectura\" \/>\n\t<meta name=\"twitter:data2\" content=\"2 minutos\" \/>\n<script type=\"application\/ld+json\" class=\"yoast-schema-graph\">{\"@context\":\"https:\/\/schema.org\",\"@graph\":[{\"@type\":\"Article\",\"@id\":\"http:\/\/igfergon.com.mx\/?p=5629#article\",\"isPartOf\":{\"@id\":\"http:\/\/igfergon.com.mx\/?p=5629\"},\"author\":{\"name\":\"igfergon.com.mx\",\"@id\":\"http:\/\/igfergon.com.mx\/#\/schema\/person\/b42517895faefafe2a81218226d90957\"},\"headline\":\"Viernes de la XXVIII Semana Ordinaria\",\"datePublished\":\"2025-10-17T09:32:15+00:00\",\"dateModified\":\"2025-10-17T09:32:16+00:00\",\"mainEntityOfPage\":{\"@id\":\"http:\/\/igfergon.com.mx\/?p=5629\"},\"wordCount\":422,\"publisher\":{\"@id\":\"http:\/\/igfergon.com.mx\/#organization\"},\"image\":{\"@id\":\"http:\/\/igfergon.com.mx\/?p=5629#primaryimage\"},\"thumbnailUrl\":\"http:\/\/igfergon.com.mx\/wp-content\/uploads\/2025\/10\/Viernes-28SO.jpg\",\"keywords\":[\"comentario al evangelio\",\"Homil\u00eda\",\"homil\u00eda diaria\",\"Viernes de la XXVIII Semana Ordinaria\"],\"articleSection\":[\"comentario al evangelio\",\"homil\u00eda\",\"homil\u00eda diaria\",\"liturgia\"],\"inLanguage\":\"es\"},{\"@type\":\"WebPage\",\"@id\":\"http:\/\/igfergon.com.mx\/?p=5629\",\"url\":\"http:\/\/igfergon.com.mx\/?p=5629\",\"name\":\"Viernes de la XXVIII Semana Ordinaria - El sitio del P. Ignacio Fern\u00e1ndez Gonz\u00e1lez\",\"isPartOf\":{\"@id\":\"http:\/\/igfergon.com.mx\/#website\"},\"primaryImageOfPage\":{\"@id\":\"http:\/\/igfergon.com.mx\/?p=5629#primaryimage\"},\"image\":{\"@id\":\"http:\/\/igfergon.com.mx\/?p=5629#primaryimage\"},\"thumbnailUrl\":\"http:\/\/igfergon.com.mx\/wp-content\/uploads\/2025\/10\/Viernes-28SO.jpg\",\"datePublished\":\"2025-10-17T09:32:15+00:00\",\"dateModified\":\"2025-10-17T09:32:16+00:00\",\"breadcrumb\":{\"@id\":\"http:\/\/igfergon.com.mx\/?p=5629#breadcrumb\"},\"inLanguage\":\"es\",\"potentialAction\":[{\"@type\":\"ReadAction\",\"target\":[\"http:\/\/igfergon.com.mx\/?p=5629\"]}]},{\"@type\":\"ImageObject\",\"inLanguage\":\"es\",\"@id\":\"http:\/\/igfergon.com.mx\/?p=5629#primaryimage\",\"url\":\"http:\/\/igfergon.com.mx\/wp-content\/uploads\/2025\/10\/Viernes-28SO.jpg\",\"contentUrl\":\"http:\/\/igfergon.com.mx\/wp-content\/uploads\/2025\/10\/Viernes-28SO.jpg\",\"width\":265,\"height\":190},{\"@type\":\"BreadcrumbList\",\"@id\":\"http:\/\/igfergon.com.mx\/?p=5629#breadcrumb\",\"itemListElement\":[{\"@type\":\"ListItem\",\"position\":1,\"name\":\"Portada\",\"item\":\"http:\/\/igfergon.com.mx\/\"},{\"@type\":\"ListItem\",\"position\":2,\"name\":\"Viernes de la XXVIII Semana Ordinaria\"}]},{\"@type\":\"WebSite\",\"@id\":\"http:\/\/igfergon.com.mx\/#website\",\"url\":\"http:\/\/igfergon.com.mx\/\",\"name\":\"El sitio del P. Ignacio Fern\u00e1ndez Gonz\u00e1lez\",\"description\":\"Para Ayudarte\",\"publisher\":{\"@id\":\"http:\/\/igfergon.com.mx\/#organization\"},\"potentialAction\":[{\"@type\":\"SearchAction\",\"target\":{\"@type\":\"EntryPoint\",\"urlTemplate\":\"http:\/\/igfergon.com.mx\/?s={search_term_string}\"},\"query-input\":{\"@type\":\"PropertyValueSpecification\",\"valueRequired\":true,\"valueName\":\"search_term_string\"}}],\"inLanguage\":\"es\"},{\"@type\":\"Organization\",\"@id\":\"http:\/\/igfergon.com.mx\/#organization\",\"name\":\"El sitio del P. Ignacio Fern\u00e1ndez Gonz\u00e1lez\",\"url\":\"http:\/\/igfergon.com.mx\/\",\"logo\":{\"@type\":\"ImageObject\",\"inLanguage\":\"es\",\"@id\":\"http:\/\/igfergon.com.mx\/#\/schema\/logo\/image\/\",\"url\":\"http:\/\/igfergon.com.mx\/wp-content\/uploads\/2018\/09\/cropped-ORDNACION02-2.jpg\",\"contentUrl\":\"http:\/\/igfergon.com.mx\/wp-content\/uploads\/2018\/09\/cropped-ORDNACION02-2.jpg\",\"width\":250,\"height\":250,\"caption\":\"El sitio del P. Ignacio Fern\u00e1ndez Gonz\u00e1lez\"},\"image\":{\"@id\":\"http:\/\/igfergon.com.mx\/#\/schema\/logo\/image\/\"},\"sameAs\":[\"https:\/\/www.facebook.com\/\"]},{\"@type\":\"Person\",\"@id\":\"http:\/\/igfergon.com.mx\/#\/schema\/person\/b42517895faefafe2a81218226d90957\",\"name\":\"igfergon.com.mx\",\"image\":{\"@type\":\"ImageObject\",\"inLanguage\":\"es\",\"@id\":\"http:\/\/igfergon.com.mx\/#\/schema\/person\/image\/\",\"url\":\"https:\/\/secure.gravatar.com\/avatar\/9fd60c5591f2c6b18e76a917a69f35b0732f8532b3679d0132b3503b545db7a6?s=96&d=mm&r=g\",\"contentUrl\":\"https:\/\/secure.gravatar.com\/avatar\/9fd60c5591f2c6b18e76a917a69f35b0732f8532b3679d0132b3503b545db7a6?s=96&d=mm&r=g\",\"caption\":\"igfergon.com.mx\"},\"url\":\"http:\/\/igfergon.com.mx\/?author=1\"}]}<\/script>\n<!-- \/ Yoast SEO plugin. -->","yoast_head_json":{"title":"Viernes de la XXVIII Semana Ordinaria - El sitio del P. Ignacio Fern\u00e1ndez Gonz\u00e1lez","robots":{"index":"index","follow":"follow","max-snippet":"max-snippet:-1","max-image-preview":"max-image-preview:large","max-video-preview":"max-video-preview:-1"},"canonical":"http:\/\/igfergon.com.mx\/?p=5629","og_locale":"es_ES","og_type":"article","og_title":"Viernes de la XXVIII Semana Ordinaria - El sitio del P. Ignacio Fern\u00e1ndez Gonz\u00e1lez","og_description":"Rm 4,1-8 A lo largo de este cap\u00edtulo, san Pablo pondr\u00e1 como testimonio de la gratuidad de la salvaci\u00f3n a los grandes profetas del AT. En \u00e9l veremos c\u00f3mo efectivamente es por medio de la fe como nos abrazamos a la obra salvadora de Jes\u00fas, pero veremos que precisamente esa fe, fue la que les &hellip; Continuar leyendo \"Viernes de la XXVIII Semana Ordinaria\"","og_url":"http:\/\/igfergon.com.mx\/?p=5629","og_site_name":"El sitio del P. Ignacio Fern\u00e1ndez Gonz\u00e1lez","article_publisher":"https:\/\/www.facebook.com\/","article_published_time":"2025-10-17T09:32:15+00:00","article_modified_time":"2025-10-17T09:32:16+00:00","og_image":[{"width":265,"height":190,"url":"http:\/\/igfergon.com.mx\/wp-content\/uploads\/2025\/10\/Viernes-28SO.jpg","type":"image\/jpeg"}],"author":"igfergon.com.mx","twitter_card":"summary_large_image","twitter_misc":{"Escrito por":"igfergon.com.mx","Tiempo de lectura":"2 minutos"},"schema":{"@context":"https:\/\/schema.org","@graph":[{"@type":"Article","@id":"http:\/\/igfergon.com.mx\/?p=5629#article","isPartOf":{"@id":"http:\/\/igfergon.com.mx\/?p=5629"},"author":{"name":"igfergon.com.mx","@id":"http:\/\/igfergon.com.mx\/#\/schema\/person\/b42517895faefafe2a81218226d90957"},"headline":"Viernes de la XXVIII Semana Ordinaria","datePublished":"2025-10-17T09:32:15+00:00","dateModified":"2025-10-17T09:32:16+00:00","mainEntityOfPage":{"@id":"http:\/\/igfergon.com.mx\/?p=5629"},"wordCount":422,"publisher":{"@id":"http:\/\/igfergon.com.mx\/#organization"},"image":{"@id":"http:\/\/igfergon.com.mx\/?p=5629#primaryimage"},"thumbnailUrl":"http:\/\/igfergon.com.mx\/wp-content\/uploads\/2025\/10\/Viernes-28SO.jpg","keywords":["comentario al evangelio","Homil\u00eda","homil\u00eda diaria","Viernes de la XXVIII Semana Ordinaria"],"articleSection":["comentario al evangelio","homil\u00eda","homil\u00eda diaria","liturgia"],"inLanguage":"es"},{"@type":"WebPage","@id":"http:\/\/igfergon.com.mx\/?p=5629","url":"http:\/\/igfergon.com.mx\/?p=5629","name":"Viernes de la XXVIII Semana Ordinaria - El sitio del P. Ignacio Fern\u00e1ndez Gonz\u00e1lez","isPartOf":{"@id":"http:\/\/igfergon.com.mx\/#website"},"primaryImageOfPage":{"@id":"http:\/\/igfergon.com.mx\/?p=5629#primaryimage"},"image":{"@id":"http:\/\/igfergon.com.mx\/?p=5629#primaryimage"},"thumbnailUrl":"http:\/\/igfergon.com.mx\/wp-content\/uploads\/2025\/10\/Viernes-28SO.jpg","datePublished":"2025-10-17T09:32:15+00:00","dateModified":"2025-10-17T09:32:16+00:00","breadcrumb":{"@id":"http:\/\/igfergon.com.mx\/?p=5629#breadcrumb"},"inLanguage":"es","potentialAction":[{"@type":"ReadAction","target":["http:\/\/igfergon.com.mx\/?p=5629"]}]},{"@type":"ImageObject","inLanguage":"es","@id":"http:\/\/igfergon.com.mx\/?p=5629#primaryimage","url":"http:\/\/igfergon.com.mx\/wp-content\/uploads\/2025\/10\/Viernes-28SO.jpg","contentUrl":"http:\/\/igfergon.com.mx\/wp-content\/uploads\/2025\/10\/Viernes-28SO.jpg","width":265,"height":190},{"@type":"BreadcrumbList","@id":"http:\/\/igfergon.com.mx\/?p=5629#breadcrumb","itemListElement":[{"@type":"ListItem","position":1,"name":"Portada","item":"http:\/\/igfergon.com.mx\/"},{"@type":"ListItem","position":2,"name":"Viernes de la XXVIII Semana Ordinaria"}]},{"@type":"WebSite","@id":"http:\/\/igfergon.com.mx\/#website","url":"http:\/\/igfergon.com.mx\/","name":"El sitio del P. Ignacio Fern\u00e1ndez Gonz\u00e1lez","description":"Para Ayudarte","publisher":{"@id":"http:\/\/igfergon.com.mx\/#organization"},"potentialAction":[{"@type":"SearchAction","target":{"@type":"EntryPoint","urlTemplate":"http:\/\/igfergon.com.mx\/?s={search_term_string}"},"query-input":{"@type":"PropertyValueSpecification","valueRequired":true,"valueName":"search_term_string"}}],"inLanguage":"es"},{"@type":"Organization","@id":"http:\/\/igfergon.com.mx\/#organization","name":"El sitio del P. Ignacio Fern\u00e1ndez Gonz\u00e1lez","url":"http:\/\/igfergon.com.mx\/","logo":{"@type":"ImageObject","inLanguage":"es","@id":"http:\/\/igfergon.com.mx\/#\/schema\/logo\/image\/","url":"http:\/\/igfergon.com.mx\/wp-content\/uploads\/2018\/09\/cropped-ORDNACION02-2.jpg","contentUrl":"http:\/\/igfergon.com.mx\/wp-content\/uploads\/2018\/09\/cropped-ORDNACION02-2.jpg","width":250,"height":250,"caption":"El sitio del P. Ignacio Fern\u00e1ndez Gonz\u00e1lez"},"image":{"@id":"http:\/\/igfergon.com.mx\/#\/schema\/logo\/image\/"},"sameAs":["https:\/\/www.facebook.com\/"]},{"@type":"Person","@id":"http:\/\/igfergon.com.mx\/#\/schema\/person\/b42517895faefafe2a81218226d90957","name":"igfergon.com.mx","image":{"@type":"ImageObject","inLanguage":"es","@id":"http:\/\/igfergon.com.mx\/#\/schema\/person\/image\/","url":"https:\/\/secure.gravatar.com\/avatar\/9fd60c5591f2c6b18e76a917a69f35b0732f8532b3679d0132b3503b545db7a6?s=96&d=mm&r=g","contentUrl":"https:\/\/secure.gravatar.com\/avatar\/9fd60c5591f2c6b18e76a917a69f35b0732f8532b3679d0132b3503b545db7a6?s=96&d=mm&r=g","caption":"igfergon.com.mx"},"url":"http:\/\/igfergon.com.mx\/?author=1"}]}},"_links":{"self":[{"href":"http:\/\/igfergon.com.mx\/index.php?rest_route=\/wp\/v2\/posts\/5629","targetHints":{"allow":["GET"]}}],"collection":[{"href":"http:\/\/igfergon.com.mx\/index.php?rest_route=\/wp\/v2\/posts"}],"about":[{"href":"http:\/\/igfergon.com.mx\/index.php?rest_route=\/wp\/v2\/types\/post"}],"author":[{"embeddable":true,"href":"http:\/\/igfergon.com.mx\/index.php?rest_route=\/wp\/v2\/users\/1"}],"replies":[{"embeddable":true,"href":"http:\/\/igfergon.com.mx\/index.php?rest_route=%2Fwp%2Fv2%2Fcomments&post=5629"}],"version-history":[{"count":1,"href":"http:\/\/igfergon.com.mx\/index.php?rest_route=\/wp\/v2\/posts\/5629\/revisions"}],"predecessor-version":[{"id":5631,"href":"http:\/\/igfergon.com.mx\/index.php?rest_route=\/wp\/v2\/posts\/5629\/revisions\/5631"}],"wp:attachment":[{"href":"http:\/\/igfergon.com.mx\/index.php?rest_route=%2Fwp%2Fv2%2Fmedia&parent=5629"}],"wp:term":[{"taxonomy":"category","embeddable":true,"href":"http:\/\/igfergon.com.mx\/index.php?rest_route=%2Fwp%2Fv2%2Fcategories&post=5629"},{"taxonomy":"post_tag","embeddable":true,"href":"http:\/\/igfergon.com.mx\/index.php?rest_route=%2Fwp%2Fv2%2Ftags&post=5629"}],"curies":[{"name":"wp","href":"https:\/\/api.w.org\/{rel}","templated":true}]}}