{"id":5635,"date":"2025-10-20T09:56:54","date_gmt":"2025-10-20T07:56:54","guid":{"rendered":"http:\/\/igfergon.com.mx\/?p=5635"},"modified":"2025-10-20T09:56:55","modified_gmt":"2025-10-20T07:56:55","slug":"lunes-de-la-xxix-semana-ordinaria-2","status":"publish","type":"post","link":"http:\/\/igfergon.com.mx\/?p=5635","title":{"rendered":"Lunes de la XXIX Semana Ordinaria"},"content":{"rendered":"<div class=\"wp-block-image\">\n<figure class=\"aligncenter size-full\"><img loading=\"lazy\" decoding=\"async\" width=\"280\" height=\"180\" src=\"http:\/\/igfergon.com.mx\/wp-content\/uploads\/2025\/10\/Lunes-29SO.jpg\" alt=\"\" class=\"wp-image-5636\" srcset=\"http:\/\/igfergon.com.mx\/wp-content\/uploads\/2025\/10\/Lunes-29SO.jpg 280w, http:\/\/igfergon.com.mx\/wp-content\/uploads\/2025\/10\/Lunes-29SO-200x129.jpg 200w\" sizes=\"auto, (max-width: 280px) 100vw, 280px\" \/><\/figure>\n<\/div>\n\n\n<p><strong>Rom. 4, 19-25.<\/strong><\/p>\n\n\n\n<p>Los Israelitas, liberados de la esclavitud en Egipto, s\u00f3lo vieron cumplida la promesa hecha por Dios a Abraham cuando tomaron posesi\u00f3n de la tierra prometida. As\u00ed, quienes mediante la Muerte de Cristo hemos sido liberados de la esclavitud al pecado, s\u00f3lo vemos plenamente realizada nuestra salvaci\u00f3n, nuestra justificaci\u00f3n, cuando participamos de la Glorificaci\u00f3n de Cristo resucitado. Entonces llega a su plenitud la promesa de justificaci\u00f3n, de salvaci\u00f3n para nosotros, pues \u00e9sta no se realiza s\u00f3lo al ser perdonados, sino al ser glorificados junto con Cristo, pues precisamente este es el Plan final que Dios tiene sobre la humanidad.<\/p>\n\n\n\n<p>Aceptar en la fe a Jes\u00fas haciendo nuestro su Misterio Pascual nos acreditar\u00e1 como Justos ante Dios, el cual nos levantar\u00e1 de la muerte de nuestros pecados y nos har\u00e1 vivir como criaturas nuevas en su presencia. No perdamos esta oportunidad que hoy nos ofrece el Se\u00f1or.<\/p>\n\n\n\n<h4 class=\"wp-block-heading\">Lc 12,13-21<\/h4>\n\n\n\n<p>Ante este evangelio nos podr\u00edamos preguntar: \u00bfEs malo entonces el tener riquezas? Y la respuesta es no. Lo que pone o puede poner en peligro nuestra vida de gracia es el acumular. Jes\u00fas nos explica hoy que el tener solo por atesorar, empobrece nuestra vida y priva a los dem\u00e1s de los bienes que han sido creados para todos. Dec\u00eda un santo: \u00abLo que te sobra, no te pertenece\u00bb. La belleza de la vida cristiana consiste en adquirir, por medio de la gracia, la capacidad de compartir. Dejar que las cosas, como el aguan entre nuestras manos, corran hacia los dem\u00e1s. Esta es la verdadera libertad que lleva al hombre a experimentar la paz y la alegr\u00eda perfecta.<\/p>\n\n\n\n<p>San Agust\u00edn dijo en una ocasi\u00f3n una frase que viene muy a cuento con este evangelio: <em>\u201cNos hiciste Se\u00f1or para Ti e inquieto est\u00e1 nuestro coraz\u00f3n hasta que descanse en Ti\u201d<\/em>. Tan inquieto tenemos el coraz\u00f3n que de inmediato busca y se apega a las cosas materiales como se apegan las ra\u00edces de una papa a cualquier objeto que la rodee. Debemos agradecer a Dios el que nos haya dado un coraz\u00f3n demasiado grande para poder amar a tantas personas y sobre todo para poder amarle a \u00c9l.<\/p>\n\n\n\n<p>No acortemos nuestras capacidades de amar <em>\u201camando\u201d<\/em> otras cosas, atesorando riquezas que al final de la vida no nos servir\u00e1n de nada. Agrand\u00e9moslo, amando a Dios que es amar a nuestro pr\u00f3jimo. Este evangelio es una se\u00f1al en el camino que nos recuerda que s\u00f3lo vale la pena atesorar riquezas en orden a Dios, es decir por medio de la comuni\u00f3n frecuente, la confesi\u00f3n, la oraci\u00f3n, la divulgaci\u00f3n del evangelio y la defensa de la fe etc. No vale pues, ese \u201caprovecha el d\u00eda\u201d que los antiguos romanos sol\u00edan decir para disfrutar mejor de la vida sin ninguna responsabilidad que afrontar.<\/p>\n\n\n\n<p>Esta actitud es para gente sin un ideal grande que conquistar y nosotros como cristianos, disc\u00edpulos de Cristo, contamos con una misi\u00f3n demasiado grande que cumplir, que es la de atesorar riquezas espirituales que al final de la vida nos den la entrada en la vida eterna.<\/p>\n\n\n\n<p><\/p>\n","protected":false},"excerpt":{"rendered":"<p>Rom. 4, 19-25. Los Israelitas, liberados de la esclavitud en Egipto, s\u00f3lo vieron cumplida la promesa hecha por Dios a Abraham cuando tomaron posesi\u00f3n de la tierra prometida. As\u00ed, quienes mediante la Muerte de Cristo hemos sido liberados de la esclavitud al pecado, s\u00f3lo vemos plenamente realizada nuestra salvaci\u00f3n, nuestra justificaci\u00f3n, cuando participamos de la &hellip; <\/p>\n<p class=\"link-more\"><a href=\"http:\/\/igfergon.com.mx\/?p=5635\" class=\"more-link\">Continuar leyendo<span class=\"screen-reader-text\"> \u00abLunes de la XXIX Semana Ordinaria\u00bb<\/span><\/a><\/p>\n","protected":false},"author":1,"featured_media":0,"comment_status":"closed","ping_status":"closed","sticky":false,"template":"","format":"standard","meta":{"footnotes":""},"categories":[13,14,10,1],"tags":[69,8,6,7,499],"class_list":["post-5635","post","type-post","status-publish","format-standard","hentry","category-comentario-al-evangelio","category-homilia","category-homilia-diaria","category-uncategorized","tag-comentario-al-evangelio-2","tag-homilia","tag-homilia-diaria","tag-liturgia","tag-lunes-de-la-xxix-semana-ordinaria"],"yoast_head":"<!-- This site is optimized with the Yoast SEO plugin v26.0 - https:\/\/yoast.com\/wordpress\/plugins\/seo\/ -->\n<title>Lunes de la XXIX Semana Ordinaria - El sitio del P. Ignacio Fern\u00e1ndez Gonz\u00e1lez<\/title>\n<meta name=\"robots\" content=\"index, follow, max-snippet:-1, max-image-preview:large, max-video-preview:-1\" \/>\n<link rel=\"canonical\" href=\"http:\/\/igfergon.com.mx\/?p=5635\" \/>\n<meta property=\"og:locale\" content=\"es_ES\" \/>\n<meta property=\"og:type\" content=\"article\" \/>\n<meta property=\"og:title\" content=\"Lunes de la XXIX Semana Ordinaria - El sitio del P. Ignacio Fern\u00e1ndez Gonz\u00e1lez\" \/>\n<meta property=\"og:description\" content=\"Rom. 4, 19-25. Los Israelitas, liberados de la esclavitud en Egipto, s\u00f3lo vieron cumplida la promesa hecha por Dios a Abraham cuando tomaron posesi\u00f3n de la tierra prometida. As\u00ed, quienes mediante la Muerte de Cristo hemos sido liberados de la esclavitud al pecado, s\u00f3lo vemos plenamente realizada nuestra salvaci\u00f3n, nuestra justificaci\u00f3n, cuando participamos de la &hellip; Continuar leyendo &quot;Lunes de la XXIX Semana Ordinaria&quot;\" \/>\n<meta property=\"og:url\" content=\"http:\/\/igfergon.com.mx\/?p=5635\" \/>\n<meta property=\"og:site_name\" content=\"El sitio del P. Ignacio Fern\u00e1ndez Gonz\u00e1lez\" \/>\n<meta property=\"article:publisher\" content=\"https:\/\/www.facebook.com\/\" \/>\n<meta property=\"article:published_time\" content=\"2025-10-20T07:56:54+00:00\" \/>\n<meta property=\"article:modified_time\" content=\"2025-10-20T07:56:55+00:00\" \/>\n<meta property=\"og:image\" content=\"http:\/\/igfergon.com.mx\/wp-content\/uploads\/2025\/10\/Lunes-29SO.jpg\" \/>\n\t<meta property=\"og:image:width\" content=\"280\" \/>\n\t<meta property=\"og:image:height\" content=\"180\" \/>\n\t<meta property=\"og:image:type\" content=\"image\/jpeg\" \/>\n<meta name=\"author\" content=\"igfergon.com.mx\" \/>\n<meta name=\"twitter:card\" content=\"summary_large_image\" \/>\n<meta name=\"twitter:label1\" content=\"Escrito por\" \/>\n\t<meta name=\"twitter:data1\" content=\"igfergon.com.mx\" \/>\n\t<meta name=\"twitter:label2\" content=\"Tiempo de lectura\" \/>\n\t<meta name=\"twitter:data2\" content=\"3 minutos\" \/>\n<script type=\"application\/ld+json\" class=\"yoast-schema-graph\">{\"@context\":\"https:\/\/schema.org\",\"@graph\":[{\"@type\":\"Article\",\"@id\":\"http:\/\/igfergon.com.mx\/?p=5635#article\",\"isPartOf\":{\"@id\":\"http:\/\/igfergon.com.mx\/?p=5635\"},\"author\":{\"name\":\"igfergon.com.mx\",\"@id\":\"http:\/\/igfergon.com.mx\/#\/schema\/person\/b42517895faefafe2a81218226d90957\"},\"headline\":\"Lunes de la XXIX Semana Ordinaria\",\"datePublished\":\"2025-10-20T07:56:54+00:00\",\"dateModified\":\"2025-10-20T07:56:55+00:00\",\"mainEntityOfPage\":{\"@id\":\"http:\/\/igfergon.com.mx\/?p=5635\"},\"wordCount\":546,\"publisher\":{\"@id\":\"http:\/\/igfergon.com.mx\/#organization\"},\"image\":{\"@id\":\"http:\/\/igfergon.com.mx\/?p=5635#primaryimage\"},\"thumbnailUrl\":\"http:\/\/igfergon.com.mx\/wp-content\/uploads\/2025\/10\/Lunes-29SO.jpg\",\"keywords\":[\"comentario al evangelio\",\"Homil\u00eda\",\"homil\u00eda diaria\",\"liturgia\",\"Lunes de la XXIX Semana Ordinaria\"],\"articleSection\":[\"comentario al evangelio\",\"homil\u00eda\",\"homil\u00eda diaria\",\"liturgia\"],\"inLanguage\":\"es\"},{\"@type\":\"WebPage\",\"@id\":\"http:\/\/igfergon.com.mx\/?p=5635\",\"url\":\"http:\/\/igfergon.com.mx\/?p=5635\",\"name\":\"Lunes de la XXIX Semana Ordinaria - El sitio del P. Ignacio Fern\u00e1ndez Gonz\u00e1lez\",\"isPartOf\":{\"@id\":\"http:\/\/igfergon.com.mx\/#website\"},\"primaryImageOfPage\":{\"@id\":\"http:\/\/igfergon.com.mx\/?p=5635#primaryimage\"},\"image\":{\"@id\":\"http:\/\/igfergon.com.mx\/?p=5635#primaryimage\"},\"thumbnailUrl\":\"http:\/\/igfergon.com.mx\/wp-content\/uploads\/2025\/10\/Lunes-29SO.jpg\",\"datePublished\":\"2025-10-20T07:56:54+00:00\",\"dateModified\":\"2025-10-20T07:56:55+00:00\",\"breadcrumb\":{\"@id\":\"http:\/\/igfergon.com.mx\/?p=5635#breadcrumb\"},\"inLanguage\":\"es\",\"potentialAction\":[{\"@type\":\"ReadAction\",\"target\":[\"http:\/\/igfergon.com.mx\/?p=5635\"]}]},{\"@type\":\"ImageObject\",\"inLanguage\":\"es\",\"@id\":\"http:\/\/igfergon.com.mx\/?p=5635#primaryimage\",\"url\":\"http:\/\/igfergon.com.mx\/wp-content\/uploads\/2025\/10\/Lunes-29SO.jpg\",\"contentUrl\":\"http:\/\/igfergon.com.mx\/wp-content\/uploads\/2025\/10\/Lunes-29SO.jpg\",\"width\":280,\"height\":180},{\"@type\":\"BreadcrumbList\",\"@id\":\"http:\/\/igfergon.com.mx\/?p=5635#breadcrumb\",\"itemListElement\":[{\"@type\":\"ListItem\",\"position\":1,\"name\":\"Portada\",\"item\":\"http:\/\/igfergon.com.mx\/\"},{\"@type\":\"ListItem\",\"position\":2,\"name\":\"Lunes de la XXIX Semana Ordinaria\"}]},{\"@type\":\"WebSite\",\"@id\":\"http:\/\/igfergon.com.mx\/#website\",\"url\":\"http:\/\/igfergon.com.mx\/\",\"name\":\"El sitio del P. Ignacio Fern\u00e1ndez Gonz\u00e1lez\",\"description\":\"Para Ayudarte\",\"publisher\":{\"@id\":\"http:\/\/igfergon.com.mx\/#organization\"},\"potentialAction\":[{\"@type\":\"SearchAction\",\"target\":{\"@type\":\"EntryPoint\",\"urlTemplate\":\"http:\/\/igfergon.com.mx\/?s={search_term_string}\"},\"query-input\":{\"@type\":\"PropertyValueSpecification\",\"valueRequired\":true,\"valueName\":\"search_term_string\"}}],\"inLanguage\":\"es\"},{\"@type\":\"Organization\",\"@id\":\"http:\/\/igfergon.com.mx\/#organization\",\"name\":\"El sitio del P. Ignacio Fern\u00e1ndez Gonz\u00e1lez\",\"url\":\"http:\/\/igfergon.com.mx\/\",\"logo\":{\"@type\":\"ImageObject\",\"inLanguage\":\"es\",\"@id\":\"http:\/\/igfergon.com.mx\/#\/schema\/logo\/image\/\",\"url\":\"http:\/\/igfergon.com.mx\/wp-content\/uploads\/2018\/09\/cropped-ORDNACION02-2.jpg\",\"contentUrl\":\"http:\/\/igfergon.com.mx\/wp-content\/uploads\/2018\/09\/cropped-ORDNACION02-2.jpg\",\"width\":250,\"height\":250,\"caption\":\"El sitio del P. Ignacio Fern\u00e1ndez Gonz\u00e1lez\"},\"image\":{\"@id\":\"http:\/\/igfergon.com.mx\/#\/schema\/logo\/image\/\"},\"sameAs\":[\"https:\/\/www.facebook.com\/\"]},{\"@type\":\"Person\",\"@id\":\"http:\/\/igfergon.com.mx\/#\/schema\/person\/b42517895faefafe2a81218226d90957\",\"name\":\"igfergon.com.mx\",\"image\":{\"@type\":\"ImageObject\",\"inLanguage\":\"es\",\"@id\":\"http:\/\/igfergon.com.mx\/#\/schema\/person\/image\/\",\"url\":\"https:\/\/secure.gravatar.com\/avatar\/9fd60c5591f2c6b18e76a917a69f35b0732f8532b3679d0132b3503b545db7a6?s=96&d=mm&r=g\",\"contentUrl\":\"https:\/\/secure.gravatar.com\/avatar\/9fd60c5591f2c6b18e76a917a69f35b0732f8532b3679d0132b3503b545db7a6?s=96&d=mm&r=g\",\"caption\":\"igfergon.com.mx\"},\"url\":\"http:\/\/igfergon.com.mx\/?author=1\"}]}<\/script>\n<!-- \/ Yoast SEO plugin. -->","yoast_head_json":{"title":"Lunes de la XXIX Semana Ordinaria - El sitio del P. Ignacio Fern\u00e1ndez Gonz\u00e1lez","robots":{"index":"index","follow":"follow","max-snippet":"max-snippet:-1","max-image-preview":"max-image-preview:large","max-video-preview":"max-video-preview:-1"},"canonical":"http:\/\/igfergon.com.mx\/?p=5635","og_locale":"es_ES","og_type":"article","og_title":"Lunes de la XXIX Semana Ordinaria - El sitio del P. Ignacio Fern\u00e1ndez Gonz\u00e1lez","og_description":"Rom. 4, 19-25. Los Israelitas, liberados de la esclavitud en Egipto, s\u00f3lo vieron cumplida la promesa hecha por Dios a Abraham cuando tomaron posesi\u00f3n de la tierra prometida. As\u00ed, quienes mediante la Muerte de Cristo hemos sido liberados de la esclavitud al pecado, s\u00f3lo vemos plenamente realizada nuestra salvaci\u00f3n, nuestra justificaci\u00f3n, cuando participamos de la &hellip; Continuar leyendo \"Lunes de la XXIX Semana Ordinaria\"","og_url":"http:\/\/igfergon.com.mx\/?p=5635","og_site_name":"El sitio del P. Ignacio Fern\u00e1ndez Gonz\u00e1lez","article_publisher":"https:\/\/www.facebook.com\/","article_published_time":"2025-10-20T07:56:54+00:00","article_modified_time":"2025-10-20T07:56:55+00:00","og_image":[{"width":280,"height":180,"url":"http:\/\/igfergon.com.mx\/wp-content\/uploads\/2025\/10\/Lunes-29SO.jpg","type":"image\/jpeg"}],"author":"igfergon.com.mx","twitter_card":"summary_large_image","twitter_misc":{"Escrito por":"igfergon.com.mx","Tiempo de lectura":"3 minutos"},"schema":{"@context":"https:\/\/schema.org","@graph":[{"@type":"Article","@id":"http:\/\/igfergon.com.mx\/?p=5635#article","isPartOf":{"@id":"http:\/\/igfergon.com.mx\/?p=5635"},"author":{"name":"igfergon.com.mx","@id":"http:\/\/igfergon.com.mx\/#\/schema\/person\/b42517895faefafe2a81218226d90957"},"headline":"Lunes de la XXIX Semana Ordinaria","datePublished":"2025-10-20T07:56:54+00:00","dateModified":"2025-10-20T07:56:55+00:00","mainEntityOfPage":{"@id":"http:\/\/igfergon.com.mx\/?p=5635"},"wordCount":546,"publisher":{"@id":"http:\/\/igfergon.com.mx\/#organization"},"image":{"@id":"http:\/\/igfergon.com.mx\/?p=5635#primaryimage"},"thumbnailUrl":"http:\/\/igfergon.com.mx\/wp-content\/uploads\/2025\/10\/Lunes-29SO.jpg","keywords":["comentario al evangelio","Homil\u00eda","homil\u00eda diaria","liturgia","Lunes de la XXIX Semana Ordinaria"],"articleSection":["comentario al evangelio","homil\u00eda","homil\u00eda diaria","liturgia"],"inLanguage":"es"},{"@type":"WebPage","@id":"http:\/\/igfergon.com.mx\/?p=5635","url":"http:\/\/igfergon.com.mx\/?p=5635","name":"Lunes de la XXIX Semana Ordinaria - El sitio del P. Ignacio Fern\u00e1ndez Gonz\u00e1lez","isPartOf":{"@id":"http:\/\/igfergon.com.mx\/#website"},"primaryImageOfPage":{"@id":"http:\/\/igfergon.com.mx\/?p=5635#primaryimage"},"image":{"@id":"http:\/\/igfergon.com.mx\/?p=5635#primaryimage"},"thumbnailUrl":"http:\/\/igfergon.com.mx\/wp-content\/uploads\/2025\/10\/Lunes-29SO.jpg","datePublished":"2025-10-20T07:56:54+00:00","dateModified":"2025-10-20T07:56:55+00:00","breadcrumb":{"@id":"http:\/\/igfergon.com.mx\/?p=5635#breadcrumb"},"inLanguage":"es","potentialAction":[{"@type":"ReadAction","target":["http:\/\/igfergon.com.mx\/?p=5635"]}]},{"@type":"ImageObject","inLanguage":"es","@id":"http:\/\/igfergon.com.mx\/?p=5635#primaryimage","url":"http:\/\/igfergon.com.mx\/wp-content\/uploads\/2025\/10\/Lunes-29SO.jpg","contentUrl":"http:\/\/igfergon.com.mx\/wp-content\/uploads\/2025\/10\/Lunes-29SO.jpg","width":280,"height":180},{"@type":"BreadcrumbList","@id":"http:\/\/igfergon.com.mx\/?p=5635#breadcrumb","itemListElement":[{"@type":"ListItem","position":1,"name":"Portada","item":"http:\/\/igfergon.com.mx\/"},{"@type":"ListItem","position":2,"name":"Lunes de la XXIX Semana Ordinaria"}]},{"@type":"WebSite","@id":"http:\/\/igfergon.com.mx\/#website","url":"http:\/\/igfergon.com.mx\/","name":"El sitio del P. Ignacio Fern\u00e1ndez Gonz\u00e1lez","description":"Para Ayudarte","publisher":{"@id":"http:\/\/igfergon.com.mx\/#organization"},"potentialAction":[{"@type":"SearchAction","target":{"@type":"EntryPoint","urlTemplate":"http:\/\/igfergon.com.mx\/?s={search_term_string}"},"query-input":{"@type":"PropertyValueSpecification","valueRequired":true,"valueName":"search_term_string"}}],"inLanguage":"es"},{"@type":"Organization","@id":"http:\/\/igfergon.com.mx\/#organization","name":"El sitio del P. Ignacio Fern\u00e1ndez Gonz\u00e1lez","url":"http:\/\/igfergon.com.mx\/","logo":{"@type":"ImageObject","inLanguage":"es","@id":"http:\/\/igfergon.com.mx\/#\/schema\/logo\/image\/","url":"http:\/\/igfergon.com.mx\/wp-content\/uploads\/2018\/09\/cropped-ORDNACION02-2.jpg","contentUrl":"http:\/\/igfergon.com.mx\/wp-content\/uploads\/2018\/09\/cropped-ORDNACION02-2.jpg","width":250,"height":250,"caption":"El sitio del P. Ignacio Fern\u00e1ndez Gonz\u00e1lez"},"image":{"@id":"http:\/\/igfergon.com.mx\/#\/schema\/logo\/image\/"},"sameAs":["https:\/\/www.facebook.com\/"]},{"@type":"Person","@id":"http:\/\/igfergon.com.mx\/#\/schema\/person\/b42517895faefafe2a81218226d90957","name":"igfergon.com.mx","image":{"@type":"ImageObject","inLanguage":"es","@id":"http:\/\/igfergon.com.mx\/#\/schema\/person\/image\/","url":"https:\/\/secure.gravatar.com\/avatar\/9fd60c5591f2c6b18e76a917a69f35b0732f8532b3679d0132b3503b545db7a6?s=96&d=mm&r=g","contentUrl":"https:\/\/secure.gravatar.com\/avatar\/9fd60c5591f2c6b18e76a917a69f35b0732f8532b3679d0132b3503b545db7a6?s=96&d=mm&r=g","caption":"igfergon.com.mx"},"url":"http:\/\/igfergon.com.mx\/?author=1"}]}},"_links":{"self":[{"href":"http:\/\/igfergon.com.mx\/index.php?rest_route=\/wp\/v2\/posts\/5635","targetHints":{"allow":["GET"]}}],"collection":[{"href":"http:\/\/igfergon.com.mx\/index.php?rest_route=\/wp\/v2\/posts"}],"about":[{"href":"http:\/\/igfergon.com.mx\/index.php?rest_route=\/wp\/v2\/types\/post"}],"author":[{"embeddable":true,"href":"http:\/\/igfergon.com.mx\/index.php?rest_route=\/wp\/v2\/users\/1"}],"replies":[{"embeddable":true,"href":"http:\/\/igfergon.com.mx\/index.php?rest_route=%2Fwp%2Fv2%2Fcomments&post=5635"}],"version-history":[{"count":1,"href":"http:\/\/igfergon.com.mx\/index.php?rest_route=\/wp\/v2\/posts\/5635\/revisions"}],"predecessor-version":[{"id":5637,"href":"http:\/\/igfergon.com.mx\/index.php?rest_route=\/wp\/v2\/posts\/5635\/revisions\/5637"}],"wp:attachment":[{"href":"http:\/\/igfergon.com.mx\/index.php?rest_route=%2Fwp%2Fv2%2Fmedia&parent=5635"}],"wp:term":[{"taxonomy":"category","embeddable":true,"href":"http:\/\/igfergon.com.mx\/index.php?rest_route=%2Fwp%2Fv2%2Fcategories&post=5635"},{"taxonomy":"post_tag","embeddable":true,"href":"http:\/\/igfergon.com.mx\/index.php?rest_route=%2Fwp%2Fv2%2Ftags&post=5635"}],"curies":[{"name":"wp","href":"https:\/\/api.w.org\/{rel}","templated":true}]}}