{"id":5641,"date":"2025-10-21T10:22:56","date_gmt":"2025-10-21T08:22:56","guid":{"rendered":"http:\/\/igfergon.com.mx\/?p=5641"},"modified":"2025-10-21T10:22:58","modified_gmt":"2025-10-21T08:22:58","slug":"martes-de-la-xxix-semana-ordinaria","status":"publish","type":"post","link":"http:\/\/igfergon.com.mx\/?p=5641","title":{"rendered":"Martes de la XXIX Semana Ordinaria"},"content":{"rendered":"<div class=\"wp-block-image\">\n<figure class=\"aligncenter size-full\"><img loading=\"lazy\" decoding=\"async\" width=\"318\" height=\"159\" src=\"http:\/\/igfergon.com.mx\/wp-content\/uploads\/2025\/10\/Martes-29SO.jpg\" alt=\"\" class=\"wp-image-5642\" srcset=\"http:\/\/igfergon.com.mx\/wp-content\/uploads\/2025\/10\/Martes-29SO.jpg 318w, http:\/\/igfergon.com.mx\/wp-content\/uploads\/2025\/10\/Martes-29SO-300x150.jpg 300w, http:\/\/igfergon.com.mx\/wp-content\/uploads\/2025\/10\/Martes-29SO-200x100.jpg 200w\" sizes=\"auto, (max-width: 318px) 100vw, 318px\" \/><\/figure>\n<\/div>\n\n\n<h4 class=\"wp-block-heading\">Rm 5,12.15.17-19.20-21<\/h4>\n\n\n\n<p>En medio de la abundancia de material que nos proporciona esta carta para nuestra reflexi\u00f3n, centremos nuestra atenci\u00f3n en el hecho de la potencia de la gracia, no solo para justificarnos y darnos as\u00ed la gracia para caminar de acuerdo a la Voluntad de Dios, sino para sanar las heridas que deja el pecado.&nbsp; San Pablo nos dice en este pasaje, \u00abque donde abund\u00f3 el pecado, sobreabund\u00f3 la gracia\u00bb y con ello nos invita a reflexionar sobre el poder sanante del amor de Dios.<\/p>\n\n\n\n<p>Esto es fundamental para nosotros pues, \u00bfqui\u00e9n puede decir que no ha pecado? Todos, como el mismo san Pablo ya lo dijo, pero ah\u00ed donde el pecado lastima nuestra vida interior, la gracia y el amor de Dios se derraman como un b\u00e1lsamo que alivia y consuela.<\/p>\n\n\n\n<p>De manera que el sacramento de la Reconciliaci\u00f3n, no \u00fanicamente perdona nuestros pecados, sino que es el instrumento por medio del cual la misericordia de Dios se vierte en nuestro coraz\u00f3n y lo sana, dando paz y consuelo. Si piensas que en tu vida ha sobreabundado el pecado y que ya no puedes m\u00e1s, acude pronto a la gracia del sacramento del amor de Dios y reconc\u00edliate&#8230; experimentar\u00e1s una paz profunda como nunca.<\/p>\n\n\n\n<h4 class=\"wp-block-heading\">Lc 12,35-38<\/h4>\n\n\n\n<p>El se\u00f1or llega de improviso, como un ladr\u00f3n, para ver si ya hemos construido el Reino que se nos ha revelado. Hablar de reino quiere decir hablar de las riquezas que Dios nos ha dado es decir, de la vida, del bautismo, de la participaci\u00f3n de la vida divina a trav\u00e9s de la gracia. Nosotros no somos due\u00f1os de estas riquezas, pero si administradores que las deben hacer fructificar y ampliar.<\/p>\n\n\n\n<p>El se\u00f1or nos visita en varios momentos de la vida, pero su venida por antonomasia es el encuentro definitivo con \u00c9l. El hombre no pude perder la venida del Se\u00f1or.<\/p>\n\n\n\n<p>Esta venida por tanto, exige vigilar. Reflexionar sobre la venida del Se\u00f1or no nos deber\u00eda dar miedo sino que nos deber\u00eda llevar a confiar m\u00e1s en \u00c9l. \u00a1C\u00f3mo cambia el sentido de la vida cuando se ve desde este prisma de la fe y confianza en Cristo!<\/p>\n\n\n\n<p>Pensar en el fin de la vida debe ser, m\u00e1s que una consideraci\u00f3n del fin en s\u00ed y por s\u00ed, una ocasi\u00f3n para aprovechar m\u00e1s inteligentemente el tiempo que se nos queda para vivir, lo poco o mucho que sea. Lo importante es recordar que al final de la vida se nos juzgar\u00e1 del amor. Y s\u00f3lo vale lo que hayamos hecho por Dios y por nuestros hermanos.<\/p>\n","protected":false},"excerpt":{"rendered":"<p>Rm 5,12.15.17-19.20-21 En medio de la abundancia de material que nos proporciona esta carta para nuestra reflexi\u00f3n, centremos nuestra atenci\u00f3n en el hecho de la potencia de la gracia, no solo para justificarnos y darnos as\u00ed la gracia para caminar de acuerdo a la Voluntad de Dios, sino para sanar las heridas que deja el &hellip; <\/p>\n<p class=\"link-more\"><a href=\"http:\/\/igfergon.com.mx\/?p=5641\" class=\"more-link\">Continuar leyendo<span class=\"screen-reader-text\"> \u00abMartes de la XXIX Semana Ordinaria\u00bb<\/span><\/a><\/p>\n","protected":false},"author":1,"featured_media":0,"comment_status":"closed","ping_status":"closed","sticky":false,"template":"","format":"standard","meta":{"footnotes":""},"categories":[13,14,10,1],"tags":[69,8,6,7,637],"class_list":["post-5641","post","type-post","status-publish","format-standard","hentry","category-comentario-al-evangelio","category-homilia","category-homilia-diaria","category-uncategorized","tag-comentario-al-evangelio-2","tag-homilia","tag-homilia-diaria","tag-liturgia","tag-martes-de-la-xxix-semana-ordinaria"],"yoast_head":"<!-- This site is optimized with the Yoast SEO plugin v26.0 - https:\/\/yoast.com\/wordpress\/plugins\/seo\/ -->\n<title>Martes de la XXIX Semana Ordinaria - El sitio del P. Ignacio Fern\u00e1ndez Gonz\u00e1lez<\/title>\n<meta name=\"robots\" content=\"index, follow, max-snippet:-1, max-image-preview:large, max-video-preview:-1\" \/>\n<link rel=\"canonical\" href=\"http:\/\/igfergon.com.mx\/?p=5641\" \/>\n<meta property=\"og:locale\" content=\"es_ES\" \/>\n<meta property=\"og:type\" content=\"article\" \/>\n<meta property=\"og:title\" content=\"Martes de la XXIX Semana Ordinaria - El sitio del P. Ignacio Fern\u00e1ndez Gonz\u00e1lez\" \/>\n<meta property=\"og:description\" content=\"Rm 5,12.15.17-19.20-21 En medio de la abundancia de material que nos proporciona esta carta para nuestra reflexi\u00f3n, centremos nuestra atenci\u00f3n en el hecho de la potencia de la gracia, no solo para justificarnos y darnos as\u00ed la gracia para caminar de acuerdo a la Voluntad de Dios, sino para sanar las heridas que deja el &hellip; Continuar leyendo &quot;Martes de la XXIX Semana Ordinaria&quot;\" \/>\n<meta property=\"og:url\" content=\"http:\/\/igfergon.com.mx\/?p=5641\" \/>\n<meta property=\"og:site_name\" content=\"El sitio del P. Ignacio Fern\u00e1ndez Gonz\u00e1lez\" \/>\n<meta property=\"article:publisher\" content=\"https:\/\/www.facebook.com\/\" \/>\n<meta property=\"article:published_time\" content=\"2025-10-21T08:22:56+00:00\" \/>\n<meta property=\"article:modified_time\" content=\"2025-10-21T08:22:58+00:00\" \/>\n<meta property=\"og:image\" content=\"http:\/\/igfergon.com.mx\/wp-content\/uploads\/2025\/10\/Martes-29SO.jpg\" \/>\n\t<meta property=\"og:image:width\" content=\"318\" \/>\n\t<meta property=\"og:image:height\" content=\"159\" \/>\n\t<meta property=\"og:image:type\" content=\"image\/jpeg\" \/>\n<meta name=\"author\" content=\"igfergon.com.mx\" \/>\n<meta name=\"twitter:card\" content=\"summary_large_image\" \/>\n<meta name=\"twitter:label1\" content=\"Escrito por\" \/>\n\t<meta name=\"twitter:data1\" content=\"igfergon.com.mx\" \/>\n\t<meta name=\"twitter:label2\" content=\"Tiempo de lectura\" \/>\n\t<meta name=\"twitter:data2\" content=\"3 minutos\" \/>\n<script type=\"application\/ld+json\" class=\"yoast-schema-graph\">{\"@context\":\"https:\/\/schema.org\",\"@graph\":[{\"@type\":\"Article\",\"@id\":\"http:\/\/igfergon.com.mx\/?p=5641#article\",\"isPartOf\":{\"@id\":\"http:\/\/igfergon.com.mx\/?p=5641\"},\"author\":{\"name\":\"igfergon.com.mx\",\"@id\":\"http:\/\/igfergon.com.mx\/#\/schema\/person\/b42517895faefafe2a81218226d90957\"},\"headline\":\"Martes de la XXIX Semana Ordinaria\",\"datePublished\":\"2025-10-21T08:22:56+00:00\",\"dateModified\":\"2025-10-21T08:22:58+00:00\",\"mainEntityOfPage\":{\"@id\":\"http:\/\/igfergon.com.mx\/?p=5641\"},\"wordCount\":458,\"publisher\":{\"@id\":\"http:\/\/igfergon.com.mx\/#organization\"},\"image\":{\"@id\":\"http:\/\/igfergon.com.mx\/?p=5641#primaryimage\"},\"thumbnailUrl\":\"http:\/\/igfergon.com.mx\/wp-content\/uploads\/2025\/10\/Martes-29SO.jpg\",\"keywords\":[\"comentario al evangelio\",\"Homil\u00eda\",\"homil\u00eda diaria\",\"liturgia\",\"Martes de la XXIX Semana Ordinaria\"],\"articleSection\":[\"comentario al evangelio\",\"homil\u00eda\",\"homil\u00eda diaria\",\"liturgia\"],\"inLanguage\":\"es\"},{\"@type\":\"WebPage\",\"@id\":\"http:\/\/igfergon.com.mx\/?p=5641\",\"url\":\"http:\/\/igfergon.com.mx\/?p=5641\",\"name\":\"Martes de la XXIX Semana Ordinaria - El sitio del P. Ignacio Fern\u00e1ndez Gonz\u00e1lez\",\"isPartOf\":{\"@id\":\"http:\/\/igfergon.com.mx\/#website\"},\"primaryImageOfPage\":{\"@id\":\"http:\/\/igfergon.com.mx\/?p=5641#primaryimage\"},\"image\":{\"@id\":\"http:\/\/igfergon.com.mx\/?p=5641#primaryimage\"},\"thumbnailUrl\":\"http:\/\/igfergon.com.mx\/wp-content\/uploads\/2025\/10\/Martes-29SO.jpg\",\"datePublished\":\"2025-10-21T08:22:56+00:00\",\"dateModified\":\"2025-10-21T08:22:58+00:00\",\"breadcrumb\":{\"@id\":\"http:\/\/igfergon.com.mx\/?p=5641#breadcrumb\"},\"inLanguage\":\"es\",\"potentialAction\":[{\"@type\":\"ReadAction\",\"target\":[\"http:\/\/igfergon.com.mx\/?p=5641\"]}]},{\"@type\":\"ImageObject\",\"inLanguage\":\"es\",\"@id\":\"http:\/\/igfergon.com.mx\/?p=5641#primaryimage\",\"url\":\"http:\/\/igfergon.com.mx\/wp-content\/uploads\/2025\/10\/Martes-29SO.jpg\",\"contentUrl\":\"http:\/\/igfergon.com.mx\/wp-content\/uploads\/2025\/10\/Martes-29SO.jpg\",\"width\":318,\"height\":159},{\"@type\":\"BreadcrumbList\",\"@id\":\"http:\/\/igfergon.com.mx\/?p=5641#breadcrumb\",\"itemListElement\":[{\"@type\":\"ListItem\",\"position\":1,\"name\":\"Portada\",\"item\":\"http:\/\/igfergon.com.mx\/\"},{\"@type\":\"ListItem\",\"position\":2,\"name\":\"Martes de la XXIX Semana Ordinaria\"}]},{\"@type\":\"WebSite\",\"@id\":\"http:\/\/igfergon.com.mx\/#website\",\"url\":\"http:\/\/igfergon.com.mx\/\",\"name\":\"El sitio del P. Ignacio Fern\u00e1ndez Gonz\u00e1lez\",\"description\":\"Para Ayudarte\",\"publisher\":{\"@id\":\"http:\/\/igfergon.com.mx\/#organization\"},\"potentialAction\":[{\"@type\":\"SearchAction\",\"target\":{\"@type\":\"EntryPoint\",\"urlTemplate\":\"http:\/\/igfergon.com.mx\/?s={search_term_string}\"},\"query-input\":{\"@type\":\"PropertyValueSpecification\",\"valueRequired\":true,\"valueName\":\"search_term_string\"}}],\"inLanguage\":\"es\"},{\"@type\":\"Organization\",\"@id\":\"http:\/\/igfergon.com.mx\/#organization\",\"name\":\"El sitio del P. Ignacio Fern\u00e1ndez Gonz\u00e1lez\",\"url\":\"http:\/\/igfergon.com.mx\/\",\"logo\":{\"@type\":\"ImageObject\",\"inLanguage\":\"es\",\"@id\":\"http:\/\/igfergon.com.mx\/#\/schema\/logo\/image\/\",\"url\":\"http:\/\/igfergon.com.mx\/wp-content\/uploads\/2018\/09\/cropped-ORDNACION02-2.jpg\",\"contentUrl\":\"http:\/\/igfergon.com.mx\/wp-content\/uploads\/2018\/09\/cropped-ORDNACION02-2.jpg\",\"width\":250,\"height\":250,\"caption\":\"El sitio del P. Ignacio Fern\u00e1ndez Gonz\u00e1lez\"},\"image\":{\"@id\":\"http:\/\/igfergon.com.mx\/#\/schema\/logo\/image\/\"},\"sameAs\":[\"https:\/\/www.facebook.com\/\"]},{\"@type\":\"Person\",\"@id\":\"http:\/\/igfergon.com.mx\/#\/schema\/person\/b42517895faefafe2a81218226d90957\",\"name\":\"igfergon.com.mx\",\"image\":{\"@type\":\"ImageObject\",\"inLanguage\":\"es\",\"@id\":\"http:\/\/igfergon.com.mx\/#\/schema\/person\/image\/\",\"url\":\"https:\/\/secure.gravatar.com\/avatar\/9fd60c5591f2c6b18e76a917a69f35b0732f8532b3679d0132b3503b545db7a6?s=96&d=mm&r=g\",\"contentUrl\":\"https:\/\/secure.gravatar.com\/avatar\/9fd60c5591f2c6b18e76a917a69f35b0732f8532b3679d0132b3503b545db7a6?s=96&d=mm&r=g\",\"caption\":\"igfergon.com.mx\"},\"url\":\"http:\/\/igfergon.com.mx\/?author=1\"}]}<\/script>\n<!-- \/ Yoast SEO plugin. -->","yoast_head_json":{"title":"Martes de la XXIX Semana Ordinaria - El sitio del P. Ignacio Fern\u00e1ndez Gonz\u00e1lez","robots":{"index":"index","follow":"follow","max-snippet":"max-snippet:-1","max-image-preview":"max-image-preview:large","max-video-preview":"max-video-preview:-1"},"canonical":"http:\/\/igfergon.com.mx\/?p=5641","og_locale":"es_ES","og_type":"article","og_title":"Martes de la XXIX Semana Ordinaria - El sitio del P. Ignacio Fern\u00e1ndez Gonz\u00e1lez","og_description":"Rm 5,12.15.17-19.20-21 En medio de la abundancia de material que nos proporciona esta carta para nuestra reflexi\u00f3n, centremos nuestra atenci\u00f3n en el hecho de la potencia de la gracia, no solo para justificarnos y darnos as\u00ed la gracia para caminar de acuerdo a la Voluntad de Dios, sino para sanar las heridas que deja el &hellip; Continuar leyendo \"Martes de la XXIX Semana Ordinaria\"","og_url":"http:\/\/igfergon.com.mx\/?p=5641","og_site_name":"El sitio del P. Ignacio Fern\u00e1ndez Gonz\u00e1lez","article_publisher":"https:\/\/www.facebook.com\/","article_published_time":"2025-10-21T08:22:56+00:00","article_modified_time":"2025-10-21T08:22:58+00:00","og_image":[{"width":318,"height":159,"url":"http:\/\/igfergon.com.mx\/wp-content\/uploads\/2025\/10\/Martes-29SO.jpg","type":"image\/jpeg"}],"author":"igfergon.com.mx","twitter_card":"summary_large_image","twitter_misc":{"Escrito por":"igfergon.com.mx","Tiempo de lectura":"3 minutos"},"schema":{"@context":"https:\/\/schema.org","@graph":[{"@type":"Article","@id":"http:\/\/igfergon.com.mx\/?p=5641#article","isPartOf":{"@id":"http:\/\/igfergon.com.mx\/?p=5641"},"author":{"name":"igfergon.com.mx","@id":"http:\/\/igfergon.com.mx\/#\/schema\/person\/b42517895faefafe2a81218226d90957"},"headline":"Martes de la XXIX Semana Ordinaria","datePublished":"2025-10-21T08:22:56+00:00","dateModified":"2025-10-21T08:22:58+00:00","mainEntityOfPage":{"@id":"http:\/\/igfergon.com.mx\/?p=5641"},"wordCount":458,"publisher":{"@id":"http:\/\/igfergon.com.mx\/#organization"},"image":{"@id":"http:\/\/igfergon.com.mx\/?p=5641#primaryimage"},"thumbnailUrl":"http:\/\/igfergon.com.mx\/wp-content\/uploads\/2025\/10\/Martes-29SO.jpg","keywords":["comentario al evangelio","Homil\u00eda","homil\u00eda diaria","liturgia","Martes de la XXIX Semana Ordinaria"],"articleSection":["comentario al evangelio","homil\u00eda","homil\u00eda diaria","liturgia"],"inLanguage":"es"},{"@type":"WebPage","@id":"http:\/\/igfergon.com.mx\/?p=5641","url":"http:\/\/igfergon.com.mx\/?p=5641","name":"Martes de la XXIX Semana Ordinaria - El sitio del P. Ignacio Fern\u00e1ndez Gonz\u00e1lez","isPartOf":{"@id":"http:\/\/igfergon.com.mx\/#website"},"primaryImageOfPage":{"@id":"http:\/\/igfergon.com.mx\/?p=5641#primaryimage"},"image":{"@id":"http:\/\/igfergon.com.mx\/?p=5641#primaryimage"},"thumbnailUrl":"http:\/\/igfergon.com.mx\/wp-content\/uploads\/2025\/10\/Martes-29SO.jpg","datePublished":"2025-10-21T08:22:56+00:00","dateModified":"2025-10-21T08:22:58+00:00","breadcrumb":{"@id":"http:\/\/igfergon.com.mx\/?p=5641#breadcrumb"},"inLanguage":"es","potentialAction":[{"@type":"ReadAction","target":["http:\/\/igfergon.com.mx\/?p=5641"]}]},{"@type":"ImageObject","inLanguage":"es","@id":"http:\/\/igfergon.com.mx\/?p=5641#primaryimage","url":"http:\/\/igfergon.com.mx\/wp-content\/uploads\/2025\/10\/Martes-29SO.jpg","contentUrl":"http:\/\/igfergon.com.mx\/wp-content\/uploads\/2025\/10\/Martes-29SO.jpg","width":318,"height":159},{"@type":"BreadcrumbList","@id":"http:\/\/igfergon.com.mx\/?p=5641#breadcrumb","itemListElement":[{"@type":"ListItem","position":1,"name":"Portada","item":"http:\/\/igfergon.com.mx\/"},{"@type":"ListItem","position":2,"name":"Martes de la XXIX Semana Ordinaria"}]},{"@type":"WebSite","@id":"http:\/\/igfergon.com.mx\/#website","url":"http:\/\/igfergon.com.mx\/","name":"El sitio del P. Ignacio Fern\u00e1ndez Gonz\u00e1lez","description":"Para Ayudarte","publisher":{"@id":"http:\/\/igfergon.com.mx\/#organization"},"potentialAction":[{"@type":"SearchAction","target":{"@type":"EntryPoint","urlTemplate":"http:\/\/igfergon.com.mx\/?s={search_term_string}"},"query-input":{"@type":"PropertyValueSpecification","valueRequired":true,"valueName":"search_term_string"}}],"inLanguage":"es"},{"@type":"Organization","@id":"http:\/\/igfergon.com.mx\/#organization","name":"El sitio del P. Ignacio Fern\u00e1ndez Gonz\u00e1lez","url":"http:\/\/igfergon.com.mx\/","logo":{"@type":"ImageObject","inLanguage":"es","@id":"http:\/\/igfergon.com.mx\/#\/schema\/logo\/image\/","url":"http:\/\/igfergon.com.mx\/wp-content\/uploads\/2018\/09\/cropped-ORDNACION02-2.jpg","contentUrl":"http:\/\/igfergon.com.mx\/wp-content\/uploads\/2018\/09\/cropped-ORDNACION02-2.jpg","width":250,"height":250,"caption":"El sitio del P. Ignacio Fern\u00e1ndez Gonz\u00e1lez"},"image":{"@id":"http:\/\/igfergon.com.mx\/#\/schema\/logo\/image\/"},"sameAs":["https:\/\/www.facebook.com\/"]},{"@type":"Person","@id":"http:\/\/igfergon.com.mx\/#\/schema\/person\/b42517895faefafe2a81218226d90957","name":"igfergon.com.mx","image":{"@type":"ImageObject","inLanguage":"es","@id":"http:\/\/igfergon.com.mx\/#\/schema\/person\/image\/","url":"https:\/\/secure.gravatar.com\/avatar\/9fd60c5591f2c6b18e76a917a69f35b0732f8532b3679d0132b3503b545db7a6?s=96&d=mm&r=g","contentUrl":"https:\/\/secure.gravatar.com\/avatar\/9fd60c5591f2c6b18e76a917a69f35b0732f8532b3679d0132b3503b545db7a6?s=96&d=mm&r=g","caption":"igfergon.com.mx"},"url":"http:\/\/igfergon.com.mx\/?author=1"}]}},"_links":{"self":[{"href":"http:\/\/igfergon.com.mx\/index.php?rest_route=\/wp\/v2\/posts\/5641","targetHints":{"allow":["GET"]}}],"collection":[{"href":"http:\/\/igfergon.com.mx\/index.php?rest_route=\/wp\/v2\/posts"}],"about":[{"href":"http:\/\/igfergon.com.mx\/index.php?rest_route=\/wp\/v2\/types\/post"}],"author":[{"embeddable":true,"href":"http:\/\/igfergon.com.mx\/index.php?rest_route=\/wp\/v2\/users\/1"}],"replies":[{"embeddable":true,"href":"http:\/\/igfergon.com.mx\/index.php?rest_route=%2Fwp%2Fv2%2Fcomments&post=5641"}],"version-history":[{"count":1,"href":"http:\/\/igfergon.com.mx\/index.php?rest_route=\/wp\/v2\/posts\/5641\/revisions"}],"predecessor-version":[{"id":5643,"href":"http:\/\/igfergon.com.mx\/index.php?rest_route=\/wp\/v2\/posts\/5641\/revisions\/5643"}],"wp:attachment":[{"href":"http:\/\/igfergon.com.mx\/index.php?rest_route=%2Fwp%2Fv2%2Fmedia&parent=5641"}],"wp:term":[{"taxonomy":"category","embeddable":true,"href":"http:\/\/igfergon.com.mx\/index.php?rest_route=%2Fwp%2Fv2%2Fcategories&post=5641"},{"taxonomy":"post_tag","embeddable":true,"href":"http:\/\/igfergon.com.mx\/index.php?rest_route=%2Fwp%2Fv2%2Ftags&post=5641"}],"curies":[{"name":"wp","href":"https:\/\/api.w.org\/{rel}","templated":true}]}}