{"id":5645,"date":"2025-10-22T09:32:45","date_gmt":"2025-10-22T07:32:45","guid":{"rendered":"http:\/\/igfergon.com.mx\/?p=5645"},"modified":"2025-10-22T09:32:46","modified_gmt":"2025-10-22T07:32:46","slug":"miercoles-de-la-xxix-semana-ordinaria-2","status":"publish","type":"post","link":"http:\/\/igfergon.com.mx\/?p=5645","title":{"rendered":"Mi\u00e9rcoles de la XXIX Semana Ordinaria"},"content":{"rendered":"<div class=\"wp-block-image\">\n<figure class=\"aligncenter size-full\"><img loading=\"lazy\" decoding=\"async\" width=\"300\" height=\"168\" src=\"http:\/\/igfergon.com.mx\/wp-content\/uploads\/2025\/10\/Miercoles-29SO.jpg\" alt=\"\" class=\"wp-image-5646\" srcset=\"http:\/\/igfergon.com.mx\/wp-content\/uploads\/2025\/10\/Miercoles-29SO.jpg 300w, http:\/\/igfergon.com.mx\/wp-content\/uploads\/2025\/10\/Miercoles-29SO-200x112.jpg 200w\" sizes=\"auto, (max-width: 300px) 100vw, 300px\" \/><\/figure>\n<\/div>\n\n\n<p><strong>Rm 6,12-18<\/strong><\/p>\n\n\n\n<p>Tanto en este cap\u00edtulo como en el siguiente, Pablo nos invita a reflexionar sobre lo que \u00e9l llama \u00abel misterio de la iniquidad\u00bb y que est\u00e1 en relaci\u00f3n a la fuerza que opera en nuestro coraz\u00f3n y que nos lleva a hacer lo que no queremos, es decir la fuerza del pecado. En este pasaje lleno de contenido, nos invita a no dejar que nos domine esta fuerza, que no nos domine el pecado, y sobre todo, que no nos haga sus esclavos. Recordemos que el pecado se vale de la tentaci\u00f3n para arrastrarnos hacia \u00e9l.<\/p>\n\n\n\n<p>Es en este momento, cuando debemos retirarnos, cuando debemos hacer consciente nuestra decisi\u00f3n de ser santos y de seguir en fidelidad al Se\u00f1or. Pablo sabe que no es cosa f\u00e1cil, y por ello nos invita a ponernos al servicio del Se\u00f1or, para que \u00e9l mismo sea quien nos ayude a vencer la tentaci\u00f3n.<\/p>\n\n\n\n<p>Es cierto que en nuestra condici\u00f3n fragmentada por el pecado original es f\u00e1cil que la tentaci\u00f3n en un momento determinado nos domine y pequemos, pero lo que debemos evitar, y es el centro del pasaje de hoy, es que el pecado se adue\u00f1e de nuestros sentidos y pasiones y nos convierta en sus esclavos. Dios nos ha hecho libres, por Jesucristo, y contamos con la asistencia continua del Esp\u00edritu. Por ello no regresemos a una vida de pecado.<\/p>\n\n\n\n<h4 class=\"wp-block-heading\">Lc 12,39-48<\/h4>\n\n\n\n<p>Dios ha puesto en nuestras manos muchos bienes materiales, humanos, espirituales. Nos ha dado la gracia, la vida; nos ha encomendado el cuidado de nuestros amigos y hermanos para que los ayudemos a llegar a la santidad; ha puesto a algunos de nosotros como administradores de bienes y nos ha encargado la promoci\u00f3n de nuestros subordinados.<\/p>\n\n\n\n<p>Todos, cada uno seg\u00fan sus carismas y el llamado propio, hemos sido constituidos en administradores de los bienes del Se\u00f1or, por ello valdr\u00eda la pena hoy revisar \u00bfc\u00f3mo hemos administrado nuestros bienes materiales? Para quien est\u00e1 casado \u00bfc\u00f3mo ha dirigido su casa, la esposa(o) y a los hijos? Para quien tiene responsabilidades con subordinados \u00bfc\u00f3mo los ha tratado y ayudado en su promoci\u00f3n integral? No se te olvide lo que hoy dice el Se\u00f1or que \u00aba quien mucho se le confi\u00f3, mucho se le exigir\u00e1\u00bb.<\/p>\n\n\n\n<p><\/p>\n","protected":false},"excerpt":{"rendered":"<p>Rm 6,12-18 Tanto en este cap\u00edtulo como en el siguiente, Pablo nos invita a reflexionar sobre lo que \u00e9l llama \u00abel misterio de la iniquidad\u00bb y que est\u00e1 en relaci\u00f3n a la fuerza que opera en nuestro coraz\u00f3n y que nos lleva a hacer lo que no queremos, es decir la fuerza del pecado. En &hellip; <\/p>\n<p class=\"link-more\"><a href=\"http:\/\/igfergon.com.mx\/?p=5645\" class=\"more-link\">Continuar leyendo<span class=\"screen-reader-text\"> \u00abMi\u00e9rcoles de la XXIX Semana Ordinaria\u00bb<\/span><\/a><\/p>\n","protected":false},"author":1,"featured_media":0,"comment_status":"closed","ping_status":"closed","sticky":false,"template":"","format":"standard","meta":{"footnotes":""},"categories":[13,14,10,1],"tags":[69,8,6,7,501],"class_list":["post-5645","post","type-post","status-publish","format-standard","hentry","category-comentario-al-evangelio","category-homilia","category-homilia-diaria","category-uncategorized","tag-comentario-al-evangelio-2","tag-homilia","tag-homilia-diaria","tag-liturgia","tag-miercoles-de-la-xxix-semana-ordinaria"],"yoast_head":"<!-- This site is optimized with the Yoast SEO plugin v26.0 - https:\/\/yoast.com\/wordpress\/plugins\/seo\/ -->\n<title>Mi\u00e9rcoles de la XXIX Semana Ordinaria - El sitio del P. Ignacio Fern\u00e1ndez Gonz\u00e1lez<\/title>\n<meta name=\"robots\" content=\"index, follow, max-snippet:-1, max-image-preview:large, max-video-preview:-1\" \/>\n<link rel=\"canonical\" href=\"http:\/\/igfergon.com.mx\/?p=5645\" \/>\n<meta property=\"og:locale\" content=\"es_ES\" \/>\n<meta property=\"og:type\" content=\"article\" \/>\n<meta property=\"og:title\" content=\"Mi\u00e9rcoles de la XXIX Semana Ordinaria - El sitio del P. Ignacio Fern\u00e1ndez Gonz\u00e1lez\" \/>\n<meta property=\"og:description\" content=\"Rm 6,12-18 Tanto en este cap\u00edtulo como en el siguiente, Pablo nos invita a reflexionar sobre lo que \u00e9l llama \u00abel misterio de la iniquidad\u00bb y que est\u00e1 en relaci\u00f3n a la fuerza que opera en nuestro coraz\u00f3n y que nos lleva a hacer lo que no queremos, es decir la fuerza del pecado. En &hellip; Continuar leyendo &quot;Mi\u00e9rcoles de la XXIX Semana Ordinaria&quot;\" \/>\n<meta property=\"og:url\" content=\"http:\/\/igfergon.com.mx\/?p=5645\" \/>\n<meta property=\"og:site_name\" content=\"El sitio del P. Ignacio Fern\u00e1ndez Gonz\u00e1lez\" \/>\n<meta property=\"article:publisher\" content=\"https:\/\/www.facebook.com\/\" \/>\n<meta property=\"article:published_time\" content=\"2025-10-22T07:32:45+00:00\" \/>\n<meta property=\"article:modified_time\" content=\"2025-10-22T07:32:46+00:00\" \/>\n<meta property=\"og:image\" content=\"http:\/\/igfergon.com.mx\/wp-content\/uploads\/2025\/10\/Miercoles-29SO.jpg\" \/>\n\t<meta property=\"og:image:width\" content=\"300\" \/>\n\t<meta property=\"og:image:height\" content=\"168\" \/>\n\t<meta property=\"og:image:type\" content=\"image\/jpeg\" \/>\n<meta name=\"author\" content=\"igfergon.com.mx\" \/>\n<meta name=\"twitter:card\" content=\"summary_large_image\" \/>\n<meta name=\"twitter:label1\" content=\"Escrito por\" \/>\n\t<meta name=\"twitter:data1\" content=\"igfergon.com.mx\" \/>\n\t<meta name=\"twitter:label2\" content=\"Tiempo de lectura\" \/>\n\t<meta name=\"twitter:data2\" content=\"2 minutos\" \/>\n<script type=\"application\/ld+json\" class=\"yoast-schema-graph\">{\"@context\":\"https:\/\/schema.org\",\"@graph\":[{\"@type\":\"Article\",\"@id\":\"http:\/\/igfergon.com.mx\/?p=5645#article\",\"isPartOf\":{\"@id\":\"http:\/\/igfergon.com.mx\/?p=5645\"},\"author\":{\"name\":\"igfergon.com.mx\",\"@id\":\"http:\/\/igfergon.com.mx\/#\/schema\/person\/b42517895faefafe2a81218226d90957\"},\"headline\":\"Mi\u00e9rcoles de la XXIX Semana Ordinaria\",\"datePublished\":\"2025-10-22T07:32:45+00:00\",\"dateModified\":\"2025-10-22T07:32:46+00:00\",\"mainEntityOfPage\":{\"@id\":\"http:\/\/igfergon.com.mx\/?p=5645\"},\"wordCount\":403,\"publisher\":{\"@id\":\"http:\/\/igfergon.com.mx\/#organization\"},\"image\":{\"@id\":\"http:\/\/igfergon.com.mx\/?p=5645#primaryimage\"},\"thumbnailUrl\":\"http:\/\/igfergon.com.mx\/wp-content\/uploads\/2025\/10\/Miercoles-29SO.jpg\",\"keywords\":[\"comentario al evangelio\",\"Homil\u00eda\",\"homil\u00eda diaria\",\"liturgia\",\"Mi\u00e9rcoles de la XXIX Semana Ordinaria\"],\"articleSection\":[\"comentario al evangelio\",\"homil\u00eda\",\"homil\u00eda diaria\",\"liturgia\"],\"inLanguage\":\"es\"},{\"@type\":\"WebPage\",\"@id\":\"http:\/\/igfergon.com.mx\/?p=5645\",\"url\":\"http:\/\/igfergon.com.mx\/?p=5645\",\"name\":\"Mi\u00e9rcoles de la XXIX Semana Ordinaria - El sitio del P. Ignacio Fern\u00e1ndez Gonz\u00e1lez\",\"isPartOf\":{\"@id\":\"http:\/\/igfergon.com.mx\/#website\"},\"primaryImageOfPage\":{\"@id\":\"http:\/\/igfergon.com.mx\/?p=5645#primaryimage\"},\"image\":{\"@id\":\"http:\/\/igfergon.com.mx\/?p=5645#primaryimage\"},\"thumbnailUrl\":\"http:\/\/igfergon.com.mx\/wp-content\/uploads\/2025\/10\/Miercoles-29SO.jpg\",\"datePublished\":\"2025-10-22T07:32:45+00:00\",\"dateModified\":\"2025-10-22T07:32:46+00:00\",\"breadcrumb\":{\"@id\":\"http:\/\/igfergon.com.mx\/?p=5645#breadcrumb\"},\"inLanguage\":\"es\",\"potentialAction\":[{\"@type\":\"ReadAction\",\"target\":[\"http:\/\/igfergon.com.mx\/?p=5645\"]}]},{\"@type\":\"ImageObject\",\"inLanguage\":\"es\",\"@id\":\"http:\/\/igfergon.com.mx\/?p=5645#primaryimage\",\"url\":\"http:\/\/igfergon.com.mx\/wp-content\/uploads\/2025\/10\/Miercoles-29SO.jpg\",\"contentUrl\":\"http:\/\/igfergon.com.mx\/wp-content\/uploads\/2025\/10\/Miercoles-29SO.jpg\",\"width\":300,\"height\":168},{\"@type\":\"BreadcrumbList\",\"@id\":\"http:\/\/igfergon.com.mx\/?p=5645#breadcrumb\",\"itemListElement\":[{\"@type\":\"ListItem\",\"position\":1,\"name\":\"Portada\",\"item\":\"http:\/\/igfergon.com.mx\/\"},{\"@type\":\"ListItem\",\"position\":2,\"name\":\"Mi\u00e9rcoles de la XXIX Semana Ordinaria\"}]},{\"@type\":\"WebSite\",\"@id\":\"http:\/\/igfergon.com.mx\/#website\",\"url\":\"http:\/\/igfergon.com.mx\/\",\"name\":\"El sitio del P. Ignacio Fern\u00e1ndez Gonz\u00e1lez\",\"description\":\"Para Ayudarte\",\"publisher\":{\"@id\":\"http:\/\/igfergon.com.mx\/#organization\"},\"potentialAction\":[{\"@type\":\"SearchAction\",\"target\":{\"@type\":\"EntryPoint\",\"urlTemplate\":\"http:\/\/igfergon.com.mx\/?s={search_term_string}\"},\"query-input\":{\"@type\":\"PropertyValueSpecification\",\"valueRequired\":true,\"valueName\":\"search_term_string\"}}],\"inLanguage\":\"es\"},{\"@type\":\"Organization\",\"@id\":\"http:\/\/igfergon.com.mx\/#organization\",\"name\":\"El sitio del P. Ignacio Fern\u00e1ndez Gonz\u00e1lez\",\"url\":\"http:\/\/igfergon.com.mx\/\",\"logo\":{\"@type\":\"ImageObject\",\"inLanguage\":\"es\",\"@id\":\"http:\/\/igfergon.com.mx\/#\/schema\/logo\/image\/\",\"url\":\"http:\/\/igfergon.com.mx\/wp-content\/uploads\/2018\/09\/cropped-ORDNACION02-2.jpg\",\"contentUrl\":\"http:\/\/igfergon.com.mx\/wp-content\/uploads\/2018\/09\/cropped-ORDNACION02-2.jpg\",\"width\":250,\"height\":250,\"caption\":\"El sitio del P. Ignacio Fern\u00e1ndez Gonz\u00e1lez\"},\"image\":{\"@id\":\"http:\/\/igfergon.com.mx\/#\/schema\/logo\/image\/\"},\"sameAs\":[\"https:\/\/www.facebook.com\/\"]},{\"@type\":\"Person\",\"@id\":\"http:\/\/igfergon.com.mx\/#\/schema\/person\/b42517895faefafe2a81218226d90957\",\"name\":\"igfergon.com.mx\",\"image\":{\"@type\":\"ImageObject\",\"inLanguage\":\"es\",\"@id\":\"http:\/\/igfergon.com.mx\/#\/schema\/person\/image\/\",\"url\":\"https:\/\/secure.gravatar.com\/avatar\/9fd60c5591f2c6b18e76a917a69f35b0732f8532b3679d0132b3503b545db7a6?s=96&d=mm&r=g\",\"contentUrl\":\"https:\/\/secure.gravatar.com\/avatar\/9fd60c5591f2c6b18e76a917a69f35b0732f8532b3679d0132b3503b545db7a6?s=96&d=mm&r=g\",\"caption\":\"igfergon.com.mx\"},\"url\":\"http:\/\/igfergon.com.mx\/?author=1\"}]}<\/script>\n<!-- \/ Yoast SEO plugin. -->","yoast_head_json":{"title":"Mi\u00e9rcoles de la XXIX Semana Ordinaria - El sitio del P. Ignacio Fern\u00e1ndez Gonz\u00e1lez","robots":{"index":"index","follow":"follow","max-snippet":"max-snippet:-1","max-image-preview":"max-image-preview:large","max-video-preview":"max-video-preview:-1"},"canonical":"http:\/\/igfergon.com.mx\/?p=5645","og_locale":"es_ES","og_type":"article","og_title":"Mi\u00e9rcoles de la XXIX Semana Ordinaria - El sitio del P. Ignacio Fern\u00e1ndez Gonz\u00e1lez","og_description":"Rm 6,12-18 Tanto en este cap\u00edtulo como en el siguiente, Pablo nos invita a reflexionar sobre lo que \u00e9l llama \u00abel misterio de la iniquidad\u00bb y que est\u00e1 en relaci\u00f3n a la fuerza que opera en nuestro coraz\u00f3n y que nos lleva a hacer lo que no queremos, es decir la fuerza del pecado. En &hellip; Continuar leyendo \"Mi\u00e9rcoles de la XXIX Semana Ordinaria\"","og_url":"http:\/\/igfergon.com.mx\/?p=5645","og_site_name":"El sitio del P. Ignacio Fern\u00e1ndez Gonz\u00e1lez","article_publisher":"https:\/\/www.facebook.com\/","article_published_time":"2025-10-22T07:32:45+00:00","article_modified_time":"2025-10-22T07:32:46+00:00","og_image":[{"width":300,"height":168,"url":"http:\/\/igfergon.com.mx\/wp-content\/uploads\/2025\/10\/Miercoles-29SO.jpg","type":"image\/jpeg"}],"author":"igfergon.com.mx","twitter_card":"summary_large_image","twitter_misc":{"Escrito por":"igfergon.com.mx","Tiempo de lectura":"2 minutos"},"schema":{"@context":"https:\/\/schema.org","@graph":[{"@type":"Article","@id":"http:\/\/igfergon.com.mx\/?p=5645#article","isPartOf":{"@id":"http:\/\/igfergon.com.mx\/?p=5645"},"author":{"name":"igfergon.com.mx","@id":"http:\/\/igfergon.com.mx\/#\/schema\/person\/b42517895faefafe2a81218226d90957"},"headline":"Mi\u00e9rcoles de la XXIX Semana Ordinaria","datePublished":"2025-10-22T07:32:45+00:00","dateModified":"2025-10-22T07:32:46+00:00","mainEntityOfPage":{"@id":"http:\/\/igfergon.com.mx\/?p=5645"},"wordCount":403,"publisher":{"@id":"http:\/\/igfergon.com.mx\/#organization"},"image":{"@id":"http:\/\/igfergon.com.mx\/?p=5645#primaryimage"},"thumbnailUrl":"http:\/\/igfergon.com.mx\/wp-content\/uploads\/2025\/10\/Miercoles-29SO.jpg","keywords":["comentario al evangelio","Homil\u00eda","homil\u00eda diaria","liturgia","Mi\u00e9rcoles de la XXIX Semana Ordinaria"],"articleSection":["comentario al evangelio","homil\u00eda","homil\u00eda diaria","liturgia"],"inLanguage":"es"},{"@type":"WebPage","@id":"http:\/\/igfergon.com.mx\/?p=5645","url":"http:\/\/igfergon.com.mx\/?p=5645","name":"Mi\u00e9rcoles de la XXIX Semana Ordinaria - El sitio del P. Ignacio Fern\u00e1ndez Gonz\u00e1lez","isPartOf":{"@id":"http:\/\/igfergon.com.mx\/#website"},"primaryImageOfPage":{"@id":"http:\/\/igfergon.com.mx\/?p=5645#primaryimage"},"image":{"@id":"http:\/\/igfergon.com.mx\/?p=5645#primaryimage"},"thumbnailUrl":"http:\/\/igfergon.com.mx\/wp-content\/uploads\/2025\/10\/Miercoles-29SO.jpg","datePublished":"2025-10-22T07:32:45+00:00","dateModified":"2025-10-22T07:32:46+00:00","breadcrumb":{"@id":"http:\/\/igfergon.com.mx\/?p=5645#breadcrumb"},"inLanguage":"es","potentialAction":[{"@type":"ReadAction","target":["http:\/\/igfergon.com.mx\/?p=5645"]}]},{"@type":"ImageObject","inLanguage":"es","@id":"http:\/\/igfergon.com.mx\/?p=5645#primaryimage","url":"http:\/\/igfergon.com.mx\/wp-content\/uploads\/2025\/10\/Miercoles-29SO.jpg","contentUrl":"http:\/\/igfergon.com.mx\/wp-content\/uploads\/2025\/10\/Miercoles-29SO.jpg","width":300,"height":168},{"@type":"BreadcrumbList","@id":"http:\/\/igfergon.com.mx\/?p=5645#breadcrumb","itemListElement":[{"@type":"ListItem","position":1,"name":"Portada","item":"http:\/\/igfergon.com.mx\/"},{"@type":"ListItem","position":2,"name":"Mi\u00e9rcoles de la XXIX Semana Ordinaria"}]},{"@type":"WebSite","@id":"http:\/\/igfergon.com.mx\/#website","url":"http:\/\/igfergon.com.mx\/","name":"El sitio del P. Ignacio Fern\u00e1ndez Gonz\u00e1lez","description":"Para Ayudarte","publisher":{"@id":"http:\/\/igfergon.com.mx\/#organization"},"potentialAction":[{"@type":"SearchAction","target":{"@type":"EntryPoint","urlTemplate":"http:\/\/igfergon.com.mx\/?s={search_term_string}"},"query-input":{"@type":"PropertyValueSpecification","valueRequired":true,"valueName":"search_term_string"}}],"inLanguage":"es"},{"@type":"Organization","@id":"http:\/\/igfergon.com.mx\/#organization","name":"El sitio del P. Ignacio Fern\u00e1ndez Gonz\u00e1lez","url":"http:\/\/igfergon.com.mx\/","logo":{"@type":"ImageObject","inLanguage":"es","@id":"http:\/\/igfergon.com.mx\/#\/schema\/logo\/image\/","url":"http:\/\/igfergon.com.mx\/wp-content\/uploads\/2018\/09\/cropped-ORDNACION02-2.jpg","contentUrl":"http:\/\/igfergon.com.mx\/wp-content\/uploads\/2018\/09\/cropped-ORDNACION02-2.jpg","width":250,"height":250,"caption":"El sitio del P. Ignacio Fern\u00e1ndez Gonz\u00e1lez"},"image":{"@id":"http:\/\/igfergon.com.mx\/#\/schema\/logo\/image\/"},"sameAs":["https:\/\/www.facebook.com\/"]},{"@type":"Person","@id":"http:\/\/igfergon.com.mx\/#\/schema\/person\/b42517895faefafe2a81218226d90957","name":"igfergon.com.mx","image":{"@type":"ImageObject","inLanguage":"es","@id":"http:\/\/igfergon.com.mx\/#\/schema\/person\/image\/","url":"https:\/\/secure.gravatar.com\/avatar\/9fd60c5591f2c6b18e76a917a69f35b0732f8532b3679d0132b3503b545db7a6?s=96&d=mm&r=g","contentUrl":"https:\/\/secure.gravatar.com\/avatar\/9fd60c5591f2c6b18e76a917a69f35b0732f8532b3679d0132b3503b545db7a6?s=96&d=mm&r=g","caption":"igfergon.com.mx"},"url":"http:\/\/igfergon.com.mx\/?author=1"}]}},"_links":{"self":[{"href":"http:\/\/igfergon.com.mx\/index.php?rest_route=\/wp\/v2\/posts\/5645","targetHints":{"allow":["GET"]}}],"collection":[{"href":"http:\/\/igfergon.com.mx\/index.php?rest_route=\/wp\/v2\/posts"}],"about":[{"href":"http:\/\/igfergon.com.mx\/index.php?rest_route=\/wp\/v2\/types\/post"}],"author":[{"embeddable":true,"href":"http:\/\/igfergon.com.mx\/index.php?rest_route=\/wp\/v2\/users\/1"}],"replies":[{"embeddable":true,"href":"http:\/\/igfergon.com.mx\/index.php?rest_route=%2Fwp%2Fv2%2Fcomments&post=5645"}],"version-history":[{"count":1,"href":"http:\/\/igfergon.com.mx\/index.php?rest_route=\/wp\/v2\/posts\/5645\/revisions"}],"predecessor-version":[{"id":5647,"href":"http:\/\/igfergon.com.mx\/index.php?rest_route=\/wp\/v2\/posts\/5645\/revisions\/5647"}],"wp:attachment":[{"href":"http:\/\/igfergon.com.mx\/index.php?rest_route=%2Fwp%2Fv2%2Fmedia&parent=5645"}],"wp:term":[{"taxonomy":"category","embeddable":true,"href":"http:\/\/igfergon.com.mx\/index.php?rest_route=%2Fwp%2Fv2%2Fcategories&post=5645"},{"taxonomy":"post_tag","embeddable":true,"href":"http:\/\/igfergon.com.mx\/index.php?rest_route=%2Fwp%2Fv2%2Ftags&post=5645"}],"curies":[{"name":"wp","href":"https:\/\/api.w.org\/{rel}","templated":true}]}}