{"id":5648,"date":"2025-10-23T09:31:42","date_gmt":"2025-10-23T07:31:42","guid":{"rendered":"http:\/\/igfergon.com.mx\/?p=5648"},"modified":"2025-10-23T09:31:43","modified_gmt":"2025-10-23T07:31:43","slug":"jueves-de-la-xxix-semana-ordinaria-2","status":"publish","type":"post","link":"http:\/\/igfergon.com.mx\/?p=5648","title":{"rendered":"Jueves de la XXIX Semana Ordinaria"},"content":{"rendered":"<div class=\"wp-block-image\">\n<figure class=\"aligncenter size-full\"><img loading=\"lazy\" decoding=\"async\" width=\"300\" height=\"168\" src=\"http:\/\/igfergon.com.mx\/wp-content\/uploads\/2025\/10\/jueves-29SO.jpg\" alt=\"\" class=\"wp-image-5649\" srcset=\"http:\/\/igfergon.com.mx\/wp-content\/uploads\/2025\/10\/jueves-29SO.jpg 300w, http:\/\/igfergon.com.mx\/wp-content\/uploads\/2025\/10\/jueves-29SO-200x112.jpg 200w\" sizes=\"auto, (max-width: 300px) 100vw, 300px\" \/><\/figure>\n<\/div>\n\n\n<p><strong>Rom. 6, 19-23.<\/strong><\/p>\n\n\n\n<p>Quien acepta a Jesucristo como Se\u00f1or en su vida recibe como un don gratuito la Vida eterna. Si en verdad hemos aceptado que el Se\u00f1or nos libere de nuestra esclavitud al pecado, no podemos continuar siendo esclavos de la maldad.<\/p>\n\n\n\n<p>Quien contin\u00fae sujetando su vida al pecado, por su servicio a \u00e9l recibir\u00e1 como pago la muerte; ese pago llegar\u00e1 a esa persona en una diversidad de manifestaciones de muerte ya desde esta vida.<\/p>\n\n\n\n<p>Quienes dicen creer en Cristo y son causantes de guerras fratricidas o las apoyan en otros; quienes destruyen nuestra sociedad con acciones criminosas; quienes envenenan a los dem\u00e1s para enriquecerse il\u00edcitamente a costa de enviciarlos y destruirles la vida, no pueden hablar realmente de que han hecho suya la Victoria de Cristo sobre el pecado y la muerte.<\/p>\n\n\n\n<p>Cristo nos quiere libres del pecado; nos quiere consagrados a \u00c9l para que, como resultado de eso, al final tengamos la vida eterna. Esto no ser\u00e1 obra nuestra, sino la obra final de Dios en nosotros. Por eso estemos atentos a las inspiraciones de su Esp\u00edritu en nosotros y dej\u00e9monos conducir por \u00c9l.<\/p>\n\n\n\n<h4 class=\"wp-block-heading\">&nbsp;<\/h4>\n\n\n\n<h4 class=\"wp-block-heading\">Lc 12,49-53<\/h4>\n\n\n\n<p>Este pasaje podr\u00eda prestarse a una interpretaci\u00f3n equivocada por lo que hay que tomarlo dentro del contexto en que Jes\u00fas lo dice.<\/p>\n\n\n\n<p>Jes\u00fas en todo este cap\u00edtulo est\u00e1 hablando de la necesidad de ser fieles al Evangelio, de estar preparados. Esta fidelidad al evangelio nos pude llevar incluso a encontrarnos con problemas aun dentro de nuestra propia familia.<\/p>\n\n\n\n<p>Dado que el Reino es una invitaci\u00f3n que se hace de manera personal, cada uno, aun los de nuestra propia familia, pueden, si no rechazarla, si al menos no tomarla tan en serio como el mismo Evangelio nos lo demanda. Esto causar\u00e1 divisi\u00f3n, pues no siempre los criterios del mundo van de acuerdo a los del Evangelio.<\/p>\n\n\n\n<p>Cuando el fuego del amor de Dios arde en el coraz\u00f3n del cristiano, la vida no siempre se ve c\u00f3mo la ve el resto del mundo. Esto no quiere decir que el cristiano ser\u00e1 el causante de la divisi\u00f3n sino el mismo Evangelio que se opone al ego\u00edsmo, a la mentira, a la injusticia.<\/p>\n\n\n\n<p>Si llegas a vivir una situaci\u00f3n as\u00ed en tu casa, en medio de esta tormenta recuerda las palabras de san Pablo: \u00abCree t\u00fa y creer\u00e1n los de tu casa\u00bb<\/p>\n\n\n\n<p><\/p>\n","protected":false},"excerpt":{"rendered":"<p>Rom. 6, 19-23. Quien acepta a Jesucristo como Se\u00f1or en su vida recibe como un don gratuito la Vida eterna. Si en verdad hemos aceptado que el Se\u00f1or nos libere de nuestra esclavitud al pecado, no podemos continuar siendo esclavos de la maldad. Quien contin\u00fae sujetando su vida al pecado, por su servicio a \u00e9l &hellip; <\/p>\n<p class=\"link-more\"><a href=\"http:\/\/igfergon.com.mx\/?p=5648\" class=\"more-link\">Continuar leyendo<span class=\"screen-reader-text\"> \u00abJueves de la XXIX Semana Ordinaria\u00bb<\/span><\/a><\/p>\n","protected":false},"author":1,"featured_media":0,"comment_status":"closed","ping_status":"closed","sticky":false,"template":"","format":"standard","meta":{"footnotes":""},"categories":[13,14,10,1],"tags":[69,8,6,502,7],"class_list":["post-5648","post","type-post","status-publish","format-standard","hentry","category-comentario-al-evangelio","category-homilia","category-homilia-diaria","category-uncategorized","tag-comentario-al-evangelio-2","tag-homilia","tag-homilia-diaria","tag-jueves-de-la-xxix-semana-ordinaria","tag-liturgia"],"yoast_head":"<!-- This site is optimized with the Yoast SEO plugin v26.0 - https:\/\/yoast.com\/wordpress\/plugins\/seo\/ -->\n<title>Jueves de la XXIX Semana Ordinaria - El sitio del P. Ignacio Fern\u00e1ndez Gonz\u00e1lez<\/title>\n<meta name=\"robots\" content=\"index, follow, max-snippet:-1, max-image-preview:large, max-video-preview:-1\" \/>\n<link rel=\"canonical\" href=\"http:\/\/igfergon.com.mx\/?p=5648\" \/>\n<meta property=\"og:locale\" content=\"es_ES\" \/>\n<meta property=\"og:type\" content=\"article\" \/>\n<meta property=\"og:title\" content=\"Jueves de la XXIX Semana Ordinaria - El sitio del P. Ignacio Fern\u00e1ndez Gonz\u00e1lez\" \/>\n<meta property=\"og:description\" content=\"Rom. 6, 19-23. Quien acepta a Jesucristo como Se\u00f1or en su vida recibe como un don gratuito la Vida eterna. Si en verdad hemos aceptado que el Se\u00f1or nos libere de nuestra esclavitud al pecado, no podemos continuar siendo esclavos de la maldad. Quien contin\u00fae sujetando su vida al pecado, por su servicio a \u00e9l &hellip; Continuar leyendo &quot;Jueves de la XXIX Semana Ordinaria&quot;\" \/>\n<meta property=\"og:url\" content=\"http:\/\/igfergon.com.mx\/?p=5648\" \/>\n<meta property=\"og:site_name\" content=\"El sitio del P. Ignacio Fern\u00e1ndez Gonz\u00e1lez\" \/>\n<meta property=\"article:publisher\" content=\"https:\/\/www.facebook.com\/\" \/>\n<meta property=\"article:published_time\" content=\"2025-10-23T07:31:42+00:00\" \/>\n<meta property=\"article:modified_time\" content=\"2025-10-23T07:31:43+00:00\" \/>\n<meta property=\"og:image\" content=\"http:\/\/igfergon.com.mx\/wp-content\/uploads\/2025\/10\/jueves-29SO.jpg\" \/>\n\t<meta property=\"og:image:width\" content=\"300\" \/>\n\t<meta property=\"og:image:height\" content=\"168\" \/>\n\t<meta property=\"og:image:type\" content=\"image\/jpeg\" \/>\n<meta name=\"author\" content=\"igfergon.com.mx\" \/>\n<meta name=\"twitter:card\" content=\"summary_large_image\" \/>\n<meta name=\"twitter:label1\" content=\"Escrito por\" \/>\n\t<meta name=\"twitter:data1\" content=\"igfergon.com.mx\" \/>\n\t<meta name=\"twitter:label2\" content=\"Tiempo de lectura\" \/>\n\t<meta name=\"twitter:data2\" content=\"2 minutos\" \/>\n<script type=\"application\/ld+json\" class=\"yoast-schema-graph\">{\"@context\":\"https:\/\/schema.org\",\"@graph\":[{\"@type\":\"Article\",\"@id\":\"http:\/\/igfergon.com.mx\/?p=5648#article\",\"isPartOf\":{\"@id\":\"http:\/\/igfergon.com.mx\/?p=5648\"},\"author\":{\"name\":\"igfergon.com.mx\",\"@id\":\"http:\/\/igfergon.com.mx\/#\/schema\/person\/b42517895faefafe2a81218226d90957\"},\"headline\":\"Jueves de la XXIX Semana Ordinaria\",\"datePublished\":\"2025-10-23T07:31:42+00:00\",\"dateModified\":\"2025-10-23T07:31:43+00:00\",\"mainEntityOfPage\":{\"@id\":\"http:\/\/igfergon.com.mx\/?p=5648\"},\"wordCount\":414,\"publisher\":{\"@id\":\"http:\/\/igfergon.com.mx\/#organization\"},\"image\":{\"@id\":\"http:\/\/igfergon.com.mx\/?p=5648#primaryimage\"},\"thumbnailUrl\":\"http:\/\/igfergon.com.mx\/wp-content\/uploads\/2025\/10\/jueves-29SO.jpg\",\"keywords\":[\"comentario al evangelio\",\"Homil\u00eda\",\"homil\u00eda diaria\",\"Jueves de la XXIX Semana Ordinaria\",\"liturgia\"],\"articleSection\":[\"comentario al evangelio\",\"homil\u00eda\",\"homil\u00eda diaria\",\"liturgia\"],\"inLanguage\":\"es\"},{\"@type\":\"WebPage\",\"@id\":\"http:\/\/igfergon.com.mx\/?p=5648\",\"url\":\"http:\/\/igfergon.com.mx\/?p=5648\",\"name\":\"Jueves de la XXIX Semana Ordinaria - El sitio del P. Ignacio Fern\u00e1ndez Gonz\u00e1lez\",\"isPartOf\":{\"@id\":\"http:\/\/igfergon.com.mx\/#website\"},\"primaryImageOfPage\":{\"@id\":\"http:\/\/igfergon.com.mx\/?p=5648#primaryimage\"},\"image\":{\"@id\":\"http:\/\/igfergon.com.mx\/?p=5648#primaryimage\"},\"thumbnailUrl\":\"http:\/\/igfergon.com.mx\/wp-content\/uploads\/2025\/10\/jueves-29SO.jpg\",\"datePublished\":\"2025-10-23T07:31:42+00:00\",\"dateModified\":\"2025-10-23T07:31:43+00:00\",\"breadcrumb\":{\"@id\":\"http:\/\/igfergon.com.mx\/?p=5648#breadcrumb\"},\"inLanguage\":\"es\",\"potentialAction\":[{\"@type\":\"ReadAction\",\"target\":[\"http:\/\/igfergon.com.mx\/?p=5648\"]}]},{\"@type\":\"ImageObject\",\"inLanguage\":\"es\",\"@id\":\"http:\/\/igfergon.com.mx\/?p=5648#primaryimage\",\"url\":\"http:\/\/igfergon.com.mx\/wp-content\/uploads\/2025\/10\/jueves-29SO.jpg\",\"contentUrl\":\"http:\/\/igfergon.com.mx\/wp-content\/uploads\/2025\/10\/jueves-29SO.jpg\",\"width\":300,\"height\":168},{\"@type\":\"BreadcrumbList\",\"@id\":\"http:\/\/igfergon.com.mx\/?p=5648#breadcrumb\",\"itemListElement\":[{\"@type\":\"ListItem\",\"position\":1,\"name\":\"Portada\",\"item\":\"http:\/\/igfergon.com.mx\/\"},{\"@type\":\"ListItem\",\"position\":2,\"name\":\"Jueves de la XXIX Semana Ordinaria\"}]},{\"@type\":\"WebSite\",\"@id\":\"http:\/\/igfergon.com.mx\/#website\",\"url\":\"http:\/\/igfergon.com.mx\/\",\"name\":\"El sitio del P. Ignacio Fern\u00e1ndez Gonz\u00e1lez\",\"description\":\"Para Ayudarte\",\"publisher\":{\"@id\":\"http:\/\/igfergon.com.mx\/#organization\"},\"potentialAction\":[{\"@type\":\"SearchAction\",\"target\":{\"@type\":\"EntryPoint\",\"urlTemplate\":\"http:\/\/igfergon.com.mx\/?s={search_term_string}\"},\"query-input\":{\"@type\":\"PropertyValueSpecification\",\"valueRequired\":true,\"valueName\":\"search_term_string\"}}],\"inLanguage\":\"es\"},{\"@type\":\"Organization\",\"@id\":\"http:\/\/igfergon.com.mx\/#organization\",\"name\":\"El sitio del P. Ignacio Fern\u00e1ndez Gonz\u00e1lez\",\"url\":\"http:\/\/igfergon.com.mx\/\",\"logo\":{\"@type\":\"ImageObject\",\"inLanguage\":\"es\",\"@id\":\"http:\/\/igfergon.com.mx\/#\/schema\/logo\/image\/\",\"url\":\"http:\/\/igfergon.com.mx\/wp-content\/uploads\/2018\/09\/cropped-ORDNACION02-2.jpg\",\"contentUrl\":\"http:\/\/igfergon.com.mx\/wp-content\/uploads\/2018\/09\/cropped-ORDNACION02-2.jpg\",\"width\":250,\"height\":250,\"caption\":\"El sitio del P. Ignacio Fern\u00e1ndez Gonz\u00e1lez\"},\"image\":{\"@id\":\"http:\/\/igfergon.com.mx\/#\/schema\/logo\/image\/\"},\"sameAs\":[\"https:\/\/www.facebook.com\/\"]},{\"@type\":\"Person\",\"@id\":\"http:\/\/igfergon.com.mx\/#\/schema\/person\/b42517895faefafe2a81218226d90957\",\"name\":\"igfergon.com.mx\",\"image\":{\"@type\":\"ImageObject\",\"inLanguage\":\"es\",\"@id\":\"http:\/\/igfergon.com.mx\/#\/schema\/person\/image\/\",\"url\":\"https:\/\/secure.gravatar.com\/avatar\/9fd60c5591f2c6b18e76a917a69f35b0732f8532b3679d0132b3503b545db7a6?s=96&d=mm&r=g\",\"contentUrl\":\"https:\/\/secure.gravatar.com\/avatar\/9fd60c5591f2c6b18e76a917a69f35b0732f8532b3679d0132b3503b545db7a6?s=96&d=mm&r=g\",\"caption\":\"igfergon.com.mx\"},\"url\":\"http:\/\/igfergon.com.mx\/?author=1\"}]}<\/script>\n<!-- \/ Yoast SEO plugin. -->","yoast_head_json":{"title":"Jueves de la XXIX Semana Ordinaria - El sitio del P. Ignacio Fern\u00e1ndez Gonz\u00e1lez","robots":{"index":"index","follow":"follow","max-snippet":"max-snippet:-1","max-image-preview":"max-image-preview:large","max-video-preview":"max-video-preview:-1"},"canonical":"http:\/\/igfergon.com.mx\/?p=5648","og_locale":"es_ES","og_type":"article","og_title":"Jueves de la XXIX Semana Ordinaria - El sitio del P. Ignacio Fern\u00e1ndez Gonz\u00e1lez","og_description":"Rom. 6, 19-23. Quien acepta a Jesucristo como Se\u00f1or en su vida recibe como un don gratuito la Vida eterna. Si en verdad hemos aceptado que el Se\u00f1or nos libere de nuestra esclavitud al pecado, no podemos continuar siendo esclavos de la maldad. Quien contin\u00fae sujetando su vida al pecado, por su servicio a \u00e9l &hellip; Continuar leyendo \"Jueves de la XXIX Semana Ordinaria\"","og_url":"http:\/\/igfergon.com.mx\/?p=5648","og_site_name":"El sitio del P. Ignacio Fern\u00e1ndez Gonz\u00e1lez","article_publisher":"https:\/\/www.facebook.com\/","article_published_time":"2025-10-23T07:31:42+00:00","article_modified_time":"2025-10-23T07:31:43+00:00","og_image":[{"width":300,"height":168,"url":"http:\/\/igfergon.com.mx\/wp-content\/uploads\/2025\/10\/jueves-29SO.jpg","type":"image\/jpeg"}],"author":"igfergon.com.mx","twitter_card":"summary_large_image","twitter_misc":{"Escrito por":"igfergon.com.mx","Tiempo de lectura":"2 minutos"},"schema":{"@context":"https:\/\/schema.org","@graph":[{"@type":"Article","@id":"http:\/\/igfergon.com.mx\/?p=5648#article","isPartOf":{"@id":"http:\/\/igfergon.com.mx\/?p=5648"},"author":{"name":"igfergon.com.mx","@id":"http:\/\/igfergon.com.mx\/#\/schema\/person\/b42517895faefafe2a81218226d90957"},"headline":"Jueves de la XXIX Semana Ordinaria","datePublished":"2025-10-23T07:31:42+00:00","dateModified":"2025-10-23T07:31:43+00:00","mainEntityOfPage":{"@id":"http:\/\/igfergon.com.mx\/?p=5648"},"wordCount":414,"publisher":{"@id":"http:\/\/igfergon.com.mx\/#organization"},"image":{"@id":"http:\/\/igfergon.com.mx\/?p=5648#primaryimage"},"thumbnailUrl":"http:\/\/igfergon.com.mx\/wp-content\/uploads\/2025\/10\/jueves-29SO.jpg","keywords":["comentario al evangelio","Homil\u00eda","homil\u00eda diaria","Jueves de la XXIX Semana Ordinaria","liturgia"],"articleSection":["comentario al evangelio","homil\u00eda","homil\u00eda diaria","liturgia"],"inLanguage":"es"},{"@type":"WebPage","@id":"http:\/\/igfergon.com.mx\/?p=5648","url":"http:\/\/igfergon.com.mx\/?p=5648","name":"Jueves de la XXIX Semana Ordinaria - El sitio del P. Ignacio Fern\u00e1ndez Gonz\u00e1lez","isPartOf":{"@id":"http:\/\/igfergon.com.mx\/#website"},"primaryImageOfPage":{"@id":"http:\/\/igfergon.com.mx\/?p=5648#primaryimage"},"image":{"@id":"http:\/\/igfergon.com.mx\/?p=5648#primaryimage"},"thumbnailUrl":"http:\/\/igfergon.com.mx\/wp-content\/uploads\/2025\/10\/jueves-29SO.jpg","datePublished":"2025-10-23T07:31:42+00:00","dateModified":"2025-10-23T07:31:43+00:00","breadcrumb":{"@id":"http:\/\/igfergon.com.mx\/?p=5648#breadcrumb"},"inLanguage":"es","potentialAction":[{"@type":"ReadAction","target":["http:\/\/igfergon.com.mx\/?p=5648"]}]},{"@type":"ImageObject","inLanguage":"es","@id":"http:\/\/igfergon.com.mx\/?p=5648#primaryimage","url":"http:\/\/igfergon.com.mx\/wp-content\/uploads\/2025\/10\/jueves-29SO.jpg","contentUrl":"http:\/\/igfergon.com.mx\/wp-content\/uploads\/2025\/10\/jueves-29SO.jpg","width":300,"height":168},{"@type":"BreadcrumbList","@id":"http:\/\/igfergon.com.mx\/?p=5648#breadcrumb","itemListElement":[{"@type":"ListItem","position":1,"name":"Portada","item":"http:\/\/igfergon.com.mx\/"},{"@type":"ListItem","position":2,"name":"Jueves de la XXIX Semana Ordinaria"}]},{"@type":"WebSite","@id":"http:\/\/igfergon.com.mx\/#website","url":"http:\/\/igfergon.com.mx\/","name":"El sitio del P. Ignacio Fern\u00e1ndez Gonz\u00e1lez","description":"Para Ayudarte","publisher":{"@id":"http:\/\/igfergon.com.mx\/#organization"},"potentialAction":[{"@type":"SearchAction","target":{"@type":"EntryPoint","urlTemplate":"http:\/\/igfergon.com.mx\/?s={search_term_string}"},"query-input":{"@type":"PropertyValueSpecification","valueRequired":true,"valueName":"search_term_string"}}],"inLanguage":"es"},{"@type":"Organization","@id":"http:\/\/igfergon.com.mx\/#organization","name":"El sitio del P. Ignacio Fern\u00e1ndez Gonz\u00e1lez","url":"http:\/\/igfergon.com.mx\/","logo":{"@type":"ImageObject","inLanguage":"es","@id":"http:\/\/igfergon.com.mx\/#\/schema\/logo\/image\/","url":"http:\/\/igfergon.com.mx\/wp-content\/uploads\/2018\/09\/cropped-ORDNACION02-2.jpg","contentUrl":"http:\/\/igfergon.com.mx\/wp-content\/uploads\/2018\/09\/cropped-ORDNACION02-2.jpg","width":250,"height":250,"caption":"El sitio del P. Ignacio Fern\u00e1ndez Gonz\u00e1lez"},"image":{"@id":"http:\/\/igfergon.com.mx\/#\/schema\/logo\/image\/"},"sameAs":["https:\/\/www.facebook.com\/"]},{"@type":"Person","@id":"http:\/\/igfergon.com.mx\/#\/schema\/person\/b42517895faefafe2a81218226d90957","name":"igfergon.com.mx","image":{"@type":"ImageObject","inLanguage":"es","@id":"http:\/\/igfergon.com.mx\/#\/schema\/person\/image\/","url":"https:\/\/secure.gravatar.com\/avatar\/9fd60c5591f2c6b18e76a917a69f35b0732f8532b3679d0132b3503b545db7a6?s=96&d=mm&r=g","contentUrl":"https:\/\/secure.gravatar.com\/avatar\/9fd60c5591f2c6b18e76a917a69f35b0732f8532b3679d0132b3503b545db7a6?s=96&d=mm&r=g","caption":"igfergon.com.mx"},"url":"http:\/\/igfergon.com.mx\/?author=1"}]}},"_links":{"self":[{"href":"http:\/\/igfergon.com.mx\/index.php?rest_route=\/wp\/v2\/posts\/5648","targetHints":{"allow":["GET"]}}],"collection":[{"href":"http:\/\/igfergon.com.mx\/index.php?rest_route=\/wp\/v2\/posts"}],"about":[{"href":"http:\/\/igfergon.com.mx\/index.php?rest_route=\/wp\/v2\/types\/post"}],"author":[{"embeddable":true,"href":"http:\/\/igfergon.com.mx\/index.php?rest_route=\/wp\/v2\/users\/1"}],"replies":[{"embeddable":true,"href":"http:\/\/igfergon.com.mx\/index.php?rest_route=%2Fwp%2Fv2%2Fcomments&post=5648"}],"version-history":[{"count":1,"href":"http:\/\/igfergon.com.mx\/index.php?rest_route=\/wp\/v2\/posts\/5648\/revisions"}],"predecessor-version":[{"id":5650,"href":"http:\/\/igfergon.com.mx\/index.php?rest_route=\/wp\/v2\/posts\/5648\/revisions\/5650"}],"wp:attachment":[{"href":"http:\/\/igfergon.com.mx\/index.php?rest_route=%2Fwp%2Fv2%2Fmedia&parent=5648"}],"wp:term":[{"taxonomy":"category","embeddable":true,"href":"http:\/\/igfergon.com.mx\/index.php?rest_route=%2Fwp%2Fv2%2Fcategories&post=5648"},{"taxonomy":"post_tag","embeddable":true,"href":"http:\/\/igfergon.com.mx\/index.php?rest_route=%2Fwp%2Fv2%2Ftags&post=5648"}],"curies":[{"name":"wp","href":"https:\/\/api.w.org\/{rel}","templated":true}]}}