{"id":5657,"date":"2025-10-27T10:57:44","date_gmt":"2025-10-27T08:57:44","guid":{"rendered":"http:\/\/igfergon.com.mx\/?p=5657"},"modified":"2025-10-27T10:57:45","modified_gmt":"2025-10-27T08:57:45","slug":"lunes-de-la-xxx-semana-ordinaria-2","status":"publish","type":"post","link":"http:\/\/igfergon.com.mx\/?p=5657","title":{"rendered":"Lunes de la XXX Semana Ordinaria"},"content":{"rendered":"<div class=\"wp-block-image\">\n<figure class=\"aligncenter size-full\"><img loading=\"lazy\" decoding=\"async\" width=\"300\" height=\"168\" src=\"http:\/\/igfergon.com.mx\/wp-content\/uploads\/2025\/10\/Lunes-30SO.jpg\" alt=\"\" class=\"wp-image-5658\" srcset=\"http:\/\/igfergon.com.mx\/wp-content\/uploads\/2025\/10\/Lunes-30SO.jpg 300w, http:\/\/igfergon.com.mx\/wp-content\/uploads\/2025\/10\/Lunes-30SO-200x112.jpg 200w\" sizes=\"auto, (max-width: 300px) 100vw, 300px\" \/><\/figure>\n<\/div>\n\n\n<h4 class=\"wp-block-heading\">Rm 8,12-17<\/h4>\n\n\n\n<p>Uno de los cap\u00edtulos m\u00e1s esperanzadores de la Sagrada Escritura, podr\u00eda ser el que estamos leyendo, pues en \u00e9l san Pablo nos presenta como el ant\u00eddoto a la acci\u00f3n del pecado, la gracia que nos viene por la inhabitaci\u00f3n del Esp\u00edritu Santo. Es en realidad \u00c9l, quien siendo Dios, tiene la fuerza para vencer nuestras debilidades y con ello mantenernos en total comuni\u00f3n con el Padre.<\/p>\n\n\n\n<p>Es el Esp\u00edritu Santo quien, por otro lado, testifica desde lo m\u00e1s profundo de nuestro Coraz\u00f3n que somos hijos de Dios, lo que nos hace sentirnos amados a\u00fan en las circunstancias m\u00e1s dif\u00edciles de nuestra vida. Este Esp\u00edritu lo hemos recibido todos los bautizados, pero desafortunadamente no todos lo hemos dejado desarrollarse en nuestra vida.<\/p>\n\n\n\n<p>La falta de oraci\u00f3n y de contacto con la Escritura, la poca o apresurada practica de los sacramentos van causando un anquilosamiento del Esp\u00edritu, lo que provoca una grande debilidad espiritual que no resiste los embates del pecado y que en las circunstancias dif\u00edciles de nuestra vida, no permite que nos sintamos amados lo que provoca, en no pocas ocasiones, angustia y soledad.<\/p>\n\n\n\n<p>Es momento de ir tomando m\u00e1s gusto por una vida espiritual m\u00e1s profunda enraizada en la oraci\u00f3n, la palabra de Dios y los sacramentos. Dale lugar al Esp\u00edritu y tu vida estar\u00e1 llena de felicidad.<\/p>\n\n\n\n<h4 class=\"wp-block-heading\">Lc 13,10-17<\/h4>\n\n\n\n<p>Siempre me he preguntado si la caridad tiene un tiempo para realizarse. M\u00e1s bien me parece, como nos lo muestra Jes\u00fas, que todo momento y toda circunstancia es apropiada para hacer la caridad&#8230; es m\u00e1s, que la caridad est\u00e1 incluso por encima de la ley, sobre todo cuando \u00e9sta es usada para beneficio personal.<\/p>\n\n\n\n<p>Pensemos \u00bfcu\u00e1ntas oportunidades tenemos diariamente de hacer caridad, de hacer un favor y preferimos nuestra comodidad, la cual disfrazamos con \u00abel lugar\u00bb o el \u00abtiempo\u00bb (no es el lugar o no es tiempo)?<\/p>\n\n\n\n<p>O \u00bfcu\u00e1ntas veces nos escudamos tras reglamentos (principalmente en nuestros centros de trabajo y en las organizaciones a las que pertenecemos) para no ayudar a quien verdaderamente est\u00e1 necesitado.<\/p>\n\n\n\n<p>Se nos olvida con frecuencia que ninguna ley puede condicionar la ayuda al pr\u00f3jimo. Por ello, dejemos que la caridad se convierta m\u00e1s que un lugar o tiempo, o en un reglamento, en un estilo de vida.<\/p>\n\n\n\n<p><\/p>\n","protected":false},"excerpt":{"rendered":"<p>Rm 8,12-17 Uno de los cap\u00edtulos m\u00e1s esperanzadores de la Sagrada Escritura, podr\u00eda ser el que estamos leyendo, pues en \u00e9l san Pablo nos presenta como el ant\u00eddoto a la acci\u00f3n del pecado, la gracia que nos viene por la inhabitaci\u00f3n del Esp\u00edritu Santo. Es en realidad \u00c9l, quien siendo Dios, tiene la fuerza para &hellip; <\/p>\n<p class=\"link-more\"><a href=\"http:\/\/igfergon.com.mx\/?p=5657\" class=\"more-link\">Continuar leyendo<span class=\"screen-reader-text\"> \u00abLunes de la XXX Semana Ordinaria\u00bb<\/span><\/a><\/p>\n","protected":false},"author":1,"featured_media":0,"comment_status":"closed","ping_status":"closed","sticky":false,"template":"","format":"standard","meta":{"footnotes":""},"categories":[13,14,10,1],"tags":[69,8,6,7,505],"class_list":["post-5657","post","type-post","status-publish","format-standard","hentry","category-comentario-al-evangelio","category-homilia","category-homilia-diaria","category-uncategorized","tag-comentario-al-evangelio-2","tag-homilia","tag-homilia-diaria","tag-liturgia","tag-lunes-de-la-xxx-semana-ordinaria"],"yoast_head":"<!-- This site is optimized with the Yoast SEO plugin v26.0 - https:\/\/yoast.com\/wordpress\/plugins\/seo\/ -->\n<title>Lunes de la XXX Semana Ordinaria - El sitio del P. Ignacio Fern\u00e1ndez Gonz\u00e1lez<\/title>\n<meta name=\"robots\" content=\"index, follow, max-snippet:-1, max-image-preview:large, max-video-preview:-1\" \/>\n<link rel=\"canonical\" href=\"http:\/\/igfergon.com.mx\/?p=5657\" \/>\n<meta property=\"og:locale\" content=\"es_ES\" \/>\n<meta property=\"og:type\" content=\"article\" \/>\n<meta property=\"og:title\" content=\"Lunes de la XXX Semana Ordinaria - El sitio del P. Ignacio Fern\u00e1ndez Gonz\u00e1lez\" \/>\n<meta property=\"og:description\" content=\"Rm 8,12-17 Uno de los cap\u00edtulos m\u00e1s esperanzadores de la Sagrada Escritura, podr\u00eda ser el que estamos leyendo, pues en \u00e9l san Pablo nos presenta como el ant\u00eddoto a la acci\u00f3n del pecado, la gracia que nos viene por la inhabitaci\u00f3n del Esp\u00edritu Santo. Es en realidad \u00c9l, quien siendo Dios, tiene la fuerza para &hellip; Continuar leyendo &quot;Lunes de la XXX Semana Ordinaria&quot;\" \/>\n<meta property=\"og:url\" content=\"http:\/\/igfergon.com.mx\/?p=5657\" \/>\n<meta property=\"og:site_name\" content=\"El sitio del P. Ignacio Fern\u00e1ndez Gonz\u00e1lez\" \/>\n<meta property=\"article:publisher\" content=\"https:\/\/www.facebook.com\/\" \/>\n<meta property=\"article:published_time\" content=\"2025-10-27T08:57:44+00:00\" \/>\n<meta property=\"article:modified_time\" content=\"2025-10-27T08:57:45+00:00\" \/>\n<meta property=\"og:image\" content=\"http:\/\/igfergon.com.mx\/wp-content\/uploads\/2025\/10\/Lunes-30SO.jpg\" \/>\n\t<meta property=\"og:image:width\" content=\"300\" \/>\n\t<meta property=\"og:image:height\" content=\"168\" \/>\n\t<meta property=\"og:image:type\" content=\"image\/jpeg\" \/>\n<meta name=\"author\" content=\"igfergon.com.mx\" \/>\n<meta name=\"twitter:card\" content=\"summary_large_image\" \/>\n<meta name=\"twitter:label1\" content=\"Escrito por\" \/>\n\t<meta name=\"twitter:data1\" content=\"igfergon.com.mx\" \/>\n\t<meta name=\"twitter:label2\" content=\"Tiempo de lectura\" \/>\n\t<meta name=\"twitter:data2\" content=\"2 minutos\" \/>\n<script type=\"application\/ld+json\" class=\"yoast-schema-graph\">{\"@context\":\"https:\/\/schema.org\",\"@graph\":[{\"@type\":\"Article\",\"@id\":\"http:\/\/igfergon.com.mx\/?p=5657#article\",\"isPartOf\":{\"@id\":\"http:\/\/igfergon.com.mx\/?p=5657\"},\"author\":{\"name\":\"igfergon.com.mx\",\"@id\":\"http:\/\/igfergon.com.mx\/#\/schema\/person\/b42517895faefafe2a81218226d90957\"},\"headline\":\"Lunes de la XXX Semana Ordinaria\",\"datePublished\":\"2025-10-27T08:57:44+00:00\",\"dateModified\":\"2025-10-27T08:57:45+00:00\",\"mainEntityOfPage\":{\"@id\":\"http:\/\/igfergon.com.mx\/?p=5657\"},\"wordCount\":411,\"publisher\":{\"@id\":\"http:\/\/igfergon.com.mx\/#organization\"},\"image\":{\"@id\":\"http:\/\/igfergon.com.mx\/?p=5657#primaryimage\"},\"thumbnailUrl\":\"http:\/\/igfergon.com.mx\/wp-content\/uploads\/2025\/10\/Lunes-30SO.jpg\",\"keywords\":[\"comentario al evangelio\",\"Homil\u00eda\",\"homil\u00eda diaria\",\"liturgia\",\"Lunes de la XXX Semana Ordinaria\"],\"articleSection\":[\"comentario al evangelio\",\"homil\u00eda\",\"homil\u00eda diaria\",\"liturgia\"],\"inLanguage\":\"es\"},{\"@type\":\"WebPage\",\"@id\":\"http:\/\/igfergon.com.mx\/?p=5657\",\"url\":\"http:\/\/igfergon.com.mx\/?p=5657\",\"name\":\"Lunes de la XXX Semana Ordinaria - El sitio del P. Ignacio Fern\u00e1ndez Gonz\u00e1lez\",\"isPartOf\":{\"@id\":\"http:\/\/igfergon.com.mx\/#website\"},\"primaryImageOfPage\":{\"@id\":\"http:\/\/igfergon.com.mx\/?p=5657#primaryimage\"},\"image\":{\"@id\":\"http:\/\/igfergon.com.mx\/?p=5657#primaryimage\"},\"thumbnailUrl\":\"http:\/\/igfergon.com.mx\/wp-content\/uploads\/2025\/10\/Lunes-30SO.jpg\",\"datePublished\":\"2025-10-27T08:57:44+00:00\",\"dateModified\":\"2025-10-27T08:57:45+00:00\",\"breadcrumb\":{\"@id\":\"http:\/\/igfergon.com.mx\/?p=5657#breadcrumb\"},\"inLanguage\":\"es\",\"potentialAction\":[{\"@type\":\"ReadAction\",\"target\":[\"http:\/\/igfergon.com.mx\/?p=5657\"]}]},{\"@type\":\"ImageObject\",\"inLanguage\":\"es\",\"@id\":\"http:\/\/igfergon.com.mx\/?p=5657#primaryimage\",\"url\":\"http:\/\/igfergon.com.mx\/wp-content\/uploads\/2025\/10\/Lunes-30SO.jpg\",\"contentUrl\":\"http:\/\/igfergon.com.mx\/wp-content\/uploads\/2025\/10\/Lunes-30SO.jpg\",\"width\":300,\"height\":168},{\"@type\":\"BreadcrumbList\",\"@id\":\"http:\/\/igfergon.com.mx\/?p=5657#breadcrumb\",\"itemListElement\":[{\"@type\":\"ListItem\",\"position\":1,\"name\":\"Portada\",\"item\":\"http:\/\/igfergon.com.mx\/\"},{\"@type\":\"ListItem\",\"position\":2,\"name\":\"Lunes de la XXX Semana Ordinaria\"}]},{\"@type\":\"WebSite\",\"@id\":\"http:\/\/igfergon.com.mx\/#website\",\"url\":\"http:\/\/igfergon.com.mx\/\",\"name\":\"El sitio del P. Ignacio Fern\u00e1ndez Gonz\u00e1lez\",\"description\":\"Para Ayudarte\",\"publisher\":{\"@id\":\"http:\/\/igfergon.com.mx\/#organization\"},\"potentialAction\":[{\"@type\":\"SearchAction\",\"target\":{\"@type\":\"EntryPoint\",\"urlTemplate\":\"http:\/\/igfergon.com.mx\/?s={search_term_string}\"},\"query-input\":{\"@type\":\"PropertyValueSpecification\",\"valueRequired\":true,\"valueName\":\"search_term_string\"}}],\"inLanguage\":\"es\"},{\"@type\":\"Organization\",\"@id\":\"http:\/\/igfergon.com.mx\/#organization\",\"name\":\"El sitio del P. Ignacio Fern\u00e1ndez Gonz\u00e1lez\",\"url\":\"http:\/\/igfergon.com.mx\/\",\"logo\":{\"@type\":\"ImageObject\",\"inLanguage\":\"es\",\"@id\":\"http:\/\/igfergon.com.mx\/#\/schema\/logo\/image\/\",\"url\":\"http:\/\/igfergon.com.mx\/wp-content\/uploads\/2018\/09\/cropped-ORDNACION02-2.jpg\",\"contentUrl\":\"http:\/\/igfergon.com.mx\/wp-content\/uploads\/2018\/09\/cropped-ORDNACION02-2.jpg\",\"width\":250,\"height\":250,\"caption\":\"El sitio del P. Ignacio Fern\u00e1ndez Gonz\u00e1lez\"},\"image\":{\"@id\":\"http:\/\/igfergon.com.mx\/#\/schema\/logo\/image\/\"},\"sameAs\":[\"https:\/\/www.facebook.com\/\"]},{\"@type\":\"Person\",\"@id\":\"http:\/\/igfergon.com.mx\/#\/schema\/person\/b42517895faefafe2a81218226d90957\",\"name\":\"igfergon.com.mx\",\"image\":{\"@type\":\"ImageObject\",\"inLanguage\":\"es\",\"@id\":\"http:\/\/igfergon.com.mx\/#\/schema\/person\/image\/\",\"url\":\"https:\/\/secure.gravatar.com\/avatar\/9fd60c5591f2c6b18e76a917a69f35b0732f8532b3679d0132b3503b545db7a6?s=96&d=mm&r=g\",\"contentUrl\":\"https:\/\/secure.gravatar.com\/avatar\/9fd60c5591f2c6b18e76a917a69f35b0732f8532b3679d0132b3503b545db7a6?s=96&d=mm&r=g\",\"caption\":\"igfergon.com.mx\"},\"url\":\"http:\/\/igfergon.com.mx\/?author=1\"}]}<\/script>\n<!-- \/ Yoast SEO plugin. -->","yoast_head_json":{"title":"Lunes de la XXX Semana Ordinaria - El sitio del P. Ignacio Fern\u00e1ndez Gonz\u00e1lez","robots":{"index":"index","follow":"follow","max-snippet":"max-snippet:-1","max-image-preview":"max-image-preview:large","max-video-preview":"max-video-preview:-1"},"canonical":"http:\/\/igfergon.com.mx\/?p=5657","og_locale":"es_ES","og_type":"article","og_title":"Lunes de la XXX Semana Ordinaria - El sitio del P. Ignacio Fern\u00e1ndez Gonz\u00e1lez","og_description":"Rm 8,12-17 Uno de los cap\u00edtulos m\u00e1s esperanzadores de la Sagrada Escritura, podr\u00eda ser el que estamos leyendo, pues en \u00e9l san Pablo nos presenta como el ant\u00eddoto a la acci\u00f3n del pecado, la gracia que nos viene por la inhabitaci\u00f3n del Esp\u00edritu Santo. Es en realidad \u00c9l, quien siendo Dios, tiene la fuerza para &hellip; Continuar leyendo \"Lunes de la XXX Semana Ordinaria\"","og_url":"http:\/\/igfergon.com.mx\/?p=5657","og_site_name":"El sitio del P. Ignacio Fern\u00e1ndez Gonz\u00e1lez","article_publisher":"https:\/\/www.facebook.com\/","article_published_time":"2025-10-27T08:57:44+00:00","article_modified_time":"2025-10-27T08:57:45+00:00","og_image":[{"width":300,"height":168,"url":"http:\/\/igfergon.com.mx\/wp-content\/uploads\/2025\/10\/Lunes-30SO.jpg","type":"image\/jpeg"}],"author":"igfergon.com.mx","twitter_card":"summary_large_image","twitter_misc":{"Escrito por":"igfergon.com.mx","Tiempo de lectura":"2 minutos"},"schema":{"@context":"https:\/\/schema.org","@graph":[{"@type":"Article","@id":"http:\/\/igfergon.com.mx\/?p=5657#article","isPartOf":{"@id":"http:\/\/igfergon.com.mx\/?p=5657"},"author":{"name":"igfergon.com.mx","@id":"http:\/\/igfergon.com.mx\/#\/schema\/person\/b42517895faefafe2a81218226d90957"},"headline":"Lunes de la XXX Semana Ordinaria","datePublished":"2025-10-27T08:57:44+00:00","dateModified":"2025-10-27T08:57:45+00:00","mainEntityOfPage":{"@id":"http:\/\/igfergon.com.mx\/?p=5657"},"wordCount":411,"publisher":{"@id":"http:\/\/igfergon.com.mx\/#organization"},"image":{"@id":"http:\/\/igfergon.com.mx\/?p=5657#primaryimage"},"thumbnailUrl":"http:\/\/igfergon.com.mx\/wp-content\/uploads\/2025\/10\/Lunes-30SO.jpg","keywords":["comentario al evangelio","Homil\u00eda","homil\u00eda diaria","liturgia","Lunes de la XXX Semana Ordinaria"],"articleSection":["comentario al evangelio","homil\u00eda","homil\u00eda diaria","liturgia"],"inLanguage":"es"},{"@type":"WebPage","@id":"http:\/\/igfergon.com.mx\/?p=5657","url":"http:\/\/igfergon.com.mx\/?p=5657","name":"Lunes de la XXX Semana Ordinaria - El sitio del P. Ignacio Fern\u00e1ndez Gonz\u00e1lez","isPartOf":{"@id":"http:\/\/igfergon.com.mx\/#website"},"primaryImageOfPage":{"@id":"http:\/\/igfergon.com.mx\/?p=5657#primaryimage"},"image":{"@id":"http:\/\/igfergon.com.mx\/?p=5657#primaryimage"},"thumbnailUrl":"http:\/\/igfergon.com.mx\/wp-content\/uploads\/2025\/10\/Lunes-30SO.jpg","datePublished":"2025-10-27T08:57:44+00:00","dateModified":"2025-10-27T08:57:45+00:00","breadcrumb":{"@id":"http:\/\/igfergon.com.mx\/?p=5657#breadcrumb"},"inLanguage":"es","potentialAction":[{"@type":"ReadAction","target":["http:\/\/igfergon.com.mx\/?p=5657"]}]},{"@type":"ImageObject","inLanguage":"es","@id":"http:\/\/igfergon.com.mx\/?p=5657#primaryimage","url":"http:\/\/igfergon.com.mx\/wp-content\/uploads\/2025\/10\/Lunes-30SO.jpg","contentUrl":"http:\/\/igfergon.com.mx\/wp-content\/uploads\/2025\/10\/Lunes-30SO.jpg","width":300,"height":168},{"@type":"BreadcrumbList","@id":"http:\/\/igfergon.com.mx\/?p=5657#breadcrumb","itemListElement":[{"@type":"ListItem","position":1,"name":"Portada","item":"http:\/\/igfergon.com.mx\/"},{"@type":"ListItem","position":2,"name":"Lunes de la XXX Semana Ordinaria"}]},{"@type":"WebSite","@id":"http:\/\/igfergon.com.mx\/#website","url":"http:\/\/igfergon.com.mx\/","name":"El sitio del P. Ignacio Fern\u00e1ndez Gonz\u00e1lez","description":"Para Ayudarte","publisher":{"@id":"http:\/\/igfergon.com.mx\/#organization"},"potentialAction":[{"@type":"SearchAction","target":{"@type":"EntryPoint","urlTemplate":"http:\/\/igfergon.com.mx\/?s={search_term_string}"},"query-input":{"@type":"PropertyValueSpecification","valueRequired":true,"valueName":"search_term_string"}}],"inLanguage":"es"},{"@type":"Organization","@id":"http:\/\/igfergon.com.mx\/#organization","name":"El sitio del P. Ignacio Fern\u00e1ndez Gonz\u00e1lez","url":"http:\/\/igfergon.com.mx\/","logo":{"@type":"ImageObject","inLanguage":"es","@id":"http:\/\/igfergon.com.mx\/#\/schema\/logo\/image\/","url":"http:\/\/igfergon.com.mx\/wp-content\/uploads\/2018\/09\/cropped-ORDNACION02-2.jpg","contentUrl":"http:\/\/igfergon.com.mx\/wp-content\/uploads\/2018\/09\/cropped-ORDNACION02-2.jpg","width":250,"height":250,"caption":"El sitio del P. Ignacio Fern\u00e1ndez Gonz\u00e1lez"},"image":{"@id":"http:\/\/igfergon.com.mx\/#\/schema\/logo\/image\/"},"sameAs":["https:\/\/www.facebook.com\/"]},{"@type":"Person","@id":"http:\/\/igfergon.com.mx\/#\/schema\/person\/b42517895faefafe2a81218226d90957","name":"igfergon.com.mx","image":{"@type":"ImageObject","inLanguage":"es","@id":"http:\/\/igfergon.com.mx\/#\/schema\/person\/image\/","url":"https:\/\/secure.gravatar.com\/avatar\/9fd60c5591f2c6b18e76a917a69f35b0732f8532b3679d0132b3503b545db7a6?s=96&d=mm&r=g","contentUrl":"https:\/\/secure.gravatar.com\/avatar\/9fd60c5591f2c6b18e76a917a69f35b0732f8532b3679d0132b3503b545db7a6?s=96&d=mm&r=g","caption":"igfergon.com.mx"},"url":"http:\/\/igfergon.com.mx\/?author=1"}]}},"_links":{"self":[{"href":"http:\/\/igfergon.com.mx\/index.php?rest_route=\/wp\/v2\/posts\/5657","targetHints":{"allow":["GET"]}}],"collection":[{"href":"http:\/\/igfergon.com.mx\/index.php?rest_route=\/wp\/v2\/posts"}],"about":[{"href":"http:\/\/igfergon.com.mx\/index.php?rest_route=\/wp\/v2\/types\/post"}],"author":[{"embeddable":true,"href":"http:\/\/igfergon.com.mx\/index.php?rest_route=\/wp\/v2\/users\/1"}],"replies":[{"embeddable":true,"href":"http:\/\/igfergon.com.mx\/index.php?rest_route=%2Fwp%2Fv2%2Fcomments&post=5657"}],"version-history":[{"count":1,"href":"http:\/\/igfergon.com.mx\/index.php?rest_route=\/wp\/v2\/posts\/5657\/revisions"}],"predecessor-version":[{"id":5659,"href":"http:\/\/igfergon.com.mx\/index.php?rest_route=\/wp\/v2\/posts\/5657\/revisions\/5659"}],"wp:attachment":[{"href":"http:\/\/igfergon.com.mx\/index.php?rest_route=%2Fwp%2Fv2%2Fmedia&parent=5657"}],"wp:term":[{"taxonomy":"category","embeddable":true,"href":"http:\/\/igfergon.com.mx\/index.php?rest_route=%2Fwp%2Fv2%2Fcategories&post=5657"},{"taxonomy":"post_tag","embeddable":true,"href":"http:\/\/igfergon.com.mx\/index.php?rest_route=%2Fwp%2Fv2%2Ftags&post=5657"}],"curies":[{"name":"wp","href":"https:\/\/api.w.org\/{rel}","templated":true}]}}