{"id":5667,"date":"2025-10-29T11:03:56","date_gmt":"2025-10-29T09:03:56","guid":{"rendered":"http:\/\/igfergon.com.mx\/?p=5667"},"modified":"2025-10-29T11:03:57","modified_gmt":"2025-10-29T09:03:57","slug":"miercoles-de-la-xxx-semana-ordinaria-2","status":"publish","type":"post","link":"http:\/\/igfergon.com.mx\/?p=5667","title":{"rendered":"Mi\u00e9rcoles de la XXX Semana Ordinaria"},"content":{"rendered":"<div class=\"wp-block-image\">\n<figure class=\"aligncenter size-full\"><img loading=\"lazy\" decoding=\"async\" width=\"209\" height=\"241\" src=\"http:\/\/igfergon.com.mx\/wp-content\/uploads\/2025\/10\/Miercoles-30SO.jpg\" alt=\"\" class=\"wp-image-5668\" srcset=\"http:\/\/igfergon.com.mx\/wp-content\/uploads\/2025\/10\/Miercoles-30SO.jpg 209w, http:\/\/igfergon.com.mx\/wp-content\/uploads\/2025\/10\/Miercoles-30SO-173x200.jpg 173w\" sizes=\"auto, (max-width: 209px) 100vw, 209px\" \/><\/figure>\n<\/div>\n\n\n<h4 class=\"wp-block-heading\">Rm 8,26-30<\/h4>\n\n\n\n<p>Este pasaje, que de alguna manera resume el pensamiento de Pablo sobre la gracia y la acci\u00f3n del Esp\u00edritu en nuestra vida, contiene una profundidad que en unas pocas l\u00edneas no podr\u00edamos agotar.<\/p>\n\n\n\n<p>Por ello solo tomemos para nuestra reflexi\u00f3n personal el hecho de que nuestra oraci\u00f3n debe ser hecha \u00aben el Esp\u00edritu\u00bb. Esto obedece a que nuestra fr\u00e1gil humanidad est\u00e1 debilitada por el pecado lo que nos hace tender con mucha facilidad hacia el ego\u00edsmo.<\/p>\n\n\n\n<p>Lo que se transforma en no pocas ocasiones en peticiones que poco contribuyen a nuestro crecimiento y al de nuestros hermanos. Por ello, san Pablo invita a los fieles a dejar que sea el mismo Esp\u00edritu, quien no solo conoce nuestros corazones, sino que conoce el proyecto de amor de Dios.<\/p>\n\n\n\n<p>Ciertamente esto no es algo que se adquiere f\u00e1cilmente, es necesario orar y aprender poco a poco a escuchar la voz silenciosa del Esp\u00edritu que se mueve en nuestro coraz\u00f3n. Esta oraci\u00f3n no solamente da gloria al Padre, sino que atrae hacia el orante la abundancia de la gracia. Ejerc\u00edtate en la oraci\u00f3n y ver\u00e1s por experiencia propia a lo que se refiere san Pablo.<\/p>\n\n\n\n<p><strong>Lucas 13, 22-30<\/strong><\/p>\n\n\n\n<p>Hoy se escucha decir: \u00abDios es tan bueno, que la verdad yo creo que nos va a salvar a todos\u00bb. Esta expresi\u00f3n es en parte verdad y en parte no. Ciertamente Dios es tan bueno y nos ama tanto que \u00abenvi\u00f3 a su Hijo amado para que todo el que crea en \u00e9l no muera sino que tenga vida eterna\u00bb.<\/p>\n\n\n\n<p>Sin embargo, requiere, como lo hemos o\u00eddo hoy de nuestro Se\u00f1or, la cooperaci\u00f3n del hombre: \u00abEsfu\u00e9rcense por entrar\u00bb. Este esfuerzo no es otra cosa que la cooperaci\u00f3n a la gracia que Dios ha ya depositado en nuestro coraz\u00f3n y que nos impulsa a vivir en la gracia y a rechazar el pecado.<\/p>\n\n\n\n<p>De manera concreta podemos decir que una de las formas m\u00e1s<br>efectivas de cooperar a esta gracia, es reconociendo con sinceridad nuestras \u00e1reas d\u00e9biles (las que de ordinario nos llevan al pecado) &#8211; acci\u00f3n de la gracia-&nbsp; y alej\u00e1ndonos de las ocasiones de pecado &#8211; cooperaci\u00f3n humana -.<\/p>\n","protected":false},"excerpt":{"rendered":"<p>Rm 8,26-30 Este pasaje, que de alguna manera resume el pensamiento de Pablo sobre la gracia y la acci\u00f3n del Esp\u00edritu en nuestra vida, contiene una profundidad que en unas pocas l\u00edneas no podr\u00edamos agotar. Por ello solo tomemos para nuestra reflexi\u00f3n personal el hecho de que nuestra oraci\u00f3n debe ser hecha \u00aben el Esp\u00edritu\u00bb. &hellip; <\/p>\n<p class=\"link-more\"><a href=\"http:\/\/igfergon.com.mx\/?p=5667\" class=\"more-link\">Continuar leyendo<span class=\"screen-reader-text\"> \u00abMi\u00e9rcoles de la XXX Semana Ordinaria\u00bb<\/span><\/a><\/p>\n","protected":false},"author":1,"featured_media":0,"comment_status":"closed","ping_status":"closed","sticky":false,"template":"","format":"standard","meta":{"footnotes":""},"categories":[13,14,10,1],"tags":[69,8,6,7,507],"class_list":["post-5667","post","type-post","status-publish","format-standard","hentry","category-comentario-al-evangelio","category-homilia","category-homilia-diaria","category-uncategorized","tag-comentario-al-evangelio-2","tag-homilia","tag-homilia-diaria","tag-liturgia","tag-miercoles-de-la-xxx-semana-ordinaria"],"yoast_head":"<!-- This site is optimized with the Yoast SEO plugin v26.0 - https:\/\/yoast.com\/wordpress\/plugins\/seo\/ -->\n<title>Mi\u00e9rcoles de la XXX Semana Ordinaria - El sitio del P. Ignacio Fern\u00e1ndez Gonz\u00e1lez<\/title>\n<meta name=\"robots\" content=\"index, follow, max-snippet:-1, max-image-preview:large, max-video-preview:-1\" \/>\n<link rel=\"canonical\" href=\"http:\/\/igfergon.com.mx\/?p=5667\" \/>\n<meta property=\"og:locale\" content=\"es_ES\" \/>\n<meta property=\"og:type\" content=\"article\" \/>\n<meta property=\"og:title\" content=\"Mi\u00e9rcoles de la XXX Semana Ordinaria - El sitio del P. Ignacio Fern\u00e1ndez Gonz\u00e1lez\" \/>\n<meta property=\"og:description\" content=\"Rm 8,26-30 Este pasaje, que de alguna manera resume el pensamiento de Pablo sobre la gracia y la acci\u00f3n del Esp\u00edritu en nuestra vida, contiene una profundidad que en unas pocas l\u00edneas no podr\u00edamos agotar. Por ello solo tomemos para nuestra reflexi\u00f3n personal el hecho de que nuestra oraci\u00f3n debe ser hecha \u00aben el Esp\u00edritu\u00bb. &hellip; Continuar leyendo &quot;Mi\u00e9rcoles de la XXX Semana Ordinaria&quot;\" \/>\n<meta property=\"og:url\" content=\"http:\/\/igfergon.com.mx\/?p=5667\" \/>\n<meta property=\"og:site_name\" content=\"El sitio del P. Ignacio Fern\u00e1ndez Gonz\u00e1lez\" \/>\n<meta property=\"article:publisher\" content=\"https:\/\/www.facebook.com\/\" \/>\n<meta property=\"article:published_time\" content=\"2025-10-29T09:03:56+00:00\" \/>\n<meta property=\"article:modified_time\" content=\"2025-10-29T09:03:57+00:00\" \/>\n<meta property=\"og:image\" content=\"http:\/\/igfergon.com.mx\/wp-content\/uploads\/2025\/10\/Miercoles-30SO.jpg\" \/>\n\t<meta property=\"og:image:width\" content=\"209\" \/>\n\t<meta property=\"og:image:height\" content=\"241\" \/>\n\t<meta property=\"og:image:type\" content=\"image\/jpeg\" \/>\n<meta name=\"author\" content=\"igfergon.com.mx\" \/>\n<meta name=\"twitter:card\" content=\"summary_large_image\" \/>\n<meta name=\"twitter:label1\" content=\"Escrito por\" \/>\n\t<meta name=\"twitter:data1\" content=\"igfergon.com.mx\" \/>\n\t<meta name=\"twitter:label2\" content=\"Tiempo de lectura\" \/>\n\t<meta name=\"twitter:data2\" content=\"2 minutos\" \/>\n<script type=\"application\/ld+json\" class=\"yoast-schema-graph\">{\"@context\":\"https:\/\/schema.org\",\"@graph\":[{\"@type\":\"Article\",\"@id\":\"http:\/\/igfergon.com.mx\/?p=5667#article\",\"isPartOf\":{\"@id\":\"http:\/\/igfergon.com.mx\/?p=5667\"},\"author\":{\"name\":\"igfergon.com.mx\",\"@id\":\"http:\/\/igfergon.com.mx\/#\/schema\/person\/b42517895faefafe2a81218226d90957\"},\"headline\":\"Mi\u00e9rcoles de la XXX Semana Ordinaria\",\"datePublished\":\"2025-10-29T09:03:56+00:00\",\"dateModified\":\"2025-10-29T09:03:57+00:00\",\"mainEntityOfPage\":{\"@id\":\"http:\/\/igfergon.com.mx\/?p=5667\"},\"wordCount\":392,\"publisher\":{\"@id\":\"http:\/\/igfergon.com.mx\/#organization\"},\"image\":{\"@id\":\"http:\/\/igfergon.com.mx\/?p=5667#primaryimage\"},\"thumbnailUrl\":\"http:\/\/igfergon.com.mx\/wp-content\/uploads\/2025\/10\/Miercoles-30SO.jpg\",\"keywords\":[\"comentario al evangelio\",\"Homil\u00eda\",\"homil\u00eda diaria\",\"liturgia\",\"Mi\u00e9rcoles de la XXX Semana Ordinaria\"],\"articleSection\":[\"comentario al evangelio\",\"homil\u00eda\",\"homil\u00eda diaria\",\"liturgia\"],\"inLanguage\":\"es\"},{\"@type\":\"WebPage\",\"@id\":\"http:\/\/igfergon.com.mx\/?p=5667\",\"url\":\"http:\/\/igfergon.com.mx\/?p=5667\",\"name\":\"Mi\u00e9rcoles de la XXX Semana Ordinaria - El sitio del P. Ignacio Fern\u00e1ndez Gonz\u00e1lez\",\"isPartOf\":{\"@id\":\"http:\/\/igfergon.com.mx\/#website\"},\"primaryImageOfPage\":{\"@id\":\"http:\/\/igfergon.com.mx\/?p=5667#primaryimage\"},\"image\":{\"@id\":\"http:\/\/igfergon.com.mx\/?p=5667#primaryimage\"},\"thumbnailUrl\":\"http:\/\/igfergon.com.mx\/wp-content\/uploads\/2025\/10\/Miercoles-30SO.jpg\",\"datePublished\":\"2025-10-29T09:03:56+00:00\",\"dateModified\":\"2025-10-29T09:03:57+00:00\",\"breadcrumb\":{\"@id\":\"http:\/\/igfergon.com.mx\/?p=5667#breadcrumb\"},\"inLanguage\":\"es\",\"potentialAction\":[{\"@type\":\"ReadAction\",\"target\":[\"http:\/\/igfergon.com.mx\/?p=5667\"]}]},{\"@type\":\"ImageObject\",\"inLanguage\":\"es\",\"@id\":\"http:\/\/igfergon.com.mx\/?p=5667#primaryimage\",\"url\":\"http:\/\/igfergon.com.mx\/wp-content\/uploads\/2025\/10\/Miercoles-30SO.jpg\",\"contentUrl\":\"http:\/\/igfergon.com.mx\/wp-content\/uploads\/2025\/10\/Miercoles-30SO.jpg\",\"width\":209,\"height\":241},{\"@type\":\"BreadcrumbList\",\"@id\":\"http:\/\/igfergon.com.mx\/?p=5667#breadcrumb\",\"itemListElement\":[{\"@type\":\"ListItem\",\"position\":1,\"name\":\"Portada\",\"item\":\"http:\/\/igfergon.com.mx\/\"},{\"@type\":\"ListItem\",\"position\":2,\"name\":\"Mi\u00e9rcoles de la XXX Semana Ordinaria\"}]},{\"@type\":\"WebSite\",\"@id\":\"http:\/\/igfergon.com.mx\/#website\",\"url\":\"http:\/\/igfergon.com.mx\/\",\"name\":\"El sitio del P. Ignacio Fern\u00e1ndez Gonz\u00e1lez\",\"description\":\"Para Ayudarte\",\"publisher\":{\"@id\":\"http:\/\/igfergon.com.mx\/#organization\"},\"potentialAction\":[{\"@type\":\"SearchAction\",\"target\":{\"@type\":\"EntryPoint\",\"urlTemplate\":\"http:\/\/igfergon.com.mx\/?s={search_term_string}\"},\"query-input\":{\"@type\":\"PropertyValueSpecification\",\"valueRequired\":true,\"valueName\":\"search_term_string\"}}],\"inLanguage\":\"es\"},{\"@type\":\"Organization\",\"@id\":\"http:\/\/igfergon.com.mx\/#organization\",\"name\":\"El sitio del P. Ignacio Fern\u00e1ndez Gonz\u00e1lez\",\"url\":\"http:\/\/igfergon.com.mx\/\",\"logo\":{\"@type\":\"ImageObject\",\"inLanguage\":\"es\",\"@id\":\"http:\/\/igfergon.com.mx\/#\/schema\/logo\/image\/\",\"url\":\"http:\/\/igfergon.com.mx\/wp-content\/uploads\/2018\/09\/cropped-ORDNACION02-2.jpg\",\"contentUrl\":\"http:\/\/igfergon.com.mx\/wp-content\/uploads\/2018\/09\/cropped-ORDNACION02-2.jpg\",\"width\":250,\"height\":250,\"caption\":\"El sitio del P. Ignacio Fern\u00e1ndez Gonz\u00e1lez\"},\"image\":{\"@id\":\"http:\/\/igfergon.com.mx\/#\/schema\/logo\/image\/\"},\"sameAs\":[\"https:\/\/www.facebook.com\/\"]},{\"@type\":\"Person\",\"@id\":\"http:\/\/igfergon.com.mx\/#\/schema\/person\/b42517895faefafe2a81218226d90957\",\"name\":\"igfergon.com.mx\",\"image\":{\"@type\":\"ImageObject\",\"inLanguage\":\"es\",\"@id\":\"http:\/\/igfergon.com.mx\/#\/schema\/person\/image\/\",\"url\":\"https:\/\/secure.gravatar.com\/avatar\/9fd60c5591f2c6b18e76a917a69f35b0732f8532b3679d0132b3503b545db7a6?s=96&d=mm&r=g\",\"contentUrl\":\"https:\/\/secure.gravatar.com\/avatar\/9fd60c5591f2c6b18e76a917a69f35b0732f8532b3679d0132b3503b545db7a6?s=96&d=mm&r=g\",\"caption\":\"igfergon.com.mx\"},\"url\":\"http:\/\/igfergon.com.mx\/?author=1\"}]}<\/script>\n<!-- \/ Yoast SEO plugin. -->","yoast_head_json":{"title":"Mi\u00e9rcoles de la XXX Semana Ordinaria - El sitio del P. Ignacio Fern\u00e1ndez Gonz\u00e1lez","robots":{"index":"index","follow":"follow","max-snippet":"max-snippet:-1","max-image-preview":"max-image-preview:large","max-video-preview":"max-video-preview:-1"},"canonical":"http:\/\/igfergon.com.mx\/?p=5667","og_locale":"es_ES","og_type":"article","og_title":"Mi\u00e9rcoles de la XXX Semana Ordinaria - El sitio del P. Ignacio Fern\u00e1ndez Gonz\u00e1lez","og_description":"Rm 8,26-30 Este pasaje, que de alguna manera resume el pensamiento de Pablo sobre la gracia y la acci\u00f3n del Esp\u00edritu en nuestra vida, contiene una profundidad que en unas pocas l\u00edneas no podr\u00edamos agotar. Por ello solo tomemos para nuestra reflexi\u00f3n personal el hecho de que nuestra oraci\u00f3n debe ser hecha \u00aben el Esp\u00edritu\u00bb. &hellip; Continuar leyendo \"Mi\u00e9rcoles de la XXX Semana Ordinaria\"","og_url":"http:\/\/igfergon.com.mx\/?p=5667","og_site_name":"El sitio del P. Ignacio Fern\u00e1ndez Gonz\u00e1lez","article_publisher":"https:\/\/www.facebook.com\/","article_published_time":"2025-10-29T09:03:56+00:00","article_modified_time":"2025-10-29T09:03:57+00:00","og_image":[{"width":209,"height":241,"url":"http:\/\/igfergon.com.mx\/wp-content\/uploads\/2025\/10\/Miercoles-30SO.jpg","type":"image\/jpeg"}],"author":"igfergon.com.mx","twitter_card":"summary_large_image","twitter_misc":{"Escrito por":"igfergon.com.mx","Tiempo de lectura":"2 minutos"},"schema":{"@context":"https:\/\/schema.org","@graph":[{"@type":"Article","@id":"http:\/\/igfergon.com.mx\/?p=5667#article","isPartOf":{"@id":"http:\/\/igfergon.com.mx\/?p=5667"},"author":{"name":"igfergon.com.mx","@id":"http:\/\/igfergon.com.mx\/#\/schema\/person\/b42517895faefafe2a81218226d90957"},"headline":"Mi\u00e9rcoles de la XXX Semana Ordinaria","datePublished":"2025-10-29T09:03:56+00:00","dateModified":"2025-10-29T09:03:57+00:00","mainEntityOfPage":{"@id":"http:\/\/igfergon.com.mx\/?p=5667"},"wordCount":392,"publisher":{"@id":"http:\/\/igfergon.com.mx\/#organization"},"image":{"@id":"http:\/\/igfergon.com.mx\/?p=5667#primaryimage"},"thumbnailUrl":"http:\/\/igfergon.com.mx\/wp-content\/uploads\/2025\/10\/Miercoles-30SO.jpg","keywords":["comentario al evangelio","Homil\u00eda","homil\u00eda diaria","liturgia","Mi\u00e9rcoles de la XXX Semana Ordinaria"],"articleSection":["comentario al evangelio","homil\u00eda","homil\u00eda diaria","liturgia"],"inLanguage":"es"},{"@type":"WebPage","@id":"http:\/\/igfergon.com.mx\/?p=5667","url":"http:\/\/igfergon.com.mx\/?p=5667","name":"Mi\u00e9rcoles de la XXX Semana Ordinaria - El sitio del P. Ignacio Fern\u00e1ndez Gonz\u00e1lez","isPartOf":{"@id":"http:\/\/igfergon.com.mx\/#website"},"primaryImageOfPage":{"@id":"http:\/\/igfergon.com.mx\/?p=5667#primaryimage"},"image":{"@id":"http:\/\/igfergon.com.mx\/?p=5667#primaryimage"},"thumbnailUrl":"http:\/\/igfergon.com.mx\/wp-content\/uploads\/2025\/10\/Miercoles-30SO.jpg","datePublished":"2025-10-29T09:03:56+00:00","dateModified":"2025-10-29T09:03:57+00:00","breadcrumb":{"@id":"http:\/\/igfergon.com.mx\/?p=5667#breadcrumb"},"inLanguage":"es","potentialAction":[{"@type":"ReadAction","target":["http:\/\/igfergon.com.mx\/?p=5667"]}]},{"@type":"ImageObject","inLanguage":"es","@id":"http:\/\/igfergon.com.mx\/?p=5667#primaryimage","url":"http:\/\/igfergon.com.mx\/wp-content\/uploads\/2025\/10\/Miercoles-30SO.jpg","contentUrl":"http:\/\/igfergon.com.mx\/wp-content\/uploads\/2025\/10\/Miercoles-30SO.jpg","width":209,"height":241},{"@type":"BreadcrumbList","@id":"http:\/\/igfergon.com.mx\/?p=5667#breadcrumb","itemListElement":[{"@type":"ListItem","position":1,"name":"Portada","item":"http:\/\/igfergon.com.mx\/"},{"@type":"ListItem","position":2,"name":"Mi\u00e9rcoles de la XXX Semana Ordinaria"}]},{"@type":"WebSite","@id":"http:\/\/igfergon.com.mx\/#website","url":"http:\/\/igfergon.com.mx\/","name":"El sitio del P. Ignacio Fern\u00e1ndez Gonz\u00e1lez","description":"Para Ayudarte","publisher":{"@id":"http:\/\/igfergon.com.mx\/#organization"},"potentialAction":[{"@type":"SearchAction","target":{"@type":"EntryPoint","urlTemplate":"http:\/\/igfergon.com.mx\/?s={search_term_string}"},"query-input":{"@type":"PropertyValueSpecification","valueRequired":true,"valueName":"search_term_string"}}],"inLanguage":"es"},{"@type":"Organization","@id":"http:\/\/igfergon.com.mx\/#organization","name":"El sitio del P. Ignacio Fern\u00e1ndez Gonz\u00e1lez","url":"http:\/\/igfergon.com.mx\/","logo":{"@type":"ImageObject","inLanguage":"es","@id":"http:\/\/igfergon.com.mx\/#\/schema\/logo\/image\/","url":"http:\/\/igfergon.com.mx\/wp-content\/uploads\/2018\/09\/cropped-ORDNACION02-2.jpg","contentUrl":"http:\/\/igfergon.com.mx\/wp-content\/uploads\/2018\/09\/cropped-ORDNACION02-2.jpg","width":250,"height":250,"caption":"El sitio del P. Ignacio Fern\u00e1ndez Gonz\u00e1lez"},"image":{"@id":"http:\/\/igfergon.com.mx\/#\/schema\/logo\/image\/"},"sameAs":["https:\/\/www.facebook.com\/"]},{"@type":"Person","@id":"http:\/\/igfergon.com.mx\/#\/schema\/person\/b42517895faefafe2a81218226d90957","name":"igfergon.com.mx","image":{"@type":"ImageObject","inLanguage":"es","@id":"http:\/\/igfergon.com.mx\/#\/schema\/person\/image\/","url":"https:\/\/secure.gravatar.com\/avatar\/9fd60c5591f2c6b18e76a917a69f35b0732f8532b3679d0132b3503b545db7a6?s=96&d=mm&r=g","contentUrl":"https:\/\/secure.gravatar.com\/avatar\/9fd60c5591f2c6b18e76a917a69f35b0732f8532b3679d0132b3503b545db7a6?s=96&d=mm&r=g","caption":"igfergon.com.mx"},"url":"http:\/\/igfergon.com.mx\/?author=1"}]}},"_links":{"self":[{"href":"http:\/\/igfergon.com.mx\/index.php?rest_route=\/wp\/v2\/posts\/5667","targetHints":{"allow":["GET"]}}],"collection":[{"href":"http:\/\/igfergon.com.mx\/index.php?rest_route=\/wp\/v2\/posts"}],"about":[{"href":"http:\/\/igfergon.com.mx\/index.php?rest_route=\/wp\/v2\/types\/post"}],"author":[{"embeddable":true,"href":"http:\/\/igfergon.com.mx\/index.php?rest_route=\/wp\/v2\/users\/1"}],"replies":[{"embeddable":true,"href":"http:\/\/igfergon.com.mx\/index.php?rest_route=%2Fwp%2Fv2%2Fcomments&post=5667"}],"version-history":[{"count":1,"href":"http:\/\/igfergon.com.mx\/index.php?rest_route=\/wp\/v2\/posts\/5667\/revisions"}],"predecessor-version":[{"id":5669,"href":"http:\/\/igfergon.com.mx\/index.php?rest_route=\/wp\/v2\/posts\/5667\/revisions\/5669"}],"wp:attachment":[{"href":"http:\/\/igfergon.com.mx\/index.php?rest_route=%2Fwp%2Fv2%2Fmedia&parent=5667"}],"wp:term":[{"taxonomy":"category","embeddable":true,"href":"http:\/\/igfergon.com.mx\/index.php?rest_route=%2Fwp%2Fv2%2Fcategories&post=5667"},{"taxonomy":"post_tag","embeddable":true,"href":"http:\/\/igfergon.com.mx\/index.php?rest_route=%2Fwp%2Fv2%2Ftags&post=5667"}],"curies":[{"name":"wp","href":"https:\/\/api.w.org\/{rel}","templated":true}]}}