{"id":5670,"date":"2025-10-30T10:31:40","date_gmt":"2025-10-30T08:31:40","guid":{"rendered":"http:\/\/igfergon.com.mx\/?p=5670"},"modified":"2025-10-30T10:31:44","modified_gmt":"2025-10-30T08:31:44","slug":"jueves-de-la-xxx-semana-ordinaria-2","status":"publish","type":"post","link":"http:\/\/igfergon.com.mx\/?p=5670","title":{"rendered":"Jueves de la XXX Semana Ordinaria"},"content":{"rendered":"<div class=\"wp-block-image\">\n<figure class=\"aligncenter size-full\"><img loading=\"lazy\" decoding=\"async\" width=\"297\" height=\"170\" src=\"http:\/\/igfergon.com.mx\/wp-content\/uploads\/2025\/10\/Jueves-30SO.jpg\" alt=\"\" class=\"wp-image-5671\" srcset=\"http:\/\/igfergon.com.mx\/wp-content\/uploads\/2025\/10\/Jueves-30SO.jpg 297w, http:\/\/igfergon.com.mx\/wp-content\/uploads\/2025\/10\/Jueves-30SO-200x114.jpg 200w\" sizes=\"auto, (max-width: 297px) 100vw, 297px\" \/><\/figure>\n<\/div>\n\n\n<p><strong>Rom. 8, 31-35. 37-39.<\/strong><\/p>\n\n\n\n<p>\u00bfQu\u00e9 cosa podr\u00e1 apartarnos del amor con que nos ama Cristo? Dios, en \u00c9l, se ha hecho Dios-con-nosotros; \u00c9l ha hecho su morada en nosotros y compa\u00f1ero nuestro en la vida para hacernos llegar, en \u00c9l, al hombre perfecto. Y si Dios nos dio a su propio Hijo, \u00bfpodr\u00e1 negarnos algo? En verdad que nos ama como nadie m\u00e1s lo ha hecho ni podr\u00e1 hacerlo.<\/p>\n\n\n\n<p>Si Dios se ha decidido a amarnos en Cristo Jes\u00fas, \u00bfpodr\u00e1 alguien o algo apartarnos de ese amor que nos tiene? Quien se atreva a tocarnos le estar\u00e1 tocando las ni\u00f1as de los ojos a Dios; y el Se\u00f1or podr\u00eda decir de nosotros lo mismo que le dijo a Abraham: Bendito quien te bendiga y maldito quien te maldiga; o como dec\u00eda a sus profetas: No tengas miedo, yo estoy contigo.<\/p>\n\n\n\n<p>Dios nos ha escogido a nosotros; nos ha hecho part\u00edcipes de su misma Vida y de su mismo Esp\u00edritu. Hemos sido edificados sobre el cimiento de los ap\u00f3stoles, teniendo a Cristo como Piedra Angular; somos un solo cuerpo, cuya Cabeza es Cristo. Dios nos ama, y su amor por nosotros jam\u00e1s se acabar\u00e1, pues cuanto Dios da jam\u00e1s lo retira; s\u00f3lo nosotros podr\u00edamos cerrarnos al amor de Dios; s\u00f3lo nosotros podr\u00edamos cerrarnos a su Luz y quedarnos en tinieblas, pues nosotros, s\u00f3lo nosotros tenemos el poder de cerrarle la puerta al Se\u00f1or.<\/p>\n\n\n\n<p>Ojal\u00e1 y nunca lo hagamos, pues no encontrar\u00edamos otro camino de Salvaci\u00f3n; y ni siquiera nosotros, con nuestras buenas obras hechas al margen de Cristo, podr\u00edamos lograr salvarnos.<\/p>\n\n\n\n<p><strong>Lc. 13, 31-35.<\/strong><\/p>\n\n\n\n<p>Jes\u00fas tiene una conciencia clara de la Misi\u00f3n que el Padre Dios le ha confiado: salvar a la humanidad y llevarla de retorno a la casa paterna, no en calidad de siervos, sino de hijos en el Hijo. Y nadie le impedir\u00e1 cumplir con la voluntad de su Padre.<\/p>\n\n\n\n<p>Dios, efectivamente, quiere que todos los hombres se salven y lleguen al conocimiento de la verdad. \u00c9l, a pesar de nuestras rebeld\u00edas, no s\u00f3lo nos llama a la conversi\u00f3n, sino que nos da muchos signos de su ternura para con nosotros; jam\u00e1s se comporta como juez, sino siempre como un Padre-Madre amoroso, cercano a nosotros y am\u00e1ndonos hasta el extremo.<\/p>\n\n\n\n<p>Ojal\u00e1 y alg\u00fan d\u00eda no sea demasiado tarde cuando, terminada nuestro peregrinar por este mundo, tengamos que juzgar nuestra vida confront\u00e1ndola con el amor que el Se\u00f1or nos ha tenido y salgamos reprobados; y nuestra casa, nuestra herencia, la que nos corresponde en la eternidad, quede desierta por no poder tomar posesi\u00f3n de ella a causa de nuestra rebeld\u00eda al amor de Dios.<\/p>\n","protected":false},"excerpt":{"rendered":"<p>Rom. 8, 31-35. 37-39. \u00bfQu\u00e9 cosa podr\u00e1 apartarnos del amor con que nos ama Cristo? Dios, en \u00c9l, se ha hecho Dios-con-nosotros; \u00c9l ha hecho su morada en nosotros y compa\u00f1ero nuestro en la vida para hacernos llegar, en \u00c9l, al hombre perfecto. Y si Dios nos dio a su propio Hijo, \u00bfpodr\u00e1 negarnos algo? &hellip; <\/p>\n<p class=\"link-more\"><a href=\"http:\/\/igfergon.com.mx\/?p=5670\" class=\"more-link\">Continuar leyendo<span class=\"screen-reader-text\"> \u00abJueves de la XXX Semana Ordinaria\u00bb<\/span><\/a><\/p>\n","protected":false},"author":1,"featured_media":0,"comment_status":"closed","ping_status":"closed","sticky":false,"template":"","format":"standard","meta":{"footnotes":""},"categories":[13,14,10,1],"tags":[69,8,6,638,7],"class_list":["post-5670","post","type-post","status-publish","format-standard","hentry","category-comentario-al-evangelio","category-homilia","category-homilia-diaria","category-uncategorized","tag-comentario-al-evangelio-2","tag-homilia","tag-homilia-diaria","tag-jueves-de-la-xxx-semana-ordinaria","tag-liturgia"],"yoast_head":"<!-- This site is optimized with the Yoast SEO plugin v26.0 - https:\/\/yoast.com\/wordpress\/plugins\/seo\/ -->\n<title>Jueves de la XXX Semana Ordinaria - El sitio del P. Ignacio Fern\u00e1ndez Gonz\u00e1lez<\/title>\n<meta name=\"robots\" content=\"index, follow, max-snippet:-1, max-image-preview:large, max-video-preview:-1\" \/>\n<link rel=\"canonical\" href=\"http:\/\/igfergon.com.mx\/?p=5670\" \/>\n<meta property=\"og:locale\" content=\"es_ES\" \/>\n<meta property=\"og:type\" content=\"article\" \/>\n<meta property=\"og:title\" content=\"Jueves de la XXX Semana Ordinaria - El sitio del P. Ignacio Fern\u00e1ndez Gonz\u00e1lez\" \/>\n<meta property=\"og:description\" content=\"Rom. 8, 31-35. 37-39. \u00bfQu\u00e9 cosa podr\u00e1 apartarnos del amor con que nos ama Cristo? Dios, en \u00c9l, se ha hecho Dios-con-nosotros; \u00c9l ha hecho su morada en nosotros y compa\u00f1ero nuestro en la vida para hacernos llegar, en \u00c9l, al hombre perfecto. Y si Dios nos dio a su propio Hijo, \u00bfpodr\u00e1 negarnos algo? &hellip; Continuar leyendo &quot;Jueves de la XXX Semana Ordinaria&quot;\" \/>\n<meta property=\"og:url\" content=\"http:\/\/igfergon.com.mx\/?p=5670\" \/>\n<meta property=\"og:site_name\" content=\"El sitio del P. Ignacio Fern\u00e1ndez Gonz\u00e1lez\" \/>\n<meta property=\"article:publisher\" content=\"https:\/\/www.facebook.com\/\" \/>\n<meta property=\"article:published_time\" content=\"2025-10-30T08:31:40+00:00\" \/>\n<meta property=\"article:modified_time\" content=\"2025-10-30T08:31:44+00:00\" \/>\n<meta property=\"og:image\" content=\"http:\/\/igfergon.com.mx\/wp-content\/uploads\/2025\/10\/Jueves-30SO.jpg\" \/>\n\t<meta property=\"og:image:width\" content=\"297\" \/>\n\t<meta property=\"og:image:height\" content=\"170\" \/>\n\t<meta property=\"og:image:type\" content=\"image\/jpeg\" \/>\n<meta name=\"author\" content=\"igfergon.com.mx\" \/>\n<meta name=\"twitter:card\" content=\"summary_large_image\" \/>\n<meta name=\"twitter:label1\" content=\"Escrito por\" \/>\n\t<meta name=\"twitter:data1\" content=\"igfergon.com.mx\" \/>\n\t<meta name=\"twitter:label2\" content=\"Tiempo de lectura\" \/>\n\t<meta name=\"twitter:data2\" content=\"3 minutos\" \/>\n<script type=\"application\/ld+json\" class=\"yoast-schema-graph\">{\"@context\":\"https:\/\/schema.org\",\"@graph\":[{\"@type\":\"Article\",\"@id\":\"http:\/\/igfergon.com.mx\/?p=5670#article\",\"isPartOf\":{\"@id\":\"http:\/\/igfergon.com.mx\/?p=5670\"},\"author\":{\"name\":\"igfergon.com.mx\",\"@id\":\"http:\/\/igfergon.com.mx\/#\/schema\/person\/b42517895faefafe2a81218226d90957\"},\"headline\":\"Jueves de la XXX Semana Ordinaria\",\"datePublished\":\"2025-10-30T08:31:40+00:00\",\"dateModified\":\"2025-10-30T08:31:44+00:00\",\"mainEntityOfPage\":{\"@id\":\"http:\/\/igfergon.com.mx\/?p=5670\"},\"wordCount\":473,\"publisher\":{\"@id\":\"http:\/\/igfergon.com.mx\/#organization\"},\"image\":{\"@id\":\"http:\/\/igfergon.com.mx\/?p=5670#primaryimage\"},\"thumbnailUrl\":\"http:\/\/igfergon.com.mx\/wp-content\/uploads\/2025\/10\/Jueves-30SO.jpg\",\"keywords\":[\"comentario al evangelio\",\"Homil\u00eda\",\"homil\u00eda diaria\",\"Jueves de la XXX Semana Ordinaria\",\"liturgia\"],\"articleSection\":[\"comentario al evangelio\",\"homil\u00eda\",\"homil\u00eda diaria\",\"liturgia\"],\"inLanguage\":\"es\"},{\"@type\":\"WebPage\",\"@id\":\"http:\/\/igfergon.com.mx\/?p=5670\",\"url\":\"http:\/\/igfergon.com.mx\/?p=5670\",\"name\":\"Jueves de la XXX Semana Ordinaria - El sitio del P. Ignacio Fern\u00e1ndez Gonz\u00e1lez\",\"isPartOf\":{\"@id\":\"http:\/\/igfergon.com.mx\/#website\"},\"primaryImageOfPage\":{\"@id\":\"http:\/\/igfergon.com.mx\/?p=5670#primaryimage\"},\"image\":{\"@id\":\"http:\/\/igfergon.com.mx\/?p=5670#primaryimage\"},\"thumbnailUrl\":\"http:\/\/igfergon.com.mx\/wp-content\/uploads\/2025\/10\/Jueves-30SO.jpg\",\"datePublished\":\"2025-10-30T08:31:40+00:00\",\"dateModified\":\"2025-10-30T08:31:44+00:00\",\"breadcrumb\":{\"@id\":\"http:\/\/igfergon.com.mx\/?p=5670#breadcrumb\"},\"inLanguage\":\"es\",\"potentialAction\":[{\"@type\":\"ReadAction\",\"target\":[\"http:\/\/igfergon.com.mx\/?p=5670\"]}]},{\"@type\":\"ImageObject\",\"inLanguage\":\"es\",\"@id\":\"http:\/\/igfergon.com.mx\/?p=5670#primaryimage\",\"url\":\"http:\/\/igfergon.com.mx\/wp-content\/uploads\/2025\/10\/Jueves-30SO.jpg\",\"contentUrl\":\"http:\/\/igfergon.com.mx\/wp-content\/uploads\/2025\/10\/Jueves-30SO.jpg\",\"width\":297,\"height\":170},{\"@type\":\"BreadcrumbList\",\"@id\":\"http:\/\/igfergon.com.mx\/?p=5670#breadcrumb\",\"itemListElement\":[{\"@type\":\"ListItem\",\"position\":1,\"name\":\"Portada\",\"item\":\"http:\/\/igfergon.com.mx\/\"},{\"@type\":\"ListItem\",\"position\":2,\"name\":\"Jueves de la XXX Semana Ordinaria\"}]},{\"@type\":\"WebSite\",\"@id\":\"http:\/\/igfergon.com.mx\/#website\",\"url\":\"http:\/\/igfergon.com.mx\/\",\"name\":\"El sitio del P. Ignacio Fern\u00e1ndez Gonz\u00e1lez\",\"description\":\"Para Ayudarte\",\"publisher\":{\"@id\":\"http:\/\/igfergon.com.mx\/#organization\"},\"potentialAction\":[{\"@type\":\"SearchAction\",\"target\":{\"@type\":\"EntryPoint\",\"urlTemplate\":\"http:\/\/igfergon.com.mx\/?s={search_term_string}\"},\"query-input\":{\"@type\":\"PropertyValueSpecification\",\"valueRequired\":true,\"valueName\":\"search_term_string\"}}],\"inLanguage\":\"es\"},{\"@type\":\"Organization\",\"@id\":\"http:\/\/igfergon.com.mx\/#organization\",\"name\":\"El sitio del P. Ignacio Fern\u00e1ndez Gonz\u00e1lez\",\"url\":\"http:\/\/igfergon.com.mx\/\",\"logo\":{\"@type\":\"ImageObject\",\"inLanguage\":\"es\",\"@id\":\"http:\/\/igfergon.com.mx\/#\/schema\/logo\/image\/\",\"url\":\"http:\/\/igfergon.com.mx\/wp-content\/uploads\/2018\/09\/cropped-ORDNACION02-2.jpg\",\"contentUrl\":\"http:\/\/igfergon.com.mx\/wp-content\/uploads\/2018\/09\/cropped-ORDNACION02-2.jpg\",\"width\":250,\"height\":250,\"caption\":\"El sitio del P. Ignacio Fern\u00e1ndez Gonz\u00e1lez\"},\"image\":{\"@id\":\"http:\/\/igfergon.com.mx\/#\/schema\/logo\/image\/\"},\"sameAs\":[\"https:\/\/www.facebook.com\/\"]},{\"@type\":\"Person\",\"@id\":\"http:\/\/igfergon.com.mx\/#\/schema\/person\/b42517895faefafe2a81218226d90957\",\"name\":\"igfergon.com.mx\",\"image\":{\"@type\":\"ImageObject\",\"inLanguage\":\"es\",\"@id\":\"http:\/\/igfergon.com.mx\/#\/schema\/person\/image\/\",\"url\":\"https:\/\/secure.gravatar.com\/avatar\/9fd60c5591f2c6b18e76a917a69f35b0732f8532b3679d0132b3503b545db7a6?s=96&d=mm&r=g\",\"contentUrl\":\"https:\/\/secure.gravatar.com\/avatar\/9fd60c5591f2c6b18e76a917a69f35b0732f8532b3679d0132b3503b545db7a6?s=96&d=mm&r=g\",\"caption\":\"igfergon.com.mx\"},\"url\":\"http:\/\/igfergon.com.mx\/?author=1\"}]}<\/script>\n<!-- \/ Yoast SEO plugin. -->","yoast_head_json":{"title":"Jueves de la XXX Semana Ordinaria - El sitio del P. Ignacio Fern\u00e1ndez Gonz\u00e1lez","robots":{"index":"index","follow":"follow","max-snippet":"max-snippet:-1","max-image-preview":"max-image-preview:large","max-video-preview":"max-video-preview:-1"},"canonical":"http:\/\/igfergon.com.mx\/?p=5670","og_locale":"es_ES","og_type":"article","og_title":"Jueves de la XXX Semana Ordinaria - El sitio del P. Ignacio Fern\u00e1ndez Gonz\u00e1lez","og_description":"Rom. 8, 31-35. 37-39. \u00bfQu\u00e9 cosa podr\u00e1 apartarnos del amor con que nos ama Cristo? Dios, en \u00c9l, se ha hecho Dios-con-nosotros; \u00c9l ha hecho su morada en nosotros y compa\u00f1ero nuestro en la vida para hacernos llegar, en \u00c9l, al hombre perfecto. Y si Dios nos dio a su propio Hijo, \u00bfpodr\u00e1 negarnos algo? &hellip; Continuar leyendo \"Jueves de la XXX Semana Ordinaria\"","og_url":"http:\/\/igfergon.com.mx\/?p=5670","og_site_name":"El sitio del P. Ignacio Fern\u00e1ndez Gonz\u00e1lez","article_publisher":"https:\/\/www.facebook.com\/","article_published_time":"2025-10-30T08:31:40+00:00","article_modified_time":"2025-10-30T08:31:44+00:00","og_image":[{"width":297,"height":170,"url":"http:\/\/igfergon.com.mx\/wp-content\/uploads\/2025\/10\/Jueves-30SO.jpg","type":"image\/jpeg"}],"author":"igfergon.com.mx","twitter_card":"summary_large_image","twitter_misc":{"Escrito por":"igfergon.com.mx","Tiempo de lectura":"3 minutos"},"schema":{"@context":"https:\/\/schema.org","@graph":[{"@type":"Article","@id":"http:\/\/igfergon.com.mx\/?p=5670#article","isPartOf":{"@id":"http:\/\/igfergon.com.mx\/?p=5670"},"author":{"name":"igfergon.com.mx","@id":"http:\/\/igfergon.com.mx\/#\/schema\/person\/b42517895faefafe2a81218226d90957"},"headline":"Jueves de la XXX Semana Ordinaria","datePublished":"2025-10-30T08:31:40+00:00","dateModified":"2025-10-30T08:31:44+00:00","mainEntityOfPage":{"@id":"http:\/\/igfergon.com.mx\/?p=5670"},"wordCount":473,"publisher":{"@id":"http:\/\/igfergon.com.mx\/#organization"},"image":{"@id":"http:\/\/igfergon.com.mx\/?p=5670#primaryimage"},"thumbnailUrl":"http:\/\/igfergon.com.mx\/wp-content\/uploads\/2025\/10\/Jueves-30SO.jpg","keywords":["comentario al evangelio","Homil\u00eda","homil\u00eda diaria","Jueves de la XXX Semana Ordinaria","liturgia"],"articleSection":["comentario al evangelio","homil\u00eda","homil\u00eda diaria","liturgia"],"inLanguage":"es"},{"@type":"WebPage","@id":"http:\/\/igfergon.com.mx\/?p=5670","url":"http:\/\/igfergon.com.mx\/?p=5670","name":"Jueves de la XXX Semana Ordinaria - El sitio del P. Ignacio Fern\u00e1ndez Gonz\u00e1lez","isPartOf":{"@id":"http:\/\/igfergon.com.mx\/#website"},"primaryImageOfPage":{"@id":"http:\/\/igfergon.com.mx\/?p=5670#primaryimage"},"image":{"@id":"http:\/\/igfergon.com.mx\/?p=5670#primaryimage"},"thumbnailUrl":"http:\/\/igfergon.com.mx\/wp-content\/uploads\/2025\/10\/Jueves-30SO.jpg","datePublished":"2025-10-30T08:31:40+00:00","dateModified":"2025-10-30T08:31:44+00:00","breadcrumb":{"@id":"http:\/\/igfergon.com.mx\/?p=5670#breadcrumb"},"inLanguage":"es","potentialAction":[{"@type":"ReadAction","target":["http:\/\/igfergon.com.mx\/?p=5670"]}]},{"@type":"ImageObject","inLanguage":"es","@id":"http:\/\/igfergon.com.mx\/?p=5670#primaryimage","url":"http:\/\/igfergon.com.mx\/wp-content\/uploads\/2025\/10\/Jueves-30SO.jpg","contentUrl":"http:\/\/igfergon.com.mx\/wp-content\/uploads\/2025\/10\/Jueves-30SO.jpg","width":297,"height":170},{"@type":"BreadcrumbList","@id":"http:\/\/igfergon.com.mx\/?p=5670#breadcrumb","itemListElement":[{"@type":"ListItem","position":1,"name":"Portada","item":"http:\/\/igfergon.com.mx\/"},{"@type":"ListItem","position":2,"name":"Jueves de la XXX Semana Ordinaria"}]},{"@type":"WebSite","@id":"http:\/\/igfergon.com.mx\/#website","url":"http:\/\/igfergon.com.mx\/","name":"El sitio del P. Ignacio Fern\u00e1ndez Gonz\u00e1lez","description":"Para Ayudarte","publisher":{"@id":"http:\/\/igfergon.com.mx\/#organization"},"potentialAction":[{"@type":"SearchAction","target":{"@type":"EntryPoint","urlTemplate":"http:\/\/igfergon.com.mx\/?s={search_term_string}"},"query-input":{"@type":"PropertyValueSpecification","valueRequired":true,"valueName":"search_term_string"}}],"inLanguage":"es"},{"@type":"Organization","@id":"http:\/\/igfergon.com.mx\/#organization","name":"El sitio del P. Ignacio Fern\u00e1ndez Gonz\u00e1lez","url":"http:\/\/igfergon.com.mx\/","logo":{"@type":"ImageObject","inLanguage":"es","@id":"http:\/\/igfergon.com.mx\/#\/schema\/logo\/image\/","url":"http:\/\/igfergon.com.mx\/wp-content\/uploads\/2018\/09\/cropped-ORDNACION02-2.jpg","contentUrl":"http:\/\/igfergon.com.mx\/wp-content\/uploads\/2018\/09\/cropped-ORDNACION02-2.jpg","width":250,"height":250,"caption":"El sitio del P. Ignacio Fern\u00e1ndez Gonz\u00e1lez"},"image":{"@id":"http:\/\/igfergon.com.mx\/#\/schema\/logo\/image\/"},"sameAs":["https:\/\/www.facebook.com\/"]},{"@type":"Person","@id":"http:\/\/igfergon.com.mx\/#\/schema\/person\/b42517895faefafe2a81218226d90957","name":"igfergon.com.mx","image":{"@type":"ImageObject","inLanguage":"es","@id":"http:\/\/igfergon.com.mx\/#\/schema\/person\/image\/","url":"https:\/\/secure.gravatar.com\/avatar\/9fd60c5591f2c6b18e76a917a69f35b0732f8532b3679d0132b3503b545db7a6?s=96&d=mm&r=g","contentUrl":"https:\/\/secure.gravatar.com\/avatar\/9fd60c5591f2c6b18e76a917a69f35b0732f8532b3679d0132b3503b545db7a6?s=96&d=mm&r=g","caption":"igfergon.com.mx"},"url":"http:\/\/igfergon.com.mx\/?author=1"}]}},"_links":{"self":[{"href":"http:\/\/igfergon.com.mx\/index.php?rest_route=\/wp\/v2\/posts\/5670","targetHints":{"allow":["GET"]}}],"collection":[{"href":"http:\/\/igfergon.com.mx\/index.php?rest_route=\/wp\/v2\/posts"}],"about":[{"href":"http:\/\/igfergon.com.mx\/index.php?rest_route=\/wp\/v2\/types\/post"}],"author":[{"embeddable":true,"href":"http:\/\/igfergon.com.mx\/index.php?rest_route=\/wp\/v2\/users\/1"}],"replies":[{"embeddable":true,"href":"http:\/\/igfergon.com.mx\/index.php?rest_route=%2Fwp%2Fv2%2Fcomments&post=5670"}],"version-history":[{"count":1,"href":"http:\/\/igfergon.com.mx\/index.php?rest_route=\/wp\/v2\/posts\/5670\/revisions"}],"predecessor-version":[{"id":5672,"href":"http:\/\/igfergon.com.mx\/index.php?rest_route=\/wp\/v2\/posts\/5670\/revisions\/5672"}],"wp:attachment":[{"href":"http:\/\/igfergon.com.mx\/index.php?rest_route=%2Fwp%2Fv2%2Fmedia&parent=5670"}],"wp:term":[{"taxonomy":"category","embeddable":true,"href":"http:\/\/igfergon.com.mx\/index.php?rest_route=%2Fwp%2Fv2%2Fcategories&post=5670"},{"taxonomy":"post_tag","embeddable":true,"href":"http:\/\/igfergon.com.mx\/index.php?rest_route=%2Fwp%2Fv2%2Ftags&post=5670"}],"curies":[{"name":"wp","href":"https:\/\/api.w.org\/{rel}","templated":true}]}}