{"id":5673,"date":"2025-10-31T10:40:49","date_gmt":"2025-10-31T08:40:49","guid":{"rendered":"http:\/\/igfergon.com.mx\/?p=5673"},"modified":"2025-10-31T10:40:58","modified_gmt":"2025-10-31T08:40:58","slug":"viernes-de-la-xxx-semana-ordinaria","status":"publish","type":"post","link":"http:\/\/igfergon.com.mx\/?p=5673","title":{"rendered":"Viernes de la XXX Semana Ordinaria"},"content":{"rendered":"<div class=\"wp-block-image\">\n<figure class=\"aligncenter size-full\"><img loading=\"lazy\" decoding=\"async\" width=\"280\" height=\"180\" src=\"http:\/\/igfergon.com.mx\/wp-content\/uploads\/2025\/10\/Viernes-30SO.jpg\" alt=\"\" class=\"wp-image-5674\" srcset=\"http:\/\/igfergon.com.mx\/wp-content\/uploads\/2025\/10\/Viernes-30SO.jpg 280w, http:\/\/igfergon.com.mx\/wp-content\/uploads\/2025\/10\/Viernes-30SO-200x129.jpg 200w\" sizes=\"auto, (max-width: 280px) 100vw, 280px\" \/><\/figure>\n<\/div>\n\n\n<p><strong>Rom 9, 1-5<\/strong><\/p>\n\n\n\n<p>A pesar de su cerraz\u00f3n, los Israelitas son los primeros en ser llamados a la salvaci\u00f3n en Cristo. Y aun cuando no todos aceptaron a Cristo, hubo un peque\u00f1o resto fiel que s\u00ed lo hizo. Tenemos la esperanza de que alg\u00fan d\u00eda, todos reconozcan al Salvador, Cristo Jes\u00fas.<\/p>\n\n\n\n<p>Pablo, muchas veces rechazado por ellos, continuar\u00eda toda su vida preocup\u00e1ndose por encaminarlos a Cristo; hoy nos dice que, incluso, estar\u00eda dispuesto a ser considerado un anatema de Cristo (Separado de Cristo) si eso ayudara a la salvaci\u00f3n de los de su pueblo y raza.<\/p>\n\n\n\n<p>Nosotros no podemos conformarnos con vivir nuestra fe de un modo personalista, sino que hemos de esforzarnos constantemente en cumplir con la misi\u00f3n que el Se\u00f1or nos ha confiado: Hacer que todos los hombres se salven en Cristo; pero \u00bfRealmente estamos dispuestos a ser condenados con tal de salvar a quienes viven rechazando a Cristo?, \u00bfEstamos dispuestos a cargar como nuestros sus pecados, y hacer nuestras sus pobrezas y enfermedades? \u00bfEstamos dispuestos a padecer por Cristo sabiendo que \u00c9l est\u00e1 presente en nuestros hermanos? \u00bfHasta d\u00f3nde amamos? \u00bfRealmente hasta que nos duela? o \u00bfS\u00f3lo anunciamos el nombre de Dios y volvemos a nuestras comodidades y a nuestra vida muelle y poltrona? \u00bfCu\u00e1l es nuestro compromiso de fe?<\/p>\n\n\n\n<p><strong>Lc 14, 1-6<\/strong><\/p>\n\n\n\n<p>Jes\u00fas en este Evangelio nos ense\u00f1a con su ejemplo que hay algo m\u00e1s fuerte que el legalismo, y es precisamente el mandato de la caridad. Entre los jud\u00edos, el d\u00eda s\u00e1bado era un d\u00eda del todo consagrado al Se\u00f1or. No era l\u00edcito hacer actividad alguna. De ning\u00fan tipo. Hasta estaban indicados los pasos que se les permit\u00eda caminar.<\/p>\n\n\n\n<p>Los fariseos se gloriaban que cumpl\u00edan la ley en toda su extensi\u00f3n. Y castigaban y denunciaban a las autoridades a todo aquel que violaba una de estas reglas m\u00e1s peque\u00f1as. Eso no es malo. Incluso Cristo dice alguna vez a sus seguidores que hagan lo que los fariseos dicen. Sin embargo, es preferible la misericordia con los dem\u00e1s que el cumplimiento fr\u00edo de un precepto.<\/p>\n\n\n\n<p>Muchos se preguntan si deben hacer esto o aquello, porque ambas cosas est\u00e1n mandadas. \u00bfDebo estudiar en este tiempo o tengo que hacer lo que ahora me piden mis padres? \u00bfCu\u00e1l es mi obligaci\u00f3n? No es f\u00e1cil discernir, porque muchas veces entran en juego nuestros sentimientos y a veces nos inclinamos por la opci\u00f3n equivocada. Para evitar esta situaci\u00f3n, Cristo nos ha dejado un criterio muy claro: ante todo, la caridad. Bajo esta luz todo queda iluminado. Ya no hay conflicto entre curar o descansar en s\u00e1bado, porque el bien del hombre est\u00e1 por delante del precepto.<\/p>\n\n\n\n<p><\/p>\n","protected":false},"excerpt":{"rendered":"<p>Rom 9, 1-5 A pesar de su cerraz\u00f3n, los Israelitas son los primeros en ser llamados a la salvaci\u00f3n en Cristo. Y aun cuando no todos aceptaron a Cristo, hubo un peque\u00f1o resto fiel que s\u00ed lo hizo. Tenemos la esperanza de que alg\u00fan d\u00eda, todos reconozcan al Salvador, Cristo Jes\u00fas. Pablo, muchas veces rechazado &hellip; <\/p>\n<p class=\"link-more\"><a href=\"http:\/\/igfergon.com.mx\/?p=5673\" class=\"more-link\">Continuar leyendo<span class=\"screen-reader-text\"> \u00abViernes de la XXX Semana Ordinaria\u00bb<\/span><\/a><\/p>\n","protected":false},"author":1,"featured_media":0,"comment_status":"closed","ping_status":"closed","sticky":false,"template":"","format":"standard","meta":{"footnotes":""},"categories":[13,14,10,1],"tags":[69,8,6,7,639],"class_list":["post-5673","post","type-post","status-publish","format-standard","hentry","category-comentario-al-evangelio","category-homilia","category-homilia-diaria","category-uncategorized","tag-comentario-al-evangelio-2","tag-homilia","tag-homilia-diaria","tag-liturgia","tag-viernes-de-la-xxx-semana-ordinaria"],"yoast_head":"<!-- This site is optimized with the Yoast SEO plugin v26.0 - https:\/\/yoast.com\/wordpress\/plugins\/seo\/ -->\n<title>Viernes de la XXX Semana Ordinaria - El sitio del P. Ignacio Fern\u00e1ndez Gonz\u00e1lez<\/title>\n<meta name=\"robots\" content=\"index, follow, max-snippet:-1, max-image-preview:large, max-video-preview:-1\" \/>\n<link rel=\"canonical\" href=\"http:\/\/igfergon.com.mx\/?p=5673\" \/>\n<meta property=\"og:locale\" content=\"es_ES\" \/>\n<meta property=\"og:type\" content=\"article\" \/>\n<meta property=\"og:title\" content=\"Viernes de la XXX Semana Ordinaria - El sitio del P. Ignacio Fern\u00e1ndez Gonz\u00e1lez\" \/>\n<meta property=\"og:description\" content=\"Rom 9, 1-5 A pesar de su cerraz\u00f3n, los Israelitas son los primeros en ser llamados a la salvaci\u00f3n en Cristo. Y aun cuando no todos aceptaron a Cristo, hubo un peque\u00f1o resto fiel que s\u00ed lo hizo. Tenemos la esperanza de que alg\u00fan d\u00eda, todos reconozcan al Salvador, Cristo Jes\u00fas. Pablo, muchas veces rechazado &hellip; Continuar leyendo &quot;Viernes de la XXX Semana Ordinaria&quot;\" \/>\n<meta property=\"og:url\" content=\"http:\/\/igfergon.com.mx\/?p=5673\" \/>\n<meta property=\"og:site_name\" content=\"El sitio del P. Ignacio Fern\u00e1ndez Gonz\u00e1lez\" \/>\n<meta property=\"article:publisher\" content=\"https:\/\/www.facebook.com\/\" \/>\n<meta property=\"article:published_time\" content=\"2025-10-31T08:40:49+00:00\" \/>\n<meta property=\"article:modified_time\" content=\"2025-10-31T08:40:58+00:00\" \/>\n<meta property=\"og:image\" content=\"http:\/\/igfergon.com.mx\/wp-content\/uploads\/2025\/10\/Viernes-30SO.jpg\" \/>\n\t<meta property=\"og:image:width\" content=\"280\" \/>\n\t<meta property=\"og:image:height\" content=\"180\" \/>\n\t<meta property=\"og:image:type\" content=\"image\/jpeg\" \/>\n<meta name=\"author\" content=\"igfergon.com.mx\" \/>\n<meta name=\"twitter:card\" content=\"summary_large_image\" \/>\n<meta name=\"twitter:label1\" content=\"Escrito por\" \/>\n\t<meta name=\"twitter:data1\" content=\"igfergon.com.mx\" \/>\n\t<meta name=\"twitter:label2\" content=\"Tiempo de lectura\" \/>\n\t<meta name=\"twitter:data2\" content=\"3 minutos\" \/>\n<script type=\"application\/ld+json\" class=\"yoast-schema-graph\">{\"@context\":\"https:\/\/schema.org\",\"@graph\":[{\"@type\":\"Article\",\"@id\":\"http:\/\/igfergon.com.mx\/?p=5673#article\",\"isPartOf\":{\"@id\":\"http:\/\/igfergon.com.mx\/?p=5673\"},\"author\":{\"name\":\"igfergon.com.mx\",\"@id\":\"http:\/\/igfergon.com.mx\/#\/schema\/person\/b42517895faefafe2a81218226d90957\"},\"headline\":\"Viernes de la XXX Semana Ordinaria\",\"datePublished\":\"2025-10-31T08:40:49+00:00\",\"dateModified\":\"2025-10-31T08:40:58+00:00\",\"mainEntityOfPage\":{\"@id\":\"http:\/\/igfergon.com.mx\/?p=5673\"},\"wordCount\":479,\"publisher\":{\"@id\":\"http:\/\/igfergon.com.mx\/#organization\"},\"image\":{\"@id\":\"http:\/\/igfergon.com.mx\/?p=5673#primaryimage\"},\"thumbnailUrl\":\"http:\/\/igfergon.com.mx\/wp-content\/uploads\/2025\/10\/Viernes-30SO.jpg\",\"keywords\":[\"comentario al evangelio\",\"Homil\u00eda\",\"homil\u00eda diaria\",\"liturgia\",\"Viernes de la XXX Semana Ordinaria\"],\"articleSection\":[\"comentario al evangelio\",\"homil\u00eda\",\"homil\u00eda diaria\",\"liturgia\"],\"inLanguage\":\"es\"},{\"@type\":\"WebPage\",\"@id\":\"http:\/\/igfergon.com.mx\/?p=5673\",\"url\":\"http:\/\/igfergon.com.mx\/?p=5673\",\"name\":\"Viernes de la XXX Semana Ordinaria - El sitio del P. Ignacio Fern\u00e1ndez Gonz\u00e1lez\",\"isPartOf\":{\"@id\":\"http:\/\/igfergon.com.mx\/#website\"},\"primaryImageOfPage\":{\"@id\":\"http:\/\/igfergon.com.mx\/?p=5673#primaryimage\"},\"image\":{\"@id\":\"http:\/\/igfergon.com.mx\/?p=5673#primaryimage\"},\"thumbnailUrl\":\"http:\/\/igfergon.com.mx\/wp-content\/uploads\/2025\/10\/Viernes-30SO.jpg\",\"datePublished\":\"2025-10-31T08:40:49+00:00\",\"dateModified\":\"2025-10-31T08:40:58+00:00\",\"breadcrumb\":{\"@id\":\"http:\/\/igfergon.com.mx\/?p=5673#breadcrumb\"},\"inLanguage\":\"es\",\"potentialAction\":[{\"@type\":\"ReadAction\",\"target\":[\"http:\/\/igfergon.com.mx\/?p=5673\"]}]},{\"@type\":\"ImageObject\",\"inLanguage\":\"es\",\"@id\":\"http:\/\/igfergon.com.mx\/?p=5673#primaryimage\",\"url\":\"http:\/\/igfergon.com.mx\/wp-content\/uploads\/2025\/10\/Viernes-30SO.jpg\",\"contentUrl\":\"http:\/\/igfergon.com.mx\/wp-content\/uploads\/2025\/10\/Viernes-30SO.jpg\",\"width\":280,\"height\":180},{\"@type\":\"BreadcrumbList\",\"@id\":\"http:\/\/igfergon.com.mx\/?p=5673#breadcrumb\",\"itemListElement\":[{\"@type\":\"ListItem\",\"position\":1,\"name\":\"Portada\",\"item\":\"http:\/\/igfergon.com.mx\/\"},{\"@type\":\"ListItem\",\"position\":2,\"name\":\"Viernes de la XXX Semana Ordinaria\"}]},{\"@type\":\"WebSite\",\"@id\":\"http:\/\/igfergon.com.mx\/#website\",\"url\":\"http:\/\/igfergon.com.mx\/\",\"name\":\"El sitio del P. Ignacio Fern\u00e1ndez Gonz\u00e1lez\",\"description\":\"Para Ayudarte\",\"publisher\":{\"@id\":\"http:\/\/igfergon.com.mx\/#organization\"},\"potentialAction\":[{\"@type\":\"SearchAction\",\"target\":{\"@type\":\"EntryPoint\",\"urlTemplate\":\"http:\/\/igfergon.com.mx\/?s={search_term_string}\"},\"query-input\":{\"@type\":\"PropertyValueSpecification\",\"valueRequired\":true,\"valueName\":\"search_term_string\"}}],\"inLanguage\":\"es\"},{\"@type\":\"Organization\",\"@id\":\"http:\/\/igfergon.com.mx\/#organization\",\"name\":\"El sitio del P. Ignacio Fern\u00e1ndez Gonz\u00e1lez\",\"url\":\"http:\/\/igfergon.com.mx\/\",\"logo\":{\"@type\":\"ImageObject\",\"inLanguage\":\"es\",\"@id\":\"http:\/\/igfergon.com.mx\/#\/schema\/logo\/image\/\",\"url\":\"http:\/\/igfergon.com.mx\/wp-content\/uploads\/2018\/09\/cropped-ORDNACION02-2.jpg\",\"contentUrl\":\"http:\/\/igfergon.com.mx\/wp-content\/uploads\/2018\/09\/cropped-ORDNACION02-2.jpg\",\"width\":250,\"height\":250,\"caption\":\"El sitio del P. Ignacio Fern\u00e1ndez Gonz\u00e1lez\"},\"image\":{\"@id\":\"http:\/\/igfergon.com.mx\/#\/schema\/logo\/image\/\"},\"sameAs\":[\"https:\/\/www.facebook.com\/\"]},{\"@type\":\"Person\",\"@id\":\"http:\/\/igfergon.com.mx\/#\/schema\/person\/b42517895faefafe2a81218226d90957\",\"name\":\"igfergon.com.mx\",\"image\":{\"@type\":\"ImageObject\",\"inLanguage\":\"es\",\"@id\":\"http:\/\/igfergon.com.mx\/#\/schema\/person\/image\/\",\"url\":\"https:\/\/secure.gravatar.com\/avatar\/9fd60c5591f2c6b18e76a917a69f35b0732f8532b3679d0132b3503b545db7a6?s=96&d=mm&r=g\",\"contentUrl\":\"https:\/\/secure.gravatar.com\/avatar\/9fd60c5591f2c6b18e76a917a69f35b0732f8532b3679d0132b3503b545db7a6?s=96&d=mm&r=g\",\"caption\":\"igfergon.com.mx\"},\"url\":\"http:\/\/igfergon.com.mx\/?author=1\"}]}<\/script>\n<!-- \/ Yoast SEO plugin. -->","yoast_head_json":{"title":"Viernes de la XXX Semana Ordinaria - El sitio del P. Ignacio Fern\u00e1ndez Gonz\u00e1lez","robots":{"index":"index","follow":"follow","max-snippet":"max-snippet:-1","max-image-preview":"max-image-preview:large","max-video-preview":"max-video-preview:-1"},"canonical":"http:\/\/igfergon.com.mx\/?p=5673","og_locale":"es_ES","og_type":"article","og_title":"Viernes de la XXX Semana Ordinaria - El sitio del P. Ignacio Fern\u00e1ndez Gonz\u00e1lez","og_description":"Rom 9, 1-5 A pesar de su cerraz\u00f3n, los Israelitas son los primeros en ser llamados a la salvaci\u00f3n en Cristo. Y aun cuando no todos aceptaron a Cristo, hubo un peque\u00f1o resto fiel que s\u00ed lo hizo. Tenemos la esperanza de que alg\u00fan d\u00eda, todos reconozcan al Salvador, Cristo Jes\u00fas. Pablo, muchas veces rechazado &hellip; Continuar leyendo \"Viernes de la XXX Semana Ordinaria\"","og_url":"http:\/\/igfergon.com.mx\/?p=5673","og_site_name":"El sitio del P. Ignacio Fern\u00e1ndez Gonz\u00e1lez","article_publisher":"https:\/\/www.facebook.com\/","article_published_time":"2025-10-31T08:40:49+00:00","article_modified_time":"2025-10-31T08:40:58+00:00","og_image":[{"width":280,"height":180,"url":"http:\/\/igfergon.com.mx\/wp-content\/uploads\/2025\/10\/Viernes-30SO.jpg","type":"image\/jpeg"}],"author":"igfergon.com.mx","twitter_card":"summary_large_image","twitter_misc":{"Escrito por":"igfergon.com.mx","Tiempo de lectura":"3 minutos"},"schema":{"@context":"https:\/\/schema.org","@graph":[{"@type":"Article","@id":"http:\/\/igfergon.com.mx\/?p=5673#article","isPartOf":{"@id":"http:\/\/igfergon.com.mx\/?p=5673"},"author":{"name":"igfergon.com.mx","@id":"http:\/\/igfergon.com.mx\/#\/schema\/person\/b42517895faefafe2a81218226d90957"},"headline":"Viernes de la XXX Semana Ordinaria","datePublished":"2025-10-31T08:40:49+00:00","dateModified":"2025-10-31T08:40:58+00:00","mainEntityOfPage":{"@id":"http:\/\/igfergon.com.mx\/?p=5673"},"wordCount":479,"publisher":{"@id":"http:\/\/igfergon.com.mx\/#organization"},"image":{"@id":"http:\/\/igfergon.com.mx\/?p=5673#primaryimage"},"thumbnailUrl":"http:\/\/igfergon.com.mx\/wp-content\/uploads\/2025\/10\/Viernes-30SO.jpg","keywords":["comentario al evangelio","Homil\u00eda","homil\u00eda diaria","liturgia","Viernes de la XXX Semana Ordinaria"],"articleSection":["comentario al evangelio","homil\u00eda","homil\u00eda diaria","liturgia"],"inLanguage":"es"},{"@type":"WebPage","@id":"http:\/\/igfergon.com.mx\/?p=5673","url":"http:\/\/igfergon.com.mx\/?p=5673","name":"Viernes de la XXX Semana Ordinaria - El sitio del P. Ignacio Fern\u00e1ndez Gonz\u00e1lez","isPartOf":{"@id":"http:\/\/igfergon.com.mx\/#website"},"primaryImageOfPage":{"@id":"http:\/\/igfergon.com.mx\/?p=5673#primaryimage"},"image":{"@id":"http:\/\/igfergon.com.mx\/?p=5673#primaryimage"},"thumbnailUrl":"http:\/\/igfergon.com.mx\/wp-content\/uploads\/2025\/10\/Viernes-30SO.jpg","datePublished":"2025-10-31T08:40:49+00:00","dateModified":"2025-10-31T08:40:58+00:00","breadcrumb":{"@id":"http:\/\/igfergon.com.mx\/?p=5673#breadcrumb"},"inLanguage":"es","potentialAction":[{"@type":"ReadAction","target":["http:\/\/igfergon.com.mx\/?p=5673"]}]},{"@type":"ImageObject","inLanguage":"es","@id":"http:\/\/igfergon.com.mx\/?p=5673#primaryimage","url":"http:\/\/igfergon.com.mx\/wp-content\/uploads\/2025\/10\/Viernes-30SO.jpg","contentUrl":"http:\/\/igfergon.com.mx\/wp-content\/uploads\/2025\/10\/Viernes-30SO.jpg","width":280,"height":180},{"@type":"BreadcrumbList","@id":"http:\/\/igfergon.com.mx\/?p=5673#breadcrumb","itemListElement":[{"@type":"ListItem","position":1,"name":"Portada","item":"http:\/\/igfergon.com.mx\/"},{"@type":"ListItem","position":2,"name":"Viernes de la XXX Semana Ordinaria"}]},{"@type":"WebSite","@id":"http:\/\/igfergon.com.mx\/#website","url":"http:\/\/igfergon.com.mx\/","name":"El sitio del P. Ignacio Fern\u00e1ndez Gonz\u00e1lez","description":"Para Ayudarte","publisher":{"@id":"http:\/\/igfergon.com.mx\/#organization"},"potentialAction":[{"@type":"SearchAction","target":{"@type":"EntryPoint","urlTemplate":"http:\/\/igfergon.com.mx\/?s={search_term_string}"},"query-input":{"@type":"PropertyValueSpecification","valueRequired":true,"valueName":"search_term_string"}}],"inLanguage":"es"},{"@type":"Organization","@id":"http:\/\/igfergon.com.mx\/#organization","name":"El sitio del P. Ignacio Fern\u00e1ndez Gonz\u00e1lez","url":"http:\/\/igfergon.com.mx\/","logo":{"@type":"ImageObject","inLanguage":"es","@id":"http:\/\/igfergon.com.mx\/#\/schema\/logo\/image\/","url":"http:\/\/igfergon.com.mx\/wp-content\/uploads\/2018\/09\/cropped-ORDNACION02-2.jpg","contentUrl":"http:\/\/igfergon.com.mx\/wp-content\/uploads\/2018\/09\/cropped-ORDNACION02-2.jpg","width":250,"height":250,"caption":"El sitio del P. Ignacio Fern\u00e1ndez Gonz\u00e1lez"},"image":{"@id":"http:\/\/igfergon.com.mx\/#\/schema\/logo\/image\/"},"sameAs":["https:\/\/www.facebook.com\/"]},{"@type":"Person","@id":"http:\/\/igfergon.com.mx\/#\/schema\/person\/b42517895faefafe2a81218226d90957","name":"igfergon.com.mx","image":{"@type":"ImageObject","inLanguage":"es","@id":"http:\/\/igfergon.com.mx\/#\/schema\/person\/image\/","url":"https:\/\/secure.gravatar.com\/avatar\/9fd60c5591f2c6b18e76a917a69f35b0732f8532b3679d0132b3503b545db7a6?s=96&d=mm&r=g","contentUrl":"https:\/\/secure.gravatar.com\/avatar\/9fd60c5591f2c6b18e76a917a69f35b0732f8532b3679d0132b3503b545db7a6?s=96&d=mm&r=g","caption":"igfergon.com.mx"},"url":"http:\/\/igfergon.com.mx\/?author=1"}]}},"_links":{"self":[{"href":"http:\/\/igfergon.com.mx\/index.php?rest_route=\/wp\/v2\/posts\/5673","targetHints":{"allow":["GET"]}}],"collection":[{"href":"http:\/\/igfergon.com.mx\/index.php?rest_route=\/wp\/v2\/posts"}],"about":[{"href":"http:\/\/igfergon.com.mx\/index.php?rest_route=\/wp\/v2\/types\/post"}],"author":[{"embeddable":true,"href":"http:\/\/igfergon.com.mx\/index.php?rest_route=\/wp\/v2\/users\/1"}],"replies":[{"embeddable":true,"href":"http:\/\/igfergon.com.mx\/index.php?rest_route=%2Fwp%2Fv2%2Fcomments&post=5673"}],"version-history":[{"count":1,"href":"http:\/\/igfergon.com.mx\/index.php?rest_route=\/wp\/v2\/posts\/5673\/revisions"}],"predecessor-version":[{"id":5675,"href":"http:\/\/igfergon.com.mx\/index.php?rest_route=\/wp\/v2\/posts\/5673\/revisions\/5675"}],"wp:attachment":[{"href":"http:\/\/igfergon.com.mx\/index.php?rest_route=%2Fwp%2Fv2%2Fmedia&parent=5673"}],"wp:term":[{"taxonomy":"category","embeddable":true,"href":"http:\/\/igfergon.com.mx\/index.php?rest_route=%2Fwp%2Fv2%2Fcategories&post=5673"},{"taxonomy":"post_tag","embeddable":true,"href":"http:\/\/igfergon.com.mx\/index.php?rest_route=%2Fwp%2Fv2%2Ftags&post=5673"}],"curies":[{"name":"wp","href":"https:\/\/api.w.org\/{rel}","templated":true}]}}