{"id":5676,"date":"2025-11-01T11:30:44","date_gmt":"2025-11-01T09:30:44","guid":{"rendered":"http:\/\/igfergon.com.mx\/?p=5676"},"modified":"2025-11-01T11:30:45","modified_gmt":"2025-11-01T09:30:45","slug":"todos-los-santos-3","status":"publish","type":"post","link":"http:\/\/igfergon.com.mx\/?p=5676","title":{"rendered":"Todos los Santos"},"content":{"rendered":"<div class=\"wp-block-image\">\n<figure class=\"aligncenter size-full\"><img loading=\"lazy\" decoding=\"async\" width=\"369\" height=\"137\" src=\"http:\/\/igfergon.com.mx\/wp-content\/uploads\/2025\/11\/image.png\" alt=\"\" class=\"wp-image-5677\" srcset=\"http:\/\/igfergon.com.mx\/wp-content\/uploads\/2025\/11\/image.png 369w, http:\/\/igfergon.com.mx\/wp-content\/uploads\/2025\/11\/image-300x111.png 300w, http:\/\/igfergon.com.mx\/wp-content\/uploads\/2025\/11\/image-200x74.png 200w\" sizes=\"auto, (max-width: 369px) 100vw, 369px\" \/><\/figure>\n<\/div>\n\n\n<p><strong>Mt 5, 1-12a<\/strong><\/p>\n\n\n\n<p>Hoy celebramos la solemnidad de todos los santos. La Iglesia reconoce en ellos sus virtudes y sus m\u00e9ritos, alaba su entrega a Jesucristo y a la Iglesia, y pide su intercesi\u00f3n y ayuda ante el Se\u00f1or.<\/p>\n\n\n\n<p>Los santos han vivido seg\u00fan el programa de las bienaventuranzas que nos ofreci\u00f3 Jes\u00fas<strong>.&nbsp; <\/strong>Los santos son hijos adoptivos de Dios que han perseverado hasta el final de sus vidas en la fe, en la esperanza y en la caridad.<\/p>\n\n\n\n<p>En este d\u00eda de <strong>\u201cTodos los Santos\u201d <\/strong>hemos de recordar las palabras de San Pablo que nos dice que Dios nos ha elegido para que seamos hijos adoptivos de Dios, para que seamos santos en su Hijo Jesucristo.&nbsp; No podemos olvidar, pues, estas palabras, <strong>Dios quiere que todos seamos santos.<\/strong><\/p>\n\n\n\n<p>Hoy, tenemos presentes a toda esa inmensa muchedumbre de santos y santas que est\u00e1n en el cielo <strong>adorando, alabando, bendiciendo y dando gracias a Dios.<\/strong>&nbsp; Pero hoy, tambi\u00e9n se nos recuerda que todos, vosotros y yo, estamos llamados a formar parte de esa muchedumbre que nadie puede contar y que son los bienaventurados que est\u00e1n viendo a Dios cara a cara y que son inmensamente felices.<\/p>\n\n\n\n<p>Este es destino final de todos nosotros: <strong>estar con Dios para siempre.&nbsp; <\/strong>No nos equivoquemos.&nbsp; Es posible que sintamos la tentaci\u00f3n de ir por la vida por caminos equivocados, por caminos que no nos conducen a Dios.&nbsp; <strong>Nuestro destino final no es la nada ni la desaparici\u00f3n para siempre. <\/strong>Nuestro destino final es estar con Dios para siempre.&nbsp; San Agust\u00edn dec\u00eda: <strong>\u201cSe\u00f1or, nos ha hecho para Ti, e inquieto est\u00e1 nuestro coraz\u00f3n hasta que descanse en Ti\u201d.<\/strong><\/p>\n\n\n\n<p>El camino que nos lleva a Dios, el camino para ser santos es vivir <strong>las bienaventuranzas.&nbsp; <\/strong>Jes\u00fas subi\u00f3 a la monta\u00f1a y pronunci\u00f3 este mensaje tan lleno de esperanza y de gozo.&nbsp; Las bienaventuranzas es el camino que han vivido y testimoniado los santos y santas de Dios; las bienaventuranzas es el testamento que nos ha dado Jes\u00fas para que desde ni\u00f1os vivamos de acuerdo a ellas y as\u00ed seamos santos y podamos ser felices eternamente.<\/p>\n\n\n\n<p>Que necesitados estamos de vivir y poner en pr\u00e1ctica las bienaventuranzas.&nbsp; Vivimos en un mundo y en una sociedad que est\u00e1n sumidos en crisis humana, moral, econ\u00f3mica y religiosa.<\/p>\n\n\n\n<p>\u00a1Cu\u00e1ntos problemas resolver\u00edamos si vivi\u00e9ramos de verdad las bienaventuranzas!<\/p>\n\n\n\n<p><strong>Bienaventurados los pobres de esp\u00edritu: <\/strong>los que no se dejan llevar por el pecado, la codicia, la avaricia, la injusticia.&nbsp; Todo esto hace mucho da\u00f1o a quien lo hace y a la humanidad, a las personas.<\/p>\n\n\n\n<p><strong>Bienaventurados los que lloran: <\/strong>los que comparten el dolor y el sufrimiento de los dem\u00e1s y se esfuerzan por aliviar ese dolor, por quitar ese sufrimiento y sus causas.&nbsp;<\/p>\n\n\n\n<p><strong>Bienaventurados los limpios de coraz\u00f3n: <\/strong>los que tienen un coraz\u00f3n donde no hay odio, rencor, mentira, que tanto sufrimiento produce a las personas, grupos y pueblos.&nbsp; Su coraz\u00f3n no tiene doble fondo ni hipocres\u00eda.<\/p>\n\n\n\n<p><strong>Bienaventurados los pac\u00edficos: <\/strong>los que desde un coraz\u00f3n pacificado y reconciliado, siembran la paz, tienden puentes de encuentro entre las personas, las comunidades y los pueblos, evitando as\u00ed la guerra, la violencia y el hambre.<\/p>\n\n\n\n<p><strong>Bienaventurados los misericordiosos: <\/strong>los que han elegido la misericordia como forma de vivir, de existir, de trabajar, de actuar en este mundo superando la venganza, los insultos y el rencor.<\/p>\n\n\n\n<p><strong>Bienaventurados los que tienen un coraz\u00f3n lleno de mansedumbre: <\/strong>los que han optado por vivir y pasar por la vida sembrando el bien, el amor, el perd\u00f3n, la verdad, evitando as\u00ed los enfrentamientos, los insultos y las descalificaciones.<\/p>\n\n\n\n<p><strong>Bienaventurados los que tienen hambre y sed de justicia: <\/strong>los que prefieren pasar por la vida como desapercibidos y humildes antes que dejarse llevar por la mentira, la envidia, el desprecio de los dem\u00e1s, el ansia de poder, de dinero y de placeres.<\/p>\n\n\n\n<p><strong>Bienaventurados los perseguidos por causa de la justicia: <\/strong>los que son perseguidos por su fe, por su santidad, por su vida de acuerdo al Evangelio.&nbsp; El justo es con frecuencia rechazado, injuriado y despreciado.<\/p>\n\n\n\n<p><strong>Bienaventurados cuando os insulten y os persigan y digan cosas falsas contra vosotros: <\/strong>los que son perseguidos por la fe, los que son despreciados por ser cristianos, los que son encarcelados por ser disc\u00edpulos de Jesucristo, los que son martirizados por su fe.<\/p>\n\n\n\n<p>De todos ellos es el Reino de los Cielos.&nbsp; Todos ellos ver\u00e1n a Dios.&nbsp; El Se\u00f1or los acoger\u00e1 en su muerte y los llevar\u00e1 con \u00c9l para siempre y todos ser\u00e1n eternamente felices con Dios.<\/p>\n\n\n\n<p><\/p>\n","protected":false},"excerpt":{"rendered":"<p>Mt 5, 1-12a Hoy celebramos la solemnidad de todos los santos. La Iglesia reconoce en ellos sus virtudes y sus m\u00e9ritos, alaba su entrega a Jesucristo y a la Iglesia, y pide su intercesi\u00f3n y ayuda ante el Se\u00f1or. Los santos han vivido seg\u00fan el programa de las bienaventuranzas que nos ofreci\u00f3 Jes\u00fas.&nbsp; Los santos &hellip; <\/p>\n<p class=\"link-more\"><a href=\"http:\/\/igfergon.com.mx\/?p=5676\" class=\"more-link\">Continuar leyendo<span class=\"screen-reader-text\"> \u00abTodos los Santos\u00bb<\/span><\/a><\/p>\n","protected":false},"author":1,"featured_media":0,"comment_status":"closed","ping_status":"closed","sticky":false,"template":"","format":"standard","meta":{"footnotes":""},"categories":[13,14,10,1],"tags":[69,8,6,7,371],"class_list":["post-5676","post","type-post","status-publish","format-standard","hentry","category-comentario-al-evangelio","category-homilia","category-homilia-diaria","category-uncategorized","tag-comentario-al-evangelio-2","tag-homilia","tag-homilia-diaria","tag-liturgia","tag-todos-los-santos"],"yoast_head":"<!-- This site is optimized with the Yoast SEO plugin v26.0 - https:\/\/yoast.com\/wordpress\/plugins\/seo\/ -->\n<title>Todos los Santos - El sitio del P. Ignacio Fern\u00e1ndez Gonz\u00e1lez<\/title>\n<meta name=\"robots\" content=\"index, follow, max-snippet:-1, max-image-preview:large, max-video-preview:-1\" \/>\n<link rel=\"canonical\" href=\"http:\/\/igfergon.com.mx\/?p=5676\" \/>\n<meta property=\"og:locale\" content=\"es_ES\" \/>\n<meta property=\"og:type\" content=\"article\" \/>\n<meta property=\"og:title\" content=\"Todos los Santos - El sitio del P. Ignacio Fern\u00e1ndez Gonz\u00e1lez\" \/>\n<meta property=\"og:description\" content=\"Mt 5, 1-12a Hoy celebramos la solemnidad de todos los santos. La Iglesia reconoce en ellos sus virtudes y sus m\u00e9ritos, alaba su entrega a Jesucristo y a la Iglesia, y pide su intercesi\u00f3n y ayuda ante el Se\u00f1or. Los santos han vivido seg\u00fan el programa de las bienaventuranzas que nos ofreci\u00f3 Jes\u00fas.&nbsp; Los santos &hellip; Continuar leyendo &quot;Todos los Santos&quot;\" \/>\n<meta property=\"og:url\" content=\"http:\/\/igfergon.com.mx\/?p=5676\" \/>\n<meta property=\"og:site_name\" content=\"El sitio del P. Ignacio Fern\u00e1ndez Gonz\u00e1lez\" \/>\n<meta property=\"article:publisher\" content=\"https:\/\/www.facebook.com\/\" \/>\n<meta property=\"article:published_time\" content=\"2025-11-01T09:30:44+00:00\" \/>\n<meta property=\"article:modified_time\" content=\"2025-11-01T09:30:45+00:00\" \/>\n<meta property=\"og:image\" content=\"http:\/\/igfergon.com.mx\/wp-content\/uploads\/2025\/11\/image.png\" \/>\n\t<meta property=\"og:image:width\" content=\"369\" \/>\n\t<meta property=\"og:image:height\" content=\"137\" \/>\n\t<meta property=\"og:image:type\" content=\"image\/png\" \/>\n<meta name=\"author\" content=\"igfergon.com.mx\" \/>\n<meta name=\"twitter:card\" content=\"summary_large_image\" \/>\n<meta name=\"twitter:label1\" content=\"Escrito por\" \/>\n\t<meta name=\"twitter:data1\" content=\"igfergon.com.mx\" \/>\n\t<meta name=\"twitter:label2\" content=\"Tiempo de lectura\" \/>\n\t<meta name=\"twitter:data2\" content=\"4 minutos\" \/>\n<script type=\"application\/ld+json\" class=\"yoast-schema-graph\">{\"@context\":\"https:\/\/schema.org\",\"@graph\":[{\"@type\":\"Article\",\"@id\":\"http:\/\/igfergon.com.mx\/?p=5676#article\",\"isPartOf\":{\"@id\":\"http:\/\/igfergon.com.mx\/?p=5676\"},\"author\":{\"name\":\"igfergon.com.mx\",\"@id\":\"http:\/\/igfergon.com.mx\/#\/schema\/person\/b42517895faefafe2a81218226d90957\"},\"headline\":\"Todos los Santos\",\"datePublished\":\"2025-11-01T09:30:44+00:00\",\"dateModified\":\"2025-11-01T09:30:45+00:00\",\"mainEntityOfPage\":{\"@id\":\"http:\/\/igfergon.com.mx\/?p=5676\"},\"wordCount\":803,\"publisher\":{\"@id\":\"http:\/\/igfergon.com.mx\/#organization\"},\"image\":{\"@id\":\"http:\/\/igfergon.com.mx\/?p=5676#primaryimage\"},\"thumbnailUrl\":\"http:\/\/igfergon.com.mx\/wp-content\/uploads\/2025\/11\/image.png\",\"keywords\":[\"comentario al evangelio\",\"Homil\u00eda\",\"homil\u00eda diaria\",\"liturgia\",\"TODOS LOS SANTOS\"],\"articleSection\":[\"comentario al evangelio\",\"homil\u00eda\",\"homil\u00eda diaria\",\"liturgia\"],\"inLanguage\":\"es\"},{\"@type\":\"WebPage\",\"@id\":\"http:\/\/igfergon.com.mx\/?p=5676\",\"url\":\"http:\/\/igfergon.com.mx\/?p=5676\",\"name\":\"Todos los Santos - El sitio del P. Ignacio Fern\u00e1ndez Gonz\u00e1lez\",\"isPartOf\":{\"@id\":\"http:\/\/igfergon.com.mx\/#website\"},\"primaryImageOfPage\":{\"@id\":\"http:\/\/igfergon.com.mx\/?p=5676#primaryimage\"},\"image\":{\"@id\":\"http:\/\/igfergon.com.mx\/?p=5676#primaryimage\"},\"thumbnailUrl\":\"http:\/\/igfergon.com.mx\/wp-content\/uploads\/2025\/11\/image.png\",\"datePublished\":\"2025-11-01T09:30:44+00:00\",\"dateModified\":\"2025-11-01T09:30:45+00:00\",\"breadcrumb\":{\"@id\":\"http:\/\/igfergon.com.mx\/?p=5676#breadcrumb\"},\"inLanguage\":\"es\",\"potentialAction\":[{\"@type\":\"ReadAction\",\"target\":[\"http:\/\/igfergon.com.mx\/?p=5676\"]}]},{\"@type\":\"ImageObject\",\"inLanguage\":\"es\",\"@id\":\"http:\/\/igfergon.com.mx\/?p=5676#primaryimage\",\"url\":\"http:\/\/igfergon.com.mx\/wp-content\/uploads\/2025\/11\/image.png\",\"contentUrl\":\"http:\/\/igfergon.com.mx\/wp-content\/uploads\/2025\/11\/image.png\",\"width\":369,\"height\":137},{\"@type\":\"BreadcrumbList\",\"@id\":\"http:\/\/igfergon.com.mx\/?p=5676#breadcrumb\",\"itemListElement\":[{\"@type\":\"ListItem\",\"position\":1,\"name\":\"Portada\",\"item\":\"http:\/\/igfergon.com.mx\/\"},{\"@type\":\"ListItem\",\"position\":2,\"name\":\"Todos los Santos\"}]},{\"@type\":\"WebSite\",\"@id\":\"http:\/\/igfergon.com.mx\/#website\",\"url\":\"http:\/\/igfergon.com.mx\/\",\"name\":\"El sitio del P. Ignacio Fern\u00e1ndez Gonz\u00e1lez\",\"description\":\"Para Ayudarte\",\"publisher\":{\"@id\":\"http:\/\/igfergon.com.mx\/#organization\"},\"potentialAction\":[{\"@type\":\"SearchAction\",\"target\":{\"@type\":\"EntryPoint\",\"urlTemplate\":\"http:\/\/igfergon.com.mx\/?s={search_term_string}\"},\"query-input\":{\"@type\":\"PropertyValueSpecification\",\"valueRequired\":true,\"valueName\":\"search_term_string\"}}],\"inLanguage\":\"es\"},{\"@type\":\"Organization\",\"@id\":\"http:\/\/igfergon.com.mx\/#organization\",\"name\":\"El sitio del P. Ignacio Fern\u00e1ndez Gonz\u00e1lez\",\"url\":\"http:\/\/igfergon.com.mx\/\",\"logo\":{\"@type\":\"ImageObject\",\"inLanguage\":\"es\",\"@id\":\"http:\/\/igfergon.com.mx\/#\/schema\/logo\/image\/\",\"url\":\"http:\/\/igfergon.com.mx\/wp-content\/uploads\/2018\/09\/cropped-ORDNACION02-2.jpg\",\"contentUrl\":\"http:\/\/igfergon.com.mx\/wp-content\/uploads\/2018\/09\/cropped-ORDNACION02-2.jpg\",\"width\":250,\"height\":250,\"caption\":\"El sitio del P. Ignacio Fern\u00e1ndez Gonz\u00e1lez\"},\"image\":{\"@id\":\"http:\/\/igfergon.com.mx\/#\/schema\/logo\/image\/\"},\"sameAs\":[\"https:\/\/www.facebook.com\/\"]},{\"@type\":\"Person\",\"@id\":\"http:\/\/igfergon.com.mx\/#\/schema\/person\/b42517895faefafe2a81218226d90957\",\"name\":\"igfergon.com.mx\",\"image\":{\"@type\":\"ImageObject\",\"inLanguage\":\"es\",\"@id\":\"http:\/\/igfergon.com.mx\/#\/schema\/person\/image\/\",\"url\":\"https:\/\/secure.gravatar.com\/avatar\/9fd60c5591f2c6b18e76a917a69f35b0732f8532b3679d0132b3503b545db7a6?s=96&d=mm&r=g\",\"contentUrl\":\"https:\/\/secure.gravatar.com\/avatar\/9fd60c5591f2c6b18e76a917a69f35b0732f8532b3679d0132b3503b545db7a6?s=96&d=mm&r=g\",\"caption\":\"igfergon.com.mx\"},\"url\":\"http:\/\/igfergon.com.mx\/?author=1\"}]}<\/script>\n<!-- \/ Yoast SEO plugin. -->","yoast_head_json":{"title":"Todos los Santos - El sitio del P. Ignacio Fern\u00e1ndez Gonz\u00e1lez","robots":{"index":"index","follow":"follow","max-snippet":"max-snippet:-1","max-image-preview":"max-image-preview:large","max-video-preview":"max-video-preview:-1"},"canonical":"http:\/\/igfergon.com.mx\/?p=5676","og_locale":"es_ES","og_type":"article","og_title":"Todos los Santos - El sitio del P. Ignacio Fern\u00e1ndez Gonz\u00e1lez","og_description":"Mt 5, 1-12a Hoy celebramos la solemnidad de todos los santos. La Iglesia reconoce en ellos sus virtudes y sus m\u00e9ritos, alaba su entrega a Jesucristo y a la Iglesia, y pide su intercesi\u00f3n y ayuda ante el Se\u00f1or. Los santos han vivido seg\u00fan el programa de las bienaventuranzas que nos ofreci\u00f3 Jes\u00fas.&nbsp; Los santos &hellip; Continuar leyendo \"Todos los Santos\"","og_url":"http:\/\/igfergon.com.mx\/?p=5676","og_site_name":"El sitio del P. Ignacio Fern\u00e1ndez Gonz\u00e1lez","article_publisher":"https:\/\/www.facebook.com\/","article_published_time":"2025-11-01T09:30:44+00:00","article_modified_time":"2025-11-01T09:30:45+00:00","og_image":[{"width":369,"height":137,"url":"http:\/\/igfergon.com.mx\/wp-content\/uploads\/2025\/11\/image.png","type":"image\/png"}],"author":"igfergon.com.mx","twitter_card":"summary_large_image","twitter_misc":{"Escrito por":"igfergon.com.mx","Tiempo de lectura":"4 minutos"},"schema":{"@context":"https:\/\/schema.org","@graph":[{"@type":"Article","@id":"http:\/\/igfergon.com.mx\/?p=5676#article","isPartOf":{"@id":"http:\/\/igfergon.com.mx\/?p=5676"},"author":{"name":"igfergon.com.mx","@id":"http:\/\/igfergon.com.mx\/#\/schema\/person\/b42517895faefafe2a81218226d90957"},"headline":"Todos los Santos","datePublished":"2025-11-01T09:30:44+00:00","dateModified":"2025-11-01T09:30:45+00:00","mainEntityOfPage":{"@id":"http:\/\/igfergon.com.mx\/?p=5676"},"wordCount":803,"publisher":{"@id":"http:\/\/igfergon.com.mx\/#organization"},"image":{"@id":"http:\/\/igfergon.com.mx\/?p=5676#primaryimage"},"thumbnailUrl":"http:\/\/igfergon.com.mx\/wp-content\/uploads\/2025\/11\/image.png","keywords":["comentario al evangelio","Homil\u00eda","homil\u00eda diaria","liturgia","TODOS LOS SANTOS"],"articleSection":["comentario al evangelio","homil\u00eda","homil\u00eda diaria","liturgia"],"inLanguage":"es"},{"@type":"WebPage","@id":"http:\/\/igfergon.com.mx\/?p=5676","url":"http:\/\/igfergon.com.mx\/?p=5676","name":"Todos los Santos - El sitio del P. Ignacio Fern\u00e1ndez Gonz\u00e1lez","isPartOf":{"@id":"http:\/\/igfergon.com.mx\/#website"},"primaryImageOfPage":{"@id":"http:\/\/igfergon.com.mx\/?p=5676#primaryimage"},"image":{"@id":"http:\/\/igfergon.com.mx\/?p=5676#primaryimage"},"thumbnailUrl":"http:\/\/igfergon.com.mx\/wp-content\/uploads\/2025\/11\/image.png","datePublished":"2025-11-01T09:30:44+00:00","dateModified":"2025-11-01T09:30:45+00:00","breadcrumb":{"@id":"http:\/\/igfergon.com.mx\/?p=5676#breadcrumb"},"inLanguage":"es","potentialAction":[{"@type":"ReadAction","target":["http:\/\/igfergon.com.mx\/?p=5676"]}]},{"@type":"ImageObject","inLanguage":"es","@id":"http:\/\/igfergon.com.mx\/?p=5676#primaryimage","url":"http:\/\/igfergon.com.mx\/wp-content\/uploads\/2025\/11\/image.png","contentUrl":"http:\/\/igfergon.com.mx\/wp-content\/uploads\/2025\/11\/image.png","width":369,"height":137},{"@type":"BreadcrumbList","@id":"http:\/\/igfergon.com.mx\/?p=5676#breadcrumb","itemListElement":[{"@type":"ListItem","position":1,"name":"Portada","item":"http:\/\/igfergon.com.mx\/"},{"@type":"ListItem","position":2,"name":"Todos los Santos"}]},{"@type":"WebSite","@id":"http:\/\/igfergon.com.mx\/#website","url":"http:\/\/igfergon.com.mx\/","name":"El sitio del P. Ignacio Fern\u00e1ndez Gonz\u00e1lez","description":"Para Ayudarte","publisher":{"@id":"http:\/\/igfergon.com.mx\/#organization"},"potentialAction":[{"@type":"SearchAction","target":{"@type":"EntryPoint","urlTemplate":"http:\/\/igfergon.com.mx\/?s={search_term_string}"},"query-input":{"@type":"PropertyValueSpecification","valueRequired":true,"valueName":"search_term_string"}}],"inLanguage":"es"},{"@type":"Organization","@id":"http:\/\/igfergon.com.mx\/#organization","name":"El sitio del P. Ignacio Fern\u00e1ndez Gonz\u00e1lez","url":"http:\/\/igfergon.com.mx\/","logo":{"@type":"ImageObject","inLanguage":"es","@id":"http:\/\/igfergon.com.mx\/#\/schema\/logo\/image\/","url":"http:\/\/igfergon.com.mx\/wp-content\/uploads\/2018\/09\/cropped-ORDNACION02-2.jpg","contentUrl":"http:\/\/igfergon.com.mx\/wp-content\/uploads\/2018\/09\/cropped-ORDNACION02-2.jpg","width":250,"height":250,"caption":"El sitio del P. Ignacio Fern\u00e1ndez Gonz\u00e1lez"},"image":{"@id":"http:\/\/igfergon.com.mx\/#\/schema\/logo\/image\/"},"sameAs":["https:\/\/www.facebook.com\/"]},{"@type":"Person","@id":"http:\/\/igfergon.com.mx\/#\/schema\/person\/b42517895faefafe2a81218226d90957","name":"igfergon.com.mx","image":{"@type":"ImageObject","inLanguage":"es","@id":"http:\/\/igfergon.com.mx\/#\/schema\/person\/image\/","url":"https:\/\/secure.gravatar.com\/avatar\/9fd60c5591f2c6b18e76a917a69f35b0732f8532b3679d0132b3503b545db7a6?s=96&d=mm&r=g","contentUrl":"https:\/\/secure.gravatar.com\/avatar\/9fd60c5591f2c6b18e76a917a69f35b0732f8532b3679d0132b3503b545db7a6?s=96&d=mm&r=g","caption":"igfergon.com.mx"},"url":"http:\/\/igfergon.com.mx\/?author=1"}]}},"_links":{"self":[{"href":"http:\/\/igfergon.com.mx\/index.php?rest_route=\/wp\/v2\/posts\/5676","targetHints":{"allow":["GET"]}}],"collection":[{"href":"http:\/\/igfergon.com.mx\/index.php?rest_route=\/wp\/v2\/posts"}],"about":[{"href":"http:\/\/igfergon.com.mx\/index.php?rest_route=\/wp\/v2\/types\/post"}],"author":[{"embeddable":true,"href":"http:\/\/igfergon.com.mx\/index.php?rest_route=\/wp\/v2\/users\/1"}],"replies":[{"embeddable":true,"href":"http:\/\/igfergon.com.mx\/index.php?rest_route=%2Fwp%2Fv2%2Fcomments&post=5676"}],"version-history":[{"count":1,"href":"http:\/\/igfergon.com.mx\/index.php?rest_route=\/wp\/v2\/posts\/5676\/revisions"}],"predecessor-version":[{"id":5678,"href":"http:\/\/igfergon.com.mx\/index.php?rest_route=\/wp\/v2\/posts\/5676\/revisions\/5678"}],"wp:attachment":[{"href":"http:\/\/igfergon.com.mx\/index.php?rest_route=%2Fwp%2Fv2%2Fmedia&parent=5676"}],"wp:term":[{"taxonomy":"category","embeddable":true,"href":"http:\/\/igfergon.com.mx\/index.php?rest_route=%2Fwp%2Fv2%2Fcategories&post=5676"},{"taxonomy":"post_tag","embeddable":true,"href":"http:\/\/igfergon.com.mx\/index.php?rest_route=%2Fwp%2Fv2%2Ftags&post=5676"}],"curies":[{"name":"wp","href":"https:\/\/api.w.org\/{rel}","templated":true}]}}