{"id":5755,"date":"2025-11-25T11:02:56","date_gmt":"2025-11-25T09:02:56","guid":{"rendered":"http:\/\/igfergon.com.mx\/?p=5755"},"modified":"2025-11-25T11:03:01","modified_gmt":"2025-11-25T09:03:01","slug":"martes-de-la-xxxiv-semana-ordinaria-2","status":"publish","type":"post","link":"http:\/\/igfergon.com.mx\/?p=5755","title":{"rendered":"Martes de la XXXIV Semana Ordinaria"},"content":{"rendered":"<div class=\"wp-block-image\">\n<figure class=\"aligncenter size-full\"><img loading=\"lazy\" decoding=\"async\" width=\"263\" height=\"192\" src=\"http:\/\/igfergon.com.mx\/wp-content\/uploads\/2025\/11\/Martes-34SO.jpg\" alt=\"\" class=\"wp-image-5756\" srcset=\"http:\/\/igfergon.com.mx\/wp-content\/uploads\/2025\/11\/Martes-34SO.jpg 263w, http:\/\/igfergon.com.mx\/wp-content\/uploads\/2025\/11\/Martes-34SO-200x146.jpg 200w\" sizes=\"auto, (max-width: 263px) 100vw, 263px\" \/><\/figure>\n<\/div>\n\n\n<p><strong>Dan 2,31-45<\/strong><\/p>\n\n\n\n<p>Una de las verdades que la Sagrada Escritura nos ha revelado, es que esta vida no es para siempre, sino que es simplemente la antesala de la vida definitiva que viviremos eternamente en el cielo.<\/p>\n\n\n\n<p>Es por ello que esta lectura, dirigida al Rey Dar\u00edo, nos hace ver que todo cuanto existe de bello, llegar\u00e1 un tiempo en que ser\u00e1 transformado, que Dios como Se\u00f1or de la historia va construyendo el Reino definitivo en el cual \u00c9l, como rey eterno y todopoderoso gobernar\u00e1.<\/p>\n\n\n\n<p>Nosotros, sabemos que este Rey es Cristo y por ello, si queremos vivir en el Reino, debemos someter toda nuestra persona y toda nuestra vida a \u00c9l, de manera que \u00c9l tenga realmente control en ella. Acepta a Jes\u00fas como Rey de tu vida y deja que \u00c9l transforme toda tu existencia y la convierta en parte del Reino que no termina jam\u00e1s.<\/p>\n\n\n\n<p><strong>Lc 21,5-11<\/strong><\/p>\n\n\n\n<p>No busquemos aterrarnos mutuamente ni vivir en el miedo pensando en que el tiempo est\u00e1 cerca y ya se acaba la figura de este mundo con la venida del Justo Juez, Cristo. Y no es as\u00ed porque El mismo nos lo acaba de decir: no se dejen enga\u00f1ar. Porque vendr\u00e1n muchos usurpando mi nombre y diciendo: \u00abYo soy\u00bb y \u00abel tiempo est\u00e1 cerca\u00bb. \u00bfQuiere Cristo que vivamos atemorizados? No \u00bfQuiere que nos la pasemos analizando cada guerra y cada peste e interpret\u00e1ndolo todo bajo esta \u00f3ptica terror\u00edfica? No. Entonces, \u00bfqu\u00e9 quiere Cristo?<\/p>\n\n\n\n<p>Quiere que nos dejemos de cuentos de terror y de una pasividad est\u00e9ril y vivamos, s\u00ed, velando para cuando venga, pero velando como siervos fieles, esto es, cumpliendo como el soldado que tiene una misi\u00f3n en la vida. \u201cVelar\u201d por tanto no es estar en estado de terror e infundiendo terror en los dem\u00e1s, sino \u201ctrabajar\u201d por hacer que cada d\u00eda m\u00e1s este Rey sea m\u00e1s adorado y amado por los hombres; para que el imperio del amor triunfe sobre los mezquinos deseos humanos.<\/p>\n\n\n\n<p>\u00bfPor qu\u00e9 el Templo ser\u00e1 derruido? Por la codicia de los hombres. \u00bfPor qu\u00e9 habr\u00e1 guerras? Por el odio de unos contra otros. \u00bfPor qu\u00e9 pestes, hambre, desolaci\u00f3n? Por culpa del pecado que no busca soluciones sino que trae da\u00f1os est\u00e9riles.<\/p>\n\n\n\n<p>Pero en cambio si el cristiano trabaja firme y constante por edificar su propia casa en Roca firme; si se empe\u00f1a por trabajar en la vi\u00f1a del Se\u00f1or y sacar fruto abundante, el ciento por uno; si procura que en su casa jam\u00e1s falte el aceite para su l\u00e1mpara, no sea que venga el Esposo; si se esmera en realizar cuanto le ha sido confiado por el Due\u00f1o, como siervo trabajador; si, en fin, saca tiempo de debajo de las piedras y hace del amor su tesoro, y reproduce todos sus talentos, \u00bfle quedar\u00e1 tiempo para aterrarse por el fin del mundo?<\/p>\n\n\n\n<p><\/p>\n","protected":false},"excerpt":{"rendered":"<p>Dan 2,31-45 Una de las verdades que la Sagrada Escritura nos ha revelado, es que esta vida no es para siempre, sino que es simplemente la antesala de la vida definitiva que viviremos eternamente en el cielo. Es por ello que esta lectura, dirigida al Rey Dar\u00edo, nos hace ver que todo cuanto existe de &hellip; <\/p>\n<p class=\"link-more\"><a href=\"http:\/\/igfergon.com.mx\/?p=5755\" class=\"more-link\">Continuar leyendo<span class=\"screen-reader-text\"> \u00abMartes de la XXXIV Semana Ordinaria\u00bb<\/span><\/a><\/p>\n","protected":false},"author":1,"featured_media":0,"comment_status":"closed","ping_status":"closed","sticky":false,"template":"","format":"standard","meta":{"footnotes":""},"categories":[13,14,10,1],"tags":[69,8,6,7,523],"class_list":["post-5755","post","type-post","status-publish","format-standard","hentry","category-comentario-al-evangelio","category-homilia","category-homilia-diaria","category-uncategorized","tag-comentario-al-evangelio-2","tag-homilia","tag-homilia-diaria","tag-liturgia","tag-martes-de-la-xxxiv-semana-ordinaria"],"yoast_head":"<!-- This site is optimized with the Yoast SEO plugin v26.0 - https:\/\/yoast.com\/wordpress\/plugins\/seo\/ -->\n<title>Martes de la XXXIV Semana Ordinaria - El sitio del P. Ignacio Fern\u00e1ndez Gonz\u00e1lez<\/title>\n<meta name=\"robots\" content=\"index, follow, max-snippet:-1, max-image-preview:large, max-video-preview:-1\" \/>\n<link rel=\"canonical\" href=\"http:\/\/igfergon.com.mx\/?p=5755\" \/>\n<meta property=\"og:locale\" content=\"es_ES\" \/>\n<meta property=\"og:type\" content=\"article\" \/>\n<meta property=\"og:title\" content=\"Martes de la XXXIV Semana Ordinaria - El sitio del P. Ignacio Fern\u00e1ndez Gonz\u00e1lez\" \/>\n<meta property=\"og:description\" content=\"Dan 2,31-45 Una de las verdades que la Sagrada Escritura nos ha revelado, es que esta vida no es para siempre, sino que es simplemente la antesala de la vida definitiva que viviremos eternamente en el cielo. Es por ello que esta lectura, dirigida al Rey Dar\u00edo, nos hace ver que todo cuanto existe de &hellip; Continuar leyendo &quot;Martes de la XXXIV Semana Ordinaria&quot;\" \/>\n<meta property=\"og:url\" content=\"http:\/\/igfergon.com.mx\/?p=5755\" \/>\n<meta property=\"og:site_name\" content=\"El sitio del P. Ignacio Fern\u00e1ndez Gonz\u00e1lez\" \/>\n<meta property=\"article:publisher\" content=\"https:\/\/www.facebook.com\/\" \/>\n<meta property=\"article:published_time\" content=\"2025-11-25T09:02:56+00:00\" \/>\n<meta property=\"article:modified_time\" content=\"2025-11-25T09:03:01+00:00\" \/>\n<meta property=\"og:image\" content=\"http:\/\/igfergon.com.mx\/wp-content\/uploads\/2025\/11\/Martes-34SO.jpg\" \/>\n\t<meta property=\"og:image:width\" content=\"263\" \/>\n\t<meta property=\"og:image:height\" content=\"192\" \/>\n\t<meta property=\"og:image:type\" content=\"image\/jpeg\" \/>\n<meta name=\"author\" content=\"igfergon.com.mx\" \/>\n<meta name=\"twitter:card\" content=\"summary_large_image\" \/>\n<meta name=\"twitter:label1\" content=\"Escrito por\" \/>\n\t<meta name=\"twitter:data1\" content=\"igfergon.com.mx\" \/>\n\t<meta name=\"twitter:label2\" content=\"Tiempo de lectura\" \/>\n\t<meta name=\"twitter:data2\" content=\"3 minutos\" \/>\n<script type=\"application\/ld+json\" class=\"yoast-schema-graph\">{\"@context\":\"https:\/\/schema.org\",\"@graph\":[{\"@type\":\"Article\",\"@id\":\"http:\/\/igfergon.com.mx\/?p=5755#article\",\"isPartOf\":{\"@id\":\"http:\/\/igfergon.com.mx\/?p=5755\"},\"author\":{\"name\":\"igfergon.com.mx\",\"@id\":\"http:\/\/igfergon.com.mx\/#\/schema\/person\/b42517895faefafe2a81218226d90957\"},\"headline\":\"Martes de la XXXIV Semana Ordinaria\",\"datePublished\":\"2025-11-25T09:02:56+00:00\",\"dateModified\":\"2025-11-25T09:03:01+00:00\",\"mainEntityOfPage\":{\"@id\":\"http:\/\/igfergon.com.mx\/?p=5755\"},\"wordCount\":498,\"publisher\":{\"@id\":\"http:\/\/igfergon.com.mx\/#organization\"},\"image\":{\"@id\":\"http:\/\/igfergon.com.mx\/?p=5755#primaryimage\"},\"thumbnailUrl\":\"http:\/\/igfergon.com.mx\/wp-content\/uploads\/2025\/11\/Martes-34SO.jpg\",\"keywords\":[\"comentario al evangelio\",\"Homil\u00eda\",\"homil\u00eda diaria\",\"liturgia\",\"Martes de la XXXIV Semana Ordinaria\"],\"articleSection\":[\"comentario al evangelio\",\"homil\u00eda\",\"homil\u00eda diaria\",\"liturgia\"],\"inLanguage\":\"es\"},{\"@type\":\"WebPage\",\"@id\":\"http:\/\/igfergon.com.mx\/?p=5755\",\"url\":\"http:\/\/igfergon.com.mx\/?p=5755\",\"name\":\"Martes de la XXXIV Semana Ordinaria - El sitio del P. Ignacio Fern\u00e1ndez Gonz\u00e1lez\",\"isPartOf\":{\"@id\":\"http:\/\/igfergon.com.mx\/#website\"},\"primaryImageOfPage\":{\"@id\":\"http:\/\/igfergon.com.mx\/?p=5755#primaryimage\"},\"image\":{\"@id\":\"http:\/\/igfergon.com.mx\/?p=5755#primaryimage\"},\"thumbnailUrl\":\"http:\/\/igfergon.com.mx\/wp-content\/uploads\/2025\/11\/Martes-34SO.jpg\",\"datePublished\":\"2025-11-25T09:02:56+00:00\",\"dateModified\":\"2025-11-25T09:03:01+00:00\",\"breadcrumb\":{\"@id\":\"http:\/\/igfergon.com.mx\/?p=5755#breadcrumb\"},\"inLanguage\":\"es\",\"potentialAction\":[{\"@type\":\"ReadAction\",\"target\":[\"http:\/\/igfergon.com.mx\/?p=5755\"]}]},{\"@type\":\"ImageObject\",\"inLanguage\":\"es\",\"@id\":\"http:\/\/igfergon.com.mx\/?p=5755#primaryimage\",\"url\":\"http:\/\/igfergon.com.mx\/wp-content\/uploads\/2025\/11\/Martes-34SO.jpg\",\"contentUrl\":\"http:\/\/igfergon.com.mx\/wp-content\/uploads\/2025\/11\/Martes-34SO.jpg\",\"width\":263,\"height\":192},{\"@type\":\"BreadcrumbList\",\"@id\":\"http:\/\/igfergon.com.mx\/?p=5755#breadcrumb\",\"itemListElement\":[{\"@type\":\"ListItem\",\"position\":1,\"name\":\"Portada\",\"item\":\"http:\/\/igfergon.com.mx\/\"},{\"@type\":\"ListItem\",\"position\":2,\"name\":\"Martes de la XXXIV Semana Ordinaria\"}]},{\"@type\":\"WebSite\",\"@id\":\"http:\/\/igfergon.com.mx\/#website\",\"url\":\"http:\/\/igfergon.com.mx\/\",\"name\":\"El sitio del P. Ignacio Fern\u00e1ndez Gonz\u00e1lez\",\"description\":\"Para Ayudarte\",\"publisher\":{\"@id\":\"http:\/\/igfergon.com.mx\/#organization\"},\"potentialAction\":[{\"@type\":\"SearchAction\",\"target\":{\"@type\":\"EntryPoint\",\"urlTemplate\":\"http:\/\/igfergon.com.mx\/?s={search_term_string}\"},\"query-input\":{\"@type\":\"PropertyValueSpecification\",\"valueRequired\":true,\"valueName\":\"search_term_string\"}}],\"inLanguage\":\"es\"},{\"@type\":\"Organization\",\"@id\":\"http:\/\/igfergon.com.mx\/#organization\",\"name\":\"El sitio del P. Ignacio Fern\u00e1ndez Gonz\u00e1lez\",\"url\":\"http:\/\/igfergon.com.mx\/\",\"logo\":{\"@type\":\"ImageObject\",\"inLanguage\":\"es\",\"@id\":\"http:\/\/igfergon.com.mx\/#\/schema\/logo\/image\/\",\"url\":\"http:\/\/igfergon.com.mx\/wp-content\/uploads\/2018\/09\/cropped-ORDNACION02-2.jpg\",\"contentUrl\":\"http:\/\/igfergon.com.mx\/wp-content\/uploads\/2018\/09\/cropped-ORDNACION02-2.jpg\",\"width\":250,\"height\":250,\"caption\":\"El sitio del P. Ignacio Fern\u00e1ndez Gonz\u00e1lez\"},\"image\":{\"@id\":\"http:\/\/igfergon.com.mx\/#\/schema\/logo\/image\/\"},\"sameAs\":[\"https:\/\/www.facebook.com\/\"]},{\"@type\":\"Person\",\"@id\":\"http:\/\/igfergon.com.mx\/#\/schema\/person\/b42517895faefafe2a81218226d90957\",\"name\":\"igfergon.com.mx\",\"image\":{\"@type\":\"ImageObject\",\"inLanguage\":\"es\",\"@id\":\"http:\/\/igfergon.com.mx\/#\/schema\/person\/image\/\",\"url\":\"https:\/\/secure.gravatar.com\/avatar\/9fd60c5591f2c6b18e76a917a69f35b0732f8532b3679d0132b3503b545db7a6?s=96&d=mm&r=g\",\"contentUrl\":\"https:\/\/secure.gravatar.com\/avatar\/9fd60c5591f2c6b18e76a917a69f35b0732f8532b3679d0132b3503b545db7a6?s=96&d=mm&r=g\",\"caption\":\"igfergon.com.mx\"},\"url\":\"http:\/\/igfergon.com.mx\/?author=1\"}]}<\/script>\n<!-- \/ Yoast SEO plugin. -->","yoast_head_json":{"title":"Martes de la XXXIV Semana Ordinaria - El sitio del P. Ignacio Fern\u00e1ndez Gonz\u00e1lez","robots":{"index":"index","follow":"follow","max-snippet":"max-snippet:-1","max-image-preview":"max-image-preview:large","max-video-preview":"max-video-preview:-1"},"canonical":"http:\/\/igfergon.com.mx\/?p=5755","og_locale":"es_ES","og_type":"article","og_title":"Martes de la XXXIV Semana Ordinaria - El sitio del P. Ignacio Fern\u00e1ndez Gonz\u00e1lez","og_description":"Dan 2,31-45 Una de las verdades que la Sagrada Escritura nos ha revelado, es que esta vida no es para siempre, sino que es simplemente la antesala de la vida definitiva que viviremos eternamente en el cielo. Es por ello que esta lectura, dirigida al Rey Dar\u00edo, nos hace ver que todo cuanto existe de &hellip; Continuar leyendo \"Martes de la XXXIV Semana Ordinaria\"","og_url":"http:\/\/igfergon.com.mx\/?p=5755","og_site_name":"El sitio del P. Ignacio Fern\u00e1ndez Gonz\u00e1lez","article_publisher":"https:\/\/www.facebook.com\/","article_published_time":"2025-11-25T09:02:56+00:00","article_modified_time":"2025-11-25T09:03:01+00:00","og_image":[{"width":263,"height":192,"url":"http:\/\/igfergon.com.mx\/wp-content\/uploads\/2025\/11\/Martes-34SO.jpg","type":"image\/jpeg"}],"author":"igfergon.com.mx","twitter_card":"summary_large_image","twitter_misc":{"Escrito por":"igfergon.com.mx","Tiempo de lectura":"3 minutos"},"schema":{"@context":"https:\/\/schema.org","@graph":[{"@type":"Article","@id":"http:\/\/igfergon.com.mx\/?p=5755#article","isPartOf":{"@id":"http:\/\/igfergon.com.mx\/?p=5755"},"author":{"name":"igfergon.com.mx","@id":"http:\/\/igfergon.com.mx\/#\/schema\/person\/b42517895faefafe2a81218226d90957"},"headline":"Martes de la XXXIV Semana Ordinaria","datePublished":"2025-11-25T09:02:56+00:00","dateModified":"2025-11-25T09:03:01+00:00","mainEntityOfPage":{"@id":"http:\/\/igfergon.com.mx\/?p=5755"},"wordCount":498,"publisher":{"@id":"http:\/\/igfergon.com.mx\/#organization"},"image":{"@id":"http:\/\/igfergon.com.mx\/?p=5755#primaryimage"},"thumbnailUrl":"http:\/\/igfergon.com.mx\/wp-content\/uploads\/2025\/11\/Martes-34SO.jpg","keywords":["comentario al evangelio","Homil\u00eda","homil\u00eda diaria","liturgia","Martes de la XXXIV Semana Ordinaria"],"articleSection":["comentario al evangelio","homil\u00eda","homil\u00eda diaria","liturgia"],"inLanguage":"es"},{"@type":"WebPage","@id":"http:\/\/igfergon.com.mx\/?p=5755","url":"http:\/\/igfergon.com.mx\/?p=5755","name":"Martes de la XXXIV Semana Ordinaria - El sitio del P. Ignacio Fern\u00e1ndez Gonz\u00e1lez","isPartOf":{"@id":"http:\/\/igfergon.com.mx\/#website"},"primaryImageOfPage":{"@id":"http:\/\/igfergon.com.mx\/?p=5755#primaryimage"},"image":{"@id":"http:\/\/igfergon.com.mx\/?p=5755#primaryimage"},"thumbnailUrl":"http:\/\/igfergon.com.mx\/wp-content\/uploads\/2025\/11\/Martes-34SO.jpg","datePublished":"2025-11-25T09:02:56+00:00","dateModified":"2025-11-25T09:03:01+00:00","breadcrumb":{"@id":"http:\/\/igfergon.com.mx\/?p=5755#breadcrumb"},"inLanguage":"es","potentialAction":[{"@type":"ReadAction","target":["http:\/\/igfergon.com.mx\/?p=5755"]}]},{"@type":"ImageObject","inLanguage":"es","@id":"http:\/\/igfergon.com.mx\/?p=5755#primaryimage","url":"http:\/\/igfergon.com.mx\/wp-content\/uploads\/2025\/11\/Martes-34SO.jpg","contentUrl":"http:\/\/igfergon.com.mx\/wp-content\/uploads\/2025\/11\/Martes-34SO.jpg","width":263,"height":192},{"@type":"BreadcrumbList","@id":"http:\/\/igfergon.com.mx\/?p=5755#breadcrumb","itemListElement":[{"@type":"ListItem","position":1,"name":"Portada","item":"http:\/\/igfergon.com.mx\/"},{"@type":"ListItem","position":2,"name":"Martes de la XXXIV Semana Ordinaria"}]},{"@type":"WebSite","@id":"http:\/\/igfergon.com.mx\/#website","url":"http:\/\/igfergon.com.mx\/","name":"El sitio del P. Ignacio Fern\u00e1ndez Gonz\u00e1lez","description":"Para Ayudarte","publisher":{"@id":"http:\/\/igfergon.com.mx\/#organization"},"potentialAction":[{"@type":"SearchAction","target":{"@type":"EntryPoint","urlTemplate":"http:\/\/igfergon.com.mx\/?s={search_term_string}"},"query-input":{"@type":"PropertyValueSpecification","valueRequired":true,"valueName":"search_term_string"}}],"inLanguage":"es"},{"@type":"Organization","@id":"http:\/\/igfergon.com.mx\/#organization","name":"El sitio del P. Ignacio Fern\u00e1ndez Gonz\u00e1lez","url":"http:\/\/igfergon.com.mx\/","logo":{"@type":"ImageObject","inLanguage":"es","@id":"http:\/\/igfergon.com.mx\/#\/schema\/logo\/image\/","url":"http:\/\/igfergon.com.mx\/wp-content\/uploads\/2018\/09\/cropped-ORDNACION02-2.jpg","contentUrl":"http:\/\/igfergon.com.mx\/wp-content\/uploads\/2018\/09\/cropped-ORDNACION02-2.jpg","width":250,"height":250,"caption":"El sitio del P. Ignacio Fern\u00e1ndez Gonz\u00e1lez"},"image":{"@id":"http:\/\/igfergon.com.mx\/#\/schema\/logo\/image\/"},"sameAs":["https:\/\/www.facebook.com\/"]},{"@type":"Person","@id":"http:\/\/igfergon.com.mx\/#\/schema\/person\/b42517895faefafe2a81218226d90957","name":"igfergon.com.mx","image":{"@type":"ImageObject","inLanguage":"es","@id":"http:\/\/igfergon.com.mx\/#\/schema\/person\/image\/","url":"https:\/\/secure.gravatar.com\/avatar\/9fd60c5591f2c6b18e76a917a69f35b0732f8532b3679d0132b3503b545db7a6?s=96&d=mm&r=g","contentUrl":"https:\/\/secure.gravatar.com\/avatar\/9fd60c5591f2c6b18e76a917a69f35b0732f8532b3679d0132b3503b545db7a6?s=96&d=mm&r=g","caption":"igfergon.com.mx"},"url":"http:\/\/igfergon.com.mx\/?author=1"}]}},"_links":{"self":[{"href":"http:\/\/igfergon.com.mx\/index.php?rest_route=\/wp\/v2\/posts\/5755","targetHints":{"allow":["GET"]}}],"collection":[{"href":"http:\/\/igfergon.com.mx\/index.php?rest_route=\/wp\/v2\/posts"}],"about":[{"href":"http:\/\/igfergon.com.mx\/index.php?rest_route=\/wp\/v2\/types\/post"}],"author":[{"embeddable":true,"href":"http:\/\/igfergon.com.mx\/index.php?rest_route=\/wp\/v2\/users\/1"}],"replies":[{"embeddable":true,"href":"http:\/\/igfergon.com.mx\/index.php?rest_route=%2Fwp%2Fv2%2Fcomments&post=5755"}],"version-history":[{"count":1,"href":"http:\/\/igfergon.com.mx\/index.php?rest_route=\/wp\/v2\/posts\/5755\/revisions"}],"predecessor-version":[{"id":5757,"href":"http:\/\/igfergon.com.mx\/index.php?rest_route=\/wp\/v2\/posts\/5755\/revisions\/5757"}],"wp:attachment":[{"href":"http:\/\/igfergon.com.mx\/index.php?rest_route=%2Fwp%2Fv2%2Fmedia&parent=5755"}],"wp:term":[{"taxonomy":"category","embeddable":true,"href":"http:\/\/igfergon.com.mx\/index.php?rest_route=%2Fwp%2Fv2%2Fcategories&post=5755"},{"taxonomy":"post_tag","embeddable":true,"href":"http:\/\/igfergon.com.mx\/index.php?rest_route=%2Fwp%2Fv2%2Ftags&post=5755"}],"curies":[{"name":"wp","href":"https:\/\/api.w.org\/{rel}","templated":true}]}}