{"id":5784,"date":"2025-12-03T11:15:53","date_gmt":"2025-12-03T09:15:53","guid":{"rendered":"http:\/\/igfergon.com.mx\/?p=5784"},"modified":"2025-12-03T11:15:57","modified_gmt":"2025-12-03T09:15:57","slug":"miercoles-de-la-i-semana-de-adviento-4","status":"publish","type":"post","link":"http:\/\/igfergon.com.mx\/?p=5784","title":{"rendered":"Mi\u00e9rcoles de la I Semana de Adviento"},"content":{"rendered":"<div class=\"wp-block-image\">\n<figure class=\"aligncenter size-full\"><img loading=\"lazy\" decoding=\"async\" width=\"288\" height=\"175\" src=\"http:\/\/igfergon.com.mx\/wp-content\/uploads\/2025\/12\/Miercoles-1SA.jpg\" alt=\"\" class=\"wp-image-5785\" srcset=\"http:\/\/igfergon.com.mx\/wp-content\/uploads\/2025\/12\/Miercoles-1SA.jpg 288w, http:\/\/igfergon.com.mx\/wp-content\/uploads\/2025\/12\/Miercoles-1SA-200x122.jpg 200w\" sizes=\"auto, (max-width: 288px) 100vw, 288px\" \/><\/figure>\n<\/div>\n\n\n<p><strong>Isa\u00edas 25, 6-l0a.<\/strong><\/p>\n\n\n\n<p>Despu\u00e9s de la confrontaci\u00f3n habida entre las fuerzas del bien y del mal (narrado en el cap\u00edtulo anterior de Isa\u00edas), se nos anuncia la victoria del bien, la victoria de Dios.<\/p>\n\n\n\n<p>Esa victoria es celebrada con un banquete para todos los pueblos. El banquete es s\u00edmbolo de alegr\u00eda y de vida. Por eso se celebra alegremente el triunfo definitivo de la vida; porque Dios ha intervenido trayendo la salvaci\u00f3n y destruyendo todos los signos de llanto y de duelo.<\/p>\n\n\n\n<p>Los alimentos reservados para la divinidad se comparten entre todos los hombres. Desde ese momento, en el que se comparte la cercan\u00eda de Dios, la esperanza se convierte en alegr\u00eda y j\u00fabilo.<\/p>\n\n\n\n<p>En el Reino anunciado por los profetas, a los pobres se les har\u00e1 justicia y los hambrientos ser\u00e1n saciados.<\/p>\n\n\n\n<p><strong>Mt 15,29-37<\/strong><\/p>\n\n\n\n<p>El Evangelio de san Mateo que acabamos de o\u00edr recoge una esperanzadora profec\u00eda de Isa\u00edas donde el Se\u00f1or promete un fest\u00edn de manjares suculentos y arrancar todo aquello que oscurece a las naciones y enjugar las l\u00e1grimas de todos los rostros.&nbsp; Son los sue\u00f1os largamente alimentados por un pueblo que ahora los ha hecho realidades Jes\u00fas, que se compadece de su pueblo, les impone las manos a sus enfermos, ayuda a caminar a los lisiados, da vista a los ciegos y pan a los que tienen hambre.<\/p>\n\n\n\n<p>A orillas del lago de Galilea, Jes\u00fas realiza todos estos prodigios y fortalece la esperanza de su pueblo.&nbsp; Son las se\u00f1ales de que el Mes\u00edas ha llegado, pero no solamente en aquellos tiempos, el camino del Adviento nos lleva tambi\u00e9n a nosotros a ser realidad esta se\u00f1ales de que el Reino ha llegado, pues Jes\u00fas nos anima a sentir la responsabilidad de ofrecer alternativas de vida a quien est\u00e1 sufriendo.<\/p>\n\n\n\n<p>Una mano que levanta, una luz que muestra el camino y un pan compartido son los milagros que pueden despertar esperanza en un pueblo que est\u00e1 adolorido y pierde esa esperanza.<\/p>\n\n\n\n<p>El grito del Adviento \u201cVen, Se\u00f1or y no tardes, ilumina los secretos de las tinieblas y manifi\u00e9state a las naciones\u201d, se hace presente en las se\u00f1ales que el cristiano ofrece a su hermano lastimado.<\/p>\n\n\n\n<p>La oraci\u00f3n y la s\u00faplica por la presencia del Se\u00f1or, se transforman en solidaridad frente a las urgentes llamadas de ayuda de quienes se ha quedado sin pan y sin ilusi\u00f3n.<\/p>\n\n\n\n<p>Adviento es preparar el camino del Se\u00f1or, pero el camino se prepara caminando, enderezando, rellenando, allanando y compartiendo.<\/p>\n\n\n\n<p>Adviento es mirar a Cristo que llega para sostener nuestros sue\u00f1os, pero al mismo tiempo es hacerlo presente en nuestras mesas compartidas y en nuestras respuestas al llamado de quienes sufren a nuestro lado.<\/p>\n\n\n\n<p>Que hoy, con nuestra oraci\u00f3n, con nuestra s\u00faplica, con nuestras obras gritemos fuerte \u201cVen, Se\u00f1or Jes\u00fas\u201d.<\/p>\n\n\n\n<p><\/p>\n","protected":false},"excerpt":{"rendered":"<p>Isa\u00edas 25, 6-l0a. Despu\u00e9s de la confrontaci\u00f3n habida entre las fuerzas del bien y del mal (narrado en el cap\u00edtulo anterior de Isa\u00edas), se nos anuncia la victoria del bien, la victoria de Dios. Esa victoria es celebrada con un banquete para todos los pueblos. El banquete es s\u00edmbolo de alegr\u00eda y de vida. Por &hellip; <\/p>\n<p class=\"link-more\"><a href=\"http:\/\/igfergon.com.mx\/?p=5784\" class=\"more-link\">Continuar leyendo<span class=\"screen-reader-text\"> \u00abMi\u00e9rcoles de la I Semana de Adviento\u00bb<\/span><\/a><\/p>\n","protected":false},"author":1,"featured_media":0,"comment_status":"closed","ping_status":"closed","sticky":false,"template":"","format":"standard","meta":{"footnotes":""},"categories":[13,14,10,1],"tags":[69,8,6,7,210],"class_list":["post-5784","post","type-post","status-publish","format-standard","hentry","category-comentario-al-evangelio","category-homilia","category-homilia-diaria","category-uncategorized","tag-comentario-al-evangelio-2","tag-homilia","tag-homilia-diaria","tag-liturgia","tag-miercoles-de-la-i-semana-de-adviento"],"yoast_head":"<!-- This site is optimized with the Yoast SEO plugin v26.0 - https:\/\/yoast.com\/wordpress\/plugins\/seo\/ -->\n<title>Mi\u00e9rcoles de la I Semana de Adviento - El sitio del P. Ignacio Fern\u00e1ndez Gonz\u00e1lez<\/title>\n<meta name=\"robots\" content=\"index, follow, max-snippet:-1, max-image-preview:large, max-video-preview:-1\" \/>\n<link rel=\"canonical\" href=\"http:\/\/igfergon.com.mx\/?p=5784\" \/>\n<meta property=\"og:locale\" content=\"es_ES\" \/>\n<meta property=\"og:type\" content=\"article\" \/>\n<meta property=\"og:title\" content=\"Mi\u00e9rcoles de la I Semana de Adviento - El sitio del P. Ignacio Fern\u00e1ndez Gonz\u00e1lez\" \/>\n<meta property=\"og:description\" content=\"Isa\u00edas 25, 6-l0a. Despu\u00e9s de la confrontaci\u00f3n habida entre las fuerzas del bien y del mal (narrado en el cap\u00edtulo anterior de Isa\u00edas), se nos anuncia la victoria del bien, la victoria de Dios. Esa victoria es celebrada con un banquete para todos los pueblos. El banquete es s\u00edmbolo de alegr\u00eda y de vida. Por &hellip; Continuar leyendo &quot;Mi\u00e9rcoles de la I Semana de Adviento&quot;\" \/>\n<meta property=\"og:url\" content=\"http:\/\/igfergon.com.mx\/?p=5784\" \/>\n<meta property=\"og:site_name\" content=\"El sitio del P. Ignacio Fern\u00e1ndez Gonz\u00e1lez\" \/>\n<meta property=\"article:publisher\" content=\"https:\/\/www.facebook.com\/\" \/>\n<meta property=\"article:published_time\" content=\"2025-12-03T09:15:53+00:00\" \/>\n<meta property=\"article:modified_time\" content=\"2025-12-03T09:15:57+00:00\" \/>\n<meta property=\"og:image\" content=\"http:\/\/igfergon.com.mx\/wp-content\/uploads\/2025\/12\/Miercoles-1SA.jpg\" \/>\n\t<meta property=\"og:image:width\" content=\"288\" \/>\n\t<meta property=\"og:image:height\" content=\"175\" \/>\n\t<meta property=\"og:image:type\" content=\"image\/jpeg\" \/>\n<meta name=\"author\" content=\"igfergon.com.mx\" \/>\n<meta name=\"twitter:card\" content=\"summary_large_image\" \/>\n<meta name=\"twitter:label1\" content=\"Escrito por\" \/>\n\t<meta name=\"twitter:data1\" content=\"igfergon.com.mx\" \/>\n\t<meta name=\"twitter:label2\" content=\"Tiempo de lectura\" \/>\n\t<meta name=\"twitter:data2\" content=\"3 minutos\" \/>\n<script type=\"application\/ld+json\" class=\"yoast-schema-graph\">{\"@context\":\"https:\/\/schema.org\",\"@graph\":[{\"@type\":\"Article\",\"@id\":\"http:\/\/igfergon.com.mx\/?p=5784#article\",\"isPartOf\":{\"@id\":\"http:\/\/igfergon.com.mx\/?p=5784\"},\"author\":{\"name\":\"igfergon.com.mx\",\"@id\":\"http:\/\/igfergon.com.mx\/#\/schema\/person\/b42517895faefafe2a81218226d90957\"},\"headline\":\"Mi\u00e9rcoles de la I Semana de Adviento\",\"datePublished\":\"2025-12-03T09:15:53+00:00\",\"dateModified\":\"2025-12-03T09:15:57+00:00\",\"mainEntityOfPage\":{\"@id\":\"http:\/\/igfergon.com.mx\/?p=5784\"},\"wordCount\":505,\"publisher\":{\"@id\":\"http:\/\/igfergon.com.mx\/#organization\"},\"image\":{\"@id\":\"http:\/\/igfergon.com.mx\/?p=5784#primaryimage\"},\"thumbnailUrl\":\"http:\/\/igfergon.com.mx\/wp-content\/uploads\/2025\/12\/Miercoles-1SA.jpg\",\"keywords\":[\"comentario al evangelio\",\"Homil\u00eda\",\"homil\u00eda diaria\",\"liturgia\",\"Mi\u00e9rcoles de la I Semana de Adviento\"],\"articleSection\":[\"comentario al evangelio\",\"homil\u00eda\",\"homil\u00eda diaria\",\"liturgia\"],\"inLanguage\":\"es\"},{\"@type\":\"WebPage\",\"@id\":\"http:\/\/igfergon.com.mx\/?p=5784\",\"url\":\"http:\/\/igfergon.com.mx\/?p=5784\",\"name\":\"Mi\u00e9rcoles de la I Semana de Adviento - El sitio del P. Ignacio Fern\u00e1ndez Gonz\u00e1lez\",\"isPartOf\":{\"@id\":\"http:\/\/igfergon.com.mx\/#website\"},\"primaryImageOfPage\":{\"@id\":\"http:\/\/igfergon.com.mx\/?p=5784#primaryimage\"},\"image\":{\"@id\":\"http:\/\/igfergon.com.mx\/?p=5784#primaryimage\"},\"thumbnailUrl\":\"http:\/\/igfergon.com.mx\/wp-content\/uploads\/2025\/12\/Miercoles-1SA.jpg\",\"datePublished\":\"2025-12-03T09:15:53+00:00\",\"dateModified\":\"2025-12-03T09:15:57+00:00\",\"breadcrumb\":{\"@id\":\"http:\/\/igfergon.com.mx\/?p=5784#breadcrumb\"},\"inLanguage\":\"es\",\"potentialAction\":[{\"@type\":\"ReadAction\",\"target\":[\"http:\/\/igfergon.com.mx\/?p=5784\"]}]},{\"@type\":\"ImageObject\",\"inLanguage\":\"es\",\"@id\":\"http:\/\/igfergon.com.mx\/?p=5784#primaryimage\",\"url\":\"http:\/\/igfergon.com.mx\/wp-content\/uploads\/2025\/12\/Miercoles-1SA.jpg\",\"contentUrl\":\"http:\/\/igfergon.com.mx\/wp-content\/uploads\/2025\/12\/Miercoles-1SA.jpg\",\"width\":288,\"height\":175},{\"@type\":\"BreadcrumbList\",\"@id\":\"http:\/\/igfergon.com.mx\/?p=5784#breadcrumb\",\"itemListElement\":[{\"@type\":\"ListItem\",\"position\":1,\"name\":\"Portada\",\"item\":\"http:\/\/igfergon.com.mx\/\"},{\"@type\":\"ListItem\",\"position\":2,\"name\":\"Mi\u00e9rcoles de la I Semana de Adviento\"}]},{\"@type\":\"WebSite\",\"@id\":\"http:\/\/igfergon.com.mx\/#website\",\"url\":\"http:\/\/igfergon.com.mx\/\",\"name\":\"El sitio del P. Ignacio Fern\u00e1ndez Gonz\u00e1lez\",\"description\":\"Para Ayudarte\",\"publisher\":{\"@id\":\"http:\/\/igfergon.com.mx\/#organization\"},\"potentialAction\":[{\"@type\":\"SearchAction\",\"target\":{\"@type\":\"EntryPoint\",\"urlTemplate\":\"http:\/\/igfergon.com.mx\/?s={search_term_string}\"},\"query-input\":{\"@type\":\"PropertyValueSpecification\",\"valueRequired\":true,\"valueName\":\"search_term_string\"}}],\"inLanguage\":\"es\"},{\"@type\":\"Organization\",\"@id\":\"http:\/\/igfergon.com.mx\/#organization\",\"name\":\"El sitio del P. Ignacio Fern\u00e1ndez Gonz\u00e1lez\",\"url\":\"http:\/\/igfergon.com.mx\/\",\"logo\":{\"@type\":\"ImageObject\",\"inLanguage\":\"es\",\"@id\":\"http:\/\/igfergon.com.mx\/#\/schema\/logo\/image\/\",\"url\":\"http:\/\/igfergon.com.mx\/wp-content\/uploads\/2018\/09\/cropped-ORDNACION02-2.jpg\",\"contentUrl\":\"http:\/\/igfergon.com.mx\/wp-content\/uploads\/2018\/09\/cropped-ORDNACION02-2.jpg\",\"width\":250,\"height\":250,\"caption\":\"El sitio del P. Ignacio Fern\u00e1ndez Gonz\u00e1lez\"},\"image\":{\"@id\":\"http:\/\/igfergon.com.mx\/#\/schema\/logo\/image\/\"},\"sameAs\":[\"https:\/\/www.facebook.com\/\"]},{\"@type\":\"Person\",\"@id\":\"http:\/\/igfergon.com.mx\/#\/schema\/person\/b42517895faefafe2a81218226d90957\",\"name\":\"igfergon.com.mx\",\"image\":{\"@type\":\"ImageObject\",\"inLanguage\":\"es\",\"@id\":\"http:\/\/igfergon.com.mx\/#\/schema\/person\/image\/\",\"url\":\"https:\/\/secure.gravatar.com\/avatar\/9fd60c5591f2c6b18e76a917a69f35b0732f8532b3679d0132b3503b545db7a6?s=96&d=mm&r=g\",\"contentUrl\":\"https:\/\/secure.gravatar.com\/avatar\/9fd60c5591f2c6b18e76a917a69f35b0732f8532b3679d0132b3503b545db7a6?s=96&d=mm&r=g\",\"caption\":\"igfergon.com.mx\"},\"url\":\"http:\/\/igfergon.com.mx\/?author=1\"}]}<\/script>\n<!-- \/ Yoast SEO plugin. -->","yoast_head_json":{"title":"Mi\u00e9rcoles de la I Semana de Adviento - El sitio del P. Ignacio Fern\u00e1ndez Gonz\u00e1lez","robots":{"index":"index","follow":"follow","max-snippet":"max-snippet:-1","max-image-preview":"max-image-preview:large","max-video-preview":"max-video-preview:-1"},"canonical":"http:\/\/igfergon.com.mx\/?p=5784","og_locale":"es_ES","og_type":"article","og_title":"Mi\u00e9rcoles de la I Semana de Adviento - El sitio del P. Ignacio Fern\u00e1ndez Gonz\u00e1lez","og_description":"Isa\u00edas 25, 6-l0a. Despu\u00e9s de la confrontaci\u00f3n habida entre las fuerzas del bien y del mal (narrado en el cap\u00edtulo anterior de Isa\u00edas), se nos anuncia la victoria del bien, la victoria de Dios. Esa victoria es celebrada con un banquete para todos los pueblos. El banquete es s\u00edmbolo de alegr\u00eda y de vida. Por &hellip; Continuar leyendo \"Mi\u00e9rcoles de la I Semana de Adviento\"","og_url":"http:\/\/igfergon.com.mx\/?p=5784","og_site_name":"El sitio del P. Ignacio Fern\u00e1ndez Gonz\u00e1lez","article_publisher":"https:\/\/www.facebook.com\/","article_published_time":"2025-12-03T09:15:53+00:00","article_modified_time":"2025-12-03T09:15:57+00:00","og_image":[{"width":288,"height":175,"url":"http:\/\/igfergon.com.mx\/wp-content\/uploads\/2025\/12\/Miercoles-1SA.jpg","type":"image\/jpeg"}],"author":"igfergon.com.mx","twitter_card":"summary_large_image","twitter_misc":{"Escrito por":"igfergon.com.mx","Tiempo de lectura":"3 minutos"},"schema":{"@context":"https:\/\/schema.org","@graph":[{"@type":"Article","@id":"http:\/\/igfergon.com.mx\/?p=5784#article","isPartOf":{"@id":"http:\/\/igfergon.com.mx\/?p=5784"},"author":{"name":"igfergon.com.mx","@id":"http:\/\/igfergon.com.mx\/#\/schema\/person\/b42517895faefafe2a81218226d90957"},"headline":"Mi\u00e9rcoles de la I Semana de Adviento","datePublished":"2025-12-03T09:15:53+00:00","dateModified":"2025-12-03T09:15:57+00:00","mainEntityOfPage":{"@id":"http:\/\/igfergon.com.mx\/?p=5784"},"wordCount":505,"publisher":{"@id":"http:\/\/igfergon.com.mx\/#organization"},"image":{"@id":"http:\/\/igfergon.com.mx\/?p=5784#primaryimage"},"thumbnailUrl":"http:\/\/igfergon.com.mx\/wp-content\/uploads\/2025\/12\/Miercoles-1SA.jpg","keywords":["comentario al evangelio","Homil\u00eda","homil\u00eda diaria","liturgia","Mi\u00e9rcoles de la I Semana de Adviento"],"articleSection":["comentario al evangelio","homil\u00eda","homil\u00eda diaria","liturgia"],"inLanguage":"es"},{"@type":"WebPage","@id":"http:\/\/igfergon.com.mx\/?p=5784","url":"http:\/\/igfergon.com.mx\/?p=5784","name":"Mi\u00e9rcoles de la I Semana de Adviento - El sitio del P. Ignacio Fern\u00e1ndez Gonz\u00e1lez","isPartOf":{"@id":"http:\/\/igfergon.com.mx\/#website"},"primaryImageOfPage":{"@id":"http:\/\/igfergon.com.mx\/?p=5784#primaryimage"},"image":{"@id":"http:\/\/igfergon.com.mx\/?p=5784#primaryimage"},"thumbnailUrl":"http:\/\/igfergon.com.mx\/wp-content\/uploads\/2025\/12\/Miercoles-1SA.jpg","datePublished":"2025-12-03T09:15:53+00:00","dateModified":"2025-12-03T09:15:57+00:00","breadcrumb":{"@id":"http:\/\/igfergon.com.mx\/?p=5784#breadcrumb"},"inLanguage":"es","potentialAction":[{"@type":"ReadAction","target":["http:\/\/igfergon.com.mx\/?p=5784"]}]},{"@type":"ImageObject","inLanguage":"es","@id":"http:\/\/igfergon.com.mx\/?p=5784#primaryimage","url":"http:\/\/igfergon.com.mx\/wp-content\/uploads\/2025\/12\/Miercoles-1SA.jpg","contentUrl":"http:\/\/igfergon.com.mx\/wp-content\/uploads\/2025\/12\/Miercoles-1SA.jpg","width":288,"height":175},{"@type":"BreadcrumbList","@id":"http:\/\/igfergon.com.mx\/?p=5784#breadcrumb","itemListElement":[{"@type":"ListItem","position":1,"name":"Portada","item":"http:\/\/igfergon.com.mx\/"},{"@type":"ListItem","position":2,"name":"Mi\u00e9rcoles de la I Semana de Adviento"}]},{"@type":"WebSite","@id":"http:\/\/igfergon.com.mx\/#website","url":"http:\/\/igfergon.com.mx\/","name":"El sitio del P. Ignacio Fern\u00e1ndez Gonz\u00e1lez","description":"Para Ayudarte","publisher":{"@id":"http:\/\/igfergon.com.mx\/#organization"},"potentialAction":[{"@type":"SearchAction","target":{"@type":"EntryPoint","urlTemplate":"http:\/\/igfergon.com.mx\/?s={search_term_string}"},"query-input":{"@type":"PropertyValueSpecification","valueRequired":true,"valueName":"search_term_string"}}],"inLanguage":"es"},{"@type":"Organization","@id":"http:\/\/igfergon.com.mx\/#organization","name":"El sitio del P. Ignacio Fern\u00e1ndez Gonz\u00e1lez","url":"http:\/\/igfergon.com.mx\/","logo":{"@type":"ImageObject","inLanguage":"es","@id":"http:\/\/igfergon.com.mx\/#\/schema\/logo\/image\/","url":"http:\/\/igfergon.com.mx\/wp-content\/uploads\/2018\/09\/cropped-ORDNACION02-2.jpg","contentUrl":"http:\/\/igfergon.com.mx\/wp-content\/uploads\/2018\/09\/cropped-ORDNACION02-2.jpg","width":250,"height":250,"caption":"El sitio del P. Ignacio Fern\u00e1ndez Gonz\u00e1lez"},"image":{"@id":"http:\/\/igfergon.com.mx\/#\/schema\/logo\/image\/"},"sameAs":["https:\/\/www.facebook.com\/"]},{"@type":"Person","@id":"http:\/\/igfergon.com.mx\/#\/schema\/person\/b42517895faefafe2a81218226d90957","name":"igfergon.com.mx","image":{"@type":"ImageObject","inLanguage":"es","@id":"http:\/\/igfergon.com.mx\/#\/schema\/person\/image\/","url":"https:\/\/secure.gravatar.com\/avatar\/9fd60c5591f2c6b18e76a917a69f35b0732f8532b3679d0132b3503b545db7a6?s=96&d=mm&r=g","contentUrl":"https:\/\/secure.gravatar.com\/avatar\/9fd60c5591f2c6b18e76a917a69f35b0732f8532b3679d0132b3503b545db7a6?s=96&d=mm&r=g","caption":"igfergon.com.mx"},"url":"http:\/\/igfergon.com.mx\/?author=1"}]}},"_links":{"self":[{"href":"http:\/\/igfergon.com.mx\/index.php?rest_route=\/wp\/v2\/posts\/5784","targetHints":{"allow":["GET"]}}],"collection":[{"href":"http:\/\/igfergon.com.mx\/index.php?rest_route=\/wp\/v2\/posts"}],"about":[{"href":"http:\/\/igfergon.com.mx\/index.php?rest_route=\/wp\/v2\/types\/post"}],"author":[{"embeddable":true,"href":"http:\/\/igfergon.com.mx\/index.php?rest_route=\/wp\/v2\/users\/1"}],"replies":[{"embeddable":true,"href":"http:\/\/igfergon.com.mx\/index.php?rest_route=%2Fwp%2Fv2%2Fcomments&post=5784"}],"version-history":[{"count":1,"href":"http:\/\/igfergon.com.mx\/index.php?rest_route=\/wp\/v2\/posts\/5784\/revisions"}],"predecessor-version":[{"id":5786,"href":"http:\/\/igfergon.com.mx\/index.php?rest_route=\/wp\/v2\/posts\/5784\/revisions\/5786"}],"wp:attachment":[{"href":"http:\/\/igfergon.com.mx\/index.php?rest_route=%2Fwp%2Fv2%2Fmedia&parent=5784"}],"wp:term":[{"taxonomy":"category","embeddable":true,"href":"http:\/\/igfergon.com.mx\/index.php?rest_route=%2Fwp%2Fv2%2Fcategories&post=5784"},{"taxonomy":"post_tag","embeddable":true,"href":"http:\/\/igfergon.com.mx\/index.php?rest_route=%2Fwp%2Fv2%2Ftags&post=5784"}],"curies":[{"name":"wp","href":"https:\/\/api.w.org\/{rel}","templated":true}]}}