{"id":5790,"date":"2025-12-04T10:24:50","date_gmt":"2025-12-04T08:24:50","guid":{"rendered":"http:\/\/igfergon.com.mx\/?p=5790"},"modified":"2025-12-04T10:24:53","modified_gmt":"2025-12-04T08:24:53","slug":"jueves-de-la-i-semana-de-adviento-5","status":"publish","type":"post","link":"http:\/\/igfergon.com.mx\/?p=5790","title":{"rendered":"Jueves de la I Semana de Adviento"},"content":{"rendered":"<div class=\"wp-block-image\">\n<figure class=\"aligncenter size-full\"><img loading=\"lazy\" decoding=\"async\" width=\"318\" height=\"159\" src=\"http:\/\/igfergon.com.mx\/wp-content\/uploads\/2025\/12\/Jueves-1SA.jpg\" alt=\"\" class=\"wp-image-5791\" srcset=\"http:\/\/igfergon.com.mx\/wp-content\/uploads\/2025\/12\/Jueves-1SA.jpg 318w, http:\/\/igfergon.com.mx\/wp-content\/uploads\/2025\/12\/Jueves-1SA-300x150.jpg 300w, http:\/\/igfergon.com.mx\/wp-content\/uploads\/2025\/12\/Jueves-1SA-200x100.jpg 200w\" sizes=\"auto, (max-width: 318px) 100vw, 318px\" \/><\/figure>\n<\/div>\n\n\n<p><strong>Isa\u00edas 26, 1-6.<\/strong><\/p>\n\n\n\n<p>El profeta est\u00e1 viendo la \u00abliberaci\u00f3n\u00bb del pueblo y vislumbra la vida dichosa que se realizar\u00e1 en la ciudad santa porque \u00abDios est\u00e1 con ellos\u00bb. Ser\u00e1 un pueblo justo que conservar\u00e1 la paz porque vivir\u00e1 en lealtad con Dios.<\/p>\n\n\n\n<p>El profeta Isa\u00edas ofrece un himno de acci\u00f3n de gracias a Dios porque ha invertido la situaci\u00f3n del pueblo: ha derribado la ciudad encumbrada y soberbia y ha exaltado a los pobres y humildes. El Se\u00f1or ha favorecido a los que confiaban en \u00c9l, de ah\u00ed su firmeza y su fuerza.<\/p>\n\n\n\n<p>En la lucha entre los que se oponen al establecimiento del reino mesi\u00e1nico (\u00abciudad soberbia\u00bb) y los pobres que lo esperan y lo anhelan vencer\u00e1n \u00e9stos, el pueblo justo, porque Dios les env\u00eda al salvador. As\u00ed, los pies de los pobres se sobrepondr\u00e1n a los opresores.<\/p>\n\n\n\n<p>Las promesas del Se\u00f1or se cumplir\u00e1n: los enemigos ser\u00e1n derrotados y reinar\u00e1 una paz perfecta por la fidelidad de los humildes.<\/p>\n\n\n\n<p>La ciudad pagana, que ha confiado en \u00absus murallas\u00bb, yace ahora en mont\u00f3n de ruinas.<\/p>\n\n\n\n<p>La ciudad de Dios se levantar\u00e1 fuerte e invencible, protegiendo a los que viven dentro de su lealtad a Dios y su esperanza en el \u00abungido\u00bb del Se\u00f1or. No necesita murallas.<\/p>\n\n\n\n<h4 class=\"wp-block-heading\">Mt 7,21.24-27<\/h4>\n\n\n\n<p>Cuando escucho estas palabras de Jes\u00fas, vienen a mi mente las im\u00e1genes de personas que parec\u00edan llenas de \u00e9xito cuando la vida les sonre\u00eda, sin embargo, en un momento de su vida aparecieron los problemas, las enfermedades y los fracasos comerciales, y todo se derrumb\u00f3.&nbsp; Aquello que parec\u00eda tan s\u00f3lido qued\u00f3 hecho polvo.&nbsp; Las seguridades que pretend\u00edan tener eran aparentes y su \u00e9xito solo radicaba en cosas materiales.<\/p>\n\n\n\n<p>Jes\u00fas en este d\u00eda nos presenta opciones muy diversas y propuestas de \u00e9xito muy diferentes.&nbsp; El \u00e9xito o el fracaso se encontrar\u00e1n en la medida que escuchemos sus palabras, las dejemos penetrar en nuestro coraz\u00f3n y las llevemos a la pr\u00e1ctica.&nbsp; Y atenci\u00f3n, no se trata de que hagamos bellas predicaciones, ni siquiera que entonemos bellas oraciones, Cristo basa la verdadera felicidad y el verdadero \u00e9xito en la pr\u00e1ctica de su Palabra.<\/p>\n\n\n\n<p>Ya Isa\u00edas, en la primera lectura, hacia una comparaci\u00f3n entre la ciudad fuerte, bien cimentada que conf\u00eda en el Se\u00f1or, que busca la justicia y la otra ciudad que se eleva orgullosa y altiva que la reduce al polvo para que la pisen los pies de los humildes.<\/p>\n\n\n\n<p>Es tiempo de Adviento y es tiempo de revisi\u00f3n y de conversi\u00f3n; es tiempo de reconocer en d\u00f3nde est\u00e1n nuestros cimientos.&nbsp; \u00bfNo es cierto que muchas de nuestras tristezas y desenga\u00f1os van de la mano con ambiciones terrenas y ego\u00edstas? \u00bfNo es cierto que nos preocupamos m\u00e1s del qu\u00e9 dir\u00e1n que de lo que hay en nuestro interior?<\/p>\n\n\n\n<p>En el tiempo del Adviento busquemos espacios para escuchar la Palabra de Dios en el silencio y el recogimiento.&nbsp; Demos tiempo y espacio a Dios y escuchemos lo que quiere de nosotros y despu\u00e9s enderecemos nuestros caminos, hagamos rectas nuestras sendas y esperemos la llegada de Jes\u00fas.<\/p>\n\n\n\n<p>Este tiempo se presta tanto para el silencio y la reflexi\u00f3n, como para las superficialidades y el derroche.&nbsp; Es triste que Navidad pase como un tiempo de fiestas y comidas de empresas, y que no demos tiempo ni espacio para acoger a la Palabra que se ha hecho carne.<\/p>\n\n\n\n<p>Dios ha pronunciado su Palabra con tanto amor que se hace tierno Ni\u00f1o acurrucado entre pa\u00f1ales.&nbsp; Pero para que esta Palabra anide en nuestro coraz\u00f3n necesitamos abrirnos a ella, acogerla y hacerla vida concreta, tangible y real.&nbsp;<\/p>\n\n\n\n<p>El hombre, la sociedad, la civilizaci\u00f3n, que se funda en la Palabra de Jes\u00fas no perecer\u00e1 nunca porque est\u00e1 basada en valores firmes e imperecederos.&nbsp; Jes\u00fas es la roca perpetua, como dice Isa\u00edas. Y por la fe en Cristo-Jes\u00fas nos hacemos firmes e invencibles, a pesar de los vientos contrarios que soplen sobre nuestras vidas.<\/p>\n\n\n\n<p>Para ello es preciso acoger la Palabra de Jes\u00fas con fe y practicarla con decisi\u00f3n y alegr\u00eda. Preparemos as\u00ed nuestra Navidad.<\/p>\n\n\n\n<p><\/p>\n","protected":false},"excerpt":{"rendered":"<p>Isa\u00edas 26, 1-6. El profeta est\u00e1 viendo la \u00abliberaci\u00f3n\u00bb del pueblo y vislumbra la vida dichosa que se realizar\u00e1 en la ciudad santa porque \u00abDios est\u00e1 con ellos\u00bb. Ser\u00e1 un pueblo justo que conservar\u00e1 la paz porque vivir\u00e1 en lealtad con Dios. El profeta Isa\u00edas ofrece un himno de acci\u00f3n de gracias a Dios porque &hellip; <\/p>\n<p class=\"link-more\"><a href=\"http:\/\/igfergon.com.mx\/?p=5790\" class=\"more-link\">Continuar leyendo<span class=\"screen-reader-text\"> \u00abJueves de la I Semana de Adviento\u00bb<\/span><\/a><\/p>\n","protected":false},"author":1,"featured_media":0,"comment_status":"closed","ping_status":"closed","sticky":false,"template":"","format":"standard","meta":{"footnotes":""},"categories":[13,14,10,1],"tags":[69,8,6,211,7],"class_list":["post-5790","post","type-post","status-publish","format-standard","hentry","category-comentario-al-evangelio","category-homilia","category-homilia-diaria","category-uncategorized","tag-comentario-al-evangelio-2","tag-homilia","tag-homilia-diaria","tag-jueves-de-la-i-semana-de-adviento","tag-liturgia"],"yoast_head":"<!-- This site is optimized with the Yoast SEO plugin v26.0 - https:\/\/yoast.com\/wordpress\/plugins\/seo\/ -->\n<title>Jueves de la I Semana de Adviento - El sitio del P. Ignacio Fern\u00e1ndez Gonz\u00e1lez<\/title>\n<meta name=\"robots\" content=\"index, follow, max-snippet:-1, max-image-preview:large, max-video-preview:-1\" \/>\n<link rel=\"canonical\" href=\"http:\/\/igfergon.com.mx\/?p=5790\" \/>\n<meta property=\"og:locale\" content=\"es_ES\" \/>\n<meta property=\"og:type\" content=\"article\" \/>\n<meta property=\"og:title\" content=\"Jueves de la I Semana de Adviento - El sitio del P. Ignacio Fern\u00e1ndez Gonz\u00e1lez\" \/>\n<meta property=\"og:description\" content=\"Isa\u00edas 26, 1-6. El profeta est\u00e1 viendo la \u00abliberaci\u00f3n\u00bb del pueblo y vislumbra la vida dichosa que se realizar\u00e1 en la ciudad santa porque \u00abDios est\u00e1 con ellos\u00bb. Ser\u00e1 un pueblo justo que conservar\u00e1 la paz porque vivir\u00e1 en lealtad con Dios. El profeta Isa\u00edas ofrece un himno de acci\u00f3n de gracias a Dios porque &hellip; Continuar leyendo &quot;Jueves de la I Semana de Adviento&quot;\" \/>\n<meta property=\"og:url\" content=\"http:\/\/igfergon.com.mx\/?p=5790\" \/>\n<meta property=\"og:site_name\" content=\"El sitio del P. Ignacio Fern\u00e1ndez Gonz\u00e1lez\" \/>\n<meta property=\"article:publisher\" content=\"https:\/\/www.facebook.com\/\" \/>\n<meta property=\"article:published_time\" content=\"2025-12-04T08:24:50+00:00\" \/>\n<meta property=\"article:modified_time\" content=\"2025-12-04T08:24:53+00:00\" \/>\n<meta property=\"og:image\" content=\"http:\/\/igfergon.com.mx\/wp-content\/uploads\/2025\/12\/Jueves-1SA.jpg\" \/>\n\t<meta property=\"og:image:width\" content=\"318\" \/>\n\t<meta property=\"og:image:height\" content=\"159\" \/>\n\t<meta property=\"og:image:type\" content=\"image\/jpeg\" \/>\n<meta name=\"author\" content=\"igfergon.com.mx\" \/>\n<meta name=\"twitter:card\" content=\"summary_large_image\" \/>\n<meta name=\"twitter:label1\" content=\"Escrito por\" \/>\n\t<meta name=\"twitter:data1\" content=\"igfergon.com.mx\" \/>\n\t<meta name=\"twitter:label2\" content=\"Tiempo de lectura\" \/>\n\t<meta name=\"twitter:data2\" content=\"4 minutos\" \/>\n<script type=\"application\/ld+json\" class=\"yoast-schema-graph\">{\"@context\":\"https:\/\/schema.org\",\"@graph\":[{\"@type\":\"Article\",\"@id\":\"http:\/\/igfergon.com.mx\/?p=5790#article\",\"isPartOf\":{\"@id\":\"http:\/\/igfergon.com.mx\/?p=5790\"},\"author\":{\"name\":\"igfergon.com.mx\",\"@id\":\"http:\/\/igfergon.com.mx\/#\/schema\/person\/b42517895faefafe2a81218226d90957\"},\"headline\":\"Jueves de la I Semana de Adviento\",\"datePublished\":\"2025-12-04T08:24:50+00:00\",\"dateModified\":\"2025-12-04T08:24:53+00:00\",\"mainEntityOfPage\":{\"@id\":\"http:\/\/igfergon.com.mx\/?p=5790\"},\"wordCount\":734,\"publisher\":{\"@id\":\"http:\/\/igfergon.com.mx\/#organization\"},\"image\":{\"@id\":\"http:\/\/igfergon.com.mx\/?p=5790#primaryimage\"},\"thumbnailUrl\":\"http:\/\/igfergon.com.mx\/wp-content\/uploads\/2025\/12\/Jueves-1SA.jpg\",\"keywords\":[\"comentario al evangelio\",\"Homil\u00eda\",\"homil\u00eda diaria\",\"Jueves de la I Semana de Adviento\",\"liturgia\"],\"articleSection\":[\"comentario al evangelio\",\"homil\u00eda\",\"homil\u00eda diaria\",\"liturgia\"],\"inLanguage\":\"es\"},{\"@type\":\"WebPage\",\"@id\":\"http:\/\/igfergon.com.mx\/?p=5790\",\"url\":\"http:\/\/igfergon.com.mx\/?p=5790\",\"name\":\"Jueves de la I Semana de Adviento - El sitio del P. Ignacio Fern\u00e1ndez Gonz\u00e1lez\",\"isPartOf\":{\"@id\":\"http:\/\/igfergon.com.mx\/#website\"},\"primaryImageOfPage\":{\"@id\":\"http:\/\/igfergon.com.mx\/?p=5790#primaryimage\"},\"image\":{\"@id\":\"http:\/\/igfergon.com.mx\/?p=5790#primaryimage\"},\"thumbnailUrl\":\"http:\/\/igfergon.com.mx\/wp-content\/uploads\/2025\/12\/Jueves-1SA.jpg\",\"datePublished\":\"2025-12-04T08:24:50+00:00\",\"dateModified\":\"2025-12-04T08:24:53+00:00\",\"breadcrumb\":{\"@id\":\"http:\/\/igfergon.com.mx\/?p=5790#breadcrumb\"},\"inLanguage\":\"es\",\"potentialAction\":[{\"@type\":\"ReadAction\",\"target\":[\"http:\/\/igfergon.com.mx\/?p=5790\"]}]},{\"@type\":\"ImageObject\",\"inLanguage\":\"es\",\"@id\":\"http:\/\/igfergon.com.mx\/?p=5790#primaryimage\",\"url\":\"http:\/\/igfergon.com.mx\/wp-content\/uploads\/2025\/12\/Jueves-1SA.jpg\",\"contentUrl\":\"http:\/\/igfergon.com.mx\/wp-content\/uploads\/2025\/12\/Jueves-1SA.jpg\",\"width\":318,\"height\":159},{\"@type\":\"BreadcrumbList\",\"@id\":\"http:\/\/igfergon.com.mx\/?p=5790#breadcrumb\",\"itemListElement\":[{\"@type\":\"ListItem\",\"position\":1,\"name\":\"Portada\",\"item\":\"http:\/\/igfergon.com.mx\/\"},{\"@type\":\"ListItem\",\"position\":2,\"name\":\"Jueves de la I Semana de Adviento\"}]},{\"@type\":\"WebSite\",\"@id\":\"http:\/\/igfergon.com.mx\/#website\",\"url\":\"http:\/\/igfergon.com.mx\/\",\"name\":\"El sitio del P. Ignacio Fern\u00e1ndez Gonz\u00e1lez\",\"description\":\"Para Ayudarte\",\"publisher\":{\"@id\":\"http:\/\/igfergon.com.mx\/#organization\"},\"potentialAction\":[{\"@type\":\"SearchAction\",\"target\":{\"@type\":\"EntryPoint\",\"urlTemplate\":\"http:\/\/igfergon.com.mx\/?s={search_term_string}\"},\"query-input\":{\"@type\":\"PropertyValueSpecification\",\"valueRequired\":true,\"valueName\":\"search_term_string\"}}],\"inLanguage\":\"es\"},{\"@type\":\"Organization\",\"@id\":\"http:\/\/igfergon.com.mx\/#organization\",\"name\":\"El sitio del P. Ignacio Fern\u00e1ndez Gonz\u00e1lez\",\"url\":\"http:\/\/igfergon.com.mx\/\",\"logo\":{\"@type\":\"ImageObject\",\"inLanguage\":\"es\",\"@id\":\"http:\/\/igfergon.com.mx\/#\/schema\/logo\/image\/\",\"url\":\"http:\/\/igfergon.com.mx\/wp-content\/uploads\/2018\/09\/cropped-ORDNACION02-2.jpg\",\"contentUrl\":\"http:\/\/igfergon.com.mx\/wp-content\/uploads\/2018\/09\/cropped-ORDNACION02-2.jpg\",\"width\":250,\"height\":250,\"caption\":\"El sitio del P. Ignacio Fern\u00e1ndez Gonz\u00e1lez\"},\"image\":{\"@id\":\"http:\/\/igfergon.com.mx\/#\/schema\/logo\/image\/\"},\"sameAs\":[\"https:\/\/www.facebook.com\/\"]},{\"@type\":\"Person\",\"@id\":\"http:\/\/igfergon.com.mx\/#\/schema\/person\/b42517895faefafe2a81218226d90957\",\"name\":\"igfergon.com.mx\",\"image\":{\"@type\":\"ImageObject\",\"inLanguage\":\"es\",\"@id\":\"http:\/\/igfergon.com.mx\/#\/schema\/person\/image\/\",\"url\":\"https:\/\/secure.gravatar.com\/avatar\/9fd60c5591f2c6b18e76a917a69f35b0732f8532b3679d0132b3503b545db7a6?s=96&d=mm&r=g\",\"contentUrl\":\"https:\/\/secure.gravatar.com\/avatar\/9fd60c5591f2c6b18e76a917a69f35b0732f8532b3679d0132b3503b545db7a6?s=96&d=mm&r=g\",\"caption\":\"igfergon.com.mx\"},\"url\":\"http:\/\/igfergon.com.mx\/?author=1\"}]}<\/script>\n<!-- \/ Yoast SEO plugin. -->","yoast_head_json":{"title":"Jueves de la I Semana de Adviento - El sitio del P. Ignacio Fern\u00e1ndez Gonz\u00e1lez","robots":{"index":"index","follow":"follow","max-snippet":"max-snippet:-1","max-image-preview":"max-image-preview:large","max-video-preview":"max-video-preview:-1"},"canonical":"http:\/\/igfergon.com.mx\/?p=5790","og_locale":"es_ES","og_type":"article","og_title":"Jueves de la I Semana de Adviento - El sitio del P. Ignacio Fern\u00e1ndez Gonz\u00e1lez","og_description":"Isa\u00edas 26, 1-6. El profeta est\u00e1 viendo la \u00abliberaci\u00f3n\u00bb del pueblo y vislumbra la vida dichosa que se realizar\u00e1 en la ciudad santa porque \u00abDios est\u00e1 con ellos\u00bb. Ser\u00e1 un pueblo justo que conservar\u00e1 la paz porque vivir\u00e1 en lealtad con Dios. El profeta Isa\u00edas ofrece un himno de acci\u00f3n de gracias a Dios porque &hellip; Continuar leyendo \"Jueves de la I Semana de Adviento\"","og_url":"http:\/\/igfergon.com.mx\/?p=5790","og_site_name":"El sitio del P. Ignacio Fern\u00e1ndez Gonz\u00e1lez","article_publisher":"https:\/\/www.facebook.com\/","article_published_time":"2025-12-04T08:24:50+00:00","article_modified_time":"2025-12-04T08:24:53+00:00","og_image":[{"width":318,"height":159,"url":"http:\/\/igfergon.com.mx\/wp-content\/uploads\/2025\/12\/Jueves-1SA.jpg","type":"image\/jpeg"}],"author":"igfergon.com.mx","twitter_card":"summary_large_image","twitter_misc":{"Escrito por":"igfergon.com.mx","Tiempo de lectura":"4 minutos"},"schema":{"@context":"https:\/\/schema.org","@graph":[{"@type":"Article","@id":"http:\/\/igfergon.com.mx\/?p=5790#article","isPartOf":{"@id":"http:\/\/igfergon.com.mx\/?p=5790"},"author":{"name":"igfergon.com.mx","@id":"http:\/\/igfergon.com.mx\/#\/schema\/person\/b42517895faefafe2a81218226d90957"},"headline":"Jueves de la I Semana de Adviento","datePublished":"2025-12-04T08:24:50+00:00","dateModified":"2025-12-04T08:24:53+00:00","mainEntityOfPage":{"@id":"http:\/\/igfergon.com.mx\/?p=5790"},"wordCount":734,"publisher":{"@id":"http:\/\/igfergon.com.mx\/#organization"},"image":{"@id":"http:\/\/igfergon.com.mx\/?p=5790#primaryimage"},"thumbnailUrl":"http:\/\/igfergon.com.mx\/wp-content\/uploads\/2025\/12\/Jueves-1SA.jpg","keywords":["comentario al evangelio","Homil\u00eda","homil\u00eda diaria","Jueves de la I Semana de Adviento","liturgia"],"articleSection":["comentario al evangelio","homil\u00eda","homil\u00eda diaria","liturgia"],"inLanguage":"es"},{"@type":"WebPage","@id":"http:\/\/igfergon.com.mx\/?p=5790","url":"http:\/\/igfergon.com.mx\/?p=5790","name":"Jueves de la I Semana de Adviento - El sitio del P. Ignacio Fern\u00e1ndez Gonz\u00e1lez","isPartOf":{"@id":"http:\/\/igfergon.com.mx\/#website"},"primaryImageOfPage":{"@id":"http:\/\/igfergon.com.mx\/?p=5790#primaryimage"},"image":{"@id":"http:\/\/igfergon.com.mx\/?p=5790#primaryimage"},"thumbnailUrl":"http:\/\/igfergon.com.mx\/wp-content\/uploads\/2025\/12\/Jueves-1SA.jpg","datePublished":"2025-12-04T08:24:50+00:00","dateModified":"2025-12-04T08:24:53+00:00","breadcrumb":{"@id":"http:\/\/igfergon.com.mx\/?p=5790#breadcrumb"},"inLanguage":"es","potentialAction":[{"@type":"ReadAction","target":["http:\/\/igfergon.com.mx\/?p=5790"]}]},{"@type":"ImageObject","inLanguage":"es","@id":"http:\/\/igfergon.com.mx\/?p=5790#primaryimage","url":"http:\/\/igfergon.com.mx\/wp-content\/uploads\/2025\/12\/Jueves-1SA.jpg","contentUrl":"http:\/\/igfergon.com.mx\/wp-content\/uploads\/2025\/12\/Jueves-1SA.jpg","width":318,"height":159},{"@type":"BreadcrumbList","@id":"http:\/\/igfergon.com.mx\/?p=5790#breadcrumb","itemListElement":[{"@type":"ListItem","position":1,"name":"Portada","item":"http:\/\/igfergon.com.mx\/"},{"@type":"ListItem","position":2,"name":"Jueves de la I Semana de Adviento"}]},{"@type":"WebSite","@id":"http:\/\/igfergon.com.mx\/#website","url":"http:\/\/igfergon.com.mx\/","name":"El sitio del P. Ignacio Fern\u00e1ndez Gonz\u00e1lez","description":"Para Ayudarte","publisher":{"@id":"http:\/\/igfergon.com.mx\/#organization"},"potentialAction":[{"@type":"SearchAction","target":{"@type":"EntryPoint","urlTemplate":"http:\/\/igfergon.com.mx\/?s={search_term_string}"},"query-input":{"@type":"PropertyValueSpecification","valueRequired":true,"valueName":"search_term_string"}}],"inLanguage":"es"},{"@type":"Organization","@id":"http:\/\/igfergon.com.mx\/#organization","name":"El sitio del P. Ignacio Fern\u00e1ndez Gonz\u00e1lez","url":"http:\/\/igfergon.com.mx\/","logo":{"@type":"ImageObject","inLanguage":"es","@id":"http:\/\/igfergon.com.mx\/#\/schema\/logo\/image\/","url":"http:\/\/igfergon.com.mx\/wp-content\/uploads\/2018\/09\/cropped-ORDNACION02-2.jpg","contentUrl":"http:\/\/igfergon.com.mx\/wp-content\/uploads\/2018\/09\/cropped-ORDNACION02-2.jpg","width":250,"height":250,"caption":"El sitio del P. Ignacio Fern\u00e1ndez Gonz\u00e1lez"},"image":{"@id":"http:\/\/igfergon.com.mx\/#\/schema\/logo\/image\/"},"sameAs":["https:\/\/www.facebook.com\/"]},{"@type":"Person","@id":"http:\/\/igfergon.com.mx\/#\/schema\/person\/b42517895faefafe2a81218226d90957","name":"igfergon.com.mx","image":{"@type":"ImageObject","inLanguage":"es","@id":"http:\/\/igfergon.com.mx\/#\/schema\/person\/image\/","url":"https:\/\/secure.gravatar.com\/avatar\/9fd60c5591f2c6b18e76a917a69f35b0732f8532b3679d0132b3503b545db7a6?s=96&d=mm&r=g","contentUrl":"https:\/\/secure.gravatar.com\/avatar\/9fd60c5591f2c6b18e76a917a69f35b0732f8532b3679d0132b3503b545db7a6?s=96&d=mm&r=g","caption":"igfergon.com.mx"},"url":"http:\/\/igfergon.com.mx\/?author=1"}]}},"_links":{"self":[{"href":"http:\/\/igfergon.com.mx\/index.php?rest_route=\/wp\/v2\/posts\/5790","targetHints":{"allow":["GET"]}}],"collection":[{"href":"http:\/\/igfergon.com.mx\/index.php?rest_route=\/wp\/v2\/posts"}],"about":[{"href":"http:\/\/igfergon.com.mx\/index.php?rest_route=\/wp\/v2\/types\/post"}],"author":[{"embeddable":true,"href":"http:\/\/igfergon.com.mx\/index.php?rest_route=\/wp\/v2\/users\/1"}],"replies":[{"embeddable":true,"href":"http:\/\/igfergon.com.mx\/index.php?rest_route=%2Fwp%2Fv2%2Fcomments&post=5790"}],"version-history":[{"count":1,"href":"http:\/\/igfergon.com.mx\/index.php?rest_route=\/wp\/v2\/posts\/5790\/revisions"}],"predecessor-version":[{"id":5792,"href":"http:\/\/igfergon.com.mx\/index.php?rest_route=\/wp\/v2\/posts\/5790\/revisions\/5792"}],"wp:attachment":[{"href":"http:\/\/igfergon.com.mx\/index.php?rest_route=%2Fwp%2Fv2%2Fmedia&parent=5790"}],"wp:term":[{"taxonomy":"category","embeddable":true,"href":"http:\/\/igfergon.com.mx\/index.php?rest_route=%2Fwp%2Fv2%2Fcategories&post=5790"},{"taxonomy":"post_tag","embeddable":true,"href":"http:\/\/igfergon.com.mx\/index.php?rest_route=%2Fwp%2Fv2%2Ftags&post=5790"}],"curies":[{"name":"wp","href":"https:\/\/api.w.org\/{rel}","templated":true}]}}