{"id":5825,"date":"2025-12-10T10:37:31","date_gmt":"2025-12-10T08:37:31","guid":{"rendered":"http:\/\/igfergon.com.mx\/?p=5825"},"modified":"2025-12-10T10:37:33","modified_gmt":"2025-12-10T08:37:33","slug":"miercoles-de-la-ii-semana-de-adviento-4","status":"publish","type":"post","link":"http:\/\/igfergon.com.mx\/?p=5825","title":{"rendered":"Mi\u00e9rcoles de la II Semana de Adviento"},"content":{"rendered":"<div class=\"wp-block-image\">\n<figure class=\"aligncenter size-full\"><img loading=\"lazy\" decoding=\"async\" width=\"310\" height=\"163\" src=\"http:\/\/igfergon.com.mx\/wp-content\/uploads\/2025\/12\/Miercoles-2SA.jpg\" alt=\"\" class=\"wp-image-5826\" srcset=\"http:\/\/igfergon.com.mx\/wp-content\/uploads\/2025\/12\/Miercoles-2SA.jpg 310w, http:\/\/igfergon.com.mx\/wp-content\/uploads\/2025\/12\/Miercoles-2SA-300x158.jpg 300w, http:\/\/igfergon.com.mx\/wp-content\/uploads\/2025\/12\/Miercoles-2SA-200x105.jpg 200w\" sizes=\"auto, (max-width: 310px) 100vw, 310px\" \/><\/figure>\n<\/div>\n\n\n<p><strong>Is 40, 25-31<\/strong><\/p>\n\n\n\n<p>Hoy leemos en Isa\u00edas palabras de aliento y de confianza. Nos pasa a veces como a Jacob, como a Israel, como al pueblo de Dios en el Antiguo Testamento. Pensamos que Dios nos ha olvidado, que no conoce nuestro camino de sufrimientos y carencias, que se le pasa por alto nuestra causa. El mismo Dios responde a nuestras quejas desconfiadas mostr\u00e1ndonos su omnipotencia.<\/p>\n\n\n\n<p>El peque\u00f1o pueblo de Israel en el destierro pod\u00eda ser f\u00e1cil v\u00edctima del desaliento, pensar\u00eda que en caso de poder regresar a su tierra el camino ser\u00eda largo, lleno de dificultades, una verdadera prueba de resistencia hasta para la gente joven, los m\u00e1s vigorosos y entusiastas. Dios les hace saber que \u00e9l no se cansa ni fatiga, no podr\u00eda hacerlo el creador de los mundos, el que los sostiene en la existencia con el aliento de su boca. Y est\u00e1 dispuesto a comunicarnos su vigor, a participarnos su resistencia, hasta el punto de que ni los j\u00f3venes nos puedan competir. Todo para animarnos al regreso a la casa paterna, por lejos que estemos, al pa\u00eds de nuestra fe y de nuestras mejores esperanzas, a nuestra comunidad y nuestra iglesia de las cuales, tal vez, nos autoexiliamos por indiferencia o descontento.<\/p>\n\n\n\n<p><strong>Mt 11, 28-30<\/strong><\/p>\n\n\n\n<p>Este a\u00f1o, quiz\u00e1s como nunca, las palabras de Isa\u00edas en la primera lectura (Isa\u00edas que lleva el ritmo del Adviento), parecen hacerse realidad a cada momento.&nbsp; Israel se siente abandonado, no escuchado por Dios y con la tentaci\u00f3n de buscarse otros dioses que resuelvan sus problemas.&nbsp; Isa\u00edas los llama a la reflexi\u00f3n y les muestra a Dios como el \u00fanico, como el que ha hecho todas las cosas y quien puede salvarlos.<\/p>\n\n\n\n<p>Las palabras de Israel podr\u00edamos asumirlas cada uno de nosotros: \u201cmi suerte se le oculta al Se\u00f1or y mi causa no le preocupa a Dios\u201d, pero la respuesta del Se\u00f1or a trav\u00e9s de Isa\u00edas anima al pueblo a mantenerse fiel, porque Dios da vigor al fatigado y al que no tiene fuerzas le da energ\u00eda.<\/p>\n\n\n\n<p>Quienes ponen su esperanza en el Se\u00f1or renuevan sus fuerzas, le nace alas como de \u00e1guila, corren y no se casan, camina y no se fatigan.&nbsp; Son palabras bellas que se hacen realidad en quien conf\u00eda en el Se\u00f1or.<\/p>\n\n\n\n<p>Lo hemos experimentado siempre que vivimos en plenitud del amor.&nbsp; Es cierto que las dificultades y problemas siguen presentes pero si los afrontamos con amor y por amor, se pueden superar y tienen sentido.<\/p>\n\n\n\n<p>Isa\u00edas nos acerca a este Dios que se manifiesta como padre preocupado por sus hijos y en este amor pone la esperanza para superar todos los problemas.<\/p>\n\n\n\n<p>En Jes\u00fas que se hace carne y presencia en medio de los hombres, podemos encontrar el consuelo que promete Isa\u00edas.&nbsp; Por eso \u00c9l mismo repite, pero en presente y con rasgos de actualidad las palabras que solamente eran una promesa.&nbsp; Tambi\u00e9n hoy nos dirige Jes\u00fas las mismas palabras que a las multitudes que caminaban sin sentido y de las cuales ten\u00eda compasi\u00f3n.&nbsp; Tambi\u00e9n para nosotros es su invitaci\u00f3n a acercarnos a \u00c9l, con todas nuestras fatigas y agobios.&nbsp; Tambi\u00e9n nosotros encontraremos en \u00c9l consuelo y descanso.<\/p>\n\n\n\n<p>Tiempo de Adviento, es tiempo de encuentro con el \u00fanico que puede sostenernos en medio de nuestros conflictos y darnos la verdadera esperanza.<\/p>\n\n\n\n<p>Dejemos entrar en nuestro coraz\u00f3n las palabras de Jes\u00fas:<br>\u201cVenid a M\u00ed todos los que est\u00e1is fatigados y agobiados por la carga y yo os dar\u00e9 alivio\u201d<\/p>\n\n\n\n<p>\u00bfPor qu\u00e9 no nos acercamos a Jes\u00fas?&nbsp; \u00bfPor qu\u00e9 no hacemos suyas nuestras palabras?&nbsp; \u00bfPor qu\u00e9 no creemos que \u00c9l puede tomar sobre sus hombros nuestras cargas, nuestras dolencias, nuestras preocupaciones?<\/p>\n\n\n\n<p>Tiempo de Adviento, tiempo de encuentro con el Se\u00f1or Jes\u00fas.<\/p>\n\n\n\n<p><\/p>\n","protected":false},"excerpt":{"rendered":"<p>Is 40, 25-31 Hoy leemos en Isa\u00edas palabras de aliento y de confianza. Nos pasa a veces como a Jacob, como a Israel, como al pueblo de Dios en el Antiguo Testamento. Pensamos que Dios nos ha olvidado, que no conoce nuestro camino de sufrimientos y carencias, que se le pasa por alto nuestra causa. &hellip; <\/p>\n<p class=\"link-more\"><a href=\"http:\/\/igfergon.com.mx\/?p=5825\" class=\"more-link\">Continuar leyendo<span class=\"screen-reader-text\"> \u00abMi\u00e9rcoles de la II Semana de Adviento\u00bb<\/span><\/a><\/p>\n","protected":false},"author":1,"featured_media":0,"comment_status":"closed","ping_status":"closed","sticky":false,"template":"","format":"standard","meta":{"footnotes":""},"categories":[13,14,10,1],"tags":[69,8,6,216],"class_list":["post-5825","post","type-post","status-publish","format-standard","hentry","category-comentario-al-evangelio","category-homilia","category-homilia-diaria","category-uncategorized","tag-comentario-al-evangelio-2","tag-homilia","tag-homilia-diaria","tag-miercoles-de-la-ii-semana-de-adviento"],"yoast_head":"<!-- This site is optimized with the Yoast SEO plugin v26.0 - https:\/\/yoast.com\/wordpress\/plugins\/seo\/ -->\n<title>Mi\u00e9rcoles de la II Semana de Adviento - El sitio del P. Ignacio Fern\u00e1ndez Gonz\u00e1lez<\/title>\n<meta name=\"robots\" content=\"index, follow, max-snippet:-1, max-image-preview:large, max-video-preview:-1\" \/>\n<link rel=\"canonical\" href=\"http:\/\/igfergon.com.mx\/?p=5825\" \/>\n<meta property=\"og:locale\" content=\"es_ES\" \/>\n<meta property=\"og:type\" content=\"article\" \/>\n<meta property=\"og:title\" content=\"Mi\u00e9rcoles de la II Semana de Adviento - El sitio del P. Ignacio Fern\u00e1ndez Gonz\u00e1lez\" \/>\n<meta property=\"og:description\" content=\"Is 40, 25-31 Hoy leemos en Isa\u00edas palabras de aliento y de confianza. Nos pasa a veces como a Jacob, como a Israel, como al pueblo de Dios en el Antiguo Testamento. Pensamos que Dios nos ha olvidado, que no conoce nuestro camino de sufrimientos y carencias, que se le pasa por alto nuestra causa. &hellip; Continuar leyendo &quot;Mi\u00e9rcoles de la II Semana de Adviento&quot;\" \/>\n<meta property=\"og:url\" content=\"http:\/\/igfergon.com.mx\/?p=5825\" \/>\n<meta property=\"og:site_name\" content=\"El sitio del P. Ignacio Fern\u00e1ndez Gonz\u00e1lez\" \/>\n<meta property=\"article:publisher\" content=\"https:\/\/www.facebook.com\/\" \/>\n<meta property=\"article:published_time\" content=\"2025-12-10T08:37:31+00:00\" \/>\n<meta property=\"article:modified_time\" content=\"2025-12-10T08:37:33+00:00\" \/>\n<meta property=\"og:image\" content=\"http:\/\/igfergon.com.mx\/wp-content\/uploads\/2025\/12\/Miercoles-2SA.jpg\" \/>\n\t<meta property=\"og:image:width\" content=\"310\" \/>\n\t<meta property=\"og:image:height\" content=\"163\" \/>\n\t<meta property=\"og:image:type\" content=\"image\/jpeg\" \/>\n<meta name=\"author\" content=\"igfergon.com.mx\" \/>\n<meta name=\"twitter:card\" content=\"summary_large_image\" \/>\n<meta name=\"twitter:label1\" content=\"Escrito por\" \/>\n\t<meta name=\"twitter:data1\" content=\"igfergon.com.mx\" \/>\n\t<meta name=\"twitter:label2\" content=\"Tiempo de lectura\" \/>\n\t<meta name=\"twitter:data2\" content=\"4 minutos\" \/>\n<script type=\"application\/ld+json\" class=\"yoast-schema-graph\">{\"@context\":\"https:\/\/schema.org\",\"@graph\":[{\"@type\":\"Article\",\"@id\":\"http:\/\/igfergon.com.mx\/?p=5825#article\",\"isPartOf\":{\"@id\":\"http:\/\/igfergon.com.mx\/?p=5825\"},\"author\":{\"name\":\"igfergon.com.mx\",\"@id\":\"http:\/\/igfergon.com.mx\/#\/schema\/person\/b42517895faefafe2a81218226d90957\"},\"headline\":\"Mi\u00e9rcoles de la II Semana de Adviento\",\"datePublished\":\"2025-12-10T08:37:31+00:00\",\"dateModified\":\"2025-12-10T08:37:33+00:00\",\"mainEntityOfPage\":{\"@id\":\"http:\/\/igfergon.com.mx\/?p=5825\"},\"wordCount\":673,\"publisher\":{\"@id\":\"http:\/\/igfergon.com.mx\/#organization\"},\"image\":{\"@id\":\"http:\/\/igfergon.com.mx\/?p=5825#primaryimage\"},\"thumbnailUrl\":\"http:\/\/igfergon.com.mx\/wp-content\/uploads\/2025\/12\/Miercoles-2SA.jpg\",\"keywords\":[\"comentario al evangelio\",\"Homil\u00eda\",\"homil\u00eda diaria\",\"Mi\u00e9rcoles de la II Semana de Adviento\"],\"articleSection\":[\"comentario al evangelio\",\"homil\u00eda\",\"homil\u00eda diaria\",\"liturgia\"],\"inLanguage\":\"es\"},{\"@type\":\"WebPage\",\"@id\":\"http:\/\/igfergon.com.mx\/?p=5825\",\"url\":\"http:\/\/igfergon.com.mx\/?p=5825\",\"name\":\"Mi\u00e9rcoles de la II Semana de Adviento - El sitio del P. Ignacio Fern\u00e1ndez Gonz\u00e1lez\",\"isPartOf\":{\"@id\":\"http:\/\/igfergon.com.mx\/#website\"},\"primaryImageOfPage\":{\"@id\":\"http:\/\/igfergon.com.mx\/?p=5825#primaryimage\"},\"image\":{\"@id\":\"http:\/\/igfergon.com.mx\/?p=5825#primaryimage\"},\"thumbnailUrl\":\"http:\/\/igfergon.com.mx\/wp-content\/uploads\/2025\/12\/Miercoles-2SA.jpg\",\"datePublished\":\"2025-12-10T08:37:31+00:00\",\"dateModified\":\"2025-12-10T08:37:33+00:00\",\"breadcrumb\":{\"@id\":\"http:\/\/igfergon.com.mx\/?p=5825#breadcrumb\"},\"inLanguage\":\"es\",\"potentialAction\":[{\"@type\":\"ReadAction\",\"target\":[\"http:\/\/igfergon.com.mx\/?p=5825\"]}]},{\"@type\":\"ImageObject\",\"inLanguage\":\"es\",\"@id\":\"http:\/\/igfergon.com.mx\/?p=5825#primaryimage\",\"url\":\"http:\/\/igfergon.com.mx\/wp-content\/uploads\/2025\/12\/Miercoles-2SA.jpg\",\"contentUrl\":\"http:\/\/igfergon.com.mx\/wp-content\/uploads\/2025\/12\/Miercoles-2SA.jpg\",\"width\":310,\"height\":163},{\"@type\":\"BreadcrumbList\",\"@id\":\"http:\/\/igfergon.com.mx\/?p=5825#breadcrumb\",\"itemListElement\":[{\"@type\":\"ListItem\",\"position\":1,\"name\":\"Portada\",\"item\":\"http:\/\/igfergon.com.mx\/\"},{\"@type\":\"ListItem\",\"position\":2,\"name\":\"Mi\u00e9rcoles de la II Semana de Adviento\"}]},{\"@type\":\"WebSite\",\"@id\":\"http:\/\/igfergon.com.mx\/#website\",\"url\":\"http:\/\/igfergon.com.mx\/\",\"name\":\"El sitio del P. Ignacio Fern\u00e1ndez Gonz\u00e1lez\",\"description\":\"Para Ayudarte\",\"publisher\":{\"@id\":\"http:\/\/igfergon.com.mx\/#organization\"},\"potentialAction\":[{\"@type\":\"SearchAction\",\"target\":{\"@type\":\"EntryPoint\",\"urlTemplate\":\"http:\/\/igfergon.com.mx\/?s={search_term_string}\"},\"query-input\":{\"@type\":\"PropertyValueSpecification\",\"valueRequired\":true,\"valueName\":\"search_term_string\"}}],\"inLanguage\":\"es\"},{\"@type\":\"Organization\",\"@id\":\"http:\/\/igfergon.com.mx\/#organization\",\"name\":\"El sitio del P. Ignacio Fern\u00e1ndez Gonz\u00e1lez\",\"url\":\"http:\/\/igfergon.com.mx\/\",\"logo\":{\"@type\":\"ImageObject\",\"inLanguage\":\"es\",\"@id\":\"http:\/\/igfergon.com.mx\/#\/schema\/logo\/image\/\",\"url\":\"http:\/\/igfergon.com.mx\/wp-content\/uploads\/2018\/09\/cropped-ORDNACION02-2.jpg\",\"contentUrl\":\"http:\/\/igfergon.com.mx\/wp-content\/uploads\/2018\/09\/cropped-ORDNACION02-2.jpg\",\"width\":250,\"height\":250,\"caption\":\"El sitio del P. Ignacio Fern\u00e1ndez Gonz\u00e1lez\"},\"image\":{\"@id\":\"http:\/\/igfergon.com.mx\/#\/schema\/logo\/image\/\"},\"sameAs\":[\"https:\/\/www.facebook.com\/\"]},{\"@type\":\"Person\",\"@id\":\"http:\/\/igfergon.com.mx\/#\/schema\/person\/b42517895faefafe2a81218226d90957\",\"name\":\"igfergon.com.mx\",\"image\":{\"@type\":\"ImageObject\",\"inLanguage\":\"es\",\"@id\":\"http:\/\/igfergon.com.mx\/#\/schema\/person\/image\/\",\"url\":\"https:\/\/secure.gravatar.com\/avatar\/9fd60c5591f2c6b18e76a917a69f35b0732f8532b3679d0132b3503b545db7a6?s=96&d=mm&r=g\",\"contentUrl\":\"https:\/\/secure.gravatar.com\/avatar\/9fd60c5591f2c6b18e76a917a69f35b0732f8532b3679d0132b3503b545db7a6?s=96&d=mm&r=g\",\"caption\":\"igfergon.com.mx\"},\"url\":\"http:\/\/igfergon.com.mx\/?author=1\"}]}<\/script>\n<!-- \/ Yoast SEO plugin. -->","yoast_head_json":{"title":"Mi\u00e9rcoles de la II Semana de Adviento - El sitio del P. Ignacio Fern\u00e1ndez Gonz\u00e1lez","robots":{"index":"index","follow":"follow","max-snippet":"max-snippet:-1","max-image-preview":"max-image-preview:large","max-video-preview":"max-video-preview:-1"},"canonical":"http:\/\/igfergon.com.mx\/?p=5825","og_locale":"es_ES","og_type":"article","og_title":"Mi\u00e9rcoles de la II Semana de Adviento - El sitio del P. Ignacio Fern\u00e1ndez Gonz\u00e1lez","og_description":"Is 40, 25-31 Hoy leemos en Isa\u00edas palabras de aliento y de confianza. Nos pasa a veces como a Jacob, como a Israel, como al pueblo de Dios en el Antiguo Testamento. Pensamos que Dios nos ha olvidado, que no conoce nuestro camino de sufrimientos y carencias, que se le pasa por alto nuestra causa. &hellip; Continuar leyendo \"Mi\u00e9rcoles de la II Semana de Adviento\"","og_url":"http:\/\/igfergon.com.mx\/?p=5825","og_site_name":"El sitio del P. Ignacio Fern\u00e1ndez Gonz\u00e1lez","article_publisher":"https:\/\/www.facebook.com\/","article_published_time":"2025-12-10T08:37:31+00:00","article_modified_time":"2025-12-10T08:37:33+00:00","og_image":[{"width":310,"height":163,"url":"http:\/\/igfergon.com.mx\/wp-content\/uploads\/2025\/12\/Miercoles-2SA.jpg","type":"image\/jpeg"}],"author":"igfergon.com.mx","twitter_card":"summary_large_image","twitter_misc":{"Escrito por":"igfergon.com.mx","Tiempo de lectura":"4 minutos"},"schema":{"@context":"https:\/\/schema.org","@graph":[{"@type":"Article","@id":"http:\/\/igfergon.com.mx\/?p=5825#article","isPartOf":{"@id":"http:\/\/igfergon.com.mx\/?p=5825"},"author":{"name":"igfergon.com.mx","@id":"http:\/\/igfergon.com.mx\/#\/schema\/person\/b42517895faefafe2a81218226d90957"},"headline":"Mi\u00e9rcoles de la II Semana de Adviento","datePublished":"2025-12-10T08:37:31+00:00","dateModified":"2025-12-10T08:37:33+00:00","mainEntityOfPage":{"@id":"http:\/\/igfergon.com.mx\/?p=5825"},"wordCount":673,"publisher":{"@id":"http:\/\/igfergon.com.mx\/#organization"},"image":{"@id":"http:\/\/igfergon.com.mx\/?p=5825#primaryimage"},"thumbnailUrl":"http:\/\/igfergon.com.mx\/wp-content\/uploads\/2025\/12\/Miercoles-2SA.jpg","keywords":["comentario al evangelio","Homil\u00eda","homil\u00eda diaria","Mi\u00e9rcoles de la II Semana de Adviento"],"articleSection":["comentario al evangelio","homil\u00eda","homil\u00eda diaria","liturgia"],"inLanguage":"es"},{"@type":"WebPage","@id":"http:\/\/igfergon.com.mx\/?p=5825","url":"http:\/\/igfergon.com.mx\/?p=5825","name":"Mi\u00e9rcoles de la II Semana de Adviento - El sitio del P. Ignacio Fern\u00e1ndez Gonz\u00e1lez","isPartOf":{"@id":"http:\/\/igfergon.com.mx\/#website"},"primaryImageOfPage":{"@id":"http:\/\/igfergon.com.mx\/?p=5825#primaryimage"},"image":{"@id":"http:\/\/igfergon.com.mx\/?p=5825#primaryimage"},"thumbnailUrl":"http:\/\/igfergon.com.mx\/wp-content\/uploads\/2025\/12\/Miercoles-2SA.jpg","datePublished":"2025-12-10T08:37:31+00:00","dateModified":"2025-12-10T08:37:33+00:00","breadcrumb":{"@id":"http:\/\/igfergon.com.mx\/?p=5825#breadcrumb"},"inLanguage":"es","potentialAction":[{"@type":"ReadAction","target":["http:\/\/igfergon.com.mx\/?p=5825"]}]},{"@type":"ImageObject","inLanguage":"es","@id":"http:\/\/igfergon.com.mx\/?p=5825#primaryimage","url":"http:\/\/igfergon.com.mx\/wp-content\/uploads\/2025\/12\/Miercoles-2SA.jpg","contentUrl":"http:\/\/igfergon.com.mx\/wp-content\/uploads\/2025\/12\/Miercoles-2SA.jpg","width":310,"height":163},{"@type":"BreadcrumbList","@id":"http:\/\/igfergon.com.mx\/?p=5825#breadcrumb","itemListElement":[{"@type":"ListItem","position":1,"name":"Portada","item":"http:\/\/igfergon.com.mx\/"},{"@type":"ListItem","position":2,"name":"Mi\u00e9rcoles de la II Semana de Adviento"}]},{"@type":"WebSite","@id":"http:\/\/igfergon.com.mx\/#website","url":"http:\/\/igfergon.com.mx\/","name":"El sitio del P. Ignacio Fern\u00e1ndez Gonz\u00e1lez","description":"Para Ayudarte","publisher":{"@id":"http:\/\/igfergon.com.mx\/#organization"},"potentialAction":[{"@type":"SearchAction","target":{"@type":"EntryPoint","urlTemplate":"http:\/\/igfergon.com.mx\/?s={search_term_string}"},"query-input":{"@type":"PropertyValueSpecification","valueRequired":true,"valueName":"search_term_string"}}],"inLanguage":"es"},{"@type":"Organization","@id":"http:\/\/igfergon.com.mx\/#organization","name":"El sitio del P. Ignacio Fern\u00e1ndez Gonz\u00e1lez","url":"http:\/\/igfergon.com.mx\/","logo":{"@type":"ImageObject","inLanguage":"es","@id":"http:\/\/igfergon.com.mx\/#\/schema\/logo\/image\/","url":"http:\/\/igfergon.com.mx\/wp-content\/uploads\/2018\/09\/cropped-ORDNACION02-2.jpg","contentUrl":"http:\/\/igfergon.com.mx\/wp-content\/uploads\/2018\/09\/cropped-ORDNACION02-2.jpg","width":250,"height":250,"caption":"El sitio del P. Ignacio Fern\u00e1ndez Gonz\u00e1lez"},"image":{"@id":"http:\/\/igfergon.com.mx\/#\/schema\/logo\/image\/"},"sameAs":["https:\/\/www.facebook.com\/"]},{"@type":"Person","@id":"http:\/\/igfergon.com.mx\/#\/schema\/person\/b42517895faefafe2a81218226d90957","name":"igfergon.com.mx","image":{"@type":"ImageObject","inLanguage":"es","@id":"http:\/\/igfergon.com.mx\/#\/schema\/person\/image\/","url":"https:\/\/secure.gravatar.com\/avatar\/9fd60c5591f2c6b18e76a917a69f35b0732f8532b3679d0132b3503b545db7a6?s=96&d=mm&r=g","contentUrl":"https:\/\/secure.gravatar.com\/avatar\/9fd60c5591f2c6b18e76a917a69f35b0732f8532b3679d0132b3503b545db7a6?s=96&d=mm&r=g","caption":"igfergon.com.mx"},"url":"http:\/\/igfergon.com.mx\/?author=1"}]}},"_links":{"self":[{"href":"http:\/\/igfergon.com.mx\/index.php?rest_route=\/wp\/v2\/posts\/5825","targetHints":{"allow":["GET"]}}],"collection":[{"href":"http:\/\/igfergon.com.mx\/index.php?rest_route=\/wp\/v2\/posts"}],"about":[{"href":"http:\/\/igfergon.com.mx\/index.php?rest_route=\/wp\/v2\/types\/post"}],"author":[{"embeddable":true,"href":"http:\/\/igfergon.com.mx\/index.php?rest_route=\/wp\/v2\/users\/1"}],"replies":[{"embeddable":true,"href":"http:\/\/igfergon.com.mx\/index.php?rest_route=%2Fwp%2Fv2%2Fcomments&post=5825"}],"version-history":[{"count":1,"href":"http:\/\/igfergon.com.mx\/index.php?rest_route=\/wp\/v2\/posts\/5825\/revisions"}],"predecessor-version":[{"id":5827,"href":"http:\/\/igfergon.com.mx\/index.php?rest_route=\/wp\/v2\/posts\/5825\/revisions\/5827"}],"wp:attachment":[{"href":"http:\/\/igfergon.com.mx\/index.php?rest_route=%2Fwp%2Fv2%2Fmedia&parent=5825"}],"wp:term":[{"taxonomy":"category","embeddable":true,"href":"http:\/\/igfergon.com.mx\/index.php?rest_route=%2Fwp%2Fv2%2Fcategories&post=5825"},{"taxonomy":"post_tag","embeddable":true,"href":"http:\/\/igfergon.com.mx\/index.php?rest_route=%2Fwp%2Fv2%2Ftags&post=5825"}],"curies":[{"name":"wp","href":"https:\/\/api.w.org\/{rel}","templated":true}]}}