{"id":5834,"date":"2025-12-13T10:36:30","date_gmt":"2025-12-13T08:36:30","guid":{"rendered":"http:\/\/igfergon.com.mx\/?p=5834"},"modified":"2025-12-13T10:36:32","modified_gmt":"2025-12-13T08:36:32","slug":"sabado-de-la-ii-semana-de-adviento-3","status":"publish","type":"post","link":"http:\/\/igfergon.com.mx\/?p=5834","title":{"rendered":"S\u00e1bado de la II Semana de Adviento"},"content":{"rendered":"<div class=\"wp-block-image\">\n<figure class=\"aligncenter size-full\"><img loading=\"lazy\" decoding=\"async\" width=\"300\" height=\"168\" src=\"http:\/\/igfergon.com.mx\/wp-content\/uploads\/2025\/12\/Sabado-2SA.jpg\" alt=\"\" class=\"wp-image-5835\" srcset=\"http:\/\/igfergon.com.mx\/wp-content\/uploads\/2025\/12\/Sabado-2SA.jpg 300w, http:\/\/igfergon.com.mx\/wp-content\/uploads\/2025\/12\/Sabado-2SA-200x112.jpg 200w\" sizes=\"auto, (max-width: 300px) 100vw, 300px\" \/><\/figure>\n<\/div>\n\n\n<p><strong>Eclesi\u00e1stico 48, 1-4.9-11.<\/strong><\/p>\n\n\n\n<p>El autor de la 1\u00aa lectura de hoy, llamado Jes\u00fas ben Sirac, notable maestro en Jerusal\u00e9n, y profundo creyente, no ve con buenos ojos que la cultura griega se vaya adue\u00f1ando del pensamiento jud\u00edo.<\/p>\n\n\n\n<p>El pueblo jud\u00edo posee la aut\u00e9ntica Sabidur\u00eda y no tiene que envidiar ninguna otra cultura.<\/p>\n\n\n\n<p>Y si lo hace, perder\u00e1 la conexi\u00f3n con Dios, autor de la verdadera Sabidur\u00eda.<\/p>\n\n\n\n<p>Por eso acude a la figura del profeta El\u00edas como s\u00edmbolo del defensor de la religi\u00f3n de Yahv\u00e9. Con gran energ\u00eda y palabra ardiente combati\u00f3 la idolatr\u00eda e impiedad de la sociedad de su tiempo.<\/p>\n\n\n\n<p>El profeta El\u00edas defendi\u00f3 el honor de Dios frente al culto de dioses extranjeros y conden\u00f3 la infidelidad de los reyes de Israel. Fue un profeta de fuego, defendiendo la alianza del pueblo con el Se\u00f1or.<\/p>\n\n\n\n<h4 class=\"wp-block-heading\">San Mateo 17, 10-13<\/h4>\n\n\n\n<p>Sobre el Evangelio de hoy &#8211; S\u00f3lo en privado, a los Doce, Jes\u00fas comienza a hacer la catequesis sobre su verdadera identidad. El Hijo del hombre, es decir el Mes\u00edas, el Ungido, debe sufrir mucho, ser rechazado por los ancianos, por los jefes de los sacerdotes y por los escribas, ser asesinado y resucitar.<\/p>\n\n\n\n<p>\u00c9ste es el camino de su liberaci\u00f3n. \u00c9ste es el camino del Mes\u00edas, del Justo: la Pasi\u00f3n, la Cruz. Y a sus disc\u00edpulos, Jes\u00fas les explica su identidad&#8230; Es \u00e9sta la pedagog\u00eda que Jes\u00fas utiliza para preparar los corazones de los disc\u00edpulos, los corazones de la gente, para comprender este Misterio de Dios.<\/p>\n\n\n\n<p>Es tanto el amor de Dios, es tan feo el pecado, que \u00c9l nos salva as\u00ed: con esta identidad en la Cruz. No se puede comprender a Jesucristo Redentor sin la Cruz: no se lo puede comprender.<\/p>\n\n\n\n<p>Podemos llegar a pensar que es un gran profeta, hace cosas buenas, que es un santo. Pero a Cristo Redentor sin la Cruz no se lo puede comprender.<\/p>\n\n\n\n<p>Y los corazones de los disc\u00edpulos, los corazones de las personas no estaban preparados para entenderlo. No hab\u00edan entendido las Profec\u00edas, no hab\u00edan entendido que, precisamente era \u00c9l, el Cordero para el sacrificio. La gente no estaba preparada.<\/p>\n\n\n\n<p>Poco a poco, Jes\u00fas nos prepara para entenderlo bien. Nos prepara para que lo acompa\u00f1emos con nuestras cruces en su camino hacia la redenci\u00f3n.<\/p>\n\n\n\n<p><\/p>\n","protected":false},"excerpt":{"rendered":"<p>Eclesi\u00e1stico 48, 1-4.9-11. El autor de la 1\u00aa lectura de hoy, llamado Jes\u00fas ben Sirac, notable maestro en Jerusal\u00e9n, y profundo creyente, no ve con buenos ojos que la cultura griega se vaya adue\u00f1ando del pensamiento jud\u00edo. El pueblo jud\u00edo posee la aut\u00e9ntica Sabidur\u00eda y no tiene que envidiar ninguna otra cultura. Y si lo &hellip; <\/p>\n<p class=\"link-more\"><a href=\"http:\/\/igfergon.com.mx\/?p=5834\" class=\"more-link\">Continuar leyendo<span class=\"screen-reader-text\"> \u00abS\u00e1bado de la II Semana de Adviento\u00bb<\/span><\/a><\/p>\n","protected":false},"author":1,"featured_media":0,"comment_status":"closed","ping_status":"closed","sticky":false,"template":"","format":"standard","meta":{"footnotes":""},"categories":[13,14,10,1],"tags":[69,8,6,7,394],"class_list":["post-5834","post","type-post","status-publish","format-standard","hentry","category-comentario-al-evangelio","category-homilia","category-homilia-diaria","category-uncategorized","tag-comentario-al-evangelio-2","tag-homilia","tag-homilia-diaria","tag-liturgia","tag-sabado-de-la-ii-semana-de-adviento"],"yoast_head":"<!-- This site is optimized with the Yoast SEO plugin v26.0 - https:\/\/yoast.com\/wordpress\/plugins\/seo\/ -->\n<title>S\u00e1bado de la II Semana de Adviento - El sitio del P. Ignacio Fern\u00e1ndez Gonz\u00e1lez<\/title>\n<meta name=\"robots\" content=\"index, follow, max-snippet:-1, max-image-preview:large, max-video-preview:-1\" \/>\n<link rel=\"canonical\" href=\"http:\/\/igfergon.com.mx\/?p=5834\" \/>\n<meta property=\"og:locale\" content=\"es_ES\" \/>\n<meta property=\"og:type\" content=\"article\" \/>\n<meta property=\"og:title\" content=\"S\u00e1bado de la II Semana de Adviento - El sitio del P. Ignacio Fern\u00e1ndez Gonz\u00e1lez\" \/>\n<meta property=\"og:description\" content=\"Eclesi\u00e1stico 48, 1-4.9-11. El autor de la 1\u00aa lectura de hoy, llamado Jes\u00fas ben Sirac, notable maestro en Jerusal\u00e9n, y profundo creyente, no ve con buenos ojos que la cultura griega se vaya adue\u00f1ando del pensamiento jud\u00edo. El pueblo jud\u00edo posee la aut\u00e9ntica Sabidur\u00eda y no tiene que envidiar ninguna otra cultura. Y si lo &hellip; Continuar leyendo &quot;S\u00e1bado de la II Semana de Adviento&quot;\" \/>\n<meta property=\"og:url\" content=\"http:\/\/igfergon.com.mx\/?p=5834\" \/>\n<meta property=\"og:site_name\" content=\"El sitio del P. Ignacio Fern\u00e1ndez Gonz\u00e1lez\" \/>\n<meta property=\"article:publisher\" content=\"https:\/\/www.facebook.com\/\" \/>\n<meta property=\"article:published_time\" content=\"2025-12-13T08:36:30+00:00\" \/>\n<meta property=\"article:modified_time\" content=\"2025-12-13T08:36:32+00:00\" \/>\n<meta property=\"og:image\" content=\"http:\/\/igfergon.com.mx\/wp-content\/uploads\/2025\/12\/Sabado-2SA.jpg\" \/>\n\t<meta property=\"og:image:width\" content=\"300\" \/>\n\t<meta property=\"og:image:height\" content=\"168\" \/>\n\t<meta property=\"og:image:type\" content=\"image\/jpeg\" \/>\n<meta name=\"author\" content=\"igfergon.com.mx\" \/>\n<meta name=\"twitter:card\" content=\"summary_large_image\" \/>\n<meta name=\"twitter:label1\" content=\"Escrito por\" \/>\n\t<meta name=\"twitter:data1\" content=\"igfergon.com.mx\" \/>\n\t<meta name=\"twitter:label2\" content=\"Tiempo de lectura\" \/>\n\t<meta name=\"twitter:data2\" content=\"2 minutos\" \/>\n<script type=\"application\/ld+json\" class=\"yoast-schema-graph\">{\"@context\":\"https:\/\/schema.org\",\"@graph\":[{\"@type\":\"Article\",\"@id\":\"http:\/\/igfergon.com.mx\/?p=5834#article\",\"isPartOf\":{\"@id\":\"http:\/\/igfergon.com.mx\/?p=5834\"},\"author\":{\"name\":\"igfergon.com.mx\",\"@id\":\"http:\/\/igfergon.com.mx\/#\/schema\/person\/b42517895faefafe2a81218226d90957\"},\"headline\":\"S\u00e1bado de la II Semana de Adviento\",\"datePublished\":\"2025-12-13T08:36:30+00:00\",\"dateModified\":\"2025-12-13T08:36:32+00:00\",\"mainEntityOfPage\":{\"@id\":\"http:\/\/igfergon.com.mx\/?p=5834\"},\"wordCount\":416,\"publisher\":{\"@id\":\"http:\/\/igfergon.com.mx\/#organization\"},\"image\":{\"@id\":\"http:\/\/igfergon.com.mx\/?p=5834#primaryimage\"},\"thumbnailUrl\":\"http:\/\/igfergon.com.mx\/wp-content\/uploads\/2025\/12\/Sabado-2SA.jpg\",\"keywords\":[\"comentario al evangelio\",\"Homil\u00eda\",\"homil\u00eda diaria\",\"liturgia\",\"S\u00e1bado de la II Semana de Adviento\"],\"articleSection\":[\"comentario al evangelio\",\"homil\u00eda\",\"homil\u00eda diaria\",\"liturgia\"],\"inLanguage\":\"es\"},{\"@type\":\"WebPage\",\"@id\":\"http:\/\/igfergon.com.mx\/?p=5834\",\"url\":\"http:\/\/igfergon.com.mx\/?p=5834\",\"name\":\"S\u00e1bado de la II Semana de Adviento - El sitio del P. Ignacio Fern\u00e1ndez Gonz\u00e1lez\",\"isPartOf\":{\"@id\":\"http:\/\/igfergon.com.mx\/#website\"},\"primaryImageOfPage\":{\"@id\":\"http:\/\/igfergon.com.mx\/?p=5834#primaryimage\"},\"image\":{\"@id\":\"http:\/\/igfergon.com.mx\/?p=5834#primaryimage\"},\"thumbnailUrl\":\"http:\/\/igfergon.com.mx\/wp-content\/uploads\/2025\/12\/Sabado-2SA.jpg\",\"datePublished\":\"2025-12-13T08:36:30+00:00\",\"dateModified\":\"2025-12-13T08:36:32+00:00\",\"breadcrumb\":{\"@id\":\"http:\/\/igfergon.com.mx\/?p=5834#breadcrumb\"},\"inLanguage\":\"es\",\"potentialAction\":[{\"@type\":\"ReadAction\",\"target\":[\"http:\/\/igfergon.com.mx\/?p=5834\"]}]},{\"@type\":\"ImageObject\",\"inLanguage\":\"es\",\"@id\":\"http:\/\/igfergon.com.mx\/?p=5834#primaryimage\",\"url\":\"http:\/\/igfergon.com.mx\/wp-content\/uploads\/2025\/12\/Sabado-2SA.jpg\",\"contentUrl\":\"http:\/\/igfergon.com.mx\/wp-content\/uploads\/2025\/12\/Sabado-2SA.jpg\",\"width\":300,\"height\":168},{\"@type\":\"BreadcrumbList\",\"@id\":\"http:\/\/igfergon.com.mx\/?p=5834#breadcrumb\",\"itemListElement\":[{\"@type\":\"ListItem\",\"position\":1,\"name\":\"Portada\",\"item\":\"http:\/\/igfergon.com.mx\/\"},{\"@type\":\"ListItem\",\"position\":2,\"name\":\"S\u00e1bado de la II Semana de Adviento\"}]},{\"@type\":\"WebSite\",\"@id\":\"http:\/\/igfergon.com.mx\/#website\",\"url\":\"http:\/\/igfergon.com.mx\/\",\"name\":\"El sitio del P. Ignacio Fern\u00e1ndez Gonz\u00e1lez\",\"description\":\"Para Ayudarte\",\"publisher\":{\"@id\":\"http:\/\/igfergon.com.mx\/#organization\"},\"potentialAction\":[{\"@type\":\"SearchAction\",\"target\":{\"@type\":\"EntryPoint\",\"urlTemplate\":\"http:\/\/igfergon.com.mx\/?s={search_term_string}\"},\"query-input\":{\"@type\":\"PropertyValueSpecification\",\"valueRequired\":true,\"valueName\":\"search_term_string\"}}],\"inLanguage\":\"es\"},{\"@type\":\"Organization\",\"@id\":\"http:\/\/igfergon.com.mx\/#organization\",\"name\":\"El sitio del P. Ignacio Fern\u00e1ndez Gonz\u00e1lez\",\"url\":\"http:\/\/igfergon.com.mx\/\",\"logo\":{\"@type\":\"ImageObject\",\"inLanguage\":\"es\",\"@id\":\"http:\/\/igfergon.com.mx\/#\/schema\/logo\/image\/\",\"url\":\"http:\/\/igfergon.com.mx\/wp-content\/uploads\/2018\/09\/cropped-ORDNACION02-2.jpg\",\"contentUrl\":\"http:\/\/igfergon.com.mx\/wp-content\/uploads\/2018\/09\/cropped-ORDNACION02-2.jpg\",\"width\":250,\"height\":250,\"caption\":\"El sitio del P. Ignacio Fern\u00e1ndez Gonz\u00e1lez\"},\"image\":{\"@id\":\"http:\/\/igfergon.com.mx\/#\/schema\/logo\/image\/\"},\"sameAs\":[\"https:\/\/www.facebook.com\/\"]},{\"@type\":\"Person\",\"@id\":\"http:\/\/igfergon.com.mx\/#\/schema\/person\/b42517895faefafe2a81218226d90957\",\"name\":\"igfergon.com.mx\",\"image\":{\"@type\":\"ImageObject\",\"inLanguage\":\"es\",\"@id\":\"http:\/\/igfergon.com.mx\/#\/schema\/person\/image\/\",\"url\":\"https:\/\/secure.gravatar.com\/avatar\/9fd60c5591f2c6b18e76a917a69f35b0732f8532b3679d0132b3503b545db7a6?s=96&d=mm&r=g\",\"contentUrl\":\"https:\/\/secure.gravatar.com\/avatar\/9fd60c5591f2c6b18e76a917a69f35b0732f8532b3679d0132b3503b545db7a6?s=96&d=mm&r=g\",\"caption\":\"igfergon.com.mx\"},\"url\":\"http:\/\/igfergon.com.mx\/?author=1\"}]}<\/script>\n<!-- \/ Yoast SEO plugin. -->","yoast_head_json":{"title":"S\u00e1bado de la II Semana de Adviento - El sitio del P. Ignacio Fern\u00e1ndez Gonz\u00e1lez","robots":{"index":"index","follow":"follow","max-snippet":"max-snippet:-1","max-image-preview":"max-image-preview:large","max-video-preview":"max-video-preview:-1"},"canonical":"http:\/\/igfergon.com.mx\/?p=5834","og_locale":"es_ES","og_type":"article","og_title":"S\u00e1bado de la II Semana de Adviento - El sitio del P. Ignacio Fern\u00e1ndez Gonz\u00e1lez","og_description":"Eclesi\u00e1stico 48, 1-4.9-11. El autor de la 1\u00aa lectura de hoy, llamado Jes\u00fas ben Sirac, notable maestro en Jerusal\u00e9n, y profundo creyente, no ve con buenos ojos que la cultura griega se vaya adue\u00f1ando del pensamiento jud\u00edo. El pueblo jud\u00edo posee la aut\u00e9ntica Sabidur\u00eda y no tiene que envidiar ninguna otra cultura. Y si lo &hellip; Continuar leyendo \"S\u00e1bado de la II Semana de Adviento\"","og_url":"http:\/\/igfergon.com.mx\/?p=5834","og_site_name":"El sitio del P. Ignacio Fern\u00e1ndez Gonz\u00e1lez","article_publisher":"https:\/\/www.facebook.com\/","article_published_time":"2025-12-13T08:36:30+00:00","article_modified_time":"2025-12-13T08:36:32+00:00","og_image":[{"width":300,"height":168,"url":"http:\/\/igfergon.com.mx\/wp-content\/uploads\/2025\/12\/Sabado-2SA.jpg","type":"image\/jpeg"}],"author":"igfergon.com.mx","twitter_card":"summary_large_image","twitter_misc":{"Escrito por":"igfergon.com.mx","Tiempo de lectura":"2 minutos"},"schema":{"@context":"https:\/\/schema.org","@graph":[{"@type":"Article","@id":"http:\/\/igfergon.com.mx\/?p=5834#article","isPartOf":{"@id":"http:\/\/igfergon.com.mx\/?p=5834"},"author":{"name":"igfergon.com.mx","@id":"http:\/\/igfergon.com.mx\/#\/schema\/person\/b42517895faefafe2a81218226d90957"},"headline":"S\u00e1bado de la II Semana de Adviento","datePublished":"2025-12-13T08:36:30+00:00","dateModified":"2025-12-13T08:36:32+00:00","mainEntityOfPage":{"@id":"http:\/\/igfergon.com.mx\/?p=5834"},"wordCount":416,"publisher":{"@id":"http:\/\/igfergon.com.mx\/#organization"},"image":{"@id":"http:\/\/igfergon.com.mx\/?p=5834#primaryimage"},"thumbnailUrl":"http:\/\/igfergon.com.mx\/wp-content\/uploads\/2025\/12\/Sabado-2SA.jpg","keywords":["comentario al evangelio","Homil\u00eda","homil\u00eda diaria","liturgia","S\u00e1bado de la II Semana de Adviento"],"articleSection":["comentario al evangelio","homil\u00eda","homil\u00eda diaria","liturgia"],"inLanguage":"es"},{"@type":"WebPage","@id":"http:\/\/igfergon.com.mx\/?p=5834","url":"http:\/\/igfergon.com.mx\/?p=5834","name":"S\u00e1bado de la II Semana de Adviento - El sitio del P. Ignacio Fern\u00e1ndez Gonz\u00e1lez","isPartOf":{"@id":"http:\/\/igfergon.com.mx\/#website"},"primaryImageOfPage":{"@id":"http:\/\/igfergon.com.mx\/?p=5834#primaryimage"},"image":{"@id":"http:\/\/igfergon.com.mx\/?p=5834#primaryimage"},"thumbnailUrl":"http:\/\/igfergon.com.mx\/wp-content\/uploads\/2025\/12\/Sabado-2SA.jpg","datePublished":"2025-12-13T08:36:30+00:00","dateModified":"2025-12-13T08:36:32+00:00","breadcrumb":{"@id":"http:\/\/igfergon.com.mx\/?p=5834#breadcrumb"},"inLanguage":"es","potentialAction":[{"@type":"ReadAction","target":["http:\/\/igfergon.com.mx\/?p=5834"]}]},{"@type":"ImageObject","inLanguage":"es","@id":"http:\/\/igfergon.com.mx\/?p=5834#primaryimage","url":"http:\/\/igfergon.com.mx\/wp-content\/uploads\/2025\/12\/Sabado-2SA.jpg","contentUrl":"http:\/\/igfergon.com.mx\/wp-content\/uploads\/2025\/12\/Sabado-2SA.jpg","width":300,"height":168},{"@type":"BreadcrumbList","@id":"http:\/\/igfergon.com.mx\/?p=5834#breadcrumb","itemListElement":[{"@type":"ListItem","position":1,"name":"Portada","item":"http:\/\/igfergon.com.mx\/"},{"@type":"ListItem","position":2,"name":"S\u00e1bado de la II Semana de Adviento"}]},{"@type":"WebSite","@id":"http:\/\/igfergon.com.mx\/#website","url":"http:\/\/igfergon.com.mx\/","name":"El sitio del P. Ignacio Fern\u00e1ndez Gonz\u00e1lez","description":"Para Ayudarte","publisher":{"@id":"http:\/\/igfergon.com.mx\/#organization"},"potentialAction":[{"@type":"SearchAction","target":{"@type":"EntryPoint","urlTemplate":"http:\/\/igfergon.com.mx\/?s={search_term_string}"},"query-input":{"@type":"PropertyValueSpecification","valueRequired":true,"valueName":"search_term_string"}}],"inLanguage":"es"},{"@type":"Organization","@id":"http:\/\/igfergon.com.mx\/#organization","name":"El sitio del P. Ignacio Fern\u00e1ndez Gonz\u00e1lez","url":"http:\/\/igfergon.com.mx\/","logo":{"@type":"ImageObject","inLanguage":"es","@id":"http:\/\/igfergon.com.mx\/#\/schema\/logo\/image\/","url":"http:\/\/igfergon.com.mx\/wp-content\/uploads\/2018\/09\/cropped-ORDNACION02-2.jpg","contentUrl":"http:\/\/igfergon.com.mx\/wp-content\/uploads\/2018\/09\/cropped-ORDNACION02-2.jpg","width":250,"height":250,"caption":"El sitio del P. Ignacio Fern\u00e1ndez Gonz\u00e1lez"},"image":{"@id":"http:\/\/igfergon.com.mx\/#\/schema\/logo\/image\/"},"sameAs":["https:\/\/www.facebook.com\/"]},{"@type":"Person","@id":"http:\/\/igfergon.com.mx\/#\/schema\/person\/b42517895faefafe2a81218226d90957","name":"igfergon.com.mx","image":{"@type":"ImageObject","inLanguage":"es","@id":"http:\/\/igfergon.com.mx\/#\/schema\/person\/image\/","url":"https:\/\/secure.gravatar.com\/avatar\/9fd60c5591f2c6b18e76a917a69f35b0732f8532b3679d0132b3503b545db7a6?s=96&d=mm&r=g","contentUrl":"https:\/\/secure.gravatar.com\/avatar\/9fd60c5591f2c6b18e76a917a69f35b0732f8532b3679d0132b3503b545db7a6?s=96&d=mm&r=g","caption":"igfergon.com.mx"},"url":"http:\/\/igfergon.com.mx\/?author=1"}]}},"_links":{"self":[{"href":"http:\/\/igfergon.com.mx\/index.php?rest_route=\/wp\/v2\/posts\/5834","targetHints":{"allow":["GET"]}}],"collection":[{"href":"http:\/\/igfergon.com.mx\/index.php?rest_route=\/wp\/v2\/posts"}],"about":[{"href":"http:\/\/igfergon.com.mx\/index.php?rest_route=\/wp\/v2\/types\/post"}],"author":[{"embeddable":true,"href":"http:\/\/igfergon.com.mx\/index.php?rest_route=\/wp\/v2\/users\/1"}],"replies":[{"embeddable":true,"href":"http:\/\/igfergon.com.mx\/index.php?rest_route=%2Fwp%2Fv2%2Fcomments&post=5834"}],"version-history":[{"count":1,"href":"http:\/\/igfergon.com.mx\/index.php?rest_route=\/wp\/v2\/posts\/5834\/revisions"}],"predecessor-version":[{"id":5836,"href":"http:\/\/igfergon.com.mx\/index.php?rest_route=\/wp\/v2\/posts\/5834\/revisions\/5836"}],"wp:attachment":[{"href":"http:\/\/igfergon.com.mx\/index.php?rest_route=%2Fwp%2Fv2%2Fmedia&parent=5834"}],"wp:term":[{"taxonomy":"category","embeddable":true,"href":"http:\/\/igfergon.com.mx\/index.php?rest_route=%2Fwp%2Fv2%2Fcategories&post=5834"},{"taxonomy":"post_tag","embeddable":true,"href":"http:\/\/igfergon.com.mx\/index.php?rest_route=%2Fwp%2Fv2%2Ftags&post=5834"}],"curies":[{"name":"wp","href":"https:\/\/api.w.org\/{rel}","templated":true}]}}