{"id":5837,"date":"2025-12-15T11:08:04","date_gmt":"2025-12-15T09:08:04","guid":{"rendered":"http:\/\/igfergon.com.mx\/?p=5837"},"modified":"2025-12-15T11:08:07","modified_gmt":"2025-12-15T09:08:07","slug":"lunes-de-la-iii-semana-de-adviento-4","status":"publish","type":"post","link":"http:\/\/igfergon.com.mx\/?p=5837","title":{"rendered":"Lunes de la III Semana de Adviento"},"content":{"rendered":"<div class=\"wp-block-image\">\n<figure class=\"aligncenter size-full\"><img loading=\"lazy\" decoding=\"async\" width=\"327\" height=\"154\" src=\"http:\/\/igfergon.com.mx\/wp-content\/uploads\/2025\/12\/Lunes-3SA.jpg\" alt=\"\" class=\"wp-image-5838\" srcset=\"http:\/\/igfergon.com.mx\/wp-content\/uploads\/2025\/12\/Lunes-3SA.jpg 327w, http:\/\/igfergon.com.mx\/wp-content\/uploads\/2025\/12\/Lunes-3SA-300x141.jpg 300w, http:\/\/igfergon.com.mx\/wp-content\/uploads\/2025\/12\/Lunes-3SA-200x94.jpg 200w\" sizes=\"auto, (max-width: 327px) 100vw, 327px\" \/><\/figure>\n<\/div>\n\n\n<h4 class=\"wp-block-heading\">N\u00fam 24, 2-7. 15-17<\/h4>\n\n\n\n<p>En la primera lectura escuchamos una profec\u00eda muy singular.&nbsp; Se trata de un profeta, es decir, de alguien que inspirado por Dios habla en su nombre; pero no es un profeta del pueblo de Israel, sino que es un extranjero y, en el caso, enviado en contra de Israel.&nbsp; Se trata de un profeta originario de Siria.&nbsp; Israel se va adue\u00f1ando de la tierra prometida; el rey de Moab, temiendo ser atacado, mand\u00f3 traer al profeta y le encarg\u00f3 que maldijera a Israel para alejarlo de sus dominios, pero los or\u00e1culos del profeta fueron de bendici\u00f3n y no de maldici\u00f3n.&nbsp;<\/p>\n\n\n\n<p>El rey Balaq le dec\u00eda: <strong>\u201cya que no los maldices, por lo menos no los bendigas\u201d Respondi\u00f3<\/strong> Balaam: <strong>\u201c\u00bfNo te he dicho que hago todo lo que me dice Dios?\u201d<\/strong><\/p>\n\n\n\n<p>Colocado el profeta en un lugar desde donde pod\u00eda ver a todo el ej\u00e9rcito de Israel acampado, pronunci\u00f3 el bell\u00edsimo or\u00e1culo que acabamos de escuchar.&nbsp; Este or\u00e1culo, la tradici\u00f3n cristiana lo ha visto como mesi\u00e1nico.&nbsp; La imagen de la estrella\u2014la luz\u2014y el centro\u2014el poder\u2014, dominan todo el or\u00e1culo que va a encontrar su perfecci\u00f3n en la promesa del \u00e1ngel: <strong>\u201c\u00c9l ser\u00e1 grande y ser\u00e1 llamado Hijo del Alt\u00edsimo, y el Se\u00f1or Dios le dar\u00e1 el trono de David, su padre; reinar\u00e1 sobre la casa de Jacob por los siglos y su reino no tendr\u00e1 fin\u201d.<\/strong><\/p>\n\n\n\n<h4 class=\"wp-block-heading\">Mt 21, 23-27<\/h4>\n\n\n\n<p>Jes\u00fas exhortaba a la gente, la curaba, ense\u00f1aba y hac\u00eda milagros, y eso pon\u00eda nerviosos a los jefes de los sacerdotes, porque con su dulzura y entrega al pueblo atra\u00eda a todos a s\u00ed. Mientras que ellos, los funcionarios, eran respetados por la gente, pero no se les acercaban porque no confiaban en ellos. Entonces se ponen de acuerdo para poner acorralar a Jes\u00fas. Y le preguntan: \u201c\u00bfCon qu\u00e9 autoridad haces t\u00fa estas cosas? Porque no eres sacerdote, ni doctor de la ley, no has estudiado en nuestras universidades. No eres nadie\u201d. Jes\u00fas, con inteligencia, responde con otra pregunta y pone a los jefes de los sacerdotes contra la esquina, preguntando si Juan el Bautista bautizaba con una autoridad que le ven\u00eda del cielo, es decir de Dios o de los hombres. Mateo describe su razonamiento. \u00abSi decimos \u201cdel cielo\u201d, nos dir\u00e1: \u201c\u00bfPor qu\u00e9 no le hab\u00e9is cre\u00eddo?\u201d Si le decimos \u201cde los hombres\u201d, tememos a la gente; porque todos tienen a Juan por profeta\u00bb. Y se lavan las manos y dicen: \u00abNo sabemos\u00bb. Esa es la actitud de los mediocres, de los embusteros de la fe. No solo Pilato se lav\u00f3 las manos; tambi\u00e9n estos se lavan las manos: \u00abNo sabemos\u00bb. No entrar en la historia de los hombres, no involucrarse en los problemas, no luchar para hacer el bien, no luchar para curar a tanta gente que lo necesita\u2026 \u201cMejor no. No nos manchamos\u201d. Y responde Jes\u00fas con la misma m\u00fasica: \u00abPues tampoco yo os digo con qu\u00e9 autoridad hago esto\u00bb. Estas son dos actitudes de los cristianos tibios, de nosotros \u2013como dec\u00eda mi abuela\u2013 cristianos flojos; cristianos sin consistencia. Una actitud es dejar arrinconar a Dios: \u201cO me haces esto o no ir\u00e9 m\u00e1s a la iglesia\u201d. \u00bfY qu\u00e9 responde Jes\u00fas?: \u201cPues adelante, all\u00e1 t\u00fa, arr\u00e9glatelas c\u00f3mo puedas\u201d.<\/p>\n\n\n\n<p>\u00a0La otra actitud de los cristianos tibios es lavarse las manos, como los disc\u00edpulos de Ema\u00fas aquella ma\u00f1ana de la Resurrecci\u00f3n. Ven a las mujeres tan contentas porque hab\u00edan visto al Se\u00f1or, pero no se f\u00edan, porque las mujeres son demasiado fantasiosas, y se lavan las manos. As\u00ed entran en la hermandad \u201cde San Pilato\u201d. Tantos cristianos se lavan las manos ante los retos de la cultura, de la historia, de las personas de nuestro tiempo; tambi\u00e9n ante los desaf\u00edos m\u00e1s peque\u00f1os. Cu\u00e1ntas veces o\u00edmos al cristiano taca\u00f1o ante una persona que pide limosna y no la da: \u201cNo, no yo no doy porque luego se emborrachan\u201d. Se lavan las manos. \u201cYo no quiero que la gente se emborrache y no doy limosna\u201d. Pero no tiene para comer. \u201cEse es su problema: yo no quiero que se emborrache\u201d. Lo o\u00edmos tantas veces, muchas.\u00a0Dejar a Dios en una esquina y lavarse las manos son dos actitudes peligrosas, porque es como desafiar a Dios. Pensemos qu\u00e9 pasar\u00eda si el Se\u00f1or nos dejase en una esquina. Jam\u00e1s entrar\u00edamos en el para\u00edso. \u00bfY qu\u00e9 pasar\u00eda si el Se\u00f1or se lavase las manos con nosotros? \u00a1Pobrecillos!<\/p>\n\n\n\n<p>\u00a0Son dos actitudes hip\u00f3critas de educados. \u201cNo, eso no. Yo no me meto\u201d, y arrinconan a la gente, porque es gente sucia: \u201cyo ante eso me lavo las manos porque son cosas suyas\u201d. Veamos si en nosotros hay algo del g\u00e9nero y si lo hay, expulsemos esas actitudes para dejar sitio al Se\u00f1or que viene.<\/p>\n","protected":false},"excerpt":{"rendered":"<p>N\u00fam 24, 2-7. 15-17 En la primera lectura escuchamos una profec\u00eda muy singular.&nbsp; Se trata de un profeta, es decir, de alguien que inspirado por Dios habla en su nombre; pero no es un profeta del pueblo de Israel, sino que es un extranjero y, en el caso, enviado en contra de Israel.&nbsp; Se trata &hellip; <\/p>\n<p class=\"link-more\"><a href=\"http:\/\/igfergon.com.mx\/?p=5837\" class=\"more-link\">Continuar leyendo<span class=\"screen-reader-text\"> \u00abLunes de la III Semana de Adviento\u00bb<\/span><\/a><\/p>\n","protected":false},"author":1,"featured_media":0,"comment_status":"closed","ping_status":"closed","sticky":false,"template":"","format":"standard","meta":{"footnotes":""},"categories":[13,14,10,1],"tags":[69,8,6,7,220],"class_list":["post-5837","post","type-post","status-publish","format-standard","hentry","category-comentario-al-evangelio","category-homilia","category-homilia-diaria","category-uncategorized","tag-comentario-al-evangelio-2","tag-homilia","tag-homilia-diaria","tag-liturgia","tag-lunes-de-la-iii-semana-de-adviento"],"yoast_head":"<!-- This site is optimized with the Yoast SEO plugin v26.0 - https:\/\/yoast.com\/wordpress\/plugins\/seo\/ -->\n<title>Lunes de la III Semana de Adviento - El sitio del P. Ignacio Fern\u00e1ndez Gonz\u00e1lez<\/title>\n<meta name=\"robots\" content=\"index, follow, max-snippet:-1, max-image-preview:large, max-video-preview:-1\" \/>\n<link rel=\"canonical\" href=\"http:\/\/igfergon.com.mx\/?p=5837\" \/>\n<meta property=\"og:locale\" content=\"es_ES\" \/>\n<meta property=\"og:type\" content=\"article\" \/>\n<meta property=\"og:title\" content=\"Lunes de la III Semana de Adviento - El sitio del P. Ignacio Fern\u00e1ndez Gonz\u00e1lez\" \/>\n<meta property=\"og:description\" content=\"N\u00fam 24, 2-7. 15-17 En la primera lectura escuchamos una profec\u00eda muy singular.&nbsp; Se trata de un profeta, es decir, de alguien que inspirado por Dios habla en su nombre; pero no es un profeta del pueblo de Israel, sino que es un extranjero y, en el caso, enviado en contra de Israel.&nbsp; Se trata &hellip; Continuar leyendo &quot;Lunes de la III Semana de Adviento&quot;\" \/>\n<meta property=\"og:url\" content=\"http:\/\/igfergon.com.mx\/?p=5837\" \/>\n<meta property=\"og:site_name\" content=\"El sitio del P. Ignacio Fern\u00e1ndez Gonz\u00e1lez\" \/>\n<meta property=\"article:publisher\" content=\"https:\/\/www.facebook.com\/\" \/>\n<meta property=\"article:published_time\" content=\"2025-12-15T09:08:04+00:00\" \/>\n<meta property=\"article:modified_time\" content=\"2025-12-15T09:08:07+00:00\" \/>\n<meta property=\"og:image\" content=\"http:\/\/igfergon.com.mx\/wp-content\/uploads\/2025\/12\/Lunes-3SA.jpg\" \/>\n\t<meta property=\"og:image:width\" content=\"327\" \/>\n\t<meta property=\"og:image:height\" content=\"154\" \/>\n\t<meta property=\"og:image:type\" content=\"image\/jpeg\" \/>\n<meta name=\"author\" content=\"igfergon.com.mx\" \/>\n<meta name=\"twitter:card\" content=\"summary_large_image\" \/>\n<meta name=\"twitter:label1\" content=\"Escrito por\" \/>\n\t<meta name=\"twitter:data1\" content=\"igfergon.com.mx\" \/>\n\t<meta name=\"twitter:label2\" content=\"Tiempo de lectura\" \/>\n\t<meta name=\"twitter:data2\" content=\"4 minutos\" \/>\n<script type=\"application\/ld+json\" class=\"yoast-schema-graph\">{\"@context\":\"https:\/\/schema.org\",\"@graph\":[{\"@type\":\"Article\",\"@id\":\"http:\/\/igfergon.com.mx\/?p=5837#article\",\"isPartOf\":{\"@id\":\"http:\/\/igfergon.com.mx\/?p=5837\"},\"author\":{\"name\":\"igfergon.com.mx\",\"@id\":\"http:\/\/igfergon.com.mx\/#\/schema\/person\/b42517895faefafe2a81218226d90957\"},\"headline\":\"Lunes de la III Semana de Adviento\",\"datePublished\":\"2025-12-15T09:08:04+00:00\",\"dateModified\":\"2025-12-15T09:08:07+00:00\",\"mainEntityOfPage\":{\"@id\":\"http:\/\/igfergon.com.mx\/?p=5837\"},\"wordCount\":855,\"publisher\":{\"@id\":\"http:\/\/igfergon.com.mx\/#organization\"},\"image\":{\"@id\":\"http:\/\/igfergon.com.mx\/?p=5837#primaryimage\"},\"thumbnailUrl\":\"http:\/\/igfergon.com.mx\/wp-content\/uploads\/2025\/12\/Lunes-3SA.jpg\",\"keywords\":[\"comentario al evangelio\",\"Homil\u00eda\",\"homil\u00eda diaria\",\"liturgia\",\"Lunes de la III Semana de Adviento\"],\"articleSection\":[\"comentario al evangelio\",\"homil\u00eda\",\"homil\u00eda diaria\",\"liturgia\"],\"inLanguage\":\"es\"},{\"@type\":\"WebPage\",\"@id\":\"http:\/\/igfergon.com.mx\/?p=5837\",\"url\":\"http:\/\/igfergon.com.mx\/?p=5837\",\"name\":\"Lunes de la III Semana de Adviento - El sitio del P. Ignacio Fern\u00e1ndez Gonz\u00e1lez\",\"isPartOf\":{\"@id\":\"http:\/\/igfergon.com.mx\/#website\"},\"primaryImageOfPage\":{\"@id\":\"http:\/\/igfergon.com.mx\/?p=5837#primaryimage\"},\"image\":{\"@id\":\"http:\/\/igfergon.com.mx\/?p=5837#primaryimage\"},\"thumbnailUrl\":\"http:\/\/igfergon.com.mx\/wp-content\/uploads\/2025\/12\/Lunes-3SA.jpg\",\"datePublished\":\"2025-12-15T09:08:04+00:00\",\"dateModified\":\"2025-12-15T09:08:07+00:00\",\"breadcrumb\":{\"@id\":\"http:\/\/igfergon.com.mx\/?p=5837#breadcrumb\"},\"inLanguage\":\"es\",\"potentialAction\":[{\"@type\":\"ReadAction\",\"target\":[\"http:\/\/igfergon.com.mx\/?p=5837\"]}]},{\"@type\":\"ImageObject\",\"inLanguage\":\"es\",\"@id\":\"http:\/\/igfergon.com.mx\/?p=5837#primaryimage\",\"url\":\"http:\/\/igfergon.com.mx\/wp-content\/uploads\/2025\/12\/Lunes-3SA.jpg\",\"contentUrl\":\"http:\/\/igfergon.com.mx\/wp-content\/uploads\/2025\/12\/Lunes-3SA.jpg\",\"width\":327,\"height\":154},{\"@type\":\"BreadcrumbList\",\"@id\":\"http:\/\/igfergon.com.mx\/?p=5837#breadcrumb\",\"itemListElement\":[{\"@type\":\"ListItem\",\"position\":1,\"name\":\"Portada\",\"item\":\"http:\/\/igfergon.com.mx\/\"},{\"@type\":\"ListItem\",\"position\":2,\"name\":\"Lunes de la III Semana de Adviento\"}]},{\"@type\":\"WebSite\",\"@id\":\"http:\/\/igfergon.com.mx\/#website\",\"url\":\"http:\/\/igfergon.com.mx\/\",\"name\":\"El sitio del P. Ignacio Fern\u00e1ndez Gonz\u00e1lez\",\"description\":\"Para Ayudarte\",\"publisher\":{\"@id\":\"http:\/\/igfergon.com.mx\/#organization\"},\"potentialAction\":[{\"@type\":\"SearchAction\",\"target\":{\"@type\":\"EntryPoint\",\"urlTemplate\":\"http:\/\/igfergon.com.mx\/?s={search_term_string}\"},\"query-input\":{\"@type\":\"PropertyValueSpecification\",\"valueRequired\":true,\"valueName\":\"search_term_string\"}}],\"inLanguage\":\"es\"},{\"@type\":\"Organization\",\"@id\":\"http:\/\/igfergon.com.mx\/#organization\",\"name\":\"El sitio del P. Ignacio Fern\u00e1ndez Gonz\u00e1lez\",\"url\":\"http:\/\/igfergon.com.mx\/\",\"logo\":{\"@type\":\"ImageObject\",\"inLanguage\":\"es\",\"@id\":\"http:\/\/igfergon.com.mx\/#\/schema\/logo\/image\/\",\"url\":\"http:\/\/igfergon.com.mx\/wp-content\/uploads\/2018\/09\/cropped-ORDNACION02-2.jpg\",\"contentUrl\":\"http:\/\/igfergon.com.mx\/wp-content\/uploads\/2018\/09\/cropped-ORDNACION02-2.jpg\",\"width\":250,\"height\":250,\"caption\":\"El sitio del P. Ignacio Fern\u00e1ndez Gonz\u00e1lez\"},\"image\":{\"@id\":\"http:\/\/igfergon.com.mx\/#\/schema\/logo\/image\/\"},\"sameAs\":[\"https:\/\/www.facebook.com\/\"]},{\"@type\":\"Person\",\"@id\":\"http:\/\/igfergon.com.mx\/#\/schema\/person\/b42517895faefafe2a81218226d90957\",\"name\":\"igfergon.com.mx\",\"image\":{\"@type\":\"ImageObject\",\"inLanguage\":\"es\",\"@id\":\"http:\/\/igfergon.com.mx\/#\/schema\/person\/image\/\",\"url\":\"https:\/\/secure.gravatar.com\/avatar\/9fd60c5591f2c6b18e76a917a69f35b0732f8532b3679d0132b3503b545db7a6?s=96&d=mm&r=g\",\"contentUrl\":\"https:\/\/secure.gravatar.com\/avatar\/9fd60c5591f2c6b18e76a917a69f35b0732f8532b3679d0132b3503b545db7a6?s=96&d=mm&r=g\",\"caption\":\"igfergon.com.mx\"},\"url\":\"http:\/\/igfergon.com.mx\/?author=1\"}]}<\/script>\n<!-- \/ Yoast SEO plugin. -->","yoast_head_json":{"title":"Lunes de la III Semana de Adviento - El sitio del P. Ignacio Fern\u00e1ndez Gonz\u00e1lez","robots":{"index":"index","follow":"follow","max-snippet":"max-snippet:-1","max-image-preview":"max-image-preview:large","max-video-preview":"max-video-preview:-1"},"canonical":"http:\/\/igfergon.com.mx\/?p=5837","og_locale":"es_ES","og_type":"article","og_title":"Lunes de la III Semana de Adviento - El sitio del P. Ignacio Fern\u00e1ndez Gonz\u00e1lez","og_description":"N\u00fam 24, 2-7. 15-17 En la primera lectura escuchamos una profec\u00eda muy singular.&nbsp; Se trata de un profeta, es decir, de alguien que inspirado por Dios habla en su nombre; pero no es un profeta del pueblo de Israel, sino que es un extranjero y, en el caso, enviado en contra de Israel.&nbsp; Se trata &hellip; Continuar leyendo \"Lunes de la III Semana de Adviento\"","og_url":"http:\/\/igfergon.com.mx\/?p=5837","og_site_name":"El sitio del P. Ignacio Fern\u00e1ndez Gonz\u00e1lez","article_publisher":"https:\/\/www.facebook.com\/","article_published_time":"2025-12-15T09:08:04+00:00","article_modified_time":"2025-12-15T09:08:07+00:00","og_image":[{"width":327,"height":154,"url":"http:\/\/igfergon.com.mx\/wp-content\/uploads\/2025\/12\/Lunes-3SA.jpg","type":"image\/jpeg"}],"author":"igfergon.com.mx","twitter_card":"summary_large_image","twitter_misc":{"Escrito por":"igfergon.com.mx","Tiempo de lectura":"4 minutos"},"schema":{"@context":"https:\/\/schema.org","@graph":[{"@type":"Article","@id":"http:\/\/igfergon.com.mx\/?p=5837#article","isPartOf":{"@id":"http:\/\/igfergon.com.mx\/?p=5837"},"author":{"name":"igfergon.com.mx","@id":"http:\/\/igfergon.com.mx\/#\/schema\/person\/b42517895faefafe2a81218226d90957"},"headline":"Lunes de la III Semana de Adviento","datePublished":"2025-12-15T09:08:04+00:00","dateModified":"2025-12-15T09:08:07+00:00","mainEntityOfPage":{"@id":"http:\/\/igfergon.com.mx\/?p=5837"},"wordCount":855,"publisher":{"@id":"http:\/\/igfergon.com.mx\/#organization"},"image":{"@id":"http:\/\/igfergon.com.mx\/?p=5837#primaryimage"},"thumbnailUrl":"http:\/\/igfergon.com.mx\/wp-content\/uploads\/2025\/12\/Lunes-3SA.jpg","keywords":["comentario al evangelio","Homil\u00eda","homil\u00eda diaria","liturgia","Lunes de la III Semana de Adviento"],"articleSection":["comentario al evangelio","homil\u00eda","homil\u00eda diaria","liturgia"],"inLanguage":"es"},{"@type":"WebPage","@id":"http:\/\/igfergon.com.mx\/?p=5837","url":"http:\/\/igfergon.com.mx\/?p=5837","name":"Lunes de la III Semana de Adviento - El sitio del P. Ignacio Fern\u00e1ndez Gonz\u00e1lez","isPartOf":{"@id":"http:\/\/igfergon.com.mx\/#website"},"primaryImageOfPage":{"@id":"http:\/\/igfergon.com.mx\/?p=5837#primaryimage"},"image":{"@id":"http:\/\/igfergon.com.mx\/?p=5837#primaryimage"},"thumbnailUrl":"http:\/\/igfergon.com.mx\/wp-content\/uploads\/2025\/12\/Lunes-3SA.jpg","datePublished":"2025-12-15T09:08:04+00:00","dateModified":"2025-12-15T09:08:07+00:00","breadcrumb":{"@id":"http:\/\/igfergon.com.mx\/?p=5837#breadcrumb"},"inLanguage":"es","potentialAction":[{"@type":"ReadAction","target":["http:\/\/igfergon.com.mx\/?p=5837"]}]},{"@type":"ImageObject","inLanguage":"es","@id":"http:\/\/igfergon.com.mx\/?p=5837#primaryimage","url":"http:\/\/igfergon.com.mx\/wp-content\/uploads\/2025\/12\/Lunes-3SA.jpg","contentUrl":"http:\/\/igfergon.com.mx\/wp-content\/uploads\/2025\/12\/Lunes-3SA.jpg","width":327,"height":154},{"@type":"BreadcrumbList","@id":"http:\/\/igfergon.com.mx\/?p=5837#breadcrumb","itemListElement":[{"@type":"ListItem","position":1,"name":"Portada","item":"http:\/\/igfergon.com.mx\/"},{"@type":"ListItem","position":2,"name":"Lunes de la III Semana de Adviento"}]},{"@type":"WebSite","@id":"http:\/\/igfergon.com.mx\/#website","url":"http:\/\/igfergon.com.mx\/","name":"El sitio del P. Ignacio Fern\u00e1ndez Gonz\u00e1lez","description":"Para Ayudarte","publisher":{"@id":"http:\/\/igfergon.com.mx\/#organization"},"potentialAction":[{"@type":"SearchAction","target":{"@type":"EntryPoint","urlTemplate":"http:\/\/igfergon.com.mx\/?s={search_term_string}"},"query-input":{"@type":"PropertyValueSpecification","valueRequired":true,"valueName":"search_term_string"}}],"inLanguage":"es"},{"@type":"Organization","@id":"http:\/\/igfergon.com.mx\/#organization","name":"El sitio del P. Ignacio Fern\u00e1ndez Gonz\u00e1lez","url":"http:\/\/igfergon.com.mx\/","logo":{"@type":"ImageObject","inLanguage":"es","@id":"http:\/\/igfergon.com.mx\/#\/schema\/logo\/image\/","url":"http:\/\/igfergon.com.mx\/wp-content\/uploads\/2018\/09\/cropped-ORDNACION02-2.jpg","contentUrl":"http:\/\/igfergon.com.mx\/wp-content\/uploads\/2018\/09\/cropped-ORDNACION02-2.jpg","width":250,"height":250,"caption":"El sitio del P. Ignacio Fern\u00e1ndez Gonz\u00e1lez"},"image":{"@id":"http:\/\/igfergon.com.mx\/#\/schema\/logo\/image\/"},"sameAs":["https:\/\/www.facebook.com\/"]},{"@type":"Person","@id":"http:\/\/igfergon.com.mx\/#\/schema\/person\/b42517895faefafe2a81218226d90957","name":"igfergon.com.mx","image":{"@type":"ImageObject","inLanguage":"es","@id":"http:\/\/igfergon.com.mx\/#\/schema\/person\/image\/","url":"https:\/\/secure.gravatar.com\/avatar\/9fd60c5591f2c6b18e76a917a69f35b0732f8532b3679d0132b3503b545db7a6?s=96&d=mm&r=g","contentUrl":"https:\/\/secure.gravatar.com\/avatar\/9fd60c5591f2c6b18e76a917a69f35b0732f8532b3679d0132b3503b545db7a6?s=96&d=mm&r=g","caption":"igfergon.com.mx"},"url":"http:\/\/igfergon.com.mx\/?author=1"}]}},"_links":{"self":[{"href":"http:\/\/igfergon.com.mx\/index.php?rest_route=\/wp\/v2\/posts\/5837","targetHints":{"allow":["GET"]}}],"collection":[{"href":"http:\/\/igfergon.com.mx\/index.php?rest_route=\/wp\/v2\/posts"}],"about":[{"href":"http:\/\/igfergon.com.mx\/index.php?rest_route=\/wp\/v2\/types\/post"}],"author":[{"embeddable":true,"href":"http:\/\/igfergon.com.mx\/index.php?rest_route=\/wp\/v2\/users\/1"}],"replies":[{"embeddable":true,"href":"http:\/\/igfergon.com.mx\/index.php?rest_route=%2Fwp%2Fv2%2Fcomments&post=5837"}],"version-history":[{"count":1,"href":"http:\/\/igfergon.com.mx\/index.php?rest_route=\/wp\/v2\/posts\/5837\/revisions"}],"predecessor-version":[{"id":5839,"href":"http:\/\/igfergon.com.mx\/index.php?rest_route=\/wp\/v2\/posts\/5837\/revisions\/5839"}],"wp:attachment":[{"href":"http:\/\/igfergon.com.mx\/index.php?rest_route=%2Fwp%2Fv2%2Fmedia&parent=5837"}],"wp:term":[{"taxonomy":"category","embeddable":true,"href":"http:\/\/igfergon.com.mx\/index.php?rest_route=%2Fwp%2Fv2%2Fcategories&post=5837"},{"taxonomy":"post_tag","embeddable":true,"href":"http:\/\/igfergon.com.mx\/index.php?rest_route=%2Fwp%2Fv2%2Ftags&post=5837"}],"curies":[{"name":"wp","href":"https:\/\/api.w.org\/{rel}","templated":true}]}}