{"id":5844,"date":"2025-12-16T10:51:29","date_gmt":"2025-12-16T08:51:29","guid":{"rendered":"http:\/\/igfergon.com.mx\/?p=5844"},"modified":"2025-12-16T10:51:31","modified_gmt":"2025-12-16T08:51:31","slug":"martes-de-la-iii-semana-de-adviento-4","status":"publish","type":"post","link":"http:\/\/igfergon.com.mx\/?p=5844","title":{"rendered":"Martes de la III Semana de Adviento"},"content":{"rendered":"<div class=\"wp-block-image\">\n<figure class=\"aligncenter size-full\"><img loading=\"lazy\" decoding=\"async\" width=\"300\" height=\"147\" src=\"http:\/\/igfergon.com.mx\/wp-content\/uploads\/2025\/12\/Martes-3SA.jpg\" alt=\"\" class=\"wp-image-5845\" srcset=\"http:\/\/igfergon.com.mx\/wp-content\/uploads\/2025\/12\/Martes-3SA.jpg 300w, http:\/\/igfergon.com.mx\/wp-content\/uploads\/2025\/12\/Martes-3SA-200x98.jpg 200w\" sizes=\"auto, (max-width: 300px) 100vw, 300px\" \/><\/figure>\n<\/div>\n\n\n<p><strong>Sof. 3, 1-2. 9-13.<\/strong><\/p>\n\n\n\n<p>El Se\u00f1or nos dice por medio del profeta Isa\u00edas: \u00abAs\u00ed como bajan la lluvia y la nieve del cielo, y no vuelven all\u00e1 sino despu\u00e9s de haber fecundado la tierra y de hacerla producir frutos abundantes, as\u00ed ser\u00e1 la Palabra que salga de mi boca, no volver\u00e1 a m\u00ed con las manos vac\u00edas.\u00bb Solamente nosotros tenemos el poder de hacer in\u00fatil esa Palabra de Dios por cerrarnos en nuestros ego\u00edsmos, maldades, miserias y pecados. Entonces la Encarnaci\u00f3n del Hijo de Dios, como Salvador nuestro, dejar\u00eda de ser eficaz para nosotros, y ser\u00edamos dignos de que el Se\u00f1or nos reprendiera, como hoy lo hace por medio del profeta Sofon\u00edas, diciendo: \u00abAy de la ciudad rebelde y opresora, que no ha escuchado la voz, ni aceptado la correcci\u00f3n; que no ha confiado en el Se\u00f1or ni vuelto a su Dios.\u00bb<\/p>\n\n\n\n<p>Mas no por eso pensemos que el Se\u00f1or nos ha abandonado; \u00c9l contin\u00faa am\u00e1ndonos e invit\u00e1ndonos a volver a \u00c9l, rico en misericordia y siempre dispuesto a perdonarnos. Efectivamente, Dios no envi\u00f3 a su propio Hijo para condenar al mundo, sino para que el mundo se salve por \u00c9l. Si el pecador se arrepiente y se convierte, encontrar\u00e1 en Cristo la salvaci\u00f3n. Por muy grandes que sean los pecados del hombre, Dios le llama continuamente a la conversi\u00f3n y le ofrece su perd\u00f3n. Por eso, los que hemos depositado nuestra fe y nuestra esperanza en el Se\u00f1or, hemos de confiar en \u00c9l, en su amor, en su bondad, en su misericordia, pues siempre est\u00e1 dispuesto a quitar de en medio de nosotros el orgullo, la soberbia y cualquier otra clase de maldad. Por eso, si en verdad ha llegado a nosotros la salvaci\u00f3n de Dios, manifest\u00e9mosla mediante nuestras buenas obras, pues s\u00f3lo por medio de ellas expresamos, de un modo externo, nuestro amor fiel a la voluntad de Dios sobre cada uno de nosotros.<\/p>\n\n\n\n<h4 class=\"wp-block-heading\">Mt 21, 28-32<\/h4>\n\n\n\n<p>Hoy la ense\u00f1anza de Jes\u00fas se basa en la figura de Juan el Bautista, pero a\u00f1ade adem\u00e1s una par\u00e1bola para que a todos nos quede claro que es lo que pretende.&nbsp; Con la comparaci\u00f3n del comportamiento de dos hijos, nos manifiesta que a Dios le interesa, no tanto, lo que se dice, sino lo que se hace.<\/p>\n\n\n\n<p>Las palabras que no corresponden a la vida no sirven para nada; los actos que no son coherentes con la predicaci\u00f3n, borran las m\u00e1s bellas palabras y deslucen los m\u00e1s bellos pensamientos.&nbsp;<\/p>\n\n\n\n<p>Pero en estos tiempos de tanta comunicaci\u00f3n es f\u00e1cil escondernos en aparentes compromisos, en publicadas acciones o en la simulaci\u00f3n de una entrega.<\/p>\n\n\n\n<p>Para Cristo, bas\u00e1ndose en la figura de Juan, todo esto es basura.&nbsp; El reclamo que les hace a los sumos sacerdotes y a los ancianos del pueblo, parece que nos alcanza tambi\u00e9n a muchos de nosotros: hablamos, prometemos, aparentamos, pero no cumplimos.<\/p>\n\n\n\n<p>Cuantas veces hemos o\u00eddo compromisos de luchar contra la corrupci\u00f3n, cuantos descalabros hemos tenido porque despu\u00e9s de haber aparentado una administraci\u00f3n honorable, descubrimos las grandes estafas.<\/p>\n\n\n\n<p>Los que nos llamamos cristianos, \u00bfrealmente estamos comprometiendo nuestra vida en el seguimiento de Jes\u00fas?&nbsp; Suenan duras las palabras de Jes\u00fas si las tomamos en su verdadero sentido: \u201clos publicanos y las prostitutas se nos han adelantado en el camino del Reino de Dios\u201d, y da la raz\u00f3n muy clara: \u201cporque vino Juan y predic\u00f3 el camino de la justicia y no le creyeron\u201d<\/p>\n\n\n\n<p>La coherencia de Juan es un fuerte reclamo a nuestras incoherencias.&nbsp; Ya dec\u00eda en la primera lectura el profeta Sofon\u00edas: \u201cAy de la ciudad rebelde y contaminada, de la ciudad potente y opresora, no ha escuchado la voz ni ha aceptado correcci\u00f3n, no ha confiado en el Se\u00f1or\u201d<\/p>\n\n\n\n<p>Claro que anuncia un nuevo d\u00eda, pero al igual que Juan el Bautista, exige conversi\u00f3n.&nbsp; Adviento tiempo de conversi\u00f3n. \u00bfRealmente lo estamos viviendo como un tiempo de cambio, de conversi\u00f3n, de volvernos hacia Dios en un camino de justicia?<\/p>\n\n\n\n<p><\/p>\n","protected":false},"excerpt":{"rendered":"<p>Sof. 3, 1-2. 9-13. El Se\u00f1or nos dice por medio del profeta Isa\u00edas: \u00abAs\u00ed como bajan la lluvia y la nieve del cielo, y no vuelven all\u00e1 sino despu\u00e9s de haber fecundado la tierra y de hacerla producir frutos abundantes, as\u00ed ser\u00e1 la Palabra que salga de mi boca, no volver\u00e1 a m\u00ed con las &hellip; <\/p>\n<p class=\"link-more\"><a href=\"http:\/\/igfergon.com.mx\/?p=5844\" class=\"more-link\">Continuar leyendo<span class=\"screen-reader-text\"> \u00abMartes de la III Semana de Adviento\u00bb<\/span><\/a><\/p>\n","protected":false},"author":1,"featured_media":0,"comment_status":"closed","ping_status":"closed","sticky":false,"template":"","format":"standard","meta":{"footnotes":""},"categories":[13,14,10,1],"tags":[69,8,7,222],"class_list":["post-5844","post","type-post","status-publish","format-standard","hentry","category-comentario-al-evangelio","category-homilia","category-homilia-diaria","category-uncategorized","tag-comentario-al-evangelio-2","tag-homilia","tag-liturgia","tag-martes-de-la-iii-semana-de-adviento"],"yoast_head":"<!-- This site is optimized with the Yoast SEO plugin v26.0 - https:\/\/yoast.com\/wordpress\/plugins\/seo\/ -->\n<title>Martes de la III Semana de Adviento - El sitio del P. Ignacio Fern\u00e1ndez Gonz\u00e1lez<\/title>\n<meta name=\"robots\" content=\"index, follow, max-snippet:-1, max-image-preview:large, max-video-preview:-1\" \/>\n<link rel=\"canonical\" href=\"http:\/\/igfergon.com.mx\/?p=5844\" \/>\n<meta property=\"og:locale\" content=\"es_ES\" \/>\n<meta property=\"og:type\" content=\"article\" \/>\n<meta property=\"og:title\" content=\"Martes de la III Semana de Adviento - El sitio del P. Ignacio Fern\u00e1ndez Gonz\u00e1lez\" \/>\n<meta property=\"og:description\" content=\"Sof. 3, 1-2. 9-13. El Se\u00f1or nos dice por medio del profeta Isa\u00edas: \u00abAs\u00ed como bajan la lluvia y la nieve del cielo, y no vuelven all\u00e1 sino despu\u00e9s de haber fecundado la tierra y de hacerla producir frutos abundantes, as\u00ed ser\u00e1 la Palabra que salga de mi boca, no volver\u00e1 a m\u00ed con las &hellip; Continuar leyendo &quot;Martes de la III Semana de Adviento&quot;\" \/>\n<meta property=\"og:url\" content=\"http:\/\/igfergon.com.mx\/?p=5844\" \/>\n<meta property=\"og:site_name\" content=\"El sitio del P. Ignacio Fern\u00e1ndez Gonz\u00e1lez\" \/>\n<meta property=\"article:publisher\" content=\"https:\/\/www.facebook.com\/\" \/>\n<meta property=\"article:published_time\" content=\"2025-12-16T08:51:29+00:00\" \/>\n<meta property=\"article:modified_time\" content=\"2025-12-16T08:51:31+00:00\" \/>\n<meta property=\"og:image\" content=\"http:\/\/igfergon.com.mx\/wp-content\/uploads\/2025\/12\/Martes-3SA.jpg\" \/>\n\t<meta property=\"og:image:width\" content=\"300\" \/>\n\t<meta property=\"og:image:height\" content=\"147\" \/>\n\t<meta property=\"og:image:type\" content=\"image\/jpeg\" \/>\n<meta name=\"author\" content=\"igfergon.com.mx\" \/>\n<meta name=\"twitter:card\" content=\"summary_large_image\" \/>\n<meta name=\"twitter:label1\" content=\"Escrito por\" \/>\n\t<meta name=\"twitter:data1\" content=\"igfergon.com.mx\" \/>\n\t<meta name=\"twitter:label2\" content=\"Tiempo de lectura\" \/>\n\t<meta name=\"twitter:data2\" content=\"4 minutos\" \/>\n<script type=\"application\/ld+json\" class=\"yoast-schema-graph\">{\"@context\":\"https:\/\/schema.org\",\"@graph\":[{\"@type\":\"Article\",\"@id\":\"http:\/\/igfergon.com.mx\/?p=5844#article\",\"isPartOf\":{\"@id\":\"http:\/\/igfergon.com.mx\/?p=5844\"},\"author\":{\"name\":\"igfergon.com.mx\",\"@id\":\"http:\/\/igfergon.com.mx\/#\/schema\/person\/b42517895faefafe2a81218226d90957\"},\"headline\":\"Martes de la III Semana de Adviento\",\"datePublished\":\"2025-12-16T08:51:29+00:00\",\"dateModified\":\"2025-12-16T08:51:31+00:00\",\"mainEntityOfPage\":{\"@id\":\"http:\/\/igfergon.com.mx\/?p=5844\"},\"wordCount\":714,\"publisher\":{\"@id\":\"http:\/\/igfergon.com.mx\/#organization\"},\"image\":{\"@id\":\"http:\/\/igfergon.com.mx\/?p=5844#primaryimage\"},\"thumbnailUrl\":\"http:\/\/igfergon.com.mx\/wp-content\/uploads\/2025\/12\/Martes-3SA.jpg\",\"keywords\":[\"comentario al evangelio\",\"Homil\u00eda\",\"liturgia\",\"Martes de la III Semana de Adviento\"],\"articleSection\":[\"comentario al evangelio\",\"homil\u00eda\",\"homil\u00eda diaria\",\"liturgia\"],\"inLanguage\":\"es\"},{\"@type\":\"WebPage\",\"@id\":\"http:\/\/igfergon.com.mx\/?p=5844\",\"url\":\"http:\/\/igfergon.com.mx\/?p=5844\",\"name\":\"Martes de la III Semana de Adviento - El sitio del P. Ignacio Fern\u00e1ndez Gonz\u00e1lez\",\"isPartOf\":{\"@id\":\"http:\/\/igfergon.com.mx\/#website\"},\"primaryImageOfPage\":{\"@id\":\"http:\/\/igfergon.com.mx\/?p=5844#primaryimage\"},\"image\":{\"@id\":\"http:\/\/igfergon.com.mx\/?p=5844#primaryimage\"},\"thumbnailUrl\":\"http:\/\/igfergon.com.mx\/wp-content\/uploads\/2025\/12\/Martes-3SA.jpg\",\"datePublished\":\"2025-12-16T08:51:29+00:00\",\"dateModified\":\"2025-12-16T08:51:31+00:00\",\"breadcrumb\":{\"@id\":\"http:\/\/igfergon.com.mx\/?p=5844#breadcrumb\"},\"inLanguage\":\"es\",\"potentialAction\":[{\"@type\":\"ReadAction\",\"target\":[\"http:\/\/igfergon.com.mx\/?p=5844\"]}]},{\"@type\":\"ImageObject\",\"inLanguage\":\"es\",\"@id\":\"http:\/\/igfergon.com.mx\/?p=5844#primaryimage\",\"url\":\"http:\/\/igfergon.com.mx\/wp-content\/uploads\/2025\/12\/Martes-3SA.jpg\",\"contentUrl\":\"http:\/\/igfergon.com.mx\/wp-content\/uploads\/2025\/12\/Martes-3SA.jpg\",\"width\":300,\"height\":147},{\"@type\":\"BreadcrumbList\",\"@id\":\"http:\/\/igfergon.com.mx\/?p=5844#breadcrumb\",\"itemListElement\":[{\"@type\":\"ListItem\",\"position\":1,\"name\":\"Portada\",\"item\":\"http:\/\/igfergon.com.mx\/\"},{\"@type\":\"ListItem\",\"position\":2,\"name\":\"Martes de la III Semana de Adviento\"}]},{\"@type\":\"WebSite\",\"@id\":\"http:\/\/igfergon.com.mx\/#website\",\"url\":\"http:\/\/igfergon.com.mx\/\",\"name\":\"El sitio del P. Ignacio Fern\u00e1ndez Gonz\u00e1lez\",\"description\":\"Para Ayudarte\",\"publisher\":{\"@id\":\"http:\/\/igfergon.com.mx\/#organization\"},\"potentialAction\":[{\"@type\":\"SearchAction\",\"target\":{\"@type\":\"EntryPoint\",\"urlTemplate\":\"http:\/\/igfergon.com.mx\/?s={search_term_string}\"},\"query-input\":{\"@type\":\"PropertyValueSpecification\",\"valueRequired\":true,\"valueName\":\"search_term_string\"}}],\"inLanguage\":\"es\"},{\"@type\":\"Organization\",\"@id\":\"http:\/\/igfergon.com.mx\/#organization\",\"name\":\"El sitio del P. Ignacio Fern\u00e1ndez Gonz\u00e1lez\",\"url\":\"http:\/\/igfergon.com.mx\/\",\"logo\":{\"@type\":\"ImageObject\",\"inLanguage\":\"es\",\"@id\":\"http:\/\/igfergon.com.mx\/#\/schema\/logo\/image\/\",\"url\":\"http:\/\/igfergon.com.mx\/wp-content\/uploads\/2018\/09\/cropped-ORDNACION02-2.jpg\",\"contentUrl\":\"http:\/\/igfergon.com.mx\/wp-content\/uploads\/2018\/09\/cropped-ORDNACION02-2.jpg\",\"width\":250,\"height\":250,\"caption\":\"El sitio del P. Ignacio Fern\u00e1ndez Gonz\u00e1lez\"},\"image\":{\"@id\":\"http:\/\/igfergon.com.mx\/#\/schema\/logo\/image\/\"},\"sameAs\":[\"https:\/\/www.facebook.com\/\"]},{\"@type\":\"Person\",\"@id\":\"http:\/\/igfergon.com.mx\/#\/schema\/person\/b42517895faefafe2a81218226d90957\",\"name\":\"igfergon.com.mx\",\"image\":{\"@type\":\"ImageObject\",\"inLanguage\":\"es\",\"@id\":\"http:\/\/igfergon.com.mx\/#\/schema\/person\/image\/\",\"url\":\"https:\/\/secure.gravatar.com\/avatar\/9fd60c5591f2c6b18e76a917a69f35b0732f8532b3679d0132b3503b545db7a6?s=96&d=mm&r=g\",\"contentUrl\":\"https:\/\/secure.gravatar.com\/avatar\/9fd60c5591f2c6b18e76a917a69f35b0732f8532b3679d0132b3503b545db7a6?s=96&d=mm&r=g\",\"caption\":\"igfergon.com.mx\"},\"url\":\"http:\/\/igfergon.com.mx\/?author=1\"}]}<\/script>\n<!-- \/ Yoast SEO plugin. -->","yoast_head_json":{"title":"Martes de la III Semana de Adviento - El sitio del P. Ignacio Fern\u00e1ndez Gonz\u00e1lez","robots":{"index":"index","follow":"follow","max-snippet":"max-snippet:-1","max-image-preview":"max-image-preview:large","max-video-preview":"max-video-preview:-1"},"canonical":"http:\/\/igfergon.com.mx\/?p=5844","og_locale":"es_ES","og_type":"article","og_title":"Martes de la III Semana de Adviento - El sitio del P. Ignacio Fern\u00e1ndez Gonz\u00e1lez","og_description":"Sof. 3, 1-2. 9-13. El Se\u00f1or nos dice por medio del profeta Isa\u00edas: \u00abAs\u00ed como bajan la lluvia y la nieve del cielo, y no vuelven all\u00e1 sino despu\u00e9s de haber fecundado la tierra y de hacerla producir frutos abundantes, as\u00ed ser\u00e1 la Palabra que salga de mi boca, no volver\u00e1 a m\u00ed con las &hellip; Continuar leyendo \"Martes de la III Semana de Adviento\"","og_url":"http:\/\/igfergon.com.mx\/?p=5844","og_site_name":"El sitio del P. Ignacio Fern\u00e1ndez Gonz\u00e1lez","article_publisher":"https:\/\/www.facebook.com\/","article_published_time":"2025-12-16T08:51:29+00:00","article_modified_time":"2025-12-16T08:51:31+00:00","og_image":[{"width":300,"height":147,"url":"http:\/\/igfergon.com.mx\/wp-content\/uploads\/2025\/12\/Martes-3SA.jpg","type":"image\/jpeg"}],"author":"igfergon.com.mx","twitter_card":"summary_large_image","twitter_misc":{"Escrito por":"igfergon.com.mx","Tiempo de lectura":"4 minutos"},"schema":{"@context":"https:\/\/schema.org","@graph":[{"@type":"Article","@id":"http:\/\/igfergon.com.mx\/?p=5844#article","isPartOf":{"@id":"http:\/\/igfergon.com.mx\/?p=5844"},"author":{"name":"igfergon.com.mx","@id":"http:\/\/igfergon.com.mx\/#\/schema\/person\/b42517895faefafe2a81218226d90957"},"headline":"Martes de la III Semana de Adviento","datePublished":"2025-12-16T08:51:29+00:00","dateModified":"2025-12-16T08:51:31+00:00","mainEntityOfPage":{"@id":"http:\/\/igfergon.com.mx\/?p=5844"},"wordCount":714,"publisher":{"@id":"http:\/\/igfergon.com.mx\/#organization"},"image":{"@id":"http:\/\/igfergon.com.mx\/?p=5844#primaryimage"},"thumbnailUrl":"http:\/\/igfergon.com.mx\/wp-content\/uploads\/2025\/12\/Martes-3SA.jpg","keywords":["comentario al evangelio","Homil\u00eda","liturgia","Martes de la III Semana de Adviento"],"articleSection":["comentario al evangelio","homil\u00eda","homil\u00eda diaria","liturgia"],"inLanguage":"es"},{"@type":"WebPage","@id":"http:\/\/igfergon.com.mx\/?p=5844","url":"http:\/\/igfergon.com.mx\/?p=5844","name":"Martes de la III Semana de Adviento - El sitio del P. Ignacio Fern\u00e1ndez Gonz\u00e1lez","isPartOf":{"@id":"http:\/\/igfergon.com.mx\/#website"},"primaryImageOfPage":{"@id":"http:\/\/igfergon.com.mx\/?p=5844#primaryimage"},"image":{"@id":"http:\/\/igfergon.com.mx\/?p=5844#primaryimage"},"thumbnailUrl":"http:\/\/igfergon.com.mx\/wp-content\/uploads\/2025\/12\/Martes-3SA.jpg","datePublished":"2025-12-16T08:51:29+00:00","dateModified":"2025-12-16T08:51:31+00:00","breadcrumb":{"@id":"http:\/\/igfergon.com.mx\/?p=5844#breadcrumb"},"inLanguage":"es","potentialAction":[{"@type":"ReadAction","target":["http:\/\/igfergon.com.mx\/?p=5844"]}]},{"@type":"ImageObject","inLanguage":"es","@id":"http:\/\/igfergon.com.mx\/?p=5844#primaryimage","url":"http:\/\/igfergon.com.mx\/wp-content\/uploads\/2025\/12\/Martes-3SA.jpg","contentUrl":"http:\/\/igfergon.com.mx\/wp-content\/uploads\/2025\/12\/Martes-3SA.jpg","width":300,"height":147},{"@type":"BreadcrumbList","@id":"http:\/\/igfergon.com.mx\/?p=5844#breadcrumb","itemListElement":[{"@type":"ListItem","position":1,"name":"Portada","item":"http:\/\/igfergon.com.mx\/"},{"@type":"ListItem","position":2,"name":"Martes de la III Semana de Adviento"}]},{"@type":"WebSite","@id":"http:\/\/igfergon.com.mx\/#website","url":"http:\/\/igfergon.com.mx\/","name":"El sitio del P. Ignacio Fern\u00e1ndez Gonz\u00e1lez","description":"Para Ayudarte","publisher":{"@id":"http:\/\/igfergon.com.mx\/#organization"},"potentialAction":[{"@type":"SearchAction","target":{"@type":"EntryPoint","urlTemplate":"http:\/\/igfergon.com.mx\/?s={search_term_string}"},"query-input":{"@type":"PropertyValueSpecification","valueRequired":true,"valueName":"search_term_string"}}],"inLanguage":"es"},{"@type":"Organization","@id":"http:\/\/igfergon.com.mx\/#organization","name":"El sitio del P. Ignacio Fern\u00e1ndez Gonz\u00e1lez","url":"http:\/\/igfergon.com.mx\/","logo":{"@type":"ImageObject","inLanguage":"es","@id":"http:\/\/igfergon.com.mx\/#\/schema\/logo\/image\/","url":"http:\/\/igfergon.com.mx\/wp-content\/uploads\/2018\/09\/cropped-ORDNACION02-2.jpg","contentUrl":"http:\/\/igfergon.com.mx\/wp-content\/uploads\/2018\/09\/cropped-ORDNACION02-2.jpg","width":250,"height":250,"caption":"El sitio del P. Ignacio Fern\u00e1ndez Gonz\u00e1lez"},"image":{"@id":"http:\/\/igfergon.com.mx\/#\/schema\/logo\/image\/"},"sameAs":["https:\/\/www.facebook.com\/"]},{"@type":"Person","@id":"http:\/\/igfergon.com.mx\/#\/schema\/person\/b42517895faefafe2a81218226d90957","name":"igfergon.com.mx","image":{"@type":"ImageObject","inLanguage":"es","@id":"http:\/\/igfergon.com.mx\/#\/schema\/person\/image\/","url":"https:\/\/secure.gravatar.com\/avatar\/9fd60c5591f2c6b18e76a917a69f35b0732f8532b3679d0132b3503b545db7a6?s=96&d=mm&r=g","contentUrl":"https:\/\/secure.gravatar.com\/avatar\/9fd60c5591f2c6b18e76a917a69f35b0732f8532b3679d0132b3503b545db7a6?s=96&d=mm&r=g","caption":"igfergon.com.mx"},"url":"http:\/\/igfergon.com.mx\/?author=1"}]}},"_links":{"self":[{"href":"http:\/\/igfergon.com.mx\/index.php?rest_route=\/wp\/v2\/posts\/5844","targetHints":{"allow":["GET"]}}],"collection":[{"href":"http:\/\/igfergon.com.mx\/index.php?rest_route=\/wp\/v2\/posts"}],"about":[{"href":"http:\/\/igfergon.com.mx\/index.php?rest_route=\/wp\/v2\/types\/post"}],"author":[{"embeddable":true,"href":"http:\/\/igfergon.com.mx\/index.php?rest_route=\/wp\/v2\/users\/1"}],"replies":[{"embeddable":true,"href":"http:\/\/igfergon.com.mx\/index.php?rest_route=%2Fwp%2Fv2%2Fcomments&post=5844"}],"version-history":[{"count":1,"href":"http:\/\/igfergon.com.mx\/index.php?rest_route=\/wp\/v2\/posts\/5844\/revisions"}],"predecessor-version":[{"id":5846,"href":"http:\/\/igfergon.com.mx\/index.php?rest_route=\/wp\/v2\/posts\/5844\/revisions\/5846"}],"wp:attachment":[{"href":"http:\/\/igfergon.com.mx\/index.php?rest_route=%2Fwp%2Fv2%2Fmedia&parent=5844"}],"wp:term":[{"taxonomy":"category","embeddable":true,"href":"http:\/\/igfergon.com.mx\/index.php?rest_route=%2Fwp%2Fv2%2Fcategories&post=5844"},{"taxonomy":"post_tag","embeddable":true,"href":"http:\/\/igfergon.com.mx\/index.php?rest_route=%2Fwp%2Fv2%2Ftags&post=5844"}],"curies":[{"name":"wp","href":"https:\/\/api.w.org\/{rel}","templated":true}]}}