{"id":5979,"date":"2026-01-21T10:24:22","date_gmt":"2026-01-21T08:24:22","guid":{"rendered":"http:\/\/igfergon.com.mx\/?p=5979"},"modified":"2026-01-21T10:24:25","modified_gmt":"2026-01-21T08:24:25","slug":"miercoles-de-la-ii-semana-ordinaria-2","status":"publish","type":"post","link":"http:\/\/igfergon.com.mx\/?p=5979","title":{"rendered":"Mi\u00e9rcoles de la II Semana Ordinaria"},"content":{"rendered":"<div class=\"wp-block-image\">\n<figure class=\"aligncenter size-full\"><img loading=\"lazy\" decoding=\"async\" width=\"267\" height=\"189\" src=\"http:\/\/igfergon.com.mx\/wp-content\/uploads\/2026\/01\/Miercoles-2SO.jpg\" alt=\"\" class=\"wp-image-5980\" srcset=\"http:\/\/igfergon.com.mx\/wp-content\/uploads\/2026\/01\/Miercoles-2SO.jpg 267w, http:\/\/igfergon.com.mx\/wp-content\/uploads\/2026\/01\/Miercoles-2SO-200x142.jpg 200w\" sizes=\"auto, (max-width: 267px) 100vw, 267px\" \/><\/figure>\n<\/div>\n\n\n<p><strong>1Sam 17,32-33.37.40-51<\/strong><\/p>\n\n\n\n<p>Uno de los grandes errores del mundo de hoy es pensar que puede realizar su vida con sus propias manos: que puede prescindir de Dios, que puede hacer frente a sus problemas sin m\u00e1s ayuda que su d\u00e9bil voluntad. Cree que la t\u00e9cnica, la ciencia y su inteligencia pueden darle la victoria, la alegr\u00eda y la paz.<\/p>\n\n\n\n<p>El pasaje que hemos le\u00eddo nos muestra que esto es un error. Es la fuerza, de Dios, la fe, y el poder del Esp\u00edritu Santo el que salen en defensa nuestra, aun en contra de nuestros m\u00e1s fieros adversarios, como pueden incluso ser nuestras pasiones y debilidades.<\/p>\n\n\n\n<p>Este pasaje nos recuerda lo que hab\u00eda proclamado el salmista: \u00abNo vence el hombre por su mucha fuerza, sino por su confianza y entrega a Dios\u00bb. Si el hombre se acobarda como Sa\u00fal ante sus problemas, es porque como \u00e9l, ha olvidado que tiene como aliado al Se\u00f1or, al Rey del universo para quien todo es posible.<\/p>\n\n\n\n<p>No te dejes atemorizar por tus problemas y dificultades, hazles frente, pero hazlo como David, con la fuerza y el poder de Dios.<\/p>\n\n\n\n<p><strong>Mc 3,1-6<\/strong><\/p>\n\n\n\n<p>Hoy la Palabra de Dios en el Antiguo Testamento nos presenta una escena estremecedora: el enfrentamiento entre David y Goliat. Es todo un s\u00edmbolo de la\u00a0lucha entre el bien y el mal, del que conf\u00eda en Dios o en sus propias fuerzas. \u00bfDe qui\u00e9n ser\u00e1 la victoria? De quien conf\u00eda en Dios, tal como recuerda el salmo: \u201cDios salva a David su siervo\u201d.<\/p>\n\n\n\n<p>En el evangelio de hoy aparece Jes\u00fas curando a un enfermo que ten\u00eda una mano paralizada. Hay un alboroto en la sinagoga donde est\u00e1n reunidos porque esa acci\u00f3n que realiza Jes\u00fas, no est\u00e1 permitido realizarla en el d\u00eda s\u00e1bado. Con esta sanaci\u00f3n Jes\u00fas quiere demostrar a sus oponentes que los excluidos por una falsa interpretaci\u00f3n de la Ley, son el centro de su preocupaci\u00f3n. En su esfuerzo por educar las conciencias Jes\u00fas no escatima explicaciones para hacer reflexionar a quienes le escuchan, a fin de que no se dejen manipular. El que busca la voluntad de Dios nunca se equivoca.<\/p>\n\n\n\n<p>Curar aquella mano paralizada tiene un significado decisivo para el enfermo, pues la mano simboliza nuestra capacidad de trabajar, de construir, pero tambi\u00e9n de dar, de aportar algo, de hacer el bien. Por eso, con este milagro Jes\u00fas curaba mucho m\u00e1s que una mano. Promov\u00eda a esa persona para que pudiera vivir con dignidad y sentirse fecunda en la sociedad. Sin embargo los fariseos eran incapaces de alegrarse por el bien de la persona curada. Esto indign\u00f3 a Jes\u00fas, que los mir\u00f3 lleno de enojo. C\u00f3mo se entristece Jes\u00fas cuando nos volvemos incapaces de alegrarnos por el bien ajeno.<\/p>\n\n\n\n<p>El endurecimiento de los fariseos es tan grande que deciden terminar con Jes\u00fas y eliminarlo. \u00bfEs posible tanta ceguera, tanta maldad? \u00bfC\u00f3mo pueden pensar que honran a Dios impidiendo el bien de una persona que est\u00e1 enferma?<\/p>\n\n\n\n<p>Cristo no ha venido para abolir la antigua ley, sino a darle plenitud. Este pasaje lo deja en evidencia. Los fariseos se molestan porque Cristo hace algo prohibido por la ley. Y Cristo pone de relieve que lo m\u00e1s importante es hacer el bien; en este caso, salvar una vida.<\/p>\n","protected":false},"excerpt":{"rendered":"<p>1Sam 17,32-33.37.40-51 Uno de los grandes errores del mundo de hoy es pensar que puede realizar su vida con sus propias manos: que puede prescindir de Dios, que puede hacer frente a sus problemas sin m\u00e1s ayuda que su d\u00e9bil voluntad. Cree que la t\u00e9cnica, la ciencia y su inteligencia pueden darle la victoria, la &hellip; <\/p>\n<p class=\"link-more\"><a href=\"http:\/\/igfergon.com.mx\/?p=5979\" class=\"more-link\">Continuar leyendo<span class=\"screen-reader-text\"> \u00abMi\u00e9rcoles de la II Semana Ordinaria\u00bb<\/span><\/a><\/p>\n","protected":false},"author":1,"featured_media":0,"comment_status":"closed","ping_status":"closed","sticky":false,"template":"","format":"standard","meta":{"footnotes":""},"categories":[13,14,10,1],"tags":[69,8,6,7,547],"class_list":["post-5979","post","type-post","status-publish","format-standard","hentry","category-comentario-al-evangelio","category-homilia","category-homilia-diaria","category-uncategorized","tag-comentario-al-evangelio-2","tag-homilia","tag-homilia-diaria","tag-liturgia","tag-miercoles-de-la-ii-semana-ordinaria"],"yoast_head":"<!-- This site is optimized with the Yoast SEO plugin v26.0 - https:\/\/yoast.com\/wordpress\/plugins\/seo\/ -->\n<title>Mi\u00e9rcoles de la II Semana Ordinaria - El sitio del P. Ignacio Fern\u00e1ndez Gonz\u00e1lez<\/title>\n<meta name=\"robots\" content=\"index, follow, max-snippet:-1, max-image-preview:large, max-video-preview:-1\" \/>\n<link rel=\"canonical\" href=\"http:\/\/igfergon.com.mx\/?p=5979\" \/>\n<meta property=\"og:locale\" content=\"es_ES\" \/>\n<meta property=\"og:type\" content=\"article\" \/>\n<meta property=\"og:title\" content=\"Mi\u00e9rcoles de la II Semana Ordinaria - El sitio del P. Ignacio Fern\u00e1ndez Gonz\u00e1lez\" \/>\n<meta property=\"og:description\" content=\"1Sam 17,32-33.37.40-51 Uno de los grandes errores del mundo de hoy es pensar que puede realizar su vida con sus propias manos: que puede prescindir de Dios, que puede hacer frente a sus problemas sin m\u00e1s ayuda que su d\u00e9bil voluntad. Cree que la t\u00e9cnica, la ciencia y su inteligencia pueden darle la victoria, la &hellip; Continuar leyendo &quot;Mi\u00e9rcoles de la II Semana Ordinaria&quot;\" \/>\n<meta property=\"og:url\" content=\"http:\/\/igfergon.com.mx\/?p=5979\" \/>\n<meta property=\"og:site_name\" content=\"El sitio del P. Ignacio Fern\u00e1ndez Gonz\u00e1lez\" \/>\n<meta property=\"article:publisher\" content=\"https:\/\/www.facebook.com\/\" \/>\n<meta property=\"article:published_time\" content=\"2026-01-21T08:24:22+00:00\" \/>\n<meta property=\"article:modified_time\" content=\"2026-01-21T08:24:25+00:00\" \/>\n<meta property=\"og:image\" content=\"http:\/\/igfergon.com.mx\/wp-content\/uploads\/2026\/01\/Miercoles-2SO.jpg\" \/>\n\t<meta property=\"og:image:width\" content=\"267\" \/>\n\t<meta property=\"og:image:height\" content=\"189\" \/>\n\t<meta property=\"og:image:type\" content=\"image\/jpeg\" \/>\n<meta name=\"author\" content=\"igfergon.com.mx\" \/>\n<meta name=\"twitter:card\" content=\"summary_large_image\" \/>\n<meta name=\"twitter:label1\" content=\"Escrito por\" \/>\n\t<meta name=\"twitter:data1\" content=\"igfergon.com.mx\" \/>\n\t<meta name=\"twitter:label2\" content=\"Tiempo de lectura\" \/>\n\t<meta name=\"twitter:data2\" content=\"3 minutos\" \/>\n<script type=\"application\/ld+json\" class=\"yoast-schema-graph\">{\"@context\":\"https:\/\/schema.org\",\"@graph\":[{\"@type\":\"Article\",\"@id\":\"http:\/\/igfergon.com.mx\/?p=5979#article\",\"isPartOf\":{\"@id\":\"http:\/\/igfergon.com.mx\/?p=5979\"},\"author\":{\"name\":\"igfergon.com.mx\",\"@id\":\"http:\/\/igfergon.com.mx\/#\/schema\/person\/b42517895faefafe2a81218226d90957\"},\"headline\":\"Mi\u00e9rcoles de la II Semana Ordinaria\",\"datePublished\":\"2026-01-21T08:24:22+00:00\",\"dateModified\":\"2026-01-21T08:24:25+00:00\",\"mainEntityOfPage\":{\"@id\":\"http:\/\/igfergon.com.mx\/?p=5979\"},\"wordCount\":582,\"publisher\":{\"@id\":\"http:\/\/igfergon.com.mx\/#organization\"},\"image\":{\"@id\":\"http:\/\/igfergon.com.mx\/?p=5979#primaryimage\"},\"thumbnailUrl\":\"http:\/\/igfergon.com.mx\/wp-content\/uploads\/2026\/01\/Miercoles-2SO.jpg\",\"keywords\":[\"comentario al evangelio\",\"Homil\u00eda\",\"homil\u00eda diaria\",\"liturgia\",\"Mi\u00e9rcoles de la II Semana Ordinaria\"],\"articleSection\":[\"comentario al evangelio\",\"homil\u00eda\",\"homil\u00eda diaria\",\"liturgia\"],\"inLanguage\":\"es\"},{\"@type\":\"WebPage\",\"@id\":\"http:\/\/igfergon.com.mx\/?p=5979\",\"url\":\"http:\/\/igfergon.com.mx\/?p=5979\",\"name\":\"Mi\u00e9rcoles de la II Semana Ordinaria - El sitio del P. Ignacio Fern\u00e1ndez Gonz\u00e1lez\",\"isPartOf\":{\"@id\":\"http:\/\/igfergon.com.mx\/#website\"},\"primaryImageOfPage\":{\"@id\":\"http:\/\/igfergon.com.mx\/?p=5979#primaryimage\"},\"image\":{\"@id\":\"http:\/\/igfergon.com.mx\/?p=5979#primaryimage\"},\"thumbnailUrl\":\"http:\/\/igfergon.com.mx\/wp-content\/uploads\/2026\/01\/Miercoles-2SO.jpg\",\"datePublished\":\"2026-01-21T08:24:22+00:00\",\"dateModified\":\"2026-01-21T08:24:25+00:00\",\"breadcrumb\":{\"@id\":\"http:\/\/igfergon.com.mx\/?p=5979#breadcrumb\"},\"inLanguage\":\"es\",\"potentialAction\":[{\"@type\":\"ReadAction\",\"target\":[\"http:\/\/igfergon.com.mx\/?p=5979\"]}]},{\"@type\":\"ImageObject\",\"inLanguage\":\"es\",\"@id\":\"http:\/\/igfergon.com.mx\/?p=5979#primaryimage\",\"url\":\"http:\/\/igfergon.com.mx\/wp-content\/uploads\/2026\/01\/Miercoles-2SO.jpg\",\"contentUrl\":\"http:\/\/igfergon.com.mx\/wp-content\/uploads\/2026\/01\/Miercoles-2SO.jpg\",\"width\":267,\"height\":189},{\"@type\":\"BreadcrumbList\",\"@id\":\"http:\/\/igfergon.com.mx\/?p=5979#breadcrumb\",\"itemListElement\":[{\"@type\":\"ListItem\",\"position\":1,\"name\":\"Portada\",\"item\":\"http:\/\/igfergon.com.mx\/\"},{\"@type\":\"ListItem\",\"position\":2,\"name\":\"Mi\u00e9rcoles de la II Semana Ordinaria\"}]},{\"@type\":\"WebSite\",\"@id\":\"http:\/\/igfergon.com.mx\/#website\",\"url\":\"http:\/\/igfergon.com.mx\/\",\"name\":\"El sitio del P. Ignacio Fern\u00e1ndez Gonz\u00e1lez\",\"description\":\"Para Ayudarte\",\"publisher\":{\"@id\":\"http:\/\/igfergon.com.mx\/#organization\"},\"potentialAction\":[{\"@type\":\"SearchAction\",\"target\":{\"@type\":\"EntryPoint\",\"urlTemplate\":\"http:\/\/igfergon.com.mx\/?s={search_term_string}\"},\"query-input\":{\"@type\":\"PropertyValueSpecification\",\"valueRequired\":true,\"valueName\":\"search_term_string\"}}],\"inLanguage\":\"es\"},{\"@type\":\"Organization\",\"@id\":\"http:\/\/igfergon.com.mx\/#organization\",\"name\":\"El sitio del P. Ignacio Fern\u00e1ndez Gonz\u00e1lez\",\"url\":\"http:\/\/igfergon.com.mx\/\",\"logo\":{\"@type\":\"ImageObject\",\"inLanguage\":\"es\",\"@id\":\"http:\/\/igfergon.com.mx\/#\/schema\/logo\/image\/\",\"url\":\"http:\/\/igfergon.com.mx\/wp-content\/uploads\/2018\/09\/cropped-ORDNACION02-2.jpg\",\"contentUrl\":\"http:\/\/igfergon.com.mx\/wp-content\/uploads\/2018\/09\/cropped-ORDNACION02-2.jpg\",\"width\":250,\"height\":250,\"caption\":\"El sitio del P. Ignacio Fern\u00e1ndez Gonz\u00e1lez\"},\"image\":{\"@id\":\"http:\/\/igfergon.com.mx\/#\/schema\/logo\/image\/\"},\"sameAs\":[\"https:\/\/www.facebook.com\/\"]},{\"@type\":\"Person\",\"@id\":\"http:\/\/igfergon.com.mx\/#\/schema\/person\/b42517895faefafe2a81218226d90957\",\"name\":\"igfergon.com.mx\",\"image\":{\"@type\":\"ImageObject\",\"inLanguage\":\"es\",\"@id\":\"http:\/\/igfergon.com.mx\/#\/schema\/person\/image\/\",\"url\":\"https:\/\/secure.gravatar.com\/avatar\/9fd60c5591f2c6b18e76a917a69f35b0732f8532b3679d0132b3503b545db7a6?s=96&d=mm&r=g\",\"contentUrl\":\"https:\/\/secure.gravatar.com\/avatar\/9fd60c5591f2c6b18e76a917a69f35b0732f8532b3679d0132b3503b545db7a6?s=96&d=mm&r=g\",\"caption\":\"igfergon.com.mx\"},\"url\":\"http:\/\/igfergon.com.mx\/?author=1\"}]}<\/script>\n<!-- \/ Yoast SEO plugin. -->","yoast_head_json":{"title":"Mi\u00e9rcoles de la II Semana Ordinaria - El sitio del P. Ignacio Fern\u00e1ndez Gonz\u00e1lez","robots":{"index":"index","follow":"follow","max-snippet":"max-snippet:-1","max-image-preview":"max-image-preview:large","max-video-preview":"max-video-preview:-1"},"canonical":"http:\/\/igfergon.com.mx\/?p=5979","og_locale":"es_ES","og_type":"article","og_title":"Mi\u00e9rcoles de la II Semana Ordinaria - El sitio del P. Ignacio Fern\u00e1ndez Gonz\u00e1lez","og_description":"1Sam 17,32-33.37.40-51 Uno de los grandes errores del mundo de hoy es pensar que puede realizar su vida con sus propias manos: que puede prescindir de Dios, que puede hacer frente a sus problemas sin m\u00e1s ayuda que su d\u00e9bil voluntad. Cree que la t\u00e9cnica, la ciencia y su inteligencia pueden darle la victoria, la &hellip; Continuar leyendo \"Mi\u00e9rcoles de la II Semana Ordinaria\"","og_url":"http:\/\/igfergon.com.mx\/?p=5979","og_site_name":"El sitio del P. Ignacio Fern\u00e1ndez Gonz\u00e1lez","article_publisher":"https:\/\/www.facebook.com\/","article_published_time":"2026-01-21T08:24:22+00:00","article_modified_time":"2026-01-21T08:24:25+00:00","og_image":[{"width":267,"height":189,"url":"http:\/\/igfergon.com.mx\/wp-content\/uploads\/2026\/01\/Miercoles-2SO.jpg","type":"image\/jpeg"}],"author":"igfergon.com.mx","twitter_card":"summary_large_image","twitter_misc":{"Escrito por":"igfergon.com.mx","Tiempo de lectura":"3 minutos"},"schema":{"@context":"https:\/\/schema.org","@graph":[{"@type":"Article","@id":"http:\/\/igfergon.com.mx\/?p=5979#article","isPartOf":{"@id":"http:\/\/igfergon.com.mx\/?p=5979"},"author":{"name":"igfergon.com.mx","@id":"http:\/\/igfergon.com.mx\/#\/schema\/person\/b42517895faefafe2a81218226d90957"},"headline":"Mi\u00e9rcoles de la II Semana Ordinaria","datePublished":"2026-01-21T08:24:22+00:00","dateModified":"2026-01-21T08:24:25+00:00","mainEntityOfPage":{"@id":"http:\/\/igfergon.com.mx\/?p=5979"},"wordCount":582,"publisher":{"@id":"http:\/\/igfergon.com.mx\/#organization"},"image":{"@id":"http:\/\/igfergon.com.mx\/?p=5979#primaryimage"},"thumbnailUrl":"http:\/\/igfergon.com.mx\/wp-content\/uploads\/2026\/01\/Miercoles-2SO.jpg","keywords":["comentario al evangelio","Homil\u00eda","homil\u00eda diaria","liturgia","Mi\u00e9rcoles de la II Semana Ordinaria"],"articleSection":["comentario al evangelio","homil\u00eda","homil\u00eda diaria","liturgia"],"inLanguage":"es"},{"@type":"WebPage","@id":"http:\/\/igfergon.com.mx\/?p=5979","url":"http:\/\/igfergon.com.mx\/?p=5979","name":"Mi\u00e9rcoles de la II Semana Ordinaria - El sitio del P. Ignacio Fern\u00e1ndez Gonz\u00e1lez","isPartOf":{"@id":"http:\/\/igfergon.com.mx\/#website"},"primaryImageOfPage":{"@id":"http:\/\/igfergon.com.mx\/?p=5979#primaryimage"},"image":{"@id":"http:\/\/igfergon.com.mx\/?p=5979#primaryimage"},"thumbnailUrl":"http:\/\/igfergon.com.mx\/wp-content\/uploads\/2026\/01\/Miercoles-2SO.jpg","datePublished":"2026-01-21T08:24:22+00:00","dateModified":"2026-01-21T08:24:25+00:00","breadcrumb":{"@id":"http:\/\/igfergon.com.mx\/?p=5979#breadcrumb"},"inLanguage":"es","potentialAction":[{"@type":"ReadAction","target":["http:\/\/igfergon.com.mx\/?p=5979"]}]},{"@type":"ImageObject","inLanguage":"es","@id":"http:\/\/igfergon.com.mx\/?p=5979#primaryimage","url":"http:\/\/igfergon.com.mx\/wp-content\/uploads\/2026\/01\/Miercoles-2SO.jpg","contentUrl":"http:\/\/igfergon.com.mx\/wp-content\/uploads\/2026\/01\/Miercoles-2SO.jpg","width":267,"height":189},{"@type":"BreadcrumbList","@id":"http:\/\/igfergon.com.mx\/?p=5979#breadcrumb","itemListElement":[{"@type":"ListItem","position":1,"name":"Portada","item":"http:\/\/igfergon.com.mx\/"},{"@type":"ListItem","position":2,"name":"Mi\u00e9rcoles de la II Semana Ordinaria"}]},{"@type":"WebSite","@id":"http:\/\/igfergon.com.mx\/#website","url":"http:\/\/igfergon.com.mx\/","name":"El sitio del P. Ignacio Fern\u00e1ndez Gonz\u00e1lez","description":"Para Ayudarte","publisher":{"@id":"http:\/\/igfergon.com.mx\/#organization"},"potentialAction":[{"@type":"SearchAction","target":{"@type":"EntryPoint","urlTemplate":"http:\/\/igfergon.com.mx\/?s={search_term_string}"},"query-input":{"@type":"PropertyValueSpecification","valueRequired":true,"valueName":"search_term_string"}}],"inLanguage":"es"},{"@type":"Organization","@id":"http:\/\/igfergon.com.mx\/#organization","name":"El sitio del P. Ignacio Fern\u00e1ndez Gonz\u00e1lez","url":"http:\/\/igfergon.com.mx\/","logo":{"@type":"ImageObject","inLanguage":"es","@id":"http:\/\/igfergon.com.mx\/#\/schema\/logo\/image\/","url":"http:\/\/igfergon.com.mx\/wp-content\/uploads\/2018\/09\/cropped-ORDNACION02-2.jpg","contentUrl":"http:\/\/igfergon.com.mx\/wp-content\/uploads\/2018\/09\/cropped-ORDNACION02-2.jpg","width":250,"height":250,"caption":"El sitio del P. Ignacio Fern\u00e1ndez Gonz\u00e1lez"},"image":{"@id":"http:\/\/igfergon.com.mx\/#\/schema\/logo\/image\/"},"sameAs":["https:\/\/www.facebook.com\/"]},{"@type":"Person","@id":"http:\/\/igfergon.com.mx\/#\/schema\/person\/b42517895faefafe2a81218226d90957","name":"igfergon.com.mx","image":{"@type":"ImageObject","inLanguage":"es","@id":"http:\/\/igfergon.com.mx\/#\/schema\/person\/image\/","url":"https:\/\/secure.gravatar.com\/avatar\/9fd60c5591f2c6b18e76a917a69f35b0732f8532b3679d0132b3503b545db7a6?s=96&d=mm&r=g","contentUrl":"https:\/\/secure.gravatar.com\/avatar\/9fd60c5591f2c6b18e76a917a69f35b0732f8532b3679d0132b3503b545db7a6?s=96&d=mm&r=g","caption":"igfergon.com.mx"},"url":"http:\/\/igfergon.com.mx\/?author=1"}]}},"_links":{"self":[{"href":"http:\/\/igfergon.com.mx\/index.php?rest_route=\/wp\/v2\/posts\/5979","targetHints":{"allow":["GET"]}}],"collection":[{"href":"http:\/\/igfergon.com.mx\/index.php?rest_route=\/wp\/v2\/posts"}],"about":[{"href":"http:\/\/igfergon.com.mx\/index.php?rest_route=\/wp\/v2\/types\/post"}],"author":[{"embeddable":true,"href":"http:\/\/igfergon.com.mx\/index.php?rest_route=\/wp\/v2\/users\/1"}],"replies":[{"embeddable":true,"href":"http:\/\/igfergon.com.mx\/index.php?rest_route=%2Fwp%2Fv2%2Fcomments&post=5979"}],"version-history":[{"count":1,"href":"http:\/\/igfergon.com.mx\/index.php?rest_route=\/wp\/v2\/posts\/5979\/revisions"}],"predecessor-version":[{"id":5981,"href":"http:\/\/igfergon.com.mx\/index.php?rest_route=\/wp\/v2\/posts\/5979\/revisions\/5981"}],"wp:attachment":[{"href":"http:\/\/igfergon.com.mx\/index.php?rest_route=%2Fwp%2Fv2%2Fmedia&parent=5979"}],"wp:term":[{"taxonomy":"category","embeddable":true,"href":"http:\/\/igfergon.com.mx\/index.php?rest_route=%2Fwp%2Fv2%2Fcategories&post=5979"},{"taxonomy":"post_tag","embeddable":true,"href":"http:\/\/igfergon.com.mx\/index.php?rest_route=%2Fwp%2Fv2%2Ftags&post=5979"}],"curies":[{"name":"wp","href":"https:\/\/api.w.org\/{rel}","templated":true}]}}