{"id":5983,"date":"2026-01-22T10:51:12","date_gmt":"2026-01-22T08:51:12","guid":{"rendered":"http:\/\/igfergon.com.mx\/?p=5983"},"modified":"2026-01-22T10:51:14","modified_gmt":"2026-01-22T08:51:14","slug":"jueves-de-la-ii-semana-ordinaria-2","status":"publish","type":"post","link":"http:\/\/igfergon.com.mx\/?p=5983","title":{"rendered":"Jueves de la II Semana Ordinaria"},"content":{"rendered":"<div class=\"wp-block-image\">\n<figure class=\"aligncenter size-full\"><img loading=\"lazy\" decoding=\"async\" width=\"300\" height=\"168\" src=\"http:\/\/igfergon.com.mx\/wp-content\/uploads\/2026\/01\/Jueves-2SO.jpg\" alt=\"\" class=\"wp-image-5984\" srcset=\"http:\/\/igfergon.com.mx\/wp-content\/uploads\/2026\/01\/Jueves-2SO.jpg 300w, http:\/\/igfergon.com.mx\/wp-content\/uploads\/2026\/01\/Jueves-2SO-200x112.jpg 200w\" sizes=\"auto, (max-width: 300px) 100vw, 300px\" \/><\/figure>\n<\/div>\n\n\n<p><strong>1Sam 18,6-9;19,1-7<\/strong><\/p>\n\n\n\n<p>El libro de los Proverbios dice: \u00abQuien encuentra un amigo encuentra un tesoro\u00bb. Este pasaje nos muestra lo que implica una verdadera amistad, pues en \u00e9l vemos c\u00f3mo Jonat\u00e1n, interesado por el bien de su amigo, no solo lo esconde y lo previene sobre el peligro que corre, sino que busca con todos sus medios de salvarlo.<\/p>\n\n\n\n<p>Nuestro mundo superficial no nos permite muchas veces el llegar a crear una amistad verdadera lo cual es una gran perdida.<\/p>\n\n\n\n<p>Pensemos que la mayor\u00eda de nuestras relaciones son solo espor\u00e1dicas y faltas de compromiso, cosa que tristemente ocurre en las relaciones de noviazgo e incluso en el mismo matrimonio.<\/p>\n\n\n\n<p>Es pues necesario salir de nuestra superficialidad y buscar crecer en el amor, para que nuestra amistad crezca y se robustezca. Jes\u00fas mismo, expres\u00f3 a sus ap\u00f3stoles que la relaci\u00f3n que \u00c9l mismo quer\u00eda tener con ellos no era formal, como la que tiene un siervo con su Se\u00f1or, sino profunda y cordial como la del amigo. Esto requiere oraci\u00f3n y dedicarle tiempo, comprensi\u00f3n y generosidad&#8230; no es poco, pero la verdad vale la pena.<\/p>\n\n\n\n<p><strong>Mc 3, 7-12<\/strong><\/p>\n\n\n\n<p>El pasaje que nos presenta hoy san Marcos nos dice que: \u00abUna multitud lo segu\u00eda\u00bb. Y nos aclara que lo segu\u00edan \u00abporque hab\u00eda sanado a muchos\u00bb por lo que todos quer\u00edan tocarlo.<\/p>\n\n\n\n<p>Sin embargo, \u00bfcu\u00e1ntos de esta multitud estaban dispuestos a vivir de acuerdo con la ense\u00f1anza del Maestro, a vivir de acuerdo con el Evangelio?<\/p>\n\n\n\n<p>Al proclamar el evangelio de hoy no puedo dejar de pensar en una pregunta \u00bfPor qu\u00e9 los j\u00f3venes no siguen a Jes\u00fas? Y hay que hacerse otra pregunta \u00bfes culpa de los j\u00f3venes o es culpa de los adultos el que los j\u00f3venes no sigan a Jes\u00fas? O \u00bfya Jes\u00fas no responde a las inquietudes de hoy?<\/p>\n\n\n\n<p>Mientras en el Evangelio se manifiestan las multitudes con deseos de encontrar a Jes\u00fas, vemos ahora a los j\u00f3venes que no quieren o\u00edr hablar de valores, de religi\u00f3n ni tampoco de Jes\u00fas.&nbsp; \u00bfLes ha fallado Jes\u00fas?&nbsp; Creo que no.&nbsp; Jes\u00fas tendr\u00eda ahora respuestas muy v\u00e1lidas para las profundas inquietudes de los j\u00f3venes.&nbsp; Pero me parece que estamos equivocando el camino en la educaci\u00f3n de los j\u00f3venes.<\/p>\n\n\n\n<p>Los ni\u00f1os y los j\u00f3venes de ahora han vivido ya sumergidos en un mundo de tecnolog\u00eda, de im\u00e1genes, de cambios y se han acomodado ya a este estilo de vida, a tal grado que parecen fundirse con los mismos aparatos, con el m\u00f3vil, la televisi\u00f3n y con el internet.<\/p>\n\n\n\n<p>Es el vertiginoso cambio de escenas, de novedades, de placeres lo que satura el ambiente de los j\u00f3venes y que no les permite detenerse a mirar qu\u00e9 es lo que quieren para el futuro. A veces, muchos de ellos, te dan la impresi\u00f3n de que son eternos ni\u00f1os que no asumen sus responsabilidades y solamente quieren divertirse.<\/p>\n\n\n\n<p>El sumario que este d\u00eda nos ofrece san Marcos presenta a Jes\u00fas como la fuente oculta de la salud y como el m\u00e9dico de la humanidad.&nbsp; Nos narra el desbordante entusiasmo con que las multitudes se aglomeran en torno a Jes\u00fas que lo obligan a subirse a la barca para desde ah\u00ed, proclamar la Palabra.<\/p>\n\n\n\n<p>No creo que Jes\u00fas les haya fallado a aquellas personas y tampoco creo que Jes\u00fas nos falle a nosotros o le falle a nuestros j\u00f3venes.&nbsp; M\u00e1s bien, me da la impresi\u00f3n, de que estamos tan llenos de cosas que no hemos despertado ni en ellos ni en nosotros el deseo ardiente de valores que vayan m\u00e1s all\u00e1.&nbsp; Nos hemos saturado de menudencias y hemos atrofiado el gusto por las cosas espirituales.<\/p>\n\n\n\n<p>No podemos estar en contra del progreso ni de los maravillosos medios de comunicaci\u00f3n para estar en contacto unos con otros.&nbsp; Lo que hay que estar en contra es de la manipulaci\u00f3n de la conciencia, de la dependencia que crea y de la superficialidad que generan.<\/p>\n\n\n\n<p>Como padres de familia, como educadores y como maestros tenemos el gran reto de acercar a los j\u00f3venes a Jes\u00fas para que lo toquen, para que lo experimenten, para que se enamoren de \u00c9l \u00bfPodremos lograrlo?<\/p>\n\n\n\n<p><\/p>\n","protected":false},"excerpt":{"rendered":"<p>1Sam 18,6-9;19,1-7 El libro de los Proverbios dice: \u00abQuien encuentra un amigo encuentra un tesoro\u00bb. Este pasaje nos muestra lo que implica una verdadera amistad, pues en \u00e9l vemos c\u00f3mo Jonat\u00e1n, interesado por el bien de su amigo, no solo lo esconde y lo previene sobre el peligro que corre, sino que busca con todos &hellip; <\/p>\n<p class=\"link-more\"><a href=\"http:\/\/igfergon.com.mx\/?p=5983\" class=\"more-link\">Continuar leyendo<span class=\"screen-reader-text\"> \u00abJueves de la II Semana Ordinaria\u00bb<\/span><\/a><\/p>\n","protected":false},"author":1,"featured_media":0,"comment_status":"closed","ping_status":"closed","sticky":false,"template":"","format":"standard","meta":{"footnotes":""},"categories":[13,14,10,1],"tags":[69,8,6,548,7],"class_list":["post-5983","post","type-post","status-publish","format-standard","hentry","category-comentario-al-evangelio","category-homilia","category-homilia-diaria","category-uncategorized","tag-comentario-al-evangelio-2","tag-homilia","tag-homilia-diaria","tag-jueves-de-la-ii-semana-ordinaria","tag-liturgia"],"yoast_head":"<!-- This site is optimized with the Yoast SEO plugin v26.0 - https:\/\/yoast.com\/wordpress\/plugins\/seo\/ -->\n<title>Jueves de la II Semana Ordinaria - El sitio del P. Ignacio Fern\u00e1ndez Gonz\u00e1lez<\/title>\n<meta name=\"robots\" content=\"index, follow, max-snippet:-1, max-image-preview:large, max-video-preview:-1\" \/>\n<link rel=\"canonical\" href=\"http:\/\/igfergon.com.mx\/?p=5983\" \/>\n<meta property=\"og:locale\" content=\"es_ES\" \/>\n<meta property=\"og:type\" content=\"article\" \/>\n<meta property=\"og:title\" content=\"Jueves de la II Semana Ordinaria - El sitio del P. Ignacio Fern\u00e1ndez Gonz\u00e1lez\" \/>\n<meta property=\"og:description\" content=\"1Sam 18,6-9;19,1-7 El libro de los Proverbios dice: \u00abQuien encuentra un amigo encuentra un tesoro\u00bb. Este pasaje nos muestra lo que implica una verdadera amistad, pues en \u00e9l vemos c\u00f3mo Jonat\u00e1n, interesado por el bien de su amigo, no solo lo esconde y lo previene sobre el peligro que corre, sino que busca con todos &hellip; Continuar leyendo &quot;Jueves de la II Semana Ordinaria&quot;\" \/>\n<meta property=\"og:url\" content=\"http:\/\/igfergon.com.mx\/?p=5983\" \/>\n<meta property=\"og:site_name\" content=\"El sitio del P. Ignacio Fern\u00e1ndez Gonz\u00e1lez\" \/>\n<meta property=\"article:publisher\" content=\"https:\/\/www.facebook.com\/\" \/>\n<meta property=\"article:published_time\" content=\"2026-01-22T08:51:12+00:00\" \/>\n<meta property=\"article:modified_time\" content=\"2026-01-22T08:51:14+00:00\" \/>\n<meta property=\"og:image\" content=\"http:\/\/igfergon.com.mx\/wp-content\/uploads\/2026\/01\/Jueves-2SO.jpg\" \/>\n\t<meta property=\"og:image:width\" content=\"300\" \/>\n\t<meta property=\"og:image:height\" content=\"168\" \/>\n\t<meta property=\"og:image:type\" content=\"image\/jpeg\" \/>\n<meta name=\"author\" content=\"igfergon.com.mx\" \/>\n<meta name=\"twitter:card\" content=\"summary_large_image\" \/>\n<meta name=\"twitter:label1\" content=\"Escrito por\" \/>\n\t<meta name=\"twitter:data1\" content=\"igfergon.com.mx\" \/>\n\t<meta name=\"twitter:label2\" content=\"Tiempo de lectura\" \/>\n\t<meta name=\"twitter:data2\" content=\"4 minutos\" \/>\n<script type=\"application\/ld+json\" class=\"yoast-schema-graph\">{\"@context\":\"https:\/\/schema.org\",\"@graph\":[{\"@type\":\"Article\",\"@id\":\"http:\/\/igfergon.com.mx\/?p=5983#article\",\"isPartOf\":{\"@id\":\"http:\/\/igfergon.com.mx\/?p=5983\"},\"author\":{\"name\":\"igfergon.com.mx\",\"@id\":\"http:\/\/igfergon.com.mx\/#\/schema\/person\/b42517895faefafe2a81218226d90957\"},\"headline\":\"Jueves de la II Semana Ordinaria\",\"datePublished\":\"2026-01-22T08:51:12+00:00\",\"dateModified\":\"2026-01-22T08:51:14+00:00\",\"mainEntityOfPage\":{\"@id\":\"http:\/\/igfergon.com.mx\/?p=5983\"},\"wordCount\":752,\"publisher\":{\"@id\":\"http:\/\/igfergon.com.mx\/#organization\"},\"image\":{\"@id\":\"http:\/\/igfergon.com.mx\/?p=5983#primaryimage\"},\"thumbnailUrl\":\"http:\/\/igfergon.com.mx\/wp-content\/uploads\/2026\/01\/Jueves-2SO.jpg\",\"keywords\":[\"comentario al evangelio\",\"Homil\u00eda\",\"homil\u00eda diaria\",\"Jueves de la II Semana Ordinaria\",\"liturgia\"],\"articleSection\":[\"comentario al evangelio\",\"homil\u00eda\",\"homil\u00eda diaria\",\"liturgia\"],\"inLanguage\":\"es\"},{\"@type\":\"WebPage\",\"@id\":\"http:\/\/igfergon.com.mx\/?p=5983\",\"url\":\"http:\/\/igfergon.com.mx\/?p=5983\",\"name\":\"Jueves de la II Semana Ordinaria - El sitio del P. Ignacio Fern\u00e1ndez Gonz\u00e1lez\",\"isPartOf\":{\"@id\":\"http:\/\/igfergon.com.mx\/#website\"},\"primaryImageOfPage\":{\"@id\":\"http:\/\/igfergon.com.mx\/?p=5983#primaryimage\"},\"image\":{\"@id\":\"http:\/\/igfergon.com.mx\/?p=5983#primaryimage\"},\"thumbnailUrl\":\"http:\/\/igfergon.com.mx\/wp-content\/uploads\/2026\/01\/Jueves-2SO.jpg\",\"datePublished\":\"2026-01-22T08:51:12+00:00\",\"dateModified\":\"2026-01-22T08:51:14+00:00\",\"breadcrumb\":{\"@id\":\"http:\/\/igfergon.com.mx\/?p=5983#breadcrumb\"},\"inLanguage\":\"es\",\"potentialAction\":[{\"@type\":\"ReadAction\",\"target\":[\"http:\/\/igfergon.com.mx\/?p=5983\"]}]},{\"@type\":\"ImageObject\",\"inLanguage\":\"es\",\"@id\":\"http:\/\/igfergon.com.mx\/?p=5983#primaryimage\",\"url\":\"http:\/\/igfergon.com.mx\/wp-content\/uploads\/2026\/01\/Jueves-2SO.jpg\",\"contentUrl\":\"http:\/\/igfergon.com.mx\/wp-content\/uploads\/2026\/01\/Jueves-2SO.jpg\",\"width\":300,\"height\":168},{\"@type\":\"BreadcrumbList\",\"@id\":\"http:\/\/igfergon.com.mx\/?p=5983#breadcrumb\",\"itemListElement\":[{\"@type\":\"ListItem\",\"position\":1,\"name\":\"Portada\",\"item\":\"http:\/\/igfergon.com.mx\/\"},{\"@type\":\"ListItem\",\"position\":2,\"name\":\"Jueves de la II Semana Ordinaria\"}]},{\"@type\":\"WebSite\",\"@id\":\"http:\/\/igfergon.com.mx\/#website\",\"url\":\"http:\/\/igfergon.com.mx\/\",\"name\":\"El sitio del P. Ignacio Fern\u00e1ndez Gonz\u00e1lez\",\"description\":\"Para Ayudarte\",\"publisher\":{\"@id\":\"http:\/\/igfergon.com.mx\/#organization\"},\"potentialAction\":[{\"@type\":\"SearchAction\",\"target\":{\"@type\":\"EntryPoint\",\"urlTemplate\":\"http:\/\/igfergon.com.mx\/?s={search_term_string}\"},\"query-input\":{\"@type\":\"PropertyValueSpecification\",\"valueRequired\":true,\"valueName\":\"search_term_string\"}}],\"inLanguage\":\"es\"},{\"@type\":\"Organization\",\"@id\":\"http:\/\/igfergon.com.mx\/#organization\",\"name\":\"El sitio del P. Ignacio Fern\u00e1ndez Gonz\u00e1lez\",\"url\":\"http:\/\/igfergon.com.mx\/\",\"logo\":{\"@type\":\"ImageObject\",\"inLanguage\":\"es\",\"@id\":\"http:\/\/igfergon.com.mx\/#\/schema\/logo\/image\/\",\"url\":\"http:\/\/igfergon.com.mx\/wp-content\/uploads\/2018\/09\/cropped-ORDNACION02-2.jpg\",\"contentUrl\":\"http:\/\/igfergon.com.mx\/wp-content\/uploads\/2018\/09\/cropped-ORDNACION02-2.jpg\",\"width\":250,\"height\":250,\"caption\":\"El sitio del P. Ignacio Fern\u00e1ndez Gonz\u00e1lez\"},\"image\":{\"@id\":\"http:\/\/igfergon.com.mx\/#\/schema\/logo\/image\/\"},\"sameAs\":[\"https:\/\/www.facebook.com\/\"]},{\"@type\":\"Person\",\"@id\":\"http:\/\/igfergon.com.mx\/#\/schema\/person\/b42517895faefafe2a81218226d90957\",\"name\":\"igfergon.com.mx\",\"image\":{\"@type\":\"ImageObject\",\"inLanguage\":\"es\",\"@id\":\"http:\/\/igfergon.com.mx\/#\/schema\/person\/image\/\",\"url\":\"https:\/\/secure.gravatar.com\/avatar\/9fd60c5591f2c6b18e76a917a69f35b0732f8532b3679d0132b3503b545db7a6?s=96&d=mm&r=g\",\"contentUrl\":\"https:\/\/secure.gravatar.com\/avatar\/9fd60c5591f2c6b18e76a917a69f35b0732f8532b3679d0132b3503b545db7a6?s=96&d=mm&r=g\",\"caption\":\"igfergon.com.mx\"},\"url\":\"http:\/\/igfergon.com.mx\/?author=1\"}]}<\/script>\n<!-- \/ Yoast SEO plugin. -->","yoast_head_json":{"title":"Jueves de la II Semana Ordinaria - El sitio del P. Ignacio Fern\u00e1ndez Gonz\u00e1lez","robots":{"index":"index","follow":"follow","max-snippet":"max-snippet:-1","max-image-preview":"max-image-preview:large","max-video-preview":"max-video-preview:-1"},"canonical":"http:\/\/igfergon.com.mx\/?p=5983","og_locale":"es_ES","og_type":"article","og_title":"Jueves de la II Semana Ordinaria - El sitio del P. Ignacio Fern\u00e1ndez Gonz\u00e1lez","og_description":"1Sam 18,6-9;19,1-7 El libro de los Proverbios dice: \u00abQuien encuentra un amigo encuentra un tesoro\u00bb. Este pasaje nos muestra lo que implica una verdadera amistad, pues en \u00e9l vemos c\u00f3mo Jonat\u00e1n, interesado por el bien de su amigo, no solo lo esconde y lo previene sobre el peligro que corre, sino que busca con todos &hellip; Continuar leyendo \"Jueves de la II Semana Ordinaria\"","og_url":"http:\/\/igfergon.com.mx\/?p=5983","og_site_name":"El sitio del P. Ignacio Fern\u00e1ndez Gonz\u00e1lez","article_publisher":"https:\/\/www.facebook.com\/","article_published_time":"2026-01-22T08:51:12+00:00","article_modified_time":"2026-01-22T08:51:14+00:00","og_image":[{"width":300,"height":168,"url":"http:\/\/igfergon.com.mx\/wp-content\/uploads\/2026\/01\/Jueves-2SO.jpg","type":"image\/jpeg"}],"author":"igfergon.com.mx","twitter_card":"summary_large_image","twitter_misc":{"Escrito por":"igfergon.com.mx","Tiempo de lectura":"4 minutos"},"schema":{"@context":"https:\/\/schema.org","@graph":[{"@type":"Article","@id":"http:\/\/igfergon.com.mx\/?p=5983#article","isPartOf":{"@id":"http:\/\/igfergon.com.mx\/?p=5983"},"author":{"name":"igfergon.com.mx","@id":"http:\/\/igfergon.com.mx\/#\/schema\/person\/b42517895faefafe2a81218226d90957"},"headline":"Jueves de la II Semana Ordinaria","datePublished":"2026-01-22T08:51:12+00:00","dateModified":"2026-01-22T08:51:14+00:00","mainEntityOfPage":{"@id":"http:\/\/igfergon.com.mx\/?p=5983"},"wordCount":752,"publisher":{"@id":"http:\/\/igfergon.com.mx\/#organization"},"image":{"@id":"http:\/\/igfergon.com.mx\/?p=5983#primaryimage"},"thumbnailUrl":"http:\/\/igfergon.com.mx\/wp-content\/uploads\/2026\/01\/Jueves-2SO.jpg","keywords":["comentario al evangelio","Homil\u00eda","homil\u00eda diaria","Jueves de la II Semana Ordinaria","liturgia"],"articleSection":["comentario al evangelio","homil\u00eda","homil\u00eda diaria","liturgia"],"inLanguage":"es"},{"@type":"WebPage","@id":"http:\/\/igfergon.com.mx\/?p=5983","url":"http:\/\/igfergon.com.mx\/?p=5983","name":"Jueves de la II Semana Ordinaria - El sitio del P. Ignacio Fern\u00e1ndez Gonz\u00e1lez","isPartOf":{"@id":"http:\/\/igfergon.com.mx\/#website"},"primaryImageOfPage":{"@id":"http:\/\/igfergon.com.mx\/?p=5983#primaryimage"},"image":{"@id":"http:\/\/igfergon.com.mx\/?p=5983#primaryimage"},"thumbnailUrl":"http:\/\/igfergon.com.mx\/wp-content\/uploads\/2026\/01\/Jueves-2SO.jpg","datePublished":"2026-01-22T08:51:12+00:00","dateModified":"2026-01-22T08:51:14+00:00","breadcrumb":{"@id":"http:\/\/igfergon.com.mx\/?p=5983#breadcrumb"},"inLanguage":"es","potentialAction":[{"@type":"ReadAction","target":["http:\/\/igfergon.com.mx\/?p=5983"]}]},{"@type":"ImageObject","inLanguage":"es","@id":"http:\/\/igfergon.com.mx\/?p=5983#primaryimage","url":"http:\/\/igfergon.com.mx\/wp-content\/uploads\/2026\/01\/Jueves-2SO.jpg","contentUrl":"http:\/\/igfergon.com.mx\/wp-content\/uploads\/2026\/01\/Jueves-2SO.jpg","width":300,"height":168},{"@type":"BreadcrumbList","@id":"http:\/\/igfergon.com.mx\/?p=5983#breadcrumb","itemListElement":[{"@type":"ListItem","position":1,"name":"Portada","item":"http:\/\/igfergon.com.mx\/"},{"@type":"ListItem","position":2,"name":"Jueves de la II Semana Ordinaria"}]},{"@type":"WebSite","@id":"http:\/\/igfergon.com.mx\/#website","url":"http:\/\/igfergon.com.mx\/","name":"El sitio del P. Ignacio Fern\u00e1ndez Gonz\u00e1lez","description":"Para Ayudarte","publisher":{"@id":"http:\/\/igfergon.com.mx\/#organization"},"potentialAction":[{"@type":"SearchAction","target":{"@type":"EntryPoint","urlTemplate":"http:\/\/igfergon.com.mx\/?s={search_term_string}"},"query-input":{"@type":"PropertyValueSpecification","valueRequired":true,"valueName":"search_term_string"}}],"inLanguage":"es"},{"@type":"Organization","@id":"http:\/\/igfergon.com.mx\/#organization","name":"El sitio del P. Ignacio Fern\u00e1ndez Gonz\u00e1lez","url":"http:\/\/igfergon.com.mx\/","logo":{"@type":"ImageObject","inLanguage":"es","@id":"http:\/\/igfergon.com.mx\/#\/schema\/logo\/image\/","url":"http:\/\/igfergon.com.mx\/wp-content\/uploads\/2018\/09\/cropped-ORDNACION02-2.jpg","contentUrl":"http:\/\/igfergon.com.mx\/wp-content\/uploads\/2018\/09\/cropped-ORDNACION02-2.jpg","width":250,"height":250,"caption":"El sitio del P. Ignacio Fern\u00e1ndez Gonz\u00e1lez"},"image":{"@id":"http:\/\/igfergon.com.mx\/#\/schema\/logo\/image\/"},"sameAs":["https:\/\/www.facebook.com\/"]},{"@type":"Person","@id":"http:\/\/igfergon.com.mx\/#\/schema\/person\/b42517895faefafe2a81218226d90957","name":"igfergon.com.mx","image":{"@type":"ImageObject","inLanguage":"es","@id":"http:\/\/igfergon.com.mx\/#\/schema\/person\/image\/","url":"https:\/\/secure.gravatar.com\/avatar\/9fd60c5591f2c6b18e76a917a69f35b0732f8532b3679d0132b3503b545db7a6?s=96&d=mm&r=g","contentUrl":"https:\/\/secure.gravatar.com\/avatar\/9fd60c5591f2c6b18e76a917a69f35b0732f8532b3679d0132b3503b545db7a6?s=96&d=mm&r=g","caption":"igfergon.com.mx"},"url":"http:\/\/igfergon.com.mx\/?author=1"}]}},"_links":{"self":[{"href":"http:\/\/igfergon.com.mx\/index.php?rest_route=\/wp\/v2\/posts\/5983","targetHints":{"allow":["GET"]}}],"collection":[{"href":"http:\/\/igfergon.com.mx\/index.php?rest_route=\/wp\/v2\/posts"}],"about":[{"href":"http:\/\/igfergon.com.mx\/index.php?rest_route=\/wp\/v2\/types\/post"}],"author":[{"embeddable":true,"href":"http:\/\/igfergon.com.mx\/index.php?rest_route=\/wp\/v2\/users\/1"}],"replies":[{"embeddable":true,"href":"http:\/\/igfergon.com.mx\/index.php?rest_route=%2Fwp%2Fv2%2Fcomments&post=5983"}],"version-history":[{"count":1,"href":"http:\/\/igfergon.com.mx\/index.php?rest_route=\/wp\/v2\/posts\/5983\/revisions"}],"predecessor-version":[{"id":5985,"href":"http:\/\/igfergon.com.mx\/index.php?rest_route=\/wp\/v2\/posts\/5983\/revisions\/5985"}],"wp:attachment":[{"href":"http:\/\/igfergon.com.mx\/index.php?rest_route=%2Fwp%2Fv2%2Fmedia&parent=5983"}],"wp:term":[{"taxonomy":"category","embeddable":true,"href":"http:\/\/igfergon.com.mx\/index.php?rest_route=%2Fwp%2Fv2%2Fcategories&post=5983"},{"taxonomy":"post_tag","embeddable":true,"href":"http:\/\/igfergon.com.mx\/index.php?rest_route=%2Fwp%2Fv2%2Ftags&post=5983"}],"curies":[{"name":"wp","href":"https:\/\/api.w.org\/{rel}","templated":true}]}}