{"id":5986,"date":"2026-01-23T11:05:59","date_gmt":"2026-01-23T09:05:59","guid":{"rendered":"http:\/\/igfergon.com.mx\/?p=5986"},"modified":"2026-01-23T11:06:02","modified_gmt":"2026-01-23T09:06:02","slug":"viernes-de-la-ii-semana-ordinaria-2","status":"publish","type":"post","link":"http:\/\/igfergon.com.mx\/?p=5986","title":{"rendered":"Viernes de la II Semana Ordinaria"},"content":{"rendered":"<div class=\"wp-block-image\">\n<figure class=\"aligncenter size-full\"><img loading=\"lazy\" decoding=\"async\" width=\"297\" height=\"170\" src=\"http:\/\/igfergon.com.mx\/wp-content\/uploads\/2026\/01\/Viernes-2SO.jpg\" alt=\"\" class=\"wp-image-5987\" srcset=\"http:\/\/igfergon.com.mx\/wp-content\/uploads\/2026\/01\/Viernes-2SO.jpg 297w, http:\/\/igfergon.com.mx\/wp-content\/uploads\/2026\/01\/Viernes-2SO-200x114.jpg 200w\" sizes=\"auto, (max-width: 297px) 100vw, 297px\" \/><\/figure>\n<\/div>\n\n\n<p><strong>1Sam. 24, 3-21.<\/strong><\/p>\n\n\n\n<p>David, seg\u00fan el texto del libro de Samuel,&nbsp; es un ejemplo de honestidad: respeta al rey, ungido del Se\u00f1or; trabaja por \u00e9l y por el pueblo en las batallas; no se aprovecha de oportunidades que le facilitar\u00edan la venganza a su ofensor&#8230;<\/p>\n\n\n\n<p>\u00bfQui\u00e9n es justo, sino s\u00f3lo Dios? \u00bfQuien de nosotros pudiera decir que no tiene pecado, para lanzar la primera piedra contra los pecadores? Dios quiere que reconozcamos nuestra propia realidad, aquella que s\u00f3lo \u00c9l conoce, pues ante \u00c9l estamos como desnudos: todo est\u00e1 patente ante sus ojos.<\/p>\n\n\n\n<p>\u00c9l podr\u00eda habernos condenado; pero el amor que nos tiene le llev\u00f3 a enviarnos a su propio Hijo para que, libres de pecado, podamos presentarnos santos, purificados y hechos hijos suyos ante \u00c9l.<\/p>\n\n\n\n<p>No condenemos y no seremos condenados; no juzguemos y no seremos juzgados. Y aun cuando tengamos a nuestro enemigo a la altura de nuestra mano jam\u00e1s nos hagamos justicia, pues nosotros hemos sido enviados como signos del amor de Cristo.<\/p>\n\n\n\n<p>El juicio le corresponde a Dios; y \u00c9l nos tiene paciencia y retarda su juicio hasta el final de nuestra vida. Mientras, como un Padre amoroso, espera nuestro retorno para recibirnos llenos de alegr\u00eda en su casa. Amemos, por tanto, a nuestros hermanos, como nosotros hemos sido amados por Dios.<\/p>\n\n\n\n<p><strong>Mc 3, 13-19<\/strong><\/p>\n\n\n\n<p>\u00bfEn qu\u00e9 te fijas t\u00fa para escoger a tus amigos? \u00bfQu\u00e9 cualidades y condiciones le pondr\u00edas a una para tenerle tanta confianza para encargarle lo m\u00e1s importante?<\/p>\n\n\n\n<p>Siempre sorprende la forma de actuar de Dios Padre, que es la misma forma de actuar de Jes\u00fas.<\/p>\n\n\n\n<p>San Marco comienza la narraci\u00f3n del evangelio de hoy de una manera solemne, haci\u00e9ndonos subir al monte con Jes\u00fas.&nbsp; En un monte se hab\u00eda hecho la primera Alianza, en un monte se hab\u00eda dado los mandamientos.&nbsp; En la monta\u00f1a se siente m\u00e1s la presencia de Dios.&nbsp; A la monta\u00f1a se va para orar en los momentos decisivos.&nbsp; Y despu\u00e9s de esta solemne introducci\u00f3n, San Marcos nos dice que Jes\u00fas llam\u00f3 a los que \u00c9l quiso.<\/p>\n\n\n\n<p>Curiosidad grande tendr\u00edamos de ver qui\u00e9nes son los elegidos.&nbsp; Empezamos a ver los nombres y encontramos representantes de todos los estilos, de todos los caracteres, de todas las tendencias, pero todos, como un d\u00eda alguien dijo, de bajo perfil.<\/p>\n\n\n\n<p>\u00bfPor qu\u00e9 los llam\u00f3?&nbsp; Porque \u00c9l quiso.&nbsp; Quiz\u00e1s podr\u00edamos decir porque \u00c9l los quiso y los quiere.<\/p>\n\n\n\n<p>Entre los doce escogidos, n\u00famero m\u00e1s simb\u00f3lico que necesario, tenemos toda la gama de personas, pero todos reconoci\u00e9ndose amados por Jes\u00fas.&nbsp; No destruye sus familias, pero s\u00ed constituye una nueva familia.&nbsp; De ahora en adelante los encontraremos a todas horas con Jes\u00fas, estando de acuerdo con \u00c9l o mir\u00e1ndolo con desconfianza y perplejidad; aprobando sus decisiones o teniendo miedo ante sus actuaciones.<\/p>\n\n\n\n<p>Los ha invitado para que se quedar\u00e1n con \u00c9l.&nbsp; San Juan nos hab\u00eda dicho en d\u00edas pasados que los hab\u00eda invitado a que vieran d\u00f3nde viv\u00eda y que despu\u00e9s pudieron estar m\u00e1s.&nbsp; \u201cHemos encontrado al Mes\u00edas\u201d<\/p>\n\n\n\n<p>Estar con Jes\u00fas es la primera tarea de todo disc\u00edpulo.&nbsp; Reconocerse amado, querido, escogido por \u00c9l, sin mayor m\u00e9rito que su gratuito amor.<\/p>\n\n\n\n<p>Quiz\u00e1s este d\u00eda podr\u00edamos repetir como un estribillo \u201cJes\u00fas me ha escogido porque me ama\u201d.&nbsp; Quiz\u00e1s podr\u00edamos a todas horas vivir en la atm\u00f3sfera de su amor.&nbsp; No se necesita dejar de hacer, se necesita interiorizar ese amor.<\/p>\n\n\n\n<p>Las otras finalidades es esta lecci\u00f3n se pueden decir que brotan espont\u00e1neamente despu\u00e9s de saberse amado: proclamar el Evangelio y expulsar a los demonios.&nbsp; Si me reconozco y experimento amado por Jes\u00fas, necesariamente tendr\u00e9 que manifestar ese amor; si he convivido con \u00c9l, que es el Santo de Dios, no permitir\u00e9 que los demonios de la mentira, de la injusticia, de la corrupci\u00f3n se aniden en mi coraz\u00f3n o en mi familia.<\/p>\n\n\n\n<p>Hoy me siento escogido por Dios<\/p>\n\n\n\n<p><\/p>\n","protected":false},"excerpt":{"rendered":"<p>1Sam. 24, 3-21. David, seg\u00fan el texto del libro de Samuel,&nbsp; es un ejemplo de honestidad: respeta al rey, ungido del Se\u00f1or; trabaja por \u00e9l y por el pueblo en las batallas; no se aprovecha de oportunidades que le facilitar\u00edan la venganza a su ofensor&#8230; \u00bfQui\u00e9n es justo, sino s\u00f3lo Dios? \u00bfQuien de nosotros pudiera &hellip; <\/p>\n<p class=\"link-more\"><a href=\"http:\/\/igfergon.com.mx\/?p=5986\" class=\"more-link\">Continuar leyendo<span class=\"screen-reader-text\"> \u00abViernes de la II Semana Ordinaria\u00bb<\/span><\/a><\/p>\n","protected":false},"author":1,"featured_media":0,"comment_status":"closed","ping_status":"closed","sticky":false,"template":"","format":"standard","meta":{"footnotes":""},"categories":[13,14,10,1],"tags":[69,8,6,7,549],"class_list":["post-5986","post","type-post","status-publish","format-standard","hentry","category-comentario-al-evangelio","category-homilia","category-homilia-diaria","category-uncategorized","tag-comentario-al-evangelio-2","tag-homilia","tag-homilia-diaria","tag-liturgia","tag-viernes-de-la-ii-semana-ordinaria"],"yoast_head":"<!-- This site is optimized with the Yoast SEO plugin v26.0 - https:\/\/yoast.com\/wordpress\/plugins\/seo\/ -->\n<title>Viernes de la II Semana Ordinaria - El sitio del P. Ignacio Fern\u00e1ndez Gonz\u00e1lez<\/title>\n<meta name=\"robots\" content=\"index, follow, max-snippet:-1, max-image-preview:large, max-video-preview:-1\" \/>\n<link rel=\"canonical\" href=\"http:\/\/igfergon.com.mx\/?p=5986\" \/>\n<meta property=\"og:locale\" content=\"es_ES\" \/>\n<meta property=\"og:type\" content=\"article\" \/>\n<meta property=\"og:title\" content=\"Viernes de la II Semana Ordinaria - El sitio del P. Ignacio Fern\u00e1ndez Gonz\u00e1lez\" \/>\n<meta property=\"og:description\" content=\"1Sam. 24, 3-21. David, seg\u00fan el texto del libro de Samuel,&nbsp; es un ejemplo de honestidad: respeta al rey, ungido del Se\u00f1or; trabaja por \u00e9l y por el pueblo en las batallas; no se aprovecha de oportunidades que le facilitar\u00edan la venganza a su ofensor&#8230; \u00bfQui\u00e9n es justo, sino s\u00f3lo Dios? \u00bfQuien de nosotros pudiera &hellip; Continuar leyendo &quot;Viernes de la II Semana Ordinaria&quot;\" \/>\n<meta property=\"og:url\" content=\"http:\/\/igfergon.com.mx\/?p=5986\" \/>\n<meta property=\"og:site_name\" content=\"El sitio del P. Ignacio Fern\u00e1ndez Gonz\u00e1lez\" \/>\n<meta property=\"article:publisher\" content=\"https:\/\/www.facebook.com\/\" \/>\n<meta property=\"article:published_time\" content=\"2026-01-23T09:05:59+00:00\" \/>\n<meta property=\"article:modified_time\" content=\"2026-01-23T09:06:02+00:00\" \/>\n<meta property=\"og:image\" content=\"http:\/\/igfergon.com.mx\/wp-content\/uploads\/2026\/01\/Viernes-2SO.jpg\" \/>\n\t<meta property=\"og:image:width\" content=\"297\" \/>\n\t<meta property=\"og:image:height\" content=\"170\" \/>\n\t<meta property=\"og:image:type\" content=\"image\/jpeg\" \/>\n<meta name=\"author\" content=\"igfergon.com.mx\" \/>\n<meta name=\"twitter:card\" content=\"summary_large_image\" \/>\n<meta name=\"twitter:label1\" content=\"Escrito por\" \/>\n\t<meta name=\"twitter:data1\" content=\"igfergon.com.mx\" \/>\n\t<meta name=\"twitter:label2\" content=\"Tiempo de lectura\" \/>\n\t<meta name=\"twitter:data2\" content=\"4 minutos\" \/>\n<script type=\"application\/ld+json\" class=\"yoast-schema-graph\">{\"@context\":\"https:\/\/schema.org\",\"@graph\":[{\"@type\":\"Article\",\"@id\":\"http:\/\/igfergon.com.mx\/?p=5986#article\",\"isPartOf\":{\"@id\":\"http:\/\/igfergon.com.mx\/?p=5986\"},\"author\":{\"name\":\"igfergon.com.mx\",\"@id\":\"http:\/\/igfergon.com.mx\/#\/schema\/person\/b42517895faefafe2a81218226d90957\"},\"headline\":\"Viernes de la II Semana Ordinaria\",\"datePublished\":\"2026-01-23T09:05:59+00:00\",\"dateModified\":\"2026-01-23T09:06:02+00:00\",\"mainEntityOfPage\":{\"@id\":\"http:\/\/igfergon.com.mx\/?p=5986\"},\"wordCount\":711,\"publisher\":{\"@id\":\"http:\/\/igfergon.com.mx\/#organization\"},\"image\":{\"@id\":\"http:\/\/igfergon.com.mx\/?p=5986#primaryimage\"},\"thumbnailUrl\":\"http:\/\/igfergon.com.mx\/wp-content\/uploads\/2026\/01\/Viernes-2SO.jpg\",\"keywords\":[\"comentario al evangelio\",\"Homil\u00eda\",\"homil\u00eda diaria\",\"liturgia\",\"Viernes de la II Semana Ordinaria\"],\"articleSection\":[\"comentario al evangelio\",\"homil\u00eda\",\"homil\u00eda diaria\",\"liturgia\"],\"inLanguage\":\"es\"},{\"@type\":\"WebPage\",\"@id\":\"http:\/\/igfergon.com.mx\/?p=5986\",\"url\":\"http:\/\/igfergon.com.mx\/?p=5986\",\"name\":\"Viernes de la II Semana Ordinaria - El sitio del P. Ignacio Fern\u00e1ndez Gonz\u00e1lez\",\"isPartOf\":{\"@id\":\"http:\/\/igfergon.com.mx\/#website\"},\"primaryImageOfPage\":{\"@id\":\"http:\/\/igfergon.com.mx\/?p=5986#primaryimage\"},\"image\":{\"@id\":\"http:\/\/igfergon.com.mx\/?p=5986#primaryimage\"},\"thumbnailUrl\":\"http:\/\/igfergon.com.mx\/wp-content\/uploads\/2026\/01\/Viernes-2SO.jpg\",\"datePublished\":\"2026-01-23T09:05:59+00:00\",\"dateModified\":\"2026-01-23T09:06:02+00:00\",\"breadcrumb\":{\"@id\":\"http:\/\/igfergon.com.mx\/?p=5986#breadcrumb\"},\"inLanguage\":\"es\",\"potentialAction\":[{\"@type\":\"ReadAction\",\"target\":[\"http:\/\/igfergon.com.mx\/?p=5986\"]}]},{\"@type\":\"ImageObject\",\"inLanguage\":\"es\",\"@id\":\"http:\/\/igfergon.com.mx\/?p=5986#primaryimage\",\"url\":\"http:\/\/igfergon.com.mx\/wp-content\/uploads\/2026\/01\/Viernes-2SO.jpg\",\"contentUrl\":\"http:\/\/igfergon.com.mx\/wp-content\/uploads\/2026\/01\/Viernes-2SO.jpg\",\"width\":297,\"height\":170},{\"@type\":\"BreadcrumbList\",\"@id\":\"http:\/\/igfergon.com.mx\/?p=5986#breadcrumb\",\"itemListElement\":[{\"@type\":\"ListItem\",\"position\":1,\"name\":\"Portada\",\"item\":\"http:\/\/igfergon.com.mx\/\"},{\"@type\":\"ListItem\",\"position\":2,\"name\":\"Viernes de la II Semana Ordinaria\"}]},{\"@type\":\"WebSite\",\"@id\":\"http:\/\/igfergon.com.mx\/#website\",\"url\":\"http:\/\/igfergon.com.mx\/\",\"name\":\"El sitio del P. Ignacio Fern\u00e1ndez Gonz\u00e1lez\",\"description\":\"Para Ayudarte\",\"publisher\":{\"@id\":\"http:\/\/igfergon.com.mx\/#organization\"},\"potentialAction\":[{\"@type\":\"SearchAction\",\"target\":{\"@type\":\"EntryPoint\",\"urlTemplate\":\"http:\/\/igfergon.com.mx\/?s={search_term_string}\"},\"query-input\":{\"@type\":\"PropertyValueSpecification\",\"valueRequired\":true,\"valueName\":\"search_term_string\"}}],\"inLanguage\":\"es\"},{\"@type\":\"Organization\",\"@id\":\"http:\/\/igfergon.com.mx\/#organization\",\"name\":\"El sitio del P. Ignacio Fern\u00e1ndez Gonz\u00e1lez\",\"url\":\"http:\/\/igfergon.com.mx\/\",\"logo\":{\"@type\":\"ImageObject\",\"inLanguage\":\"es\",\"@id\":\"http:\/\/igfergon.com.mx\/#\/schema\/logo\/image\/\",\"url\":\"http:\/\/igfergon.com.mx\/wp-content\/uploads\/2018\/09\/cropped-ORDNACION02-2.jpg\",\"contentUrl\":\"http:\/\/igfergon.com.mx\/wp-content\/uploads\/2018\/09\/cropped-ORDNACION02-2.jpg\",\"width\":250,\"height\":250,\"caption\":\"El sitio del P. Ignacio Fern\u00e1ndez Gonz\u00e1lez\"},\"image\":{\"@id\":\"http:\/\/igfergon.com.mx\/#\/schema\/logo\/image\/\"},\"sameAs\":[\"https:\/\/www.facebook.com\/\"]},{\"@type\":\"Person\",\"@id\":\"http:\/\/igfergon.com.mx\/#\/schema\/person\/b42517895faefafe2a81218226d90957\",\"name\":\"igfergon.com.mx\",\"image\":{\"@type\":\"ImageObject\",\"inLanguage\":\"es\",\"@id\":\"http:\/\/igfergon.com.mx\/#\/schema\/person\/image\/\",\"url\":\"https:\/\/secure.gravatar.com\/avatar\/9fd60c5591f2c6b18e76a917a69f35b0732f8532b3679d0132b3503b545db7a6?s=96&d=mm&r=g\",\"contentUrl\":\"https:\/\/secure.gravatar.com\/avatar\/9fd60c5591f2c6b18e76a917a69f35b0732f8532b3679d0132b3503b545db7a6?s=96&d=mm&r=g\",\"caption\":\"igfergon.com.mx\"},\"url\":\"http:\/\/igfergon.com.mx\/?author=1\"}]}<\/script>\n<!-- \/ Yoast SEO plugin. -->","yoast_head_json":{"title":"Viernes de la II Semana Ordinaria - El sitio del P. Ignacio Fern\u00e1ndez Gonz\u00e1lez","robots":{"index":"index","follow":"follow","max-snippet":"max-snippet:-1","max-image-preview":"max-image-preview:large","max-video-preview":"max-video-preview:-1"},"canonical":"http:\/\/igfergon.com.mx\/?p=5986","og_locale":"es_ES","og_type":"article","og_title":"Viernes de la II Semana Ordinaria - El sitio del P. Ignacio Fern\u00e1ndez Gonz\u00e1lez","og_description":"1Sam. 24, 3-21. David, seg\u00fan el texto del libro de Samuel,&nbsp; es un ejemplo de honestidad: respeta al rey, ungido del Se\u00f1or; trabaja por \u00e9l y por el pueblo en las batallas; no se aprovecha de oportunidades que le facilitar\u00edan la venganza a su ofensor&#8230; \u00bfQui\u00e9n es justo, sino s\u00f3lo Dios? \u00bfQuien de nosotros pudiera &hellip; Continuar leyendo \"Viernes de la II Semana Ordinaria\"","og_url":"http:\/\/igfergon.com.mx\/?p=5986","og_site_name":"El sitio del P. Ignacio Fern\u00e1ndez Gonz\u00e1lez","article_publisher":"https:\/\/www.facebook.com\/","article_published_time":"2026-01-23T09:05:59+00:00","article_modified_time":"2026-01-23T09:06:02+00:00","og_image":[{"width":297,"height":170,"url":"http:\/\/igfergon.com.mx\/wp-content\/uploads\/2026\/01\/Viernes-2SO.jpg","type":"image\/jpeg"}],"author":"igfergon.com.mx","twitter_card":"summary_large_image","twitter_misc":{"Escrito por":"igfergon.com.mx","Tiempo de lectura":"4 minutos"},"schema":{"@context":"https:\/\/schema.org","@graph":[{"@type":"Article","@id":"http:\/\/igfergon.com.mx\/?p=5986#article","isPartOf":{"@id":"http:\/\/igfergon.com.mx\/?p=5986"},"author":{"name":"igfergon.com.mx","@id":"http:\/\/igfergon.com.mx\/#\/schema\/person\/b42517895faefafe2a81218226d90957"},"headline":"Viernes de la II Semana Ordinaria","datePublished":"2026-01-23T09:05:59+00:00","dateModified":"2026-01-23T09:06:02+00:00","mainEntityOfPage":{"@id":"http:\/\/igfergon.com.mx\/?p=5986"},"wordCount":711,"publisher":{"@id":"http:\/\/igfergon.com.mx\/#organization"},"image":{"@id":"http:\/\/igfergon.com.mx\/?p=5986#primaryimage"},"thumbnailUrl":"http:\/\/igfergon.com.mx\/wp-content\/uploads\/2026\/01\/Viernes-2SO.jpg","keywords":["comentario al evangelio","Homil\u00eda","homil\u00eda diaria","liturgia","Viernes de la II Semana Ordinaria"],"articleSection":["comentario al evangelio","homil\u00eda","homil\u00eda diaria","liturgia"],"inLanguage":"es"},{"@type":"WebPage","@id":"http:\/\/igfergon.com.mx\/?p=5986","url":"http:\/\/igfergon.com.mx\/?p=5986","name":"Viernes de la II Semana Ordinaria - El sitio del P. Ignacio Fern\u00e1ndez Gonz\u00e1lez","isPartOf":{"@id":"http:\/\/igfergon.com.mx\/#website"},"primaryImageOfPage":{"@id":"http:\/\/igfergon.com.mx\/?p=5986#primaryimage"},"image":{"@id":"http:\/\/igfergon.com.mx\/?p=5986#primaryimage"},"thumbnailUrl":"http:\/\/igfergon.com.mx\/wp-content\/uploads\/2026\/01\/Viernes-2SO.jpg","datePublished":"2026-01-23T09:05:59+00:00","dateModified":"2026-01-23T09:06:02+00:00","breadcrumb":{"@id":"http:\/\/igfergon.com.mx\/?p=5986#breadcrumb"},"inLanguage":"es","potentialAction":[{"@type":"ReadAction","target":["http:\/\/igfergon.com.mx\/?p=5986"]}]},{"@type":"ImageObject","inLanguage":"es","@id":"http:\/\/igfergon.com.mx\/?p=5986#primaryimage","url":"http:\/\/igfergon.com.mx\/wp-content\/uploads\/2026\/01\/Viernes-2SO.jpg","contentUrl":"http:\/\/igfergon.com.mx\/wp-content\/uploads\/2026\/01\/Viernes-2SO.jpg","width":297,"height":170},{"@type":"BreadcrumbList","@id":"http:\/\/igfergon.com.mx\/?p=5986#breadcrumb","itemListElement":[{"@type":"ListItem","position":1,"name":"Portada","item":"http:\/\/igfergon.com.mx\/"},{"@type":"ListItem","position":2,"name":"Viernes de la II Semana Ordinaria"}]},{"@type":"WebSite","@id":"http:\/\/igfergon.com.mx\/#website","url":"http:\/\/igfergon.com.mx\/","name":"El sitio del P. Ignacio Fern\u00e1ndez Gonz\u00e1lez","description":"Para Ayudarte","publisher":{"@id":"http:\/\/igfergon.com.mx\/#organization"},"potentialAction":[{"@type":"SearchAction","target":{"@type":"EntryPoint","urlTemplate":"http:\/\/igfergon.com.mx\/?s={search_term_string}"},"query-input":{"@type":"PropertyValueSpecification","valueRequired":true,"valueName":"search_term_string"}}],"inLanguage":"es"},{"@type":"Organization","@id":"http:\/\/igfergon.com.mx\/#organization","name":"El sitio del P. Ignacio Fern\u00e1ndez Gonz\u00e1lez","url":"http:\/\/igfergon.com.mx\/","logo":{"@type":"ImageObject","inLanguage":"es","@id":"http:\/\/igfergon.com.mx\/#\/schema\/logo\/image\/","url":"http:\/\/igfergon.com.mx\/wp-content\/uploads\/2018\/09\/cropped-ORDNACION02-2.jpg","contentUrl":"http:\/\/igfergon.com.mx\/wp-content\/uploads\/2018\/09\/cropped-ORDNACION02-2.jpg","width":250,"height":250,"caption":"El sitio del P. Ignacio Fern\u00e1ndez Gonz\u00e1lez"},"image":{"@id":"http:\/\/igfergon.com.mx\/#\/schema\/logo\/image\/"},"sameAs":["https:\/\/www.facebook.com\/"]},{"@type":"Person","@id":"http:\/\/igfergon.com.mx\/#\/schema\/person\/b42517895faefafe2a81218226d90957","name":"igfergon.com.mx","image":{"@type":"ImageObject","inLanguage":"es","@id":"http:\/\/igfergon.com.mx\/#\/schema\/person\/image\/","url":"https:\/\/secure.gravatar.com\/avatar\/9fd60c5591f2c6b18e76a917a69f35b0732f8532b3679d0132b3503b545db7a6?s=96&d=mm&r=g","contentUrl":"https:\/\/secure.gravatar.com\/avatar\/9fd60c5591f2c6b18e76a917a69f35b0732f8532b3679d0132b3503b545db7a6?s=96&d=mm&r=g","caption":"igfergon.com.mx"},"url":"http:\/\/igfergon.com.mx\/?author=1"}]}},"_links":{"self":[{"href":"http:\/\/igfergon.com.mx\/index.php?rest_route=\/wp\/v2\/posts\/5986","targetHints":{"allow":["GET"]}}],"collection":[{"href":"http:\/\/igfergon.com.mx\/index.php?rest_route=\/wp\/v2\/posts"}],"about":[{"href":"http:\/\/igfergon.com.mx\/index.php?rest_route=\/wp\/v2\/types\/post"}],"author":[{"embeddable":true,"href":"http:\/\/igfergon.com.mx\/index.php?rest_route=\/wp\/v2\/users\/1"}],"replies":[{"embeddable":true,"href":"http:\/\/igfergon.com.mx\/index.php?rest_route=%2Fwp%2Fv2%2Fcomments&post=5986"}],"version-history":[{"count":1,"href":"http:\/\/igfergon.com.mx\/index.php?rest_route=\/wp\/v2\/posts\/5986\/revisions"}],"predecessor-version":[{"id":5988,"href":"http:\/\/igfergon.com.mx\/index.php?rest_route=\/wp\/v2\/posts\/5986\/revisions\/5988"}],"wp:attachment":[{"href":"http:\/\/igfergon.com.mx\/index.php?rest_route=%2Fwp%2Fv2%2Fmedia&parent=5986"}],"wp:term":[{"taxonomy":"category","embeddable":true,"href":"http:\/\/igfergon.com.mx\/index.php?rest_route=%2Fwp%2Fv2%2Fcategories&post=5986"},{"taxonomy":"post_tag","embeddable":true,"href":"http:\/\/igfergon.com.mx\/index.php?rest_route=%2Fwp%2Fv2%2Ftags&post=5986"}],"curies":[{"name":"wp","href":"https:\/\/api.w.org\/{rel}","templated":true}]}}