{"id":5989,"date":"2026-01-24T10:37:55","date_gmt":"2026-01-24T08:37:55","guid":{"rendered":"http:\/\/igfergon.com.mx\/?p=5989"},"modified":"2026-01-24T10:37:57","modified_gmt":"2026-01-24T08:37:57","slug":"sabado-de-la-ii-semana-ordinaria-2","status":"publish","type":"post","link":"http:\/\/igfergon.com.mx\/?p=5989","title":{"rendered":"S\u00e1bado de la II Semana Ordinaria"},"content":{"rendered":"<div class=\"wp-block-image\">\n<figure class=\"aligncenter size-full\"><img loading=\"lazy\" decoding=\"async\" width=\"261\" height=\"193\" src=\"http:\/\/igfergon.com.mx\/wp-content\/uploads\/2026\/01\/Sabado-2SO.jpg\" alt=\"\" class=\"wp-image-5990\" srcset=\"http:\/\/igfergon.com.mx\/wp-content\/uploads\/2026\/01\/Sabado-2SO.jpg 261w, http:\/\/igfergon.com.mx\/wp-content\/uploads\/2026\/01\/Sabado-2SO-200x148.jpg 200w\" sizes=\"auto, (max-width: 261px) 100vw, 261px\" \/><\/figure>\n<\/div>\n\n\n<p><strong>2Sam. 1, 1-4. 11-12. 17. 19. 23-27.<\/strong><\/p>\n\n\n\n<p>A David le duele la muerte de Sa\u00fal, que se hab\u00eda levantado en contra suya, pero en contra del cual \u00e9l jam\u00e1s quiso levantar la mano, pues, dec\u00eda, era el ungido de Dios; y por eso, mientras fuera el Rey de Israel, merec\u00eda todo respeto; lo contrario ser\u00eda ir en contra de la voluntad de Dios.<\/p>\n\n\n\n<p>Esto es para nosotros un gran ejemplo de c\u00f3mo hemos de amar y respetar a las autoridades leg\u00edtimamente constituidos, especialmente dentro de la Iglesia, viviendo sin rebeld\u00eda en contra de quienes Dios puso al frente de su Pueblo, conforme a su voluntad soberana. Puesto que ha muerto tambi\u00e9n Jonat\u00e1n, su amigo \u00edntimo, David eleva una eleg\u00eda de dolor tanto por \u00e9l como por su padre.<\/p>\n\n\n\n<p>En el fondo vislumbramos aquellas palabras en las que se nos dir\u00e1 que a Dios le llena de pesar la muerte de los suyos. Dios no quiere la muerte del pecador, sino que se convierta y viva. Y no importan nuestras grandes miserias; Dios simplemente quiere que estemos con \u00c9l eternamente, pues a nadie cre\u00f3 para su condenaci\u00f3n; por eso Dios no se recrea en la muerte de los suyos. Dej\u00e9monos amar por Dios y permit\u00e1mosle llevar adelante en nosotros su obra de salvaci\u00f3n.<\/p>\n\n\n\n<p><strong>Marcos 3, 20-21<\/strong><\/p>\n\n\n\n<p>A primera vista parece que este Evangelio habla mal de Cristo en vez de hablar bien. Pero si leemos entre l\u00edneas encontraremos que no es as\u00ed.<\/p>\n\n\n\n<p>Cristo se consagr\u00f3 al Padre para cumplir una misi\u00f3n dada, concreta e important\u00edsima, que era precisamente la salvaci\u00f3n de todos los hombres.<\/p>\n\n\n\n<p>Y Cristo, sabiendo la responsabilidad que ten\u00eda y teniendo un amor infinito hacia el Padre, no dudaba en sacrificar nada para cumplir su misi\u00f3n, por amor al Padre y a los hombres.<\/p>\n\n\n\n<p>Si ten\u00eda que predicar todo el d\u00eda, lo hac\u00eda, aunque esto implicara quedarse sin comer, aunque no durmiera, aunque apenas tuviera tiempo para descansar.<\/p>\n\n\n\n<p>Hasta cierto punto, es normal que sus parientes, al verle, dijeran \u201cest\u00e1 fuera de s\u00ed.\u201d Y claro, una persona apasionada por llevar el Evangelio a todas las gentes no puede hacer otra cosa que aparecer como un loco delante de los hombres.<\/p>\n\n\n\n<p>Pero delante de Dios, es un h\u00e9roe, pues su principal motivaci\u00f3n es el amor. Contemplemos el ejemplo de Cristo e imit\u00e9mosle en esa locura por hacer el bien a los que nos rodean, por amor a Cristo y su Reino.<\/p>\n\n\n\n<p><\/p>\n","protected":false},"excerpt":{"rendered":"<p>2Sam. 1, 1-4. 11-12. 17. 19. 23-27. A David le duele la muerte de Sa\u00fal, que se hab\u00eda levantado en contra suya, pero en contra del cual \u00e9l jam\u00e1s quiso levantar la mano, pues, dec\u00eda, era el ungido de Dios; y por eso, mientras fuera el Rey de Israel, merec\u00eda todo respeto; lo contrario ser\u00eda &hellip; <\/p>\n<p class=\"link-more\"><a href=\"http:\/\/igfergon.com.mx\/?p=5989\" class=\"more-link\">Continuar leyendo<span class=\"screen-reader-text\"> \u00abS\u00e1bado de la II Semana Ordinaria\u00bb<\/span><\/a><\/p>\n","protected":false},"author":1,"featured_media":0,"comment_status":"closed","ping_status":"closed","sticky":false,"template":"","format":"standard","meta":{"footnotes":""},"categories":[13,14,10,1],"tags":[69,8,6,7,550],"class_list":["post-5989","post","type-post","status-publish","format-standard","hentry","category-comentario-al-evangelio","category-homilia","category-homilia-diaria","category-uncategorized","tag-comentario-al-evangelio-2","tag-homilia","tag-homilia-diaria","tag-liturgia","tag-sabado-de-la-ii-semana-ordinaria"],"yoast_head":"<!-- This site is optimized with the Yoast SEO plugin v26.0 - https:\/\/yoast.com\/wordpress\/plugins\/seo\/ -->\n<title>S\u00e1bado de la II Semana Ordinaria - El sitio del P. Ignacio Fern\u00e1ndez Gonz\u00e1lez<\/title>\n<meta name=\"robots\" content=\"index, follow, max-snippet:-1, max-image-preview:large, max-video-preview:-1\" \/>\n<link rel=\"canonical\" href=\"http:\/\/igfergon.com.mx\/?p=5989\" \/>\n<meta property=\"og:locale\" content=\"es_ES\" \/>\n<meta property=\"og:type\" content=\"article\" \/>\n<meta property=\"og:title\" content=\"S\u00e1bado de la II Semana Ordinaria - El sitio del P. Ignacio Fern\u00e1ndez Gonz\u00e1lez\" \/>\n<meta property=\"og:description\" content=\"2Sam. 1, 1-4. 11-12. 17. 19. 23-27. A David le duele la muerte de Sa\u00fal, que se hab\u00eda levantado en contra suya, pero en contra del cual \u00e9l jam\u00e1s quiso levantar la mano, pues, dec\u00eda, era el ungido de Dios; y por eso, mientras fuera el Rey de Israel, merec\u00eda todo respeto; lo contrario ser\u00eda &hellip; Continuar leyendo &quot;S\u00e1bado de la II Semana Ordinaria&quot;\" \/>\n<meta property=\"og:url\" content=\"http:\/\/igfergon.com.mx\/?p=5989\" \/>\n<meta property=\"og:site_name\" content=\"El sitio del P. Ignacio Fern\u00e1ndez Gonz\u00e1lez\" \/>\n<meta property=\"article:publisher\" content=\"https:\/\/www.facebook.com\/\" \/>\n<meta property=\"article:published_time\" content=\"2026-01-24T08:37:55+00:00\" \/>\n<meta property=\"article:modified_time\" content=\"2026-01-24T08:37:57+00:00\" \/>\n<meta property=\"og:image\" content=\"http:\/\/igfergon.com.mx\/wp-content\/uploads\/2026\/01\/Sabado-2SO.jpg\" \/>\n\t<meta property=\"og:image:width\" content=\"261\" \/>\n\t<meta property=\"og:image:height\" content=\"193\" \/>\n\t<meta property=\"og:image:type\" content=\"image\/jpeg\" \/>\n<meta name=\"author\" content=\"igfergon.com.mx\" \/>\n<meta name=\"twitter:card\" content=\"summary_large_image\" \/>\n<meta name=\"twitter:label1\" content=\"Escrito por\" \/>\n\t<meta name=\"twitter:data1\" content=\"igfergon.com.mx\" \/>\n\t<meta name=\"twitter:label2\" content=\"Tiempo de lectura\" \/>\n\t<meta name=\"twitter:data2\" content=\"3 minutos\" \/>\n<script type=\"application\/ld+json\" class=\"yoast-schema-graph\">{\"@context\":\"https:\/\/schema.org\",\"@graph\":[{\"@type\":\"Article\",\"@id\":\"http:\/\/igfergon.com.mx\/?p=5989#article\",\"isPartOf\":{\"@id\":\"http:\/\/igfergon.com.mx\/?p=5989\"},\"author\":{\"name\":\"igfergon.com.mx\",\"@id\":\"http:\/\/igfergon.com.mx\/#\/schema\/person\/b42517895faefafe2a81218226d90957\"},\"headline\":\"S\u00e1bado de la II Semana Ordinaria\",\"datePublished\":\"2026-01-24T08:37:55+00:00\",\"dateModified\":\"2026-01-24T08:37:57+00:00\",\"mainEntityOfPage\":{\"@id\":\"http:\/\/igfergon.com.mx\/?p=5989\"},\"wordCount\":432,\"publisher\":{\"@id\":\"http:\/\/igfergon.com.mx\/#organization\"},\"image\":{\"@id\":\"http:\/\/igfergon.com.mx\/?p=5989#primaryimage\"},\"thumbnailUrl\":\"http:\/\/igfergon.com.mx\/wp-content\/uploads\/2026\/01\/Sabado-2SO.jpg\",\"keywords\":[\"comentario al evangelio\",\"Homil\u00eda\",\"homil\u00eda diaria\",\"liturgia\",\"S\u00e1bado de la II Semana Ordinaria\"],\"articleSection\":[\"comentario al evangelio\",\"homil\u00eda\",\"homil\u00eda diaria\",\"liturgia\"],\"inLanguage\":\"es\"},{\"@type\":\"WebPage\",\"@id\":\"http:\/\/igfergon.com.mx\/?p=5989\",\"url\":\"http:\/\/igfergon.com.mx\/?p=5989\",\"name\":\"S\u00e1bado de la II Semana Ordinaria - El sitio del P. Ignacio Fern\u00e1ndez Gonz\u00e1lez\",\"isPartOf\":{\"@id\":\"http:\/\/igfergon.com.mx\/#website\"},\"primaryImageOfPage\":{\"@id\":\"http:\/\/igfergon.com.mx\/?p=5989#primaryimage\"},\"image\":{\"@id\":\"http:\/\/igfergon.com.mx\/?p=5989#primaryimage\"},\"thumbnailUrl\":\"http:\/\/igfergon.com.mx\/wp-content\/uploads\/2026\/01\/Sabado-2SO.jpg\",\"datePublished\":\"2026-01-24T08:37:55+00:00\",\"dateModified\":\"2026-01-24T08:37:57+00:00\",\"breadcrumb\":{\"@id\":\"http:\/\/igfergon.com.mx\/?p=5989#breadcrumb\"},\"inLanguage\":\"es\",\"potentialAction\":[{\"@type\":\"ReadAction\",\"target\":[\"http:\/\/igfergon.com.mx\/?p=5989\"]}]},{\"@type\":\"ImageObject\",\"inLanguage\":\"es\",\"@id\":\"http:\/\/igfergon.com.mx\/?p=5989#primaryimage\",\"url\":\"http:\/\/igfergon.com.mx\/wp-content\/uploads\/2026\/01\/Sabado-2SO.jpg\",\"contentUrl\":\"http:\/\/igfergon.com.mx\/wp-content\/uploads\/2026\/01\/Sabado-2SO.jpg\",\"width\":261,\"height\":193},{\"@type\":\"BreadcrumbList\",\"@id\":\"http:\/\/igfergon.com.mx\/?p=5989#breadcrumb\",\"itemListElement\":[{\"@type\":\"ListItem\",\"position\":1,\"name\":\"Portada\",\"item\":\"http:\/\/igfergon.com.mx\/\"},{\"@type\":\"ListItem\",\"position\":2,\"name\":\"S\u00e1bado de la II Semana Ordinaria\"}]},{\"@type\":\"WebSite\",\"@id\":\"http:\/\/igfergon.com.mx\/#website\",\"url\":\"http:\/\/igfergon.com.mx\/\",\"name\":\"El sitio del P. Ignacio Fern\u00e1ndez Gonz\u00e1lez\",\"description\":\"Para Ayudarte\",\"publisher\":{\"@id\":\"http:\/\/igfergon.com.mx\/#organization\"},\"potentialAction\":[{\"@type\":\"SearchAction\",\"target\":{\"@type\":\"EntryPoint\",\"urlTemplate\":\"http:\/\/igfergon.com.mx\/?s={search_term_string}\"},\"query-input\":{\"@type\":\"PropertyValueSpecification\",\"valueRequired\":true,\"valueName\":\"search_term_string\"}}],\"inLanguage\":\"es\"},{\"@type\":\"Organization\",\"@id\":\"http:\/\/igfergon.com.mx\/#organization\",\"name\":\"El sitio del P. Ignacio Fern\u00e1ndez Gonz\u00e1lez\",\"url\":\"http:\/\/igfergon.com.mx\/\",\"logo\":{\"@type\":\"ImageObject\",\"inLanguage\":\"es\",\"@id\":\"http:\/\/igfergon.com.mx\/#\/schema\/logo\/image\/\",\"url\":\"http:\/\/igfergon.com.mx\/wp-content\/uploads\/2018\/09\/cropped-ORDNACION02-2.jpg\",\"contentUrl\":\"http:\/\/igfergon.com.mx\/wp-content\/uploads\/2018\/09\/cropped-ORDNACION02-2.jpg\",\"width\":250,\"height\":250,\"caption\":\"El sitio del P. Ignacio Fern\u00e1ndez Gonz\u00e1lez\"},\"image\":{\"@id\":\"http:\/\/igfergon.com.mx\/#\/schema\/logo\/image\/\"},\"sameAs\":[\"https:\/\/www.facebook.com\/\"]},{\"@type\":\"Person\",\"@id\":\"http:\/\/igfergon.com.mx\/#\/schema\/person\/b42517895faefafe2a81218226d90957\",\"name\":\"igfergon.com.mx\",\"image\":{\"@type\":\"ImageObject\",\"inLanguage\":\"es\",\"@id\":\"http:\/\/igfergon.com.mx\/#\/schema\/person\/image\/\",\"url\":\"https:\/\/secure.gravatar.com\/avatar\/9fd60c5591f2c6b18e76a917a69f35b0732f8532b3679d0132b3503b545db7a6?s=96&d=mm&r=g\",\"contentUrl\":\"https:\/\/secure.gravatar.com\/avatar\/9fd60c5591f2c6b18e76a917a69f35b0732f8532b3679d0132b3503b545db7a6?s=96&d=mm&r=g\",\"caption\":\"igfergon.com.mx\"},\"url\":\"http:\/\/igfergon.com.mx\/?author=1\"}]}<\/script>\n<!-- \/ Yoast SEO plugin. -->","yoast_head_json":{"title":"S\u00e1bado de la II Semana Ordinaria - El sitio del P. Ignacio Fern\u00e1ndez Gonz\u00e1lez","robots":{"index":"index","follow":"follow","max-snippet":"max-snippet:-1","max-image-preview":"max-image-preview:large","max-video-preview":"max-video-preview:-1"},"canonical":"http:\/\/igfergon.com.mx\/?p=5989","og_locale":"es_ES","og_type":"article","og_title":"S\u00e1bado de la II Semana Ordinaria - El sitio del P. Ignacio Fern\u00e1ndez Gonz\u00e1lez","og_description":"2Sam. 1, 1-4. 11-12. 17. 19. 23-27. A David le duele la muerte de Sa\u00fal, que se hab\u00eda levantado en contra suya, pero en contra del cual \u00e9l jam\u00e1s quiso levantar la mano, pues, dec\u00eda, era el ungido de Dios; y por eso, mientras fuera el Rey de Israel, merec\u00eda todo respeto; lo contrario ser\u00eda &hellip; Continuar leyendo \"S\u00e1bado de la II Semana Ordinaria\"","og_url":"http:\/\/igfergon.com.mx\/?p=5989","og_site_name":"El sitio del P. Ignacio Fern\u00e1ndez Gonz\u00e1lez","article_publisher":"https:\/\/www.facebook.com\/","article_published_time":"2026-01-24T08:37:55+00:00","article_modified_time":"2026-01-24T08:37:57+00:00","og_image":[{"width":261,"height":193,"url":"http:\/\/igfergon.com.mx\/wp-content\/uploads\/2026\/01\/Sabado-2SO.jpg","type":"image\/jpeg"}],"author":"igfergon.com.mx","twitter_card":"summary_large_image","twitter_misc":{"Escrito por":"igfergon.com.mx","Tiempo de lectura":"3 minutos"},"schema":{"@context":"https:\/\/schema.org","@graph":[{"@type":"Article","@id":"http:\/\/igfergon.com.mx\/?p=5989#article","isPartOf":{"@id":"http:\/\/igfergon.com.mx\/?p=5989"},"author":{"name":"igfergon.com.mx","@id":"http:\/\/igfergon.com.mx\/#\/schema\/person\/b42517895faefafe2a81218226d90957"},"headline":"S\u00e1bado de la II Semana Ordinaria","datePublished":"2026-01-24T08:37:55+00:00","dateModified":"2026-01-24T08:37:57+00:00","mainEntityOfPage":{"@id":"http:\/\/igfergon.com.mx\/?p=5989"},"wordCount":432,"publisher":{"@id":"http:\/\/igfergon.com.mx\/#organization"},"image":{"@id":"http:\/\/igfergon.com.mx\/?p=5989#primaryimage"},"thumbnailUrl":"http:\/\/igfergon.com.mx\/wp-content\/uploads\/2026\/01\/Sabado-2SO.jpg","keywords":["comentario al evangelio","Homil\u00eda","homil\u00eda diaria","liturgia","S\u00e1bado de la II Semana Ordinaria"],"articleSection":["comentario al evangelio","homil\u00eda","homil\u00eda diaria","liturgia"],"inLanguage":"es"},{"@type":"WebPage","@id":"http:\/\/igfergon.com.mx\/?p=5989","url":"http:\/\/igfergon.com.mx\/?p=5989","name":"S\u00e1bado de la II Semana Ordinaria - El sitio del P. Ignacio Fern\u00e1ndez Gonz\u00e1lez","isPartOf":{"@id":"http:\/\/igfergon.com.mx\/#website"},"primaryImageOfPage":{"@id":"http:\/\/igfergon.com.mx\/?p=5989#primaryimage"},"image":{"@id":"http:\/\/igfergon.com.mx\/?p=5989#primaryimage"},"thumbnailUrl":"http:\/\/igfergon.com.mx\/wp-content\/uploads\/2026\/01\/Sabado-2SO.jpg","datePublished":"2026-01-24T08:37:55+00:00","dateModified":"2026-01-24T08:37:57+00:00","breadcrumb":{"@id":"http:\/\/igfergon.com.mx\/?p=5989#breadcrumb"},"inLanguage":"es","potentialAction":[{"@type":"ReadAction","target":["http:\/\/igfergon.com.mx\/?p=5989"]}]},{"@type":"ImageObject","inLanguage":"es","@id":"http:\/\/igfergon.com.mx\/?p=5989#primaryimage","url":"http:\/\/igfergon.com.mx\/wp-content\/uploads\/2026\/01\/Sabado-2SO.jpg","contentUrl":"http:\/\/igfergon.com.mx\/wp-content\/uploads\/2026\/01\/Sabado-2SO.jpg","width":261,"height":193},{"@type":"BreadcrumbList","@id":"http:\/\/igfergon.com.mx\/?p=5989#breadcrumb","itemListElement":[{"@type":"ListItem","position":1,"name":"Portada","item":"http:\/\/igfergon.com.mx\/"},{"@type":"ListItem","position":2,"name":"S\u00e1bado de la II Semana Ordinaria"}]},{"@type":"WebSite","@id":"http:\/\/igfergon.com.mx\/#website","url":"http:\/\/igfergon.com.mx\/","name":"El sitio del P. Ignacio Fern\u00e1ndez Gonz\u00e1lez","description":"Para Ayudarte","publisher":{"@id":"http:\/\/igfergon.com.mx\/#organization"},"potentialAction":[{"@type":"SearchAction","target":{"@type":"EntryPoint","urlTemplate":"http:\/\/igfergon.com.mx\/?s={search_term_string}"},"query-input":{"@type":"PropertyValueSpecification","valueRequired":true,"valueName":"search_term_string"}}],"inLanguage":"es"},{"@type":"Organization","@id":"http:\/\/igfergon.com.mx\/#organization","name":"El sitio del P. Ignacio Fern\u00e1ndez Gonz\u00e1lez","url":"http:\/\/igfergon.com.mx\/","logo":{"@type":"ImageObject","inLanguage":"es","@id":"http:\/\/igfergon.com.mx\/#\/schema\/logo\/image\/","url":"http:\/\/igfergon.com.mx\/wp-content\/uploads\/2018\/09\/cropped-ORDNACION02-2.jpg","contentUrl":"http:\/\/igfergon.com.mx\/wp-content\/uploads\/2018\/09\/cropped-ORDNACION02-2.jpg","width":250,"height":250,"caption":"El sitio del P. Ignacio Fern\u00e1ndez Gonz\u00e1lez"},"image":{"@id":"http:\/\/igfergon.com.mx\/#\/schema\/logo\/image\/"},"sameAs":["https:\/\/www.facebook.com\/"]},{"@type":"Person","@id":"http:\/\/igfergon.com.mx\/#\/schema\/person\/b42517895faefafe2a81218226d90957","name":"igfergon.com.mx","image":{"@type":"ImageObject","inLanguage":"es","@id":"http:\/\/igfergon.com.mx\/#\/schema\/person\/image\/","url":"https:\/\/secure.gravatar.com\/avatar\/9fd60c5591f2c6b18e76a917a69f35b0732f8532b3679d0132b3503b545db7a6?s=96&d=mm&r=g","contentUrl":"https:\/\/secure.gravatar.com\/avatar\/9fd60c5591f2c6b18e76a917a69f35b0732f8532b3679d0132b3503b545db7a6?s=96&d=mm&r=g","caption":"igfergon.com.mx"},"url":"http:\/\/igfergon.com.mx\/?author=1"}]}},"_links":{"self":[{"href":"http:\/\/igfergon.com.mx\/index.php?rest_route=\/wp\/v2\/posts\/5989","targetHints":{"allow":["GET"]}}],"collection":[{"href":"http:\/\/igfergon.com.mx\/index.php?rest_route=\/wp\/v2\/posts"}],"about":[{"href":"http:\/\/igfergon.com.mx\/index.php?rest_route=\/wp\/v2\/types\/post"}],"author":[{"embeddable":true,"href":"http:\/\/igfergon.com.mx\/index.php?rest_route=\/wp\/v2\/users\/1"}],"replies":[{"embeddable":true,"href":"http:\/\/igfergon.com.mx\/index.php?rest_route=%2Fwp%2Fv2%2Fcomments&post=5989"}],"version-history":[{"count":1,"href":"http:\/\/igfergon.com.mx\/index.php?rest_route=\/wp\/v2\/posts\/5989\/revisions"}],"predecessor-version":[{"id":5991,"href":"http:\/\/igfergon.com.mx\/index.php?rest_route=\/wp\/v2\/posts\/5989\/revisions\/5991"}],"wp:attachment":[{"href":"http:\/\/igfergon.com.mx\/index.php?rest_route=%2Fwp%2Fv2%2Fmedia&parent=5989"}],"wp:term":[{"taxonomy":"category","embeddable":true,"href":"http:\/\/igfergon.com.mx\/index.php?rest_route=%2Fwp%2Fv2%2Fcategories&post=5989"},{"taxonomy":"post_tag","embeddable":true,"href":"http:\/\/igfergon.com.mx\/index.php?rest_route=%2Fwp%2Fv2%2Ftags&post=5989"}],"curies":[{"name":"wp","href":"https:\/\/api.w.org\/{rel}","templated":true}]}}