{"id":5992,"date":"2026-01-26T12:18:45","date_gmt":"2026-01-26T10:18:45","guid":{"rendered":"http:\/\/igfergon.com.mx\/?p=5992"},"modified":"2026-01-26T12:18:47","modified_gmt":"2026-01-26T10:18:47","slug":"santos-timoteo-y-tito-3","status":"publish","type":"post","link":"http:\/\/igfergon.com.mx\/?p=5992","title":{"rendered":"SANTOS TIMOTEO Y TITO"},"content":{"rendered":"<div class=\"wp-block-image\">\n<figure class=\"aligncenter size-full\"><img loading=\"lazy\" decoding=\"async\" width=\"266\" height=\"190\" src=\"http:\/\/igfergon.com.mx\/wp-content\/uploads\/2026\/01\/Timoteo-y-Tito.jpg\" alt=\"\" class=\"wp-image-5993\" srcset=\"http:\/\/igfergon.com.mx\/wp-content\/uploads\/2026\/01\/Timoteo-y-Tito.jpg 266w, http:\/\/igfergon.com.mx\/wp-content\/uploads\/2026\/01\/Timoteo-y-Tito-200x143.jpg 200w\" sizes=\"auto, (max-width: 266px) 100vw, 266px\" \/><\/figure>\n<\/div>\n\n\n<p><strong><em>Mc<\/em>\u00a03, 22-30<\/strong><\/p>\n\n\n\n<p>El amor contagia, la pasi\u00f3n por el Evangelio tambi\u00e9n.&nbsp; C\u00f3mo es importante la relaci\u00f3n de las personas.&nbsp; Al reunirnos con personas que viven el Evangelio, f\u00e1cilmente podremos tambi\u00e9n enamorarnos nosotros de la Palabra de Dios.&nbsp; Al hacernos amigos de los poderosos, de los ricos y de los amantes del dinero, tambi\u00e9n empezaremos nosotros a tener esas preocupaciones y prioridades.<\/p>\n\n\n\n<p>Hoy celebramos a dos santos que vivieron de muy cerca la pasi\u00f3n de Pablo enamorado de Jes\u00fas y ellos tambi\u00e9n se nos manifiestan como grandes enamorados del Evangelio: Timoteo y Tito.<\/p>\n\n\n\n<p>Al mismo tiempo que nos manifiestan c\u00f3mo se va propagando la Palabra de Dios y c\u00f3mo hay disc\u00edpulos capaces de entregar la vida en la difusi\u00f3n del Evangelio, nos muestran tambi\u00e9n el rostro de las primeras comunidades, llenas de entusiasmo, pero enfrentadas a graves dificultades tanto internas como externas.<\/p>\n\n\n\n<p>El Esp\u00edritu Santo va suscitando nuevos servicios y ministerios en una Iglesia fr\u00e1gil, pero llena de ilusiones y de fuerzas en Jes\u00fas resucitado.<\/p>\n\n\n\n<p>Las narraciones nos presentan a estos dos grandes ap\u00f3stoles de una manera muy humana, con defectos y virtudes, con anhelos y fracasos.&nbsp; A ellos, san Pablo busca sostenerlos en la fe y les conf\u00eda el cuidado de una porci\u00f3n de la Iglesia.&nbsp; Contemplando a estos dos grandes santos se nos hace muy presente nuestra iglesia actual, tambi\u00e9n enfrentada a dificultades externas, en un mundo que parecer\u00eda que se cierra al Esp\u00edritu, pero que manifiesta hambre de verdad, de justicia y de paz.<\/p>\n\n\n\n<p>Nuestra Iglesia, igual que la primitiva Iglesia debe enfrentar tambi\u00e9n a sus propias deficiencias, los errores de nosotros, miembros fr\u00e1giles, pero no debe nunca caer en el pesimismo ni en la desesperaci\u00f3n.&nbsp; Deberemos sentirnos todos los miembros de la Iglesia muy unidos, fortalecidos en la esperanza, en un Dios que no miente y que se hace presente en medio de nosotros.&nbsp; Y tambi\u00e9n nosotros, al igual que Pablo que Timoteo o Tito, nos sostengamos unos a otros no haci\u00e9ndonos c\u00f3mplices del mal, sino buscando la verdad, la justicia, la solidaridad y la verdadera fraternidad.<\/p>\n\n\n\n<p>Que al contemplar la fidelidad de la primitiva Iglesia nos fortalezca tambi\u00e9n a nosotros.&nbsp; Las dificultades son muy parecidas y el que nos sostiene es el mismo: Cristo Resucitado<\/p>\n\n\n\n<p>Pidamos al Se\u00f1or, que por intercesi\u00f3n de San Timoteo y Tito, nosotros seamos tambi\u00e9n esos evangelizadores audaces y valientes que el Se\u00f1or espera de cada uno de nosotros.<\/p>\n\n\n\n<p><\/p>\n","protected":false},"excerpt":{"rendered":"<p>Mc\u00a03, 22-30 El amor contagia, la pasi\u00f3n por el Evangelio tambi\u00e9n.&nbsp; C\u00f3mo es importante la relaci\u00f3n de las personas.&nbsp; Al reunirnos con personas que viven el Evangelio, f\u00e1cilmente podremos tambi\u00e9n enamorarnos nosotros de la Palabra de Dios.&nbsp; Al hacernos amigos de los poderosos, de los ricos y de los amantes del dinero, tambi\u00e9n empezaremos nosotros &hellip; <\/p>\n<p class=\"link-more\"><a href=\"http:\/\/igfergon.com.mx\/?p=5992\" class=\"more-link\">Continuar leyendo<span class=\"screen-reader-text\"> \u00abSANTOS TIMOTEO Y TITO\u00bb<\/span><\/a><\/p>\n","protected":false},"author":1,"featured_media":0,"comment_status":"closed","ping_status":"closed","sticky":false,"template":"","format":"standard","meta":{"footnotes":""},"categories":[13,14,10,1],"tags":[69,8,6,7,413],"class_list":["post-5992","post","type-post","status-publish","format-standard","hentry","category-comentario-al-evangelio","category-homilia","category-homilia-diaria","category-uncategorized","tag-comentario-al-evangelio-2","tag-homilia","tag-homilia-diaria","tag-liturgia","tag-santos-timoteo-y-tito"],"yoast_head":"<!-- This site is optimized with the Yoast SEO plugin v26.0 - https:\/\/yoast.com\/wordpress\/plugins\/seo\/ -->\n<title>SANTOS TIMOTEO Y TITO - El sitio del P. Ignacio Fern\u00e1ndez Gonz\u00e1lez<\/title>\n<meta name=\"robots\" content=\"index, follow, max-snippet:-1, max-image-preview:large, max-video-preview:-1\" \/>\n<link rel=\"canonical\" href=\"http:\/\/igfergon.com.mx\/?p=5992\" \/>\n<meta property=\"og:locale\" content=\"es_ES\" \/>\n<meta property=\"og:type\" content=\"article\" \/>\n<meta property=\"og:title\" content=\"SANTOS TIMOTEO Y TITO - El sitio del P. Ignacio Fern\u00e1ndez Gonz\u00e1lez\" \/>\n<meta property=\"og:description\" content=\"Mc\u00a03, 22-30 El amor contagia, la pasi\u00f3n por el Evangelio tambi\u00e9n.&nbsp; C\u00f3mo es importante la relaci\u00f3n de las personas.&nbsp; Al reunirnos con personas que viven el Evangelio, f\u00e1cilmente podremos tambi\u00e9n enamorarnos nosotros de la Palabra de Dios.&nbsp; Al hacernos amigos de los poderosos, de los ricos y de los amantes del dinero, tambi\u00e9n empezaremos nosotros &hellip; Continuar leyendo &quot;SANTOS TIMOTEO Y TITO&quot;\" \/>\n<meta property=\"og:url\" content=\"http:\/\/igfergon.com.mx\/?p=5992\" \/>\n<meta property=\"og:site_name\" content=\"El sitio del P. Ignacio Fern\u00e1ndez Gonz\u00e1lez\" \/>\n<meta property=\"article:publisher\" content=\"https:\/\/www.facebook.com\/\" \/>\n<meta property=\"article:published_time\" content=\"2026-01-26T10:18:45+00:00\" \/>\n<meta property=\"article:modified_time\" content=\"2026-01-26T10:18:47+00:00\" \/>\n<meta property=\"og:image\" content=\"http:\/\/igfergon.com.mx\/wp-content\/uploads\/2026\/01\/Timoteo-y-Tito.jpg\" \/>\n\t<meta property=\"og:image:width\" content=\"266\" \/>\n\t<meta property=\"og:image:height\" content=\"190\" \/>\n\t<meta property=\"og:image:type\" content=\"image\/jpeg\" \/>\n<meta name=\"author\" content=\"igfergon.com.mx\" \/>\n<meta name=\"twitter:card\" content=\"summary_large_image\" \/>\n<meta name=\"twitter:label1\" content=\"Escrito por\" \/>\n\t<meta name=\"twitter:data1\" content=\"igfergon.com.mx\" \/>\n\t<meta name=\"twitter:label2\" content=\"Tiempo de lectura\" \/>\n\t<meta name=\"twitter:data2\" content=\"3 minutos\" \/>\n<script type=\"application\/ld+json\" class=\"yoast-schema-graph\">{\"@context\":\"https:\/\/schema.org\",\"@graph\":[{\"@type\":\"Article\",\"@id\":\"http:\/\/igfergon.com.mx\/?p=5992#article\",\"isPartOf\":{\"@id\":\"http:\/\/igfergon.com.mx\/?p=5992\"},\"author\":{\"name\":\"igfergon.com.mx\",\"@id\":\"http:\/\/igfergon.com.mx\/#\/schema\/person\/b42517895faefafe2a81218226d90957\"},\"headline\":\"SANTOS TIMOTEO Y TITO\",\"datePublished\":\"2026-01-26T10:18:45+00:00\",\"dateModified\":\"2026-01-26T10:18:47+00:00\",\"mainEntityOfPage\":{\"@id\":\"http:\/\/igfergon.com.mx\/?p=5992\"},\"wordCount\":444,\"publisher\":{\"@id\":\"http:\/\/igfergon.com.mx\/#organization\"},\"image\":{\"@id\":\"http:\/\/igfergon.com.mx\/?p=5992#primaryimage\"},\"thumbnailUrl\":\"http:\/\/igfergon.com.mx\/wp-content\/uploads\/2026\/01\/Timoteo-y-Tito.jpg\",\"keywords\":[\"comentario al evangelio\",\"Homil\u00eda\",\"homil\u00eda diaria\",\"liturgia\",\"Santos Timoteo y Tito\"],\"articleSection\":[\"comentario al evangelio\",\"homil\u00eda\",\"homil\u00eda diaria\",\"liturgia\"],\"inLanguage\":\"es\"},{\"@type\":\"WebPage\",\"@id\":\"http:\/\/igfergon.com.mx\/?p=5992\",\"url\":\"http:\/\/igfergon.com.mx\/?p=5992\",\"name\":\"SANTOS TIMOTEO Y TITO - El sitio del P. Ignacio Fern\u00e1ndez Gonz\u00e1lez\",\"isPartOf\":{\"@id\":\"http:\/\/igfergon.com.mx\/#website\"},\"primaryImageOfPage\":{\"@id\":\"http:\/\/igfergon.com.mx\/?p=5992#primaryimage\"},\"image\":{\"@id\":\"http:\/\/igfergon.com.mx\/?p=5992#primaryimage\"},\"thumbnailUrl\":\"http:\/\/igfergon.com.mx\/wp-content\/uploads\/2026\/01\/Timoteo-y-Tito.jpg\",\"datePublished\":\"2026-01-26T10:18:45+00:00\",\"dateModified\":\"2026-01-26T10:18:47+00:00\",\"breadcrumb\":{\"@id\":\"http:\/\/igfergon.com.mx\/?p=5992#breadcrumb\"},\"inLanguage\":\"es\",\"potentialAction\":[{\"@type\":\"ReadAction\",\"target\":[\"http:\/\/igfergon.com.mx\/?p=5992\"]}]},{\"@type\":\"ImageObject\",\"inLanguage\":\"es\",\"@id\":\"http:\/\/igfergon.com.mx\/?p=5992#primaryimage\",\"url\":\"http:\/\/igfergon.com.mx\/wp-content\/uploads\/2026\/01\/Timoteo-y-Tito.jpg\",\"contentUrl\":\"http:\/\/igfergon.com.mx\/wp-content\/uploads\/2026\/01\/Timoteo-y-Tito.jpg\",\"width\":266,\"height\":190},{\"@type\":\"BreadcrumbList\",\"@id\":\"http:\/\/igfergon.com.mx\/?p=5992#breadcrumb\",\"itemListElement\":[{\"@type\":\"ListItem\",\"position\":1,\"name\":\"Portada\",\"item\":\"http:\/\/igfergon.com.mx\/\"},{\"@type\":\"ListItem\",\"position\":2,\"name\":\"SANTOS TIMOTEO Y TITO\"}]},{\"@type\":\"WebSite\",\"@id\":\"http:\/\/igfergon.com.mx\/#website\",\"url\":\"http:\/\/igfergon.com.mx\/\",\"name\":\"El sitio del P. Ignacio Fern\u00e1ndez Gonz\u00e1lez\",\"description\":\"Para Ayudarte\",\"publisher\":{\"@id\":\"http:\/\/igfergon.com.mx\/#organization\"},\"potentialAction\":[{\"@type\":\"SearchAction\",\"target\":{\"@type\":\"EntryPoint\",\"urlTemplate\":\"http:\/\/igfergon.com.mx\/?s={search_term_string}\"},\"query-input\":{\"@type\":\"PropertyValueSpecification\",\"valueRequired\":true,\"valueName\":\"search_term_string\"}}],\"inLanguage\":\"es\"},{\"@type\":\"Organization\",\"@id\":\"http:\/\/igfergon.com.mx\/#organization\",\"name\":\"El sitio del P. Ignacio Fern\u00e1ndez Gonz\u00e1lez\",\"url\":\"http:\/\/igfergon.com.mx\/\",\"logo\":{\"@type\":\"ImageObject\",\"inLanguage\":\"es\",\"@id\":\"http:\/\/igfergon.com.mx\/#\/schema\/logo\/image\/\",\"url\":\"http:\/\/igfergon.com.mx\/wp-content\/uploads\/2018\/09\/cropped-ORDNACION02-2.jpg\",\"contentUrl\":\"http:\/\/igfergon.com.mx\/wp-content\/uploads\/2018\/09\/cropped-ORDNACION02-2.jpg\",\"width\":250,\"height\":250,\"caption\":\"El sitio del P. Ignacio Fern\u00e1ndez Gonz\u00e1lez\"},\"image\":{\"@id\":\"http:\/\/igfergon.com.mx\/#\/schema\/logo\/image\/\"},\"sameAs\":[\"https:\/\/www.facebook.com\/\"]},{\"@type\":\"Person\",\"@id\":\"http:\/\/igfergon.com.mx\/#\/schema\/person\/b42517895faefafe2a81218226d90957\",\"name\":\"igfergon.com.mx\",\"image\":{\"@type\":\"ImageObject\",\"inLanguage\":\"es\",\"@id\":\"http:\/\/igfergon.com.mx\/#\/schema\/person\/image\/\",\"url\":\"https:\/\/secure.gravatar.com\/avatar\/9fd60c5591f2c6b18e76a917a69f35b0732f8532b3679d0132b3503b545db7a6?s=96&d=mm&r=g\",\"contentUrl\":\"https:\/\/secure.gravatar.com\/avatar\/9fd60c5591f2c6b18e76a917a69f35b0732f8532b3679d0132b3503b545db7a6?s=96&d=mm&r=g\",\"caption\":\"igfergon.com.mx\"},\"url\":\"http:\/\/igfergon.com.mx\/?author=1\"}]}<\/script>\n<!-- \/ Yoast SEO plugin. -->","yoast_head_json":{"title":"SANTOS TIMOTEO Y TITO - El sitio del P. Ignacio Fern\u00e1ndez Gonz\u00e1lez","robots":{"index":"index","follow":"follow","max-snippet":"max-snippet:-1","max-image-preview":"max-image-preview:large","max-video-preview":"max-video-preview:-1"},"canonical":"http:\/\/igfergon.com.mx\/?p=5992","og_locale":"es_ES","og_type":"article","og_title":"SANTOS TIMOTEO Y TITO - El sitio del P. Ignacio Fern\u00e1ndez Gonz\u00e1lez","og_description":"Mc\u00a03, 22-30 El amor contagia, la pasi\u00f3n por el Evangelio tambi\u00e9n.&nbsp; C\u00f3mo es importante la relaci\u00f3n de las personas.&nbsp; Al reunirnos con personas que viven el Evangelio, f\u00e1cilmente podremos tambi\u00e9n enamorarnos nosotros de la Palabra de Dios.&nbsp; Al hacernos amigos de los poderosos, de los ricos y de los amantes del dinero, tambi\u00e9n empezaremos nosotros &hellip; Continuar leyendo \"SANTOS TIMOTEO Y TITO\"","og_url":"http:\/\/igfergon.com.mx\/?p=5992","og_site_name":"El sitio del P. Ignacio Fern\u00e1ndez Gonz\u00e1lez","article_publisher":"https:\/\/www.facebook.com\/","article_published_time":"2026-01-26T10:18:45+00:00","article_modified_time":"2026-01-26T10:18:47+00:00","og_image":[{"width":266,"height":190,"url":"http:\/\/igfergon.com.mx\/wp-content\/uploads\/2026\/01\/Timoteo-y-Tito.jpg","type":"image\/jpeg"}],"author":"igfergon.com.mx","twitter_card":"summary_large_image","twitter_misc":{"Escrito por":"igfergon.com.mx","Tiempo de lectura":"3 minutos"},"schema":{"@context":"https:\/\/schema.org","@graph":[{"@type":"Article","@id":"http:\/\/igfergon.com.mx\/?p=5992#article","isPartOf":{"@id":"http:\/\/igfergon.com.mx\/?p=5992"},"author":{"name":"igfergon.com.mx","@id":"http:\/\/igfergon.com.mx\/#\/schema\/person\/b42517895faefafe2a81218226d90957"},"headline":"SANTOS TIMOTEO Y TITO","datePublished":"2026-01-26T10:18:45+00:00","dateModified":"2026-01-26T10:18:47+00:00","mainEntityOfPage":{"@id":"http:\/\/igfergon.com.mx\/?p=5992"},"wordCount":444,"publisher":{"@id":"http:\/\/igfergon.com.mx\/#organization"},"image":{"@id":"http:\/\/igfergon.com.mx\/?p=5992#primaryimage"},"thumbnailUrl":"http:\/\/igfergon.com.mx\/wp-content\/uploads\/2026\/01\/Timoteo-y-Tito.jpg","keywords":["comentario al evangelio","Homil\u00eda","homil\u00eda diaria","liturgia","Santos Timoteo y Tito"],"articleSection":["comentario al evangelio","homil\u00eda","homil\u00eda diaria","liturgia"],"inLanguage":"es"},{"@type":"WebPage","@id":"http:\/\/igfergon.com.mx\/?p=5992","url":"http:\/\/igfergon.com.mx\/?p=5992","name":"SANTOS TIMOTEO Y TITO - El sitio del P. Ignacio Fern\u00e1ndez Gonz\u00e1lez","isPartOf":{"@id":"http:\/\/igfergon.com.mx\/#website"},"primaryImageOfPage":{"@id":"http:\/\/igfergon.com.mx\/?p=5992#primaryimage"},"image":{"@id":"http:\/\/igfergon.com.mx\/?p=5992#primaryimage"},"thumbnailUrl":"http:\/\/igfergon.com.mx\/wp-content\/uploads\/2026\/01\/Timoteo-y-Tito.jpg","datePublished":"2026-01-26T10:18:45+00:00","dateModified":"2026-01-26T10:18:47+00:00","breadcrumb":{"@id":"http:\/\/igfergon.com.mx\/?p=5992#breadcrumb"},"inLanguage":"es","potentialAction":[{"@type":"ReadAction","target":["http:\/\/igfergon.com.mx\/?p=5992"]}]},{"@type":"ImageObject","inLanguage":"es","@id":"http:\/\/igfergon.com.mx\/?p=5992#primaryimage","url":"http:\/\/igfergon.com.mx\/wp-content\/uploads\/2026\/01\/Timoteo-y-Tito.jpg","contentUrl":"http:\/\/igfergon.com.mx\/wp-content\/uploads\/2026\/01\/Timoteo-y-Tito.jpg","width":266,"height":190},{"@type":"BreadcrumbList","@id":"http:\/\/igfergon.com.mx\/?p=5992#breadcrumb","itemListElement":[{"@type":"ListItem","position":1,"name":"Portada","item":"http:\/\/igfergon.com.mx\/"},{"@type":"ListItem","position":2,"name":"SANTOS TIMOTEO Y TITO"}]},{"@type":"WebSite","@id":"http:\/\/igfergon.com.mx\/#website","url":"http:\/\/igfergon.com.mx\/","name":"El sitio del P. Ignacio Fern\u00e1ndez Gonz\u00e1lez","description":"Para Ayudarte","publisher":{"@id":"http:\/\/igfergon.com.mx\/#organization"},"potentialAction":[{"@type":"SearchAction","target":{"@type":"EntryPoint","urlTemplate":"http:\/\/igfergon.com.mx\/?s={search_term_string}"},"query-input":{"@type":"PropertyValueSpecification","valueRequired":true,"valueName":"search_term_string"}}],"inLanguage":"es"},{"@type":"Organization","@id":"http:\/\/igfergon.com.mx\/#organization","name":"El sitio del P. Ignacio Fern\u00e1ndez Gonz\u00e1lez","url":"http:\/\/igfergon.com.mx\/","logo":{"@type":"ImageObject","inLanguage":"es","@id":"http:\/\/igfergon.com.mx\/#\/schema\/logo\/image\/","url":"http:\/\/igfergon.com.mx\/wp-content\/uploads\/2018\/09\/cropped-ORDNACION02-2.jpg","contentUrl":"http:\/\/igfergon.com.mx\/wp-content\/uploads\/2018\/09\/cropped-ORDNACION02-2.jpg","width":250,"height":250,"caption":"El sitio del P. Ignacio Fern\u00e1ndez Gonz\u00e1lez"},"image":{"@id":"http:\/\/igfergon.com.mx\/#\/schema\/logo\/image\/"},"sameAs":["https:\/\/www.facebook.com\/"]},{"@type":"Person","@id":"http:\/\/igfergon.com.mx\/#\/schema\/person\/b42517895faefafe2a81218226d90957","name":"igfergon.com.mx","image":{"@type":"ImageObject","inLanguage":"es","@id":"http:\/\/igfergon.com.mx\/#\/schema\/person\/image\/","url":"https:\/\/secure.gravatar.com\/avatar\/9fd60c5591f2c6b18e76a917a69f35b0732f8532b3679d0132b3503b545db7a6?s=96&d=mm&r=g","contentUrl":"https:\/\/secure.gravatar.com\/avatar\/9fd60c5591f2c6b18e76a917a69f35b0732f8532b3679d0132b3503b545db7a6?s=96&d=mm&r=g","caption":"igfergon.com.mx"},"url":"http:\/\/igfergon.com.mx\/?author=1"}]}},"_links":{"self":[{"href":"http:\/\/igfergon.com.mx\/index.php?rest_route=\/wp\/v2\/posts\/5992","targetHints":{"allow":["GET"]}}],"collection":[{"href":"http:\/\/igfergon.com.mx\/index.php?rest_route=\/wp\/v2\/posts"}],"about":[{"href":"http:\/\/igfergon.com.mx\/index.php?rest_route=\/wp\/v2\/types\/post"}],"author":[{"embeddable":true,"href":"http:\/\/igfergon.com.mx\/index.php?rest_route=\/wp\/v2\/users\/1"}],"replies":[{"embeddable":true,"href":"http:\/\/igfergon.com.mx\/index.php?rest_route=%2Fwp%2Fv2%2Fcomments&post=5992"}],"version-history":[{"count":1,"href":"http:\/\/igfergon.com.mx\/index.php?rest_route=\/wp\/v2\/posts\/5992\/revisions"}],"predecessor-version":[{"id":5994,"href":"http:\/\/igfergon.com.mx\/index.php?rest_route=\/wp\/v2\/posts\/5992\/revisions\/5994"}],"wp:attachment":[{"href":"http:\/\/igfergon.com.mx\/index.php?rest_route=%2Fwp%2Fv2%2Fmedia&parent=5992"}],"wp:term":[{"taxonomy":"category","embeddable":true,"href":"http:\/\/igfergon.com.mx\/index.php?rest_route=%2Fwp%2Fv2%2Fcategories&post=5992"},{"taxonomy":"post_tag","embeddable":true,"href":"http:\/\/igfergon.com.mx\/index.php?rest_route=%2Fwp%2Fv2%2Ftags&post=5992"}],"curies":[{"name":"wp","href":"https:\/\/api.w.org\/{rel}","templated":true}]}}