{"id":6003,"date":"2026-01-29T10:42:50","date_gmt":"2026-01-29T08:42:50","guid":{"rendered":"http:\/\/igfergon.com.mx\/?p=6003"},"modified":"2026-01-29T10:42:53","modified_gmt":"2026-01-29T08:42:53","slug":"jueves-de-la-iii-semana-ordinaria","status":"publish","type":"post","link":"http:\/\/igfergon.com.mx\/?p=6003","title":{"rendered":"Jueves de la III Semana Ordinaria"},"content":{"rendered":"<div class=\"wp-block-image\">\n<figure class=\"aligncenter size-full\"><img loading=\"lazy\" decoding=\"async\" width=\"200\" height=\"200\" src=\"http:\/\/igfergon.com.mx\/wp-content\/uploads\/2026\/01\/Jueves-3SO.jpg\" alt=\"\" class=\"wp-image-6004\" srcset=\"http:\/\/igfergon.com.mx\/wp-content\/uploads\/2026\/01\/Jueves-3SO.jpg 200w, http:\/\/igfergon.com.mx\/wp-content\/uploads\/2026\/01\/Jueves-3SO-100x100.jpg 100w\" sizes=\"auto, (max-width: 200px) 100vw, 200px\" \/><\/figure>\n<\/div>\n\n\n<p><strong>2 Sam 7, 18-19. 24-29<\/strong><\/p>\n\n\n\n<p>Hoy hemos o\u00eddo la respuesta oracional de David a la profec\u00eda de Nat\u00e1n, en la que el Se\u00f1or le promet\u00eda una descendencia y un reino para su dinast\u00eda.<\/p>\n\n\n\n<p>La oraci\u00f3n de David, como se ha hecho notar, tiene tres partes:<\/p>\n\n\n\n<p><strong>Primero<\/strong>, un acto de humildad ante los beneficios recibidos: <strong>\u00ab\u00bfQui\u00e9n soy yo, Se\u00f1or&#8230; para que me hayas favorecido tanto&#8230;?\u00bb<\/strong><\/p>\n\n\n\n<p><strong>Segundo, <\/strong>&nbsp;un himno de alabanza: <strong>\u00abNadie hay como t\u00fa, ni hay otro Dios fuera de ti\u00bb.<\/strong><\/p>\n\n\n\n<p><strong>Y tercero, <\/strong>&nbsp;una s\u00faplica para que Dios guarde sus promesas: <strong>\u00abD\u00edgnate, pues, ahora, bendecir la casa de tu siervo, para que permanezca siempre ante ti, porque t\u00fa, Se\u00f1or, Dios, lo has dicho, y con tu bendici\u00f3n, la casa de tu siervo ser\u00e1 bendita para siempre\u00bb.<\/strong><\/p>\n\n\n\n<p>Esta es una oraci\u00f3n modelo: <em>reconocer la grandeza del Se\u00f1or y reconocer la propia peque\u00f1ez, reconocer su misericordia, alab\u00e1ndola y, como expresi\u00f3n de esos reconocimientos, la expresi\u00f3n de la s\u00faplica confiada.<\/em><\/p>\n\n\n\n<p><strong>Mc 4, 21-25<\/strong><\/p>\n\n\n\n<p>Hoy San Marcos nos narra unas sentencias que han quedado en la memoria de los disc\u00edpulos. La primera tomada del diario vivir y de la necesidad de la luz. No se puede, ni se debe esconder la luz. Es para que alumbre a toda la casa. Igual el disc\u00edpulo de Jes\u00fas no debe permanecer en la oscuridad y en la indiferencia. Con sus obras y sus palabras debe mostrarse como seguidor de Jes\u00fas.<\/p>\n\n\n\n<p>El sentido de la luz no es el de maravillar y aparecer, deslumbrar, no, es el de iluminar y ayudar a ver. No se trata de esas manifestaciones a veces hasta agresivas dici\u00e9ndonos cat\u00f3licos. Se trata de hacer ver en nuestras obras que realmente estamos viviendo la palabra de Jes\u00fas.<\/p>\n\n\n\n<p>La segunda sentencia parecer\u00eda a\u00fan de sentido com\u00fan y muy humano: tratar al otro como quieres que te traten a ti. Y esto que parece sencillo y hasta humano, muchas veces no lo encontramos en hombres que parecer\u00edan sumamente religiosos. Se nos olvidan los sentimientos del otro; no pensamos en su particular situaci\u00f3n. Solamente queremos imponer nuestras ideas y nuestros intereses.<\/p>\n\n\n\n<p>\u00bfNo es verdad que a veces los di\u00e1logos parecen discursos entre sordos? Se habla y se habla y no se escuchan las razones del otro. Se nos olvida que Dios nos dio dos&nbsp;o\u00eddos y solamente una lengua. Debemos escuchar doblemente antes de hablar. Hay que ponernos en los zapatos del otro.<\/p>\n\n\n\n<p>Termina el peque\u00f1o pasaje de este d\u00eda con un proverbio que parecer\u00eda contrario a la predicaci\u00f3n de Jes\u00fas: \u201cal que tiene, se le dar\u00e1\u2026\u201d \u00bfNo es injusto lo que dice Jes\u00fas? Si lo miramos en el sentido del que recibe y hace fructificar un don, encontraremos que es una realidad. Una gracia desperdiciada trae consecuencias funestas; un don bien recibido atrae m\u00e1s dones. \u00bfQu\u00e9 nos dir\u00e1 hoy a cada uno de nosotros el Se\u00f1or?<\/p>\n","protected":false},"excerpt":{"rendered":"<p>2 Sam 7, 18-19. 24-29 Hoy hemos o\u00eddo la respuesta oracional de David a la profec\u00eda de Nat\u00e1n, en la que el Se\u00f1or le promet\u00eda una descendencia y un reino para su dinast\u00eda. La oraci\u00f3n de David, como se ha hecho notar, tiene tres partes: Primero, un acto de humildad ante los beneficios recibidos: \u00ab\u00bfQui\u00e9n &hellip; <\/p>\n<p class=\"link-more\"><a href=\"http:\/\/igfergon.com.mx\/?p=6003\" class=\"more-link\">Continuar leyendo<span class=\"screen-reader-text\"> \u00abJueves de la III Semana Ordinaria\u00bb<\/span><\/a><\/p>\n","protected":false},"author":1,"featured_media":0,"comment_status":"closed","ping_status":"closed","sticky":false,"template":"","format":"standard","meta":{"footnotes":""},"categories":[13,14,10,1],"tags":[69,8,6,653,7],"class_list":["post-6003","post","type-post","status-publish","format-standard","hentry","category-comentario-al-evangelio","category-homilia","category-homilia-diaria","category-uncategorized","tag-comentario-al-evangelio-2","tag-homilia","tag-homilia-diaria","tag-jueves-de-la-iii-semana-ordinaria","tag-liturgia"],"yoast_head":"<!-- This site is optimized with the Yoast SEO plugin v26.0 - https:\/\/yoast.com\/wordpress\/plugins\/seo\/ -->\n<title>Jueves de la III Semana Ordinaria - El sitio del P. Ignacio Fern\u00e1ndez Gonz\u00e1lez<\/title>\n<meta name=\"robots\" content=\"index, follow, max-snippet:-1, max-image-preview:large, max-video-preview:-1\" \/>\n<link rel=\"canonical\" href=\"http:\/\/igfergon.com.mx\/?p=6003\" \/>\n<meta property=\"og:locale\" content=\"es_ES\" \/>\n<meta property=\"og:type\" content=\"article\" \/>\n<meta property=\"og:title\" content=\"Jueves de la III Semana Ordinaria - El sitio del P. Ignacio Fern\u00e1ndez Gonz\u00e1lez\" \/>\n<meta property=\"og:description\" content=\"2 Sam 7, 18-19. 24-29 Hoy hemos o\u00eddo la respuesta oracional de David a la profec\u00eda de Nat\u00e1n, en la que el Se\u00f1or le promet\u00eda una descendencia y un reino para su dinast\u00eda. La oraci\u00f3n de David, como se ha hecho notar, tiene tres partes: Primero, un acto de humildad ante los beneficios recibidos: \u00ab\u00bfQui\u00e9n &hellip; Continuar leyendo &quot;Jueves de la III Semana Ordinaria&quot;\" \/>\n<meta property=\"og:url\" content=\"http:\/\/igfergon.com.mx\/?p=6003\" \/>\n<meta property=\"og:site_name\" content=\"El sitio del P. Ignacio Fern\u00e1ndez Gonz\u00e1lez\" \/>\n<meta property=\"article:publisher\" content=\"https:\/\/www.facebook.com\/\" \/>\n<meta property=\"article:published_time\" content=\"2026-01-29T08:42:50+00:00\" \/>\n<meta property=\"article:modified_time\" content=\"2026-01-29T08:42:53+00:00\" \/>\n<meta property=\"og:image\" content=\"http:\/\/igfergon.com.mx\/wp-content\/uploads\/2026\/01\/Jueves-3SO.jpg\" \/>\n\t<meta property=\"og:image:width\" content=\"200\" \/>\n\t<meta property=\"og:image:height\" content=\"200\" \/>\n\t<meta property=\"og:image:type\" content=\"image\/jpeg\" \/>\n<meta name=\"author\" content=\"igfergon.com.mx\" \/>\n<meta name=\"twitter:card\" content=\"summary_large_image\" \/>\n<meta name=\"twitter:label1\" content=\"Escrito por\" \/>\n\t<meta name=\"twitter:data1\" content=\"igfergon.com.mx\" \/>\n\t<meta name=\"twitter:label2\" content=\"Tiempo de lectura\" \/>\n\t<meta name=\"twitter:data2\" content=\"3 minutos\" \/>\n<script type=\"application\/ld+json\" class=\"yoast-schema-graph\">{\"@context\":\"https:\/\/schema.org\",\"@graph\":[{\"@type\":\"Article\",\"@id\":\"http:\/\/igfergon.com.mx\/?p=6003#article\",\"isPartOf\":{\"@id\":\"http:\/\/igfergon.com.mx\/?p=6003\"},\"author\":{\"name\":\"igfergon.com.mx\",\"@id\":\"http:\/\/igfergon.com.mx\/#\/schema\/person\/b42517895faefafe2a81218226d90957\"},\"headline\":\"Jueves de la III Semana Ordinaria\",\"datePublished\":\"2026-01-29T08:42:50+00:00\",\"dateModified\":\"2026-01-29T08:42:53+00:00\",\"mainEntityOfPage\":{\"@id\":\"http:\/\/igfergon.com.mx\/?p=6003\"},\"wordCount\":517,\"publisher\":{\"@id\":\"http:\/\/igfergon.com.mx\/#organization\"},\"image\":{\"@id\":\"http:\/\/igfergon.com.mx\/?p=6003#primaryimage\"},\"thumbnailUrl\":\"http:\/\/igfergon.com.mx\/wp-content\/uploads\/2026\/01\/Jueves-3SO.jpg\",\"keywords\":[\"comentario al evangelio\",\"Homil\u00eda\",\"homil\u00eda diaria\",\"Jueves de la III Semana Ordinaria\",\"liturgia\"],\"articleSection\":[\"comentario al evangelio\",\"homil\u00eda\",\"homil\u00eda diaria\",\"liturgia\"],\"inLanguage\":\"es\"},{\"@type\":\"WebPage\",\"@id\":\"http:\/\/igfergon.com.mx\/?p=6003\",\"url\":\"http:\/\/igfergon.com.mx\/?p=6003\",\"name\":\"Jueves de la III Semana Ordinaria - El sitio del P. Ignacio Fern\u00e1ndez Gonz\u00e1lez\",\"isPartOf\":{\"@id\":\"http:\/\/igfergon.com.mx\/#website\"},\"primaryImageOfPage\":{\"@id\":\"http:\/\/igfergon.com.mx\/?p=6003#primaryimage\"},\"image\":{\"@id\":\"http:\/\/igfergon.com.mx\/?p=6003#primaryimage\"},\"thumbnailUrl\":\"http:\/\/igfergon.com.mx\/wp-content\/uploads\/2026\/01\/Jueves-3SO.jpg\",\"datePublished\":\"2026-01-29T08:42:50+00:00\",\"dateModified\":\"2026-01-29T08:42:53+00:00\",\"breadcrumb\":{\"@id\":\"http:\/\/igfergon.com.mx\/?p=6003#breadcrumb\"},\"inLanguage\":\"es\",\"potentialAction\":[{\"@type\":\"ReadAction\",\"target\":[\"http:\/\/igfergon.com.mx\/?p=6003\"]}]},{\"@type\":\"ImageObject\",\"inLanguage\":\"es\",\"@id\":\"http:\/\/igfergon.com.mx\/?p=6003#primaryimage\",\"url\":\"http:\/\/igfergon.com.mx\/wp-content\/uploads\/2026\/01\/Jueves-3SO.jpg\",\"contentUrl\":\"http:\/\/igfergon.com.mx\/wp-content\/uploads\/2026\/01\/Jueves-3SO.jpg\",\"width\":200,\"height\":200},{\"@type\":\"BreadcrumbList\",\"@id\":\"http:\/\/igfergon.com.mx\/?p=6003#breadcrumb\",\"itemListElement\":[{\"@type\":\"ListItem\",\"position\":1,\"name\":\"Portada\",\"item\":\"http:\/\/igfergon.com.mx\/\"},{\"@type\":\"ListItem\",\"position\":2,\"name\":\"Jueves de la III Semana Ordinaria\"}]},{\"@type\":\"WebSite\",\"@id\":\"http:\/\/igfergon.com.mx\/#website\",\"url\":\"http:\/\/igfergon.com.mx\/\",\"name\":\"El sitio del P. Ignacio Fern\u00e1ndez Gonz\u00e1lez\",\"description\":\"Para Ayudarte\",\"publisher\":{\"@id\":\"http:\/\/igfergon.com.mx\/#organization\"},\"potentialAction\":[{\"@type\":\"SearchAction\",\"target\":{\"@type\":\"EntryPoint\",\"urlTemplate\":\"http:\/\/igfergon.com.mx\/?s={search_term_string}\"},\"query-input\":{\"@type\":\"PropertyValueSpecification\",\"valueRequired\":true,\"valueName\":\"search_term_string\"}}],\"inLanguage\":\"es\"},{\"@type\":\"Organization\",\"@id\":\"http:\/\/igfergon.com.mx\/#organization\",\"name\":\"El sitio del P. Ignacio Fern\u00e1ndez Gonz\u00e1lez\",\"url\":\"http:\/\/igfergon.com.mx\/\",\"logo\":{\"@type\":\"ImageObject\",\"inLanguage\":\"es\",\"@id\":\"http:\/\/igfergon.com.mx\/#\/schema\/logo\/image\/\",\"url\":\"http:\/\/igfergon.com.mx\/wp-content\/uploads\/2018\/09\/cropped-ORDNACION02-2.jpg\",\"contentUrl\":\"http:\/\/igfergon.com.mx\/wp-content\/uploads\/2018\/09\/cropped-ORDNACION02-2.jpg\",\"width\":250,\"height\":250,\"caption\":\"El sitio del P. Ignacio Fern\u00e1ndez Gonz\u00e1lez\"},\"image\":{\"@id\":\"http:\/\/igfergon.com.mx\/#\/schema\/logo\/image\/\"},\"sameAs\":[\"https:\/\/www.facebook.com\/\"]},{\"@type\":\"Person\",\"@id\":\"http:\/\/igfergon.com.mx\/#\/schema\/person\/b42517895faefafe2a81218226d90957\",\"name\":\"igfergon.com.mx\",\"image\":{\"@type\":\"ImageObject\",\"inLanguage\":\"es\",\"@id\":\"http:\/\/igfergon.com.mx\/#\/schema\/person\/image\/\",\"url\":\"https:\/\/secure.gravatar.com\/avatar\/9fd60c5591f2c6b18e76a917a69f35b0732f8532b3679d0132b3503b545db7a6?s=96&d=mm&r=g\",\"contentUrl\":\"https:\/\/secure.gravatar.com\/avatar\/9fd60c5591f2c6b18e76a917a69f35b0732f8532b3679d0132b3503b545db7a6?s=96&d=mm&r=g\",\"caption\":\"igfergon.com.mx\"},\"url\":\"http:\/\/igfergon.com.mx\/?author=1\"}]}<\/script>\n<!-- \/ Yoast SEO plugin. -->","yoast_head_json":{"title":"Jueves de la III Semana Ordinaria - El sitio del P. Ignacio Fern\u00e1ndez Gonz\u00e1lez","robots":{"index":"index","follow":"follow","max-snippet":"max-snippet:-1","max-image-preview":"max-image-preview:large","max-video-preview":"max-video-preview:-1"},"canonical":"http:\/\/igfergon.com.mx\/?p=6003","og_locale":"es_ES","og_type":"article","og_title":"Jueves de la III Semana Ordinaria - El sitio del P. Ignacio Fern\u00e1ndez Gonz\u00e1lez","og_description":"2 Sam 7, 18-19. 24-29 Hoy hemos o\u00eddo la respuesta oracional de David a la profec\u00eda de Nat\u00e1n, en la que el Se\u00f1or le promet\u00eda una descendencia y un reino para su dinast\u00eda. La oraci\u00f3n de David, como se ha hecho notar, tiene tres partes: Primero, un acto de humildad ante los beneficios recibidos: \u00ab\u00bfQui\u00e9n &hellip; Continuar leyendo \"Jueves de la III Semana Ordinaria\"","og_url":"http:\/\/igfergon.com.mx\/?p=6003","og_site_name":"El sitio del P. Ignacio Fern\u00e1ndez Gonz\u00e1lez","article_publisher":"https:\/\/www.facebook.com\/","article_published_time":"2026-01-29T08:42:50+00:00","article_modified_time":"2026-01-29T08:42:53+00:00","og_image":[{"width":200,"height":200,"url":"http:\/\/igfergon.com.mx\/wp-content\/uploads\/2026\/01\/Jueves-3SO.jpg","type":"image\/jpeg"}],"author":"igfergon.com.mx","twitter_card":"summary_large_image","twitter_misc":{"Escrito por":"igfergon.com.mx","Tiempo de lectura":"3 minutos"},"schema":{"@context":"https:\/\/schema.org","@graph":[{"@type":"Article","@id":"http:\/\/igfergon.com.mx\/?p=6003#article","isPartOf":{"@id":"http:\/\/igfergon.com.mx\/?p=6003"},"author":{"name":"igfergon.com.mx","@id":"http:\/\/igfergon.com.mx\/#\/schema\/person\/b42517895faefafe2a81218226d90957"},"headline":"Jueves de la III Semana Ordinaria","datePublished":"2026-01-29T08:42:50+00:00","dateModified":"2026-01-29T08:42:53+00:00","mainEntityOfPage":{"@id":"http:\/\/igfergon.com.mx\/?p=6003"},"wordCount":517,"publisher":{"@id":"http:\/\/igfergon.com.mx\/#organization"},"image":{"@id":"http:\/\/igfergon.com.mx\/?p=6003#primaryimage"},"thumbnailUrl":"http:\/\/igfergon.com.mx\/wp-content\/uploads\/2026\/01\/Jueves-3SO.jpg","keywords":["comentario al evangelio","Homil\u00eda","homil\u00eda diaria","Jueves de la III Semana Ordinaria","liturgia"],"articleSection":["comentario al evangelio","homil\u00eda","homil\u00eda diaria","liturgia"],"inLanguage":"es"},{"@type":"WebPage","@id":"http:\/\/igfergon.com.mx\/?p=6003","url":"http:\/\/igfergon.com.mx\/?p=6003","name":"Jueves de la III Semana Ordinaria - El sitio del P. Ignacio Fern\u00e1ndez Gonz\u00e1lez","isPartOf":{"@id":"http:\/\/igfergon.com.mx\/#website"},"primaryImageOfPage":{"@id":"http:\/\/igfergon.com.mx\/?p=6003#primaryimage"},"image":{"@id":"http:\/\/igfergon.com.mx\/?p=6003#primaryimage"},"thumbnailUrl":"http:\/\/igfergon.com.mx\/wp-content\/uploads\/2026\/01\/Jueves-3SO.jpg","datePublished":"2026-01-29T08:42:50+00:00","dateModified":"2026-01-29T08:42:53+00:00","breadcrumb":{"@id":"http:\/\/igfergon.com.mx\/?p=6003#breadcrumb"},"inLanguage":"es","potentialAction":[{"@type":"ReadAction","target":["http:\/\/igfergon.com.mx\/?p=6003"]}]},{"@type":"ImageObject","inLanguage":"es","@id":"http:\/\/igfergon.com.mx\/?p=6003#primaryimage","url":"http:\/\/igfergon.com.mx\/wp-content\/uploads\/2026\/01\/Jueves-3SO.jpg","contentUrl":"http:\/\/igfergon.com.mx\/wp-content\/uploads\/2026\/01\/Jueves-3SO.jpg","width":200,"height":200},{"@type":"BreadcrumbList","@id":"http:\/\/igfergon.com.mx\/?p=6003#breadcrumb","itemListElement":[{"@type":"ListItem","position":1,"name":"Portada","item":"http:\/\/igfergon.com.mx\/"},{"@type":"ListItem","position":2,"name":"Jueves de la III Semana Ordinaria"}]},{"@type":"WebSite","@id":"http:\/\/igfergon.com.mx\/#website","url":"http:\/\/igfergon.com.mx\/","name":"El sitio del P. Ignacio Fern\u00e1ndez Gonz\u00e1lez","description":"Para Ayudarte","publisher":{"@id":"http:\/\/igfergon.com.mx\/#organization"},"potentialAction":[{"@type":"SearchAction","target":{"@type":"EntryPoint","urlTemplate":"http:\/\/igfergon.com.mx\/?s={search_term_string}"},"query-input":{"@type":"PropertyValueSpecification","valueRequired":true,"valueName":"search_term_string"}}],"inLanguage":"es"},{"@type":"Organization","@id":"http:\/\/igfergon.com.mx\/#organization","name":"El sitio del P. Ignacio Fern\u00e1ndez Gonz\u00e1lez","url":"http:\/\/igfergon.com.mx\/","logo":{"@type":"ImageObject","inLanguage":"es","@id":"http:\/\/igfergon.com.mx\/#\/schema\/logo\/image\/","url":"http:\/\/igfergon.com.mx\/wp-content\/uploads\/2018\/09\/cropped-ORDNACION02-2.jpg","contentUrl":"http:\/\/igfergon.com.mx\/wp-content\/uploads\/2018\/09\/cropped-ORDNACION02-2.jpg","width":250,"height":250,"caption":"El sitio del P. Ignacio Fern\u00e1ndez Gonz\u00e1lez"},"image":{"@id":"http:\/\/igfergon.com.mx\/#\/schema\/logo\/image\/"},"sameAs":["https:\/\/www.facebook.com\/"]},{"@type":"Person","@id":"http:\/\/igfergon.com.mx\/#\/schema\/person\/b42517895faefafe2a81218226d90957","name":"igfergon.com.mx","image":{"@type":"ImageObject","inLanguage":"es","@id":"http:\/\/igfergon.com.mx\/#\/schema\/person\/image\/","url":"https:\/\/secure.gravatar.com\/avatar\/9fd60c5591f2c6b18e76a917a69f35b0732f8532b3679d0132b3503b545db7a6?s=96&d=mm&r=g","contentUrl":"https:\/\/secure.gravatar.com\/avatar\/9fd60c5591f2c6b18e76a917a69f35b0732f8532b3679d0132b3503b545db7a6?s=96&d=mm&r=g","caption":"igfergon.com.mx"},"url":"http:\/\/igfergon.com.mx\/?author=1"}]}},"_links":{"self":[{"href":"http:\/\/igfergon.com.mx\/index.php?rest_route=\/wp\/v2\/posts\/6003","targetHints":{"allow":["GET"]}}],"collection":[{"href":"http:\/\/igfergon.com.mx\/index.php?rest_route=\/wp\/v2\/posts"}],"about":[{"href":"http:\/\/igfergon.com.mx\/index.php?rest_route=\/wp\/v2\/types\/post"}],"author":[{"embeddable":true,"href":"http:\/\/igfergon.com.mx\/index.php?rest_route=\/wp\/v2\/users\/1"}],"replies":[{"embeddable":true,"href":"http:\/\/igfergon.com.mx\/index.php?rest_route=%2Fwp%2Fv2%2Fcomments&post=6003"}],"version-history":[{"count":1,"href":"http:\/\/igfergon.com.mx\/index.php?rest_route=\/wp\/v2\/posts\/6003\/revisions"}],"predecessor-version":[{"id":6005,"href":"http:\/\/igfergon.com.mx\/index.php?rest_route=\/wp\/v2\/posts\/6003\/revisions\/6005"}],"wp:attachment":[{"href":"http:\/\/igfergon.com.mx\/index.php?rest_route=%2Fwp%2Fv2%2Fmedia&parent=6003"}],"wp:term":[{"taxonomy":"category","embeddable":true,"href":"http:\/\/igfergon.com.mx\/index.php?rest_route=%2Fwp%2Fv2%2Fcategories&post=6003"},{"taxonomy":"post_tag","embeddable":true,"href":"http:\/\/igfergon.com.mx\/index.php?rest_route=%2Fwp%2Fv2%2Ftags&post=6003"}],"curies":[{"name":"wp","href":"https:\/\/api.w.org\/{rel}","templated":true}]}}